{"id":12464,"date":"2024-07-23T16:41:51","date_gmt":"2024-07-23T19:41:51","guid":{"rendered":"https:\/\/www.blogsoestado.com\/evandrojunior\/?p=12464"},"modified":"2024-07-23T16:41:51","modified_gmt":"2024-07-23T19:41:51","slug":"boi-mimoso-da-apae-de-sao-luis-participara-do-vamos-festejar","status":"publish","type":"post","link":"https:\/\/www.blogsoestado.com\/evandrojunior\/2024\/07\/23\/boi-mimoso-da-apae-de-sao-luis-participara-do-vamos-festejar\/","title":{"rendered":"Boi Mimoso da APAE de S\u00e3o Lu\u00eds participar\u00e1 do &#8216;Vamos Festejar&#8217;"},"content":{"rendered":"\n<div class=\"wp-block-image\"><figure class=\"aligncenter size-large is-resized\"><img fetchpriority=\"high\" decoding=\"async\" src=\"https:\/\/www.blogsoestado.com\/evandrojunior\/files\/2024\/07\/WhatsApp-Image-2024-07-23-at-08.14.16-1024x682.jpeg\" alt=\"\" class=\"wp-image-12465\" width=\"534\" height=\"355\"\/><figcaption><strong>Brincantes do Boi Mimoso da APAE de S\u00e3o Lu\u00eds se apresentam nesta quarta-feira (244), \u00e0s 18h, no &#8216;Vamos Festejar&#8217;<\/strong><\/figcaption><\/figure><\/div>\n\n\n\n<p><strong>S\u00e3o Lu\u00eds<\/strong> &#8211; O evento cultural \u2018Vamos Festejar\u2019, que est\u00e1 acontecendo no Convento das Merc\u00eas, vai contar com uma apresenta\u00e7\u00e3o que vai muito al\u00e9m do folclore e que celebra a inclus\u00e3o social da pessoa com defici\u00eancia.<\/p>\n\n\n\n<p>Nesta quarta-feira (24), \u00e0s 18h, quem abre a programa\u00e7\u00e3o \u00e9 o Boi Mimoso, grupo folcl\u00f3rico de bumba meu boi com sotaque de orquestra mantido pela APAE de S\u00e3o Lu\u00eds, que \u00e9 muito mais que uma atra\u00e7\u00e3o folcl\u00f3rica, mas a express\u00e3o viva de como a cultura pode ser uma ferramenta poderosa de inclus\u00e3o social das pessoas com defici\u00eancia.<\/p>\n\n\n\n<p>Desde a sua funda\u00e7\u00e3o, em 1994, o Boi Mimoso tem sido um catalisador para o desenvolvimento social e pessoal de seus integrantes \u2013 alunos da Escola Eney Santana e pessoas com defici\u00eancia intelectual e\/ou m\u00faltipla assistidas pela APAE de S\u00e3o Lu\u00eds. <\/p>\n\n\n\n<p>Por meio do ritmo contagiante do bumba meu boi, os participantes encontram um espa\u00e7o para expressar suas identidades, habilidades e, mais importante, para serem vistos e respeitados enquanto pessoas com defici\u00eancia.<\/p>\n\n\n\n<div class=\"wp-block-image\"><figure class=\"aligncenter size-large is-resized\"><img decoding=\"async\" src=\"https:\/\/www.blogsoestado.com\/evandrojunior\/files\/2024\/07\/WhatsApp-Image-2024-07-23-at-08.14.16-1.jpeg\" alt=\"\" class=\"wp-image-12466\" width=\"548\" height=\"345\"\/><figcaption>Presidente da APAE de S\u00e3o Lu\u00eds, Arionildes Silva, a gestora Christiane Diniz, a assessora jur\u00eddica, Dra. Concei\u00e7\u00e3o Melo Rolim, e o conselheiro Sebasti\u00e3o Vanderlaan Rolim, grandes apoiadores do Boi Mimoso<\/figcaption><\/figure><\/div>\n\n\n\n<p>O grupo conta com cerca de 98 integrantes de diversas faixas et\u00e1rias. Para esses brincantes, o Boi Mimoso da APAE de S\u00e3o Lu\u00eds \u00e9 uma forma de resist\u00eancia cultural, de socializa\u00e7\u00e3o, al\u00e9m de uma excelente terapia. Entre os benef\u00edcios que a brincadeira proporciona a seus integrantes, est\u00e3o o desenvolvimento de habilidades importantes como a socializa\u00e7\u00e3o, o senso de trabalho em equipe, a melhora da coordena\u00e7\u00e3o motora e da autoestima; al\u00e9m de ser uma ferramenta de inclus\u00e3o social poderosa<\/p>\n\n\n\n<p><\/p>\n","protected":false},"excerpt":{"rendered":"<p>S\u00e3o Lu\u00eds &#8211; O evento cultural \u2018Vamos Festejar\u2019, que est\u00e1 acontecendo no Convento das Merc\u00eas, vai contar com uma apresenta\u00e7\u00e3o [&hellip;]<\/p>\n","protected":false},"author":4,"featured_media":0,"comment_status":"open","ping_status":"open","sticky":false,"template":"","format":"standard","meta":{"site-sidebar-layout":"default","site-content-layout":"","ast-site-content-layout":"default","site-content-style":"default","site-sidebar-style":"default","ast-global-header-display":"","ast-banner-title-visibility":"","ast-main-header-display":"","ast-hfb-above-header-display":"","ast-hfb-below-header-display":"","ast-hfb-mobile-header-display":"","site-post-title":"","ast-breadcrumbs-content":"","ast-featured-img":"","footer-sml-layout":"","ast-disable-related-posts":"","theme-transparent-header-meta":"","adv-header-id-meta":"","stick-header-meta":"","header-above-stick-meta":"","header-main-stick-meta":"","header-below-stick-meta":"","astra-migrate-meta-layouts":"default","ast-page-background-enabled":"default","ast-page-background-meta":{"desktop":{"background-color":"var(--ast-global-color-5)","background-image":"","background-repeat":"repeat","background-position":"center center","background-size":"auto","background-attachment":"scroll","background-type":"","background-media":"","overlay-type":"","overlay-color":"","overlay-opacity":"","overlay-gradient":""},"tablet":{"background-color":"","background-image":"","background-repeat":"repeat","background-position":"center center","background-size":"auto","background-attachment":"scroll","background-type":"","background-media":"","overlay-type":"","overlay-color":"","overlay-opacity":"","overlay-gradient":""},"mobile":{"background-color":"","background-image":"","background-repeat":"repeat","background-position":"center center","background-size":"auto","background-attachment":"scroll","background-type":"","background-media":"","overlay-type":"","overlay-color":"","overlay-opacity":"","overlay-gradient":""}},"ast-content-background-meta":{"desktop":{"background-color":"var(--ast-global-color-4)","background-image":"","background-repeat":"repeat","background-position":"center center","background-size":"auto","background-attachment":"scroll","background-type":"","background-media":"","overlay-type":"","overlay-color":"","overlay-opacity":"","overlay-gradient":""},"tablet":{"background-color":"var(--ast-global-color-4)","background-image":"","background-repeat":"repeat","background-position":"center center","background-size":"auto","background-attachment":"scroll","background-type":"","background-media":"","overlay-type":"","overlay-color":"","overlay-opacity":"","overlay-gradient":""},"mobile":{"background-color":"var(--ast-global-color-4)","background-image":"","background-repeat":"repeat","background-position":"center center","background-size":"auto","background-attachment":"scroll","background-type":"","background-media":"","overlay-type":"","overlay-color":"","overlay-opacity":"","overlay-gradient":""}},"footnotes":""},"categories":[1],"tags":[],"class_list":["post-12464","post","type-post","status-publish","format-standard","hentry","category-sem-categoria"],"yoast_head":"<!-- This site is optimized with the Yoast SEO plugin v26.6 - https:\/\/yoast.com\/wordpress\/plugins\/seo\/ -->\n<title>Boi Mimoso da APAE de S\u00e3o Lu\u00eds participar\u00e1 do &#039;Vamos Festejar&#039; - Evandro Junior<\/title>\n<meta name=\"robots\" content=\"index, follow, max-snippet:-1, max-image-preview:large, max-video-preview:-1\" \/>\n<link rel=\"canonical\" href=\"https:\/\/www.blogsoestado.com\/evandrojunior\/2024\/07\/23\/boi-mimoso-da-apae-de-sao-luis-participara-do-vamos-festejar\/\" \/>\n<meta property=\"og:locale\" content=\"pt_BR\" \/>\n<meta property=\"og:type\" content=\"article\" \/>\n<meta property=\"og:title\" content=\"Boi Mimoso da APAE de S\u00e3o Lu\u00eds participar\u00e1 do &#039;Vamos Festejar&#039; - Evandro Junior\" \/>\n<meta property=\"og:description\" content=\"S\u00e3o Lu\u00eds &#8211; O evento cultural \u2018Vamos Festejar\u2019, que est\u00e1 acontecendo no Convento das Merc\u00eas, vai contar com uma apresenta\u00e7\u00e3o [&hellip;]\" \/>\n<meta property=\"og:url\" content=\"https:\/\/www.blogsoestado.com\/evandrojunior\/2024\/07\/23\/boi-mimoso-da-apae-de-sao-luis-participara-do-vamos-festejar\/\" \/>\n<meta property=\"og:site_name\" content=\"Evandro Junior\" \/>\n<meta property=\"article:published_time\" content=\"2024-07-23T19:41:51+00:00\" \/>\n<meta property=\"og:image\" content=\"https:\/\/www.blogsoestado.com\/evandrojunior\/files\/2024\/07\/WhatsApp-Image-2024-07-23-at-08.14.16-1024x682.jpeg\" \/>\n<meta name=\"author\" content=\"Evandro Junior\" \/>\n<meta name=\"twitter:card\" content=\"summary_large_image\" \/>\n<meta name=\"twitter:label1\" content=\"Escrito por\" \/>\n\t<meta name=\"twitter:data1\" content=\"Evandro Junior\" \/>\n\t<meta name=\"twitter:label2\" content=\"Est. tempo de leitura\" \/>\n\t<meta name=\"twitter:data2\" content=\"2 minutos\" \/>\n<script type=\"application\/ld+json\" class=\"yoast-schema-graph\">{\"@context\":\"https:\/\/schema.org\",\"@graph\":[{\"@type\":\"WebPage\",\"@id\":\"https:\/\/www.blogsoestado.com\/evandrojunior\/2024\/07\/23\/boi-mimoso-da-apae-de-sao-luis-participara-do-vamos-festejar\/\",\"url\":\"https:\/\/www.blogsoestado.com\/evandrojunior\/2024\/07\/23\/boi-mimoso-da-apae-de-sao-luis-participara-do-vamos-festejar\/\",\"name\":\"Boi Mimoso da APAE de S\u00e3o Lu\u00eds participar\u00e1 do 'Vamos Festejar' - Evandro Junior\",\"isPartOf\":{\"@id\":\"https:\/\/www.blogsoestado.com\/evandrojunior\/#website\"},\"primaryImageOfPage\":{\"@id\":\"https:\/\/www.blogsoestado.com\/evandrojunior\/2024\/07\/23\/boi-mimoso-da-apae-de-sao-luis-participara-do-vamos-festejar\/#primaryimage\"},\"image\":{\"@id\":\"https:\/\/www.blogsoestado.com\/evandrojunior\/2024\/07\/23\/boi-mimoso-da-apae-de-sao-luis-participara-do-vamos-festejar\/#primaryimage\"},\"thumbnailUrl\":\"https:\/\/www.blogsoestado.com\/evandrojunior\/files\/2024\/07\/WhatsApp-Image-2024-07-23-at-08.14.16-1024x682.jpeg\",\"datePublished\":\"2024-07-23T19:41:51+00:00\",\"author\":{\"@id\":\"https:\/\/www.blogsoestado.com\/evandrojunior\/#\/schema\/person\/3e6c3d8dbb740d1c6878ebc935cfb3be\"},\"breadcrumb\":{\"@id\":\"https:\/\/www.blogsoestado.com\/evandrojunior\/2024\/07\/23\/boi-mimoso-da-apae-de-sao-luis-participara-do-vamos-festejar\/#breadcrumb\"},\"inLanguage\":\"pt-BR\",\"potentialAction\":[{\"@type\":\"ReadAction\",\"target\":[\"https:\/\/www.blogsoestado.com\/evandrojunior\/2024\/07\/23\/boi-mimoso-da-apae-de-sao-luis-participara-do-vamos-festejar\/\"]}]},{\"@type\":\"ImageObject\",\"inLanguage\":\"pt-BR\",\"@id\":\"https:\/\/www.blogsoestado.com\/evandrojunior\/2024\/07\/23\/boi-mimoso-da-apae-de-sao-luis-participara-do-vamos-festejar\/#primaryimage\",\"url\":\"https:\/\/www.blogsoestado.com\/evandrojunior\/files\/2024\/07\/WhatsApp-Image-2024-07-23-at-08.14.16-1024x682.jpeg\",\"contentUrl\":\"https:\/\/www.blogsoestado.com\/evandrojunior\/files\/2024\/07\/WhatsApp-Image-2024-07-23-at-08.14.16-1024x682.jpeg\"},{\"@type\":\"BreadcrumbList\",\"@id\":\"https:\/\/www.blogsoestado.com\/evandrojunior\/2024\/07\/23\/boi-mimoso-da-apae-de-sao-luis-participara-do-vamos-festejar\/#breadcrumb\",\"itemListElement\":[{\"@type\":\"ListItem\",\"position\":1,\"name\":\"In\u00edcio\",\"item\":\"https:\/\/www.blogsoestado.com\/evandrojunior\/\"},{\"@type\":\"ListItem\",\"position\":2,\"name\":\"Boi Mimoso da APAE de S\u00e3o Lu\u00eds participar\u00e1 do &#8216;Vamos Festejar&#8217;\"}]},{\"@type\":\"WebSite\",\"@id\":\"https:\/\/www.blogsoestado.com\/evandrojunior\/#website\",\"url\":\"https:\/\/www.blogsoestado.com\/evandrojunior\/\",\"name\":\"Evandro Junior\",\"description\":\"\",\"potentialAction\":[{\"@type\":\"SearchAction\",\"target\":{\"@type\":\"EntryPoint\",\"urlTemplate\":\"https:\/\/www.blogsoestado.com\/evandrojunior\/?s={search_term_string}\"},\"query-input\":{\"@type\":\"PropertyValueSpecification\",\"valueRequired\":true,\"valueName\":\"search_term_string\"}}],\"inLanguage\":\"pt-BR\"},{\"@type\":\"Person\",\"@id\":\"https:\/\/www.blogsoestado.com\/evandrojunior\/#\/schema\/person\/3e6c3d8dbb740d1c6878ebc935cfb3be\",\"name\":\"Evandro Junior\",\"image\":{\"@type\":\"ImageObject\",\"inLanguage\":\"pt-BR\",\"@id\":\"https:\/\/www.blogsoestado.com\/evandrojunior\/#\/schema\/person\/image\/\",\"url\":\"https:\/\/secure.gravatar.com\/avatar\/f80a03a2294a580cd2318bfb459bf354cfa8be661ef3d95b542cf9a04af8d129?s=96&d=mm&r=g\",\"contentUrl\":\"https:\/\/secure.gravatar.com\/avatar\/f80a03a2294a580cd2318bfb459bf354cfa8be661ef3d95b542cf9a04af8d129?s=96&d=mm&r=g\",\"caption\":\"Evandro Junior\"},\"url\":\"https:\/\/www.blogsoestado.com\/evandrojunior\/author\/evandrojunior\/\"}]}<\/script>\n<!-- \/ Yoast SEO plugin. -->","yoast_head_json":{"title":"Boi Mimoso da APAE de S\u00e3o Lu\u00eds participar\u00e1 do 'Vamos Festejar' - Evandro Junior","robots":{"index":"index","follow":"follow","max-snippet":"max-snippet:-1","max-image-preview":"max-image-preview:large","max-video-preview":"max-video-preview:-1"},"canonical":"https:\/\/www.blogsoestado.com\/evandrojunior\/2024\/07\/23\/boi-mimoso-da-apae-de-sao-luis-participara-do-vamos-festejar\/","og_locale":"pt_BR","og_type":"article","og_title":"Boi Mimoso da APAE de S\u00e3o Lu\u00eds participar\u00e1 do 'Vamos Festejar' - Evandro Junior","og_description":"S\u00e3o Lu\u00eds &#8211; O evento cultural \u2018Vamos Festejar\u2019, que est\u00e1 acontecendo no Convento das Merc\u00eas, vai contar com uma apresenta\u00e7\u00e3o [&hellip;]","og_url":"https:\/\/www.blogsoestado.com\/evandrojunior\/2024\/07\/23\/boi-mimoso-da-apae-de-sao-luis-participara-do-vamos-festejar\/","og_site_name":"Evandro Junior","article_published_time":"2024-07-23T19:41:51+00:00","og_image":[{"url":"https:\/\/www.blogsoestado.com\/evandrojunior\/files\/2024\/07\/WhatsApp-Image-2024-07-23-at-08.14.16-1024x682.jpeg","type":"","width":"","height":""}],"author":"Evandro Junior","twitter_card":"summary_large_image","twitter_misc":{"Escrito por":"Evandro Junior","Est. tempo de leitura":"2 minutos"},"schema":{"@context":"https:\/\/schema.org","@graph":[{"@type":"WebPage","@id":"https:\/\/www.blogsoestado.com\/evandrojunior\/2024\/07\/23\/boi-mimoso-da-apae-de-sao-luis-participara-do-vamos-festejar\/","url":"https:\/\/www.blogsoestado.com\/evandrojunior\/2024\/07\/23\/boi-mimoso-da-apae-de-sao-luis-participara-do-vamos-festejar\/","name":"Boi Mimoso da APAE de S\u00e3o Lu\u00eds participar\u00e1 do 'Vamos Festejar' - Evandro Junior","isPartOf":{"@id":"https:\/\/www.blogsoestado.com\/evandrojunior\/#website"},"primaryImageOfPage":{"@id":"https:\/\/www.blogsoestado.com\/evandrojunior\/2024\/07\/23\/boi-mimoso-da-apae-de-sao-luis-participara-do-vamos-festejar\/#primaryimage"},"image":{"@id":"https:\/\/www.blogsoestado.com\/evandrojunior\/2024\/07\/23\/boi-mimoso-da-apae-de-sao-luis-participara-do-vamos-festejar\/#primaryimage"},"thumbnailUrl":"https:\/\/www.blogsoestado.com\/evandrojunior\/files\/2024\/07\/WhatsApp-Image-2024-07-23-at-08.14.16-1024x682.jpeg","datePublished":"2024-07-23T19:41:51+00:00","author":{"@id":"https:\/\/www.blogsoestado.com\/evandrojunior\/#\/schema\/person\/3e6c3d8dbb740d1c6878ebc935cfb3be"},"breadcrumb":{"@id":"https:\/\/www.blogsoestado.com\/evandrojunior\/2024\/07\/23\/boi-mimoso-da-apae-de-sao-luis-participara-do-vamos-festejar\/#breadcrumb"},"inLanguage":"pt-BR","potentialAction":[{"@type":"ReadAction","target":["https:\/\/www.blogsoestado.com\/evandrojunior\/2024\/07\/23\/boi-mimoso-da-apae-de-sao-luis-participara-do-vamos-festejar\/"]}]},{"@type":"ImageObject","inLanguage":"pt-BR","@id":"https:\/\/www.blogsoestado.com\/evandrojunior\/2024\/07\/23\/boi-mimoso-da-apae-de-sao-luis-participara-do-vamos-festejar\/#primaryimage","url":"https:\/\/www.blogsoestado.com\/evandrojunior\/files\/2024\/07\/WhatsApp-Image-2024-07-23-at-08.14.16-1024x682.jpeg","contentUrl":"https:\/\/www.blogsoestado.com\/evandrojunior\/files\/2024\/07\/WhatsApp-Image-2024-07-23-at-08.14.16-1024x682.jpeg"},{"@type":"BreadcrumbList","@id":"https:\/\/www.blogsoestado.com\/evandrojunior\/2024\/07\/23\/boi-mimoso-da-apae-de-sao-luis-participara-do-vamos-festejar\/#breadcrumb","itemListElement":[{"@type":"ListItem","position":1,"name":"In\u00edcio","item":"https:\/\/www.blogsoestado.com\/evandrojunior\/"},{"@type":"ListItem","position":2,"name":"Boi Mimoso da APAE de S\u00e3o Lu\u00eds participar\u00e1 do &#8216;Vamos Festejar&#8217;"}]},{"@type":"WebSite","@id":"https:\/\/www.blogsoestado.com\/evandrojunior\/#website","url":"https:\/\/www.blogsoestado.com\/evandrojunior\/","name":"Evandro Junior","description":"","potentialAction":[{"@type":"SearchAction","target":{"@type":"EntryPoint","urlTemplate":"https:\/\/www.blogsoestado.com\/evandrojunior\/?s={search_term_string}"},"query-input":{"@type":"PropertyValueSpecification","valueRequired":true,"valueName":"search_term_string"}}],"inLanguage":"pt-BR"},{"@type":"Person","@id":"https:\/\/www.blogsoestado.com\/evandrojunior\/#\/schema\/person\/3e6c3d8dbb740d1c6878ebc935cfb3be","name":"Evandro Junior","image":{"@type":"ImageObject","inLanguage":"pt-BR","@id":"https:\/\/www.blogsoestado.com\/evandrojunior\/#\/schema\/person\/image\/","url":"https:\/\/secure.gravatar.com\/avatar\/f80a03a2294a580cd2318bfb459bf354cfa8be661ef3d95b542cf9a04af8d129?s=96&d=mm&r=g","contentUrl":"https:\/\/secure.gravatar.com\/avatar\/f80a03a2294a580cd2318bfb459bf354cfa8be661ef3d95b542cf9a04af8d129?s=96&d=mm&r=g","caption":"Evandro Junior"},"url":"https:\/\/www.blogsoestado.com\/evandrojunior\/author\/evandrojunior\/"}]}},"jetpack_featured_media_url":"","_links":{"self":[{"href":"https:\/\/www.blogsoestado.com\/evandrojunior\/wp-json\/wp\/v2\/posts\/12464","targetHints":{"allow":["GET"]}}],"collection":[{"href":"https:\/\/www.blogsoestado.com\/evandrojunior\/wp-json\/wp\/v2\/posts"}],"about":[{"href":"https:\/\/www.blogsoestado.com\/evandrojunior\/wp-json\/wp\/v2\/types\/post"}],"author":[{"embeddable":true,"href":"https:\/\/www.blogsoestado.com\/evandrojunior\/wp-json\/wp\/v2\/users\/4"}],"replies":[{"embeddable":true,"href":"https:\/\/www.blogsoestado.com\/evandrojunior\/wp-json\/wp\/v2\/comments?post=12464"}],"version-history":[{"count":0,"href":"https:\/\/www.blogsoestado.com\/evandrojunior\/wp-json\/wp\/v2\/posts\/12464\/revisions"}],"wp:attachment":[{"href":"https:\/\/www.blogsoestado.com\/evandrojunior\/wp-json\/wp\/v2\/media?parent=12464"}],"wp:term":[{"taxonomy":"category","embeddable":true,"href":"https:\/\/www.blogsoestado.com\/evandrojunior\/wp-json\/wp\/v2\/categories?post=12464"},{"taxonomy":"post_tag","embeddable":true,"href":"https:\/\/www.blogsoestado.com\/evandrojunior\/wp-json\/wp\/v2\/tags?post=12464"}],"curies":[{"name":"wp","href":"https:\/\/api.w.org\/{rel}","templated":true}]}}