{"id":12538,"date":"2024-07-29T18:39:46","date_gmt":"2024-07-29T21:39:46","guid":{"rendered":"https:\/\/www.blogsoestado.com\/evandrojunior\/?p=12538"},"modified":"2024-07-29T18:39:46","modified_gmt":"2024-07-29T21:39:46","slug":"vereadores-de-sao-jose-de-ribamar-visitam-estacao-de-tratamento-de-esgoto-da-brk","status":"publish","type":"post","link":"https:\/\/www.blogsoestado.com\/evandrojunior\/2024\/07\/29\/vereadores-de-sao-jose-de-ribamar-visitam-estacao-de-tratamento-de-esgoto-da-brk\/","title":{"rendered":"Vereadores de S\u00e3o Jos\u00e9 de Ribamar visitam esta\u00e7\u00e3o de tratamento de esgoto da BRK"},"content":{"rendered":"\n<div class=\"wp-block-image\"><figure class=\"aligncenter size-large is-resized\"><img fetchpriority=\"high\" decoding=\"async\" src=\"https:\/\/www.blogsoestado.com\/evandrojunior\/files\/2024\/07\/WhatsApp-Image-2024-07-29-at-14.12.19.jpeg\" alt=\"\" class=\"wp-image-12539\" width=\"514\" height=\"386\"\/><figcaption><strong>Jaldo Ramos, l\u00edder comunit\u00e1rio do Residencial Turi\u00faba; Jefferson de Paula, gerente de Opera\u00e7\u00e3o e Manuten\u00e7\u00e3o da BRK MA; Rangleyson Dias e Dod\u00f3 de Santaninha, ambos vereadores de S\u00e3o  Jos\u00e9 de Ribamar, com Lucas Couto, Leonam de Mattos, Gustavo Abreu e Dilson Oliveira, do staff da BRK MA (Foto: Divulga\u00e7\u00e3o)<\/strong><\/figcaption><\/figure><\/div>\n\n\n\n<p><strong>S\u00c3O LU\u00cdS <\/strong>&#8211; A BRK, concession\u00e1ria respons\u00e1vel pelos servi\u00e7os de \u00e1gua e esgoto em Pa\u00e7o do Lumiar e S\u00e3o Jos\u00e9 de Ribamar, recebeu a visita dos vereadores Rangleyson Dias e Dod\u00f3 de Santaninha, representantes do Legislativo do munic\u00edpio de S\u00e3o Jos\u00e9 de Ribamar. Eles foram conhecer de perto o processo de tratamento de efluentes executado pela empresa.<\/p>\n\n\n\n<p>A visita aconteceu no \u00faltimo dia 12 de julho, na Esta\u00e7\u00e3o de Tratamento de Esgoto (ETE) do Residencial Turi\u00faba, em Ribamar. O tour foi conduzido pela equipe de opera\u00e7\u00e3o da BRK no Maranh\u00e3o, que proporcionou aos visitantes uma ambienta\u00e7\u00e3o a respeito do trabalho de coleta e tratamento de esgoto realizado nos dois munic\u00edpios maranhenses.<\/p>\n\n\n\n<p>\u201cA popula\u00e7\u00e3o geralmente procura os vereadores para apoio em algumas demandas, e estes, por sua vez, nos acionam para averiguarmos essas solicita\u00e7\u00f5es. Hoje, percorremos todo o sistema de tratamento de efluentes, apresentando, na pr\u00e1tica, cada etapa do processo que \u00e9 executado conforme as normas do saneamento. Essa intera\u00e7\u00e3o com representantes do poder p\u00fablico \u00e9 muito importante, pois auxilia no repasse de informa\u00e7\u00f5es \u00e0 comunidade\u201d, destacou Jefferson de Paula, gerente de Opera\u00e7\u00e3o e Manuten\u00e7\u00e3o da BRK no Maranh\u00e3o.<\/p>\n\n\n\n<p><strong>Visita<\/strong><\/p>\n\n\n\n<p>A visita foi organizada atendendo \u00e0s demandas propostas pela C\u00e2mara Municipal de Vereadores de S\u00e3o Jos\u00e9 de Ribamar, durante o \u00faltimo encontro realizado entre os representantes do poder p\u00fablico e a BRK.<\/p>\n\n\n\n<p>Para Ot\u00e1vio Junqueira, diretor da BRK no Maranh\u00e3o, o constante di\u00e1logo entre munic\u00edpio e empresa prestadora do servi\u00e7o p\u00fablico \u00e9 indispens\u00e1vel para a constante melhoria dos servi\u00e7os e atendimento \u00e0 popula\u00e7\u00e3o:<\/p>\n\n\n\n<p>\u201cNos \u00faltimos anos, a BRK tem investido efetivamente para transformar a realidade do saneamento nos munic\u00edpios de Pa\u00e7o do Lumiar e S\u00e3o Jos\u00e9 de Ribamar. Al\u00e9m da recupera\u00e7\u00e3o e amplia\u00e7\u00e3o dos sistemas de abastecimento, que possibilitou a disponibilidade de acesso da popula\u00e7\u00e3o \u00e0 \u00e1gua tratada, a concession\u00e1ria tem avan\u00e7ado tamb\u00e9m nos servi\u00e7os de coleta e tratamento de esgoto. \u00c9 realizado um rigoroso controle de qualidade, com coletas di\u00e1rias e an\u00e1lises laboratoriais, que asseguram o cumprimento de todos os par\u00e2metros para o uso seguro da \u00e1gua que oferecemos\u201d, afirmou Ot\u00e1vio.<\/p>\n","protected":false},"excerpt":{"rendered":"<p>S\u00c3O LU\u00cdS &#8211; A BRK, concession\u00e1ria respons\u00e1vel pelos servi\u00e7os de \u00e1gua e esgoto em Pa\u00e7o do Lumiar e S\u00e3o Jos\u00e9 [&hellip;]<\/p>\n","protected":false},"author":4,"featured_media":0,"comment_status":"open","ping_status":"open","sticky":false,"template":"","format":"standard","meta":{"site-sidebar-layout":"default","site-content-layout":"","ast-site-content-layout":"default","site-content-style":"default","site-sidebar-style":"default","ast-global-header-display":"","ast-banner-title-visibility":"","ast-main-header-display":"","ast-hfb-above-header-display":"","ast-hfb-below-header-display":"","ast-hfb-mobile-header-display":"","site-post-title":"","ast-breadcrumbs-content":"","ast-featured-img":"","footer-sml-layout":"","ast-disable-related-posts":"","theme-transparent-header-meta":"","adv-header-id-meta":"","stick-header-meta":"","header-above-stick-meta":"","header-main-stick-meta":"","header-below-stick-meta":"","astra-migrate-meta-layouts":"default","ast-page-background-enabled":"default","ast-page-background-meta":{"desktop":{"background-color":"var(--ast-global-color-5)","background-image":"","background-repeat":"repeat","background-position":"center center","background-size":"auto","background-attachment":"scroll","background-type":"","background-media":"","overlay-type":"","overlay-color":"","overlay-opacity":"","overlay-gradient":""},"tablet":{"background-color":"","background-image":"","background-repeat":"repeat","background-position":"center center","background-size":"auto","background-attachment":"scroll","background-type":"","background-media":"","overlay-type":"","overlay-color":"","overlay-opacity":"","overlay-gradient":""},"mobile":{"background-color":"","background-image":"","background-repeat":"repeat","background-position":"center center","background-size":"auto","background-attachment":"scroll","background-type":"","background-media":"","overlay-type":"","overlay-color":"","overlay-opacity":"","overlay-gradient":""}},"ast-content-background-meta":{"desktop":{"background-color":"var(--ast-global-color-4)","background-image":"","background-repeat":"repeat","background-position":"center center","background-size":"auto","background-attachment":"scroll","background-type":"","background-media":"","overlay-type":"","overlay-color":"","overlay-opacity":"","overlay-gradient":""},"tablet":{"background-color":"var(--ast-global-color-4)","background-image":"","background-repeat":"repeat","background-position":"center center","background-size":"auto","background-attachment":"scroll","background-type":"","background-media":"","overlay-type":"","overlay-color":"","overlay-opacity":"","overlay-gradient":""},"mobile":{"background-color":"var(--ast-global-color-4)","background-image":"","background-repeat":"repeat","background-position":"center center","background-size":"auto","background-attachment":"scroll","background-type":"","background-media":"","overlay-type":"","overlay-color":"","overlay-opacity":"","overlay-gradient":""}},"footnotes":""},"categories":[1],"tags":[],"class_list":["post-12538","post","type-post","status-publish","format-standard","hentry","category-sem-categoria"],"yoast_head":"<!-- This site is optimized with the Yoast SEO plugin v26.6 - https:\/\/yoast.com\/wordpress\/plugins\/seo\/ -->\n<title>Vereadores de S\u00e3o Jos\u00e9 de Ribamar visitam esta\u00e7\u00e3o de tratamento de esgoto da BRK - Evandro Junior<\/title>\n<meta name=\"robots\" content=\"index, follow, max-snippet:-1, max-image-preview:large, max-video-preview:-1\" \/>\n<link rel=\"canonical\" href=\"https:\/\/www.blogsoestado.com\/evandrojunior\/2024\/07\/29\/vereadores-de-sao-jose-de-ribamar-visitam-estacao-de-tratamento-de-esgoto-da-brk\/\" \/>\n<meta property=\"og:locale\" content=\"pt_BR\" \/>\n<meta property=\"og:type\" content=\"article\" \/>\n<meta property=\"og:title\" content=\"Vereadores de S\u00e3o Jos\u00e9 de Ribamar visitam esta\u00e7\u00e3o de tratamento de esgoto da BRK - Evandro Junior\" \/>\n<meta property=\"og:description\" content=\"S\u00c3O LU\u00cdS &#8211; A BRK, concession\u00e1ria respons\u00e1vel pelos servi\u00e7os de \u00e1gua e esgoto em Pa\u00e7o do Lumiar e S\u00e3o Jos\u00e9 [&hellip;]\" \/>\n<meta property=\"og:url\" content=\"https:\/\/www.blogsoestado.com\/evandrojunior\/2024\/07\/29\/vereadores-de-sao-jose-de-ribamar-visitam-estacao-de-tratamento-de-esgoto-da-brk\/\" \/>\n<meta property=\"og:site_name\" content=\"Evandro Junior\" \/>\n<meta property=\"article:published_time\" content=\"2024-07-29T21:39:46+00:00\" \/>\n<meta property=\"og:image\" content=\"https:\/\/www.blogsoestado.com\/evandrojunior\/files\/2024\/07\/WhatsApp-Image-2024-07-29-at-14.12.19.jpeg\" \/>\n<meta name=\"author\" content=\"Evandro Junior\" \/>\n<meta name=\"twitter:card\" content=\"summary_large_image\" \/>\n<meta name=\"twitter:label1\" content=\"Escrito por\" \/>\n\t<meta name=\"twitter:data1\" content=\"Evandro Junior\" \/>\n\t<meta name=\"twitter:label2\" content=\"Est. tempo de leitura\" \/>\n\t<meta name=\"twitter:data2\" content=\"2 minutos\" \/>\n<script type=\"application\/ld+json\" class=\"yoast-schema-graph\">{\"@context\":\"https:\/\/schema.org\",\"@graph\":[{\"@type\":\"WebPage\",\"@id\":\"https:\/\/www.blogsoestado.com\/evandrojunior\/2024\/07\/29\/vereadores-de-sao-jose-de-ribamar-visitam-estacao-de-tratamento-de-esgoto-da-brk\/\",\"url\":\"https:\/\/www.blogsoestado.com\/evandrojunior\/2024\/07\/29\/vereadores-de-sao-jose-de-ribamar-visitam-estacao-de-tratamento-de-esgoto-da-brk\/\",\"name\":\"Vereadores de S\u00e3o Jos\u00e9 de Ribamar visitam esta\u00e7\u00e3o de tratamento de esgoto da BRK - Evandro Junior\",\"isPartOf\":{\"@id\":\"https:\/\/www.blogsoestado.com\/evandrojunior\/#website\"},\"primaryImageOfPage\":{\"@id\":\"https:\/\/www.blogsoestado.com\/evandrojunior\/2024\/07\/29\/vereadores-de-sao-jose-de-ribamar-visitam-estacao-de-tratamento-de-esgoto-da-brk\/#primaryimage\"},\"image\":{\"@id\":\"https:\/\/www.blogsoestado.com\/evandrojunior\/2024\/07\/29\/vereadores-de-sao-jose-de-ribamar-visitam-estacao-de-tratamento-de-esgoto-da-brk\/#primaryimage\"},\"thumbnailUrl\":\"https:\/\/www.blogsoestado.com\/evandrojunior\/files\/2024\/07\/WhatsApp-Image-2024-07-29-at-14.12.19.jpeg\",\"datePublished\":\"2024-07-29T21:39:46+00:00\",\"author\":{\"@id\":\"https:\/\/www.blogsoestado.com\/evandrojunior\/#\/schema\/person\/3e6c3d8dbb740d1c6878ebc935cfb3be\"},\"breadcrumb\":{\"@id\":\"https:\/\/www.blogsoestado.com\/evandrojunior\/2024\/07\/29\/vereadores-de-sao-jose-de-ribamar-visitam-estacao-de-tratamento-de-esgoto-da-brk\/#breadcrumb\"},\"inLanguage\":\"pt-BR\",\"potentialAction\":[{\"@type\":\"ReadAction\",\"target\":[\"https:\/\/www.blogsoestado.com\/evandrojunior\/2024\/07\/29\/vereadores-de-sao-jose-de-ribamar-visitam-estacao-de-tratamento-de-esgoto-da-brk\/\"]}]},{\"@type\":\"ImageObject\",\"inLanguage\":\"pt-BR\",\"@id\":\"https:\/\/www.blogsoestado.com\/evandrojunior\/2024\/07\/29\/vereadores-de-sao-jose-de-ribamar-visitam-estacao-de-tratamento-de-esgoto-da-brk\/#primaryimage\",\"url\":\"https:\/\/www.blogsoestado.com\/evandrojunior\/files\/2024\/07\/WhatsApp-Image-2024-07-29-at-14.12.19.jpeg\",\"contentUrl\":\"https:\/\/www.blogsoestado.com\/evandrojunior\/files\/2024\/07\/WhatsApp-Image-2024-07-29-at-14.12.19.jpeg\"},{\"@type\":\"BreadcrumbList\",\"@id\":\"https:\/\/www.blogsoestado.com\/evandrojunior\/2024\/07\/29\/vereadores-de-sao-jose-de-ribamar-visitam-estacao-de-tratamento-de-esgoto-da-brk\/#breadcrumb\",\"itemListElement\":[{\"@type\":\"ListItem\",\"position\":1,\"name\":\"In\u00edcio\",\"item\":\"https:\/\/www.blogsoestado.com\/evandrojunior\/\"},{\"@type\":\"ListItem\",\"position\":2,\"name\":\"Vereadores de S\u00e3o Jos\u00e9 de Ribamar visitam esta\u00e7\u00e3o de tratamento de esgoto da BRK\"}]},{\"@type\":\"WebSite\",\"@id\":\"https:\/\/www.blogsoestado.com\/evandrojunior\/#website\",\"url\":\"https:\/\/www.blogsoestado.com\/evandrojunior\/\",\"name\":\"Evandro Junior\",\"description\":\"\",\"potentialAction\":[{\"@type\":\"SearchAction\",\"target\":{\"@type\":\"EntryPoint\",\"urlTemplate\":\"https:\/\/www.blogsoestado.com\/evandrojunior\/?s={search_term_string}\"},\"query-input\":{\"@type\":\"PropertyValueSpecification\",\"valueRequired\":true,\"valueName\":\"search_term_string\"}}],\"inLanguage\":\"pt-BR\"},{\"@type\":\"Person\",\"@id\":\"https:\/\/www.blogsoestado.com\/evandrojunior\/#\/schema\/person\/3e6c3d8dbb740d1c6878ebc935cfb3be\",\"name\":\"Evandro Junior\",\"image\":{\"@type\":\"ImageObject\",\"inLanguage\":\"pt-BR\",\"@id\":\"https:\/\/www.blogsoestado.com\/evandrojunior\/#\/schema\/person\/image\/\",\"url\":\"https:\/\/secure.gravatar.com\/avatar\/f80a03a2294a580cd2318bfb459bf354cfa8be661ef3d95b542cf9a04af8d129?s=96&d=mm&r=g\",\"contentUrl\":\"https:\/\/secure.gravatar.com\/avatar\/f80a03a2294a580cd2318bfb459bf354cfa8be661ef3d95b542cf9a04af8d129?s=96&d=mm&r=g\",\"caption\":\"Evandro Junior\"},\"url\":\"https:\/\/www.blogsoestado.com\/evandrojunior\/author\/evandrojunior\/\"}]}<\/script>\n<!-- \/ Yoast SEO plugin. -->","yoast_head_json":{"title":"Vereadores de S\u00e3o Jos\u00e9 de Ribamar visitam esta\u00e7\u00e3o de tratamento de esgoto da BRK - Evandro Junior","robots":{"index":"index","follow":"follow","max-snippet":"max-snippet:-1","max-image-preview":"max-image-preview:large","max-video-preview":"max-video-preview:-1"},"canonical":"https:\/\/www.blogsoestado.com\/evandrojunior\/2024\/07\/29\/vereadores-de-sao-jose-de-ribamar-visitam-estacao-de-tratamento-de-esgoto-da-brk\/","og_locale":"pt_BR","og_type":"article","og_title":"Vereadores de S\u00e3o Jos\u00e9 de Ribamar visitam esta\u00e7\u00e3o de tratamento de esgoto da BRK - Evandro Junior","og_description":"S\u00c3O LU\u00cdS &#8211; A BRK, concession\u00e1ria respons\u00e1vel pelos servi\u00e7os de \u00e1gua e esgoto em Pa\u00e7o do Lumiar e S\u00e3o Jos\u00e9 [&hellip;]","og_url":"https:\/\/www.blogsoestado.com\/evandrojunior\/2024\/07\/29\/vereadores-de-sao-jose-de-ribamar-visitam-estacao-de-tratamento-de-esgoto-da-brk\/","og_site_name":"Evandro Junior","article_published_time":"2024-07-29T21:39:46+00:00","og_image":[{"url":"https:\/\/www.blogsoestado.com\/evandrojunior\/files\/2024\/07\/WhatsApp-Image-2024-07-29-at-14.12.19.jpeg","type":"","width":"","height":""}],"author":"Evandro Junior","twitter_card":"summary_large_image","twitter_misc":{"Escrito por":"Evandro Junior","Est. tempo de leitura":"2 minutos"},"schema":{"@context":"https:\/\/schema.org","@graph":[{"@type":"WebPage","@id":"https:\/\/www.blogsoestado.com\/evandrojunior\/2024\/07\/29\/vereadores-de-sao-jose-de-ribamar-visitam-estacao-de-tratamento-de-esgoto-da-brk\/","url":"https:\/\/www.blogsoestado.com\/evandrojunior\/2024\/07\/29\/vereadores-de-sao-jose-de-ribamar-visitam-estacao-de-tratamento-de-esgoto-da-brk\/","name":"Vereadores de S\u00e3o Jos\u00e9 de Ribamar visitam esta\u00e7\u00e3o de tratamento de esgoto da BRK - Evandro Junior","isPartOf":{"@id":"https:\/\/www.blogsoestado.com\/evandrojunior\/#website"},"primaryImageOfPage":{"@id":"https:\/\/www.blogsoestado.com\/evandrojunior\/2024\/07\/29\/vereadores-de-sao-jose-de-ribamar-visitam-estacao-de-tratamento-de-esgoto-da-brk\/#primaryimage"},"image":{"@id":"https:\/\/www.blogsoestado.com\/evandrojunior\/2024\/07\/29\/vereadores-de-sao-jose-de-ribamar-visitam-estacao-de-tratamento-de-esgoto-da-brk\/#primaryimage"},"thumbnailUrl":"https:\/\/www.blogsoestado.com\/evandrojunior\/files\/2024\/07\/WhatsApp-Image-2024-07-29-at-14.12.19.jpeg","datePublished":"2024-07-29T21:39:46+00:00","author":{"@id":"https:\/\/www.blogsoestado.com\/evandrojunior\/#\/schema\/person\/3e6c3d8dbb740d1c6878ebc935cfb3be"},"breadcrumb":{"@id":"https:\/\/www.blogsoestado.com\/evandrojunior\/2024\/07\/29\/vereadores-de-sao-jose-de-ribamar-visitam-estacao-de-tratamento-de-esgoto-da-brk\/#breadcrumb"},"inLanguage":"pt-BR","potentialAction":[{"@type":"ReadAction","target":["https:\/\/www.blogsoestado.com\/evandrojunior\/2024\/07\/29\/vereadores-de-sao-jose-de-ribamar-visitam-estacao-de-tratamento-de-esgoto-da-brk\/"]}]},{"@type":"ImageObject","inLanguage":"pt-BR","@id":"https:\/\/www.blogsoestado.com\/evandrojunior\/2024\/07\/29\/vereadores-de-sao-jose-de-ribamar-visitam-estacao-de-tratamento-de-esgoto-da-brk\/#primaryimage","url":"https:\/\/www.blogsoestado.com\/evandrojunior\/files\/2024\/07\/WhatsApp-Image-2024-07-29-at-14.12.19.jpeg","contentUrl":"https:\/\/www.blogsoestado.com\/evandrojunior\/files\/2024\/07\/WhatsApp-Image-2024-07-29-at-14.12.19.jpeg"},{"@type":"BreadcrumbList","@id":"https:\/\/www.blogsoestado.com\/evandrojunior\/2024\/07\/29\/vereadores-de-sao-jose-de-ribamar-visitam-estacao-de-tratamento-de-esgoto-da-brk\/#breadcrumb","itemListElement":[{"@type":"ListItem","position":1,"name":"In\u00edcio","item":"https:\/\/www.blogsoestado.com\/evandrojunior\/"},{"@type":"ListItem","position":2,"name":"Vereadores de S\u00e3o Jos\u00e9 de Ribamar visitam esta\u00e7\u00e3o de tratamento de esgoto da BRK"}]},{"@type":"WebSite","@id":"https:\/\/www.blogsoestado.com\/evandrojunior\/#website","url":"https:\/\/www.blogsoestado.com\/evandrojunior\/","name":"Evandro Junior","description":"","potentialAction":[{"@type":"SearchAction","target":{"@type":"EntryPoint","urlTemplate":"https:\/\/www.blogsoestado.com\/evandrojunior\/?s={search_term_string}"},"query-input":{"@type":"PropertyValueSpecification","valueRequired":true,"valueName":"search_term_string"}}],"inLanguage":"pt-BR"},{"@type":"Person","@id":"https:\/\/www.blogsoestado.com\/evandrojunior\/#\/schema\/person\/3e6c3d8dbb740d1c6878ebc935cfb3be","name":"Evandro Junior","image":{"@type":"ImageObject","inLanguage":"pt-BR","@id":"https:\/\/www.blogsoestado.com\/evandrojunior\/#\/schema\/person\/image\/","url":"https:\/\/secure.gravatar.com\/avatar\/f80a03a2294a580cd2318bfb459bf354cfa8be661ef3d95b542cf9a04af8d129?s=96&d=mm&r=g","contentUrl":"https:\/\/secure.gravatar.com\/avatar\/f80a03a2294a580cd2318bfb459bf354cfa8be661ef3d95b542cf9a04af8d129?s=96&d=mm&r=g","caption":"Evandro Junior"},"url":"https:\/\/www.blogsoestado.com\/evandrojunior\/author\/evandrojunior\/"}]}},"jetpack_featured_media_url":"","_links":{"self":[{"href":"https:\/\/www.blogsoestado.com\/evandrojunior\/wp-json\/wp\/v2\/posts\/12538","targetHints":{"allow":["GET"]}}],"collection":[{"href":"https:\/\/www.blogsoestado.com\/evandrojunior\/wp-json\/wp\/v2\/posts"}],"about":[{"href":"https:\/\/www.blogsoestado.com\/evandrojunior\/wp-json\/wp\/v2\/types\/post"}],"author":[{"embeddable":true,"href":"https:\/\/www.blogsoestado.com\/evandrojunior\/wp-json\/wp\/v2\/users\/4"}],"replies":[{"embeddable":true,"href":"https:\/\/www.blogsoestado.com\/evandrojunior\/wp-json\/wp\/v2\/comments?post=12538"}],"version-history":[{"count":0,"href":"https:\/\/www.blogsoestado.com\/evandrojunior\/wp-json\/wp\/v2\/posts\/12538\/revisions"}],"wp:attachment":[{"href":"https:\/\/www.blogsoestado.com\/evandrojunior\/wp-json\/wp\/v2\/media?parent=12538"}],"wp:term":[{"taxonomy":"category","embeddable":true,"href":"https:\/\/www.blogsoestado.com\/evandrojunior\/wp-json\/wp\/v2\/categories?post=12538"},{"taxonomy":"post_tag","embeddable":true,"href":"https:\/\/www.blogsoestado.com\/evandrojunior\/wp-json\/wp\/v2\/tags?post=12538"}],"curies":[{"name":"wp","href":"https:\/\/api.w.org\/{rel}","templated":true}]}}