{"id":12542,"date":"2024-07-29T18:45:21","date_gmt":"2024-07-29T21:45:21","guid":{"rendered":"https:\/\/www.blogsoestado.com\/evandrojunior\/?p=12542"},"modified":"2024-07-29T18:45:21","modified_gmt":"2024-07-29T21:45:21","slug":"o-boticario-apresenta-malbec-icon-em-fragrancia-mais-moderna-do-que-nunca","status":"publish","type":"post","link":"https:\/\/www.blogsoestado.com\/evandrojunior\/2024\/07\/29\/o-boticario-apresenta-malbec-icon-em-fragrancia-mais-moderna-do-que-nunca\/","title":{"rendered":"O Botic\u00e1rio apresenta Malbec Icon em fragr\u00e2ncia mais moderna do que nunca"},"content":{"rendered":"\n<div class=\"wp-block-image\"><figure class=\"aligncenter size-large is-resized\"><img fetchpriority=\"high\" decoding=\"async\" src=\"https:\/\/www.blogsoestado.com\/evandrojunior\/files\/2024\/07\/image-1-1.png\" alt=\"\" class=\"wp-image-12543\" width=\"492\" height=\"490\"\/><\/figure><\/div>\n\n\n\n<p><strong>S\u00c3O PAULO &#8211;<\/strong> Malbec, marca de perfumaria masculina premium do\u00a0Botic\u00e1rio, celebra sua sofistica\u00e7\u00e3o e autenticidade em uma nova fragr\u00e2ncia mais moderna e atemporal.\u00a0Malbec Icon\u00a0traz o frescor arom\u00e1tico e o mix de madeiras robustas em uma fragr\u00e2ncia que refor\u00e7a sua profunda liga\u00e7\u00e3o com a vinicultura e solidifica Malbec como uma marca que se mant\u00e9m fiel \u00e0 pr\u00f3pria ess\u00eancia, ao mesmo tempo que abra\u00e7a a modernidade. <\/p>\n\n\n\n<p>Com c\u00f3digos atualizados de conquista e sedu\u00e7\u00e3o, o lan\u00e7amento inaugura um novo design do frasco da marca Malbec, criado em colabora\u00e7\u00e3o com o est\u00fadio\u00a0Pininfarina, refer\u00eancia mundial de design inovador e elegante,\u00a0 que promete encantar ainda mais os admiradores da marca.<\/p>\n\n\n\n<p>H\u00e1 duas d\u00e9cadas, Malbec inovou quando uniu duas artes dos sentidos: o vinho e a perfumaria, trazendo inova\u00e7\u00f5es olfativas e no seu processo de cria\u00e7\u00e3o. A partir da capta\u00e7\u00e3o do headspace de um dos vinhos mais modernos do mundo &#8211; Malbec, produzido em Mendoza, na Argentina &#8211; e o \u00e1lcool v\u00ednico macerado em barris de carvalho franc\u00eas, Malbec consolidou sua liga\u00e7\u00e3o profunda com a vinicultura. <\/p>\n\n\n\n<p>Seguindo esse DNA emblem\u00e1tico, Malbec Icon traz a releitura da ess\u00eancia ic\u00f4nica da fragr\u00e2ncia original, inspirada na moderna produ\u00e7\u00e3o de vinhos em \u00e2nforas minerais que garante o que h\u00e1 de melhor na uva Malbec, ressaltando o aspecto puro e natural do vinho. O resultado \u00e9\u00a0 uma fragr\u00e2ncia com personalidade mais jovem e moderna, traduzida em um frescor arom\u00e1tico e o mix de madeiras intensificado.<\/p>\n\n\n\n<p><strong>idealizado por Alexis Grugeon<\/strong><\/p>\n\n\n\n<p>Com tra\u00e7os mais modernos e atuais, Malbec Icon foi idealizado por Alexis Grugeon, da<em>\u00a0Dsm-Firmenich<\/em>, perfumista franc\u00eas que representa uma nova gera\u00e7\u00e3o da perfumaria ao romper padr\u00f5es com inova\u00e7\u00f5es e um novo olhar para o mercado de fragr\u00e2ncias. <\/p>\n\n\n\n<p>\u201cEstou sempre procurando maneiras de misturar elementos surpreendentes que resultem em efeitos totalmente inesperados. Nessa cria\u00e7\u00e3o, quis equilibrar a identidade amadeirada da marca com uma roupagem que agradasse a gera\u00e7\u00e3o mais atual, explorando a liberdade e a energia desses novos c\u00f3digos masculinos, com mais facetas e contrastes\u201d, comenta Alexis.<\/p>\n\n\n\n<p>A nova fragr\u00e2ncia abre com notas frescas como bergamota e cardamomo, que combinam com o corpo arom\u00e1tico moderno de lavanda e folha de cedro e contrastam com o fundo amadeirado parrudo com notas de patchouli e cedro, criando um produto poderoso e moderno.<em>\u00a0<\/em><\/p>\n\n\n\n<p>\u201cMalbec se tornou a fortaleza do Botic\u00e1rio, sendo n\u00e3o apenas a fragr\u00e2ncia preferida no mercado de perfumaria masculina nacional, mas tamb\u00e9m a mais vendida do Brasil*. O lan\u00e7amento \u00e9 uma celebra\u00e7\u00e3o da nossa jornada e do nosso legado, refor\u00e7ando a liga\u00e7\u00e3o profunda com a vinicultura em uma combina\u00e7\u00e3o \u00fanica que reflete a evolu\u00e7\u00e3o da marca com um olhar para o futuro, mantendo-se fiel \u00e0 ess\u00eancia enquanto abra\u00e7a a modernidade\u201d, comenta Diego Costa, diretor-executivo de perfumaria e presentes do Grupo Botic\u00e1rio.<\/p>\n\n\n\n<p>A novidade pode ser encontrada em todas as lojas f\u00edsicas e no e-commerce da marca, no link\u00a0<a href=\"http:\/\/www.boticario.com.br\/\" target=\"_blank\" rel=\"noreferrer noopener\">www.boticario.com.br<\/a>, al\u00e9m do aplicativo Botic\u00e1rio, dispon\u00edvel para as vers\u00f5es Android e iOS. Tamb\u00e9m \u00e9 poss\u00edvel fazer pedidos via WhatsApp: 0800 744 0010 \u2013 n\u00famero oficial e seguro \u2013 diretamente na plataforma do dispositivo. <\/p>\n\n\n\n<p>Basta o cliente contatar a marca por esse n\u00famero para verificar a disponibilidade na regi\u00e3o dele. H\u00e1 ainda a op\u00e7\u00e3o de contatar um revendedor da marca pelo endere\u00e7o\u00a0<a href=\"http:\/\/boticario.com.br\/encontre\" target=\"_blank\" rel=\"noreferrer noopener\">boticario.com.br\/encontre<\/a>.<\/p>\n","protected":false},"excerpt":{"rendered":"<p>S\u00c3O PAULO &#8211; Malbec, marca de perfumaria masculina premium do\u00a0Botic\u00e1rio, celebra sua sofistica\u00e7\u00e3o e autenticidade em uma nova fragr\u00e2ncia mais [&hellip;]<\/p>\n","protected":false},"author":4,"featured_media":0,"comment_status":"open","ping_status":"open","sticky":false,"template":"","format":"standard","meta":{"site-sidebar-layout":"default","site-content-layout":"","ast-site-content-layout":"default","site-content-style":"default","site-sidebar-style":"default","ast-global-header-display":"","ast-banner-title-visibility":"","ast-main-header-display":"","ast-hfb-above-header-display":"","ast-hfb-below-header-display":"","ast-hfb-mobile-header-display":"","site-post-title":"","ast-breadcrumbs-content":"","ast-featured-img":"","footer-sml-layout":"","ast-disable-related-posts":"","theme-transparent-header-meta":"","adv-header-id-meta":"","stick-header-meta":"","header-above-stick-meta":"","header-main-stick-meta":"","header-below-stick-meta":"","astra-migrate-meta-layouts":"default","ast-page-background-enabled":"default","ast-page-background-meta":{"desktop":{"background-color":"var(--ast-global-color-5)","background-image":"","background-repeat":"repeat","background-position":"center center","background-size":"auto","background-attachment":"scroll","background-type":"","background-media":"","overlay-type":"","overlay-color":"","overlay-opacity":"","overlay-gradient":""},"tablet":{"background-color":"","background-image":"","background-repeat":"repeat","background-position":"center center","background-size":"auto","background-attachment":"scroll","background-type":"","background-media":"","overlay-type":"","overlay-color":"","overlay-opacity":"","overlay-gradient":""},"mobile":{"background-color":"","background-image":"","background-repeat":"repeat","background-position":"center center","background-size":"auto","background-attachment":"scroll","background-type":"","background-media":"","overlay-type":"","overlay-color":"","overlay-opacity":"","overlay-gradient":""}},"ast-content-background-meta":{"desktop":{"background-color":"var(--ast-global-color-4)","background-image":"","background-repeat":"repeat","background-position":"center center","background-size":"auto","background-attachment":"scroll","background-type":"","background-media":"","overlay-type":"","overlay-color":"","overlay-opacity":"","overlay-gradient":""},"tablet":{"background-color":"var(--ast-global-color-4)","background-image":"","background-repeat":"repeat","background-position":"center center","background-size":"auto","background-attachment":"scroll","background-type":"","background-media":"","overlay-type":"","overlay-color":"","overlay-opacity":"","overlay-gradient":""},"mobile":{"background-color":"var(--ast-global-color-4)","background-image":"","background-repeat":"repeat","background-position":"center center","background-size":"auto","background-attachment":"scroll","background-type":"","background-media":"","overlay-type":"","overlay-color":"","overlay-opacity":"","overlay-gradient":""}},"footnotes":""},"categories":[1],"tags":[],"class_list":["post-12542","post","type-post","status-publish","format-standard","hentry","category-sem-categoria"],"yoast_head":"<!-- This site is optimized with the Yoast SEO plugin v26.6 - https:\/\/yoast.com\/wordpress\/plugins\/seo\/ -->\n<title>O Botic\u00e1rio apresenta Malbec Icon em fragr\u00e2ncia mais moderna do que nunca - Evandro Junior<\/title>\n<meta name=\"robots\" content=\"index, follow, max-snippet:-1, max-image-preview:large, max-video-preview:-1\" \/>\n<link rel=\"canonical\" href=\"https:\/\/www.blogsoestado.com\/evandrojunior\/2024\/07\/29\/o-boticario-apresenta-malbec-icon-em-fragrancia-mais-moderna-do-que-nunca\/\" \/>\n<meta property=\"og:locale\" content=\"pt_BR\" \/>\n<meta property=\"og:type\" content=\"article\" \/>\n<meta property=\"og:title\" content=\"O Botic\u00e1rio apresenta Malbec Icon em fragr\u00e2ncia mais moderna do que nunca - Evandro Junior\" \/>\n<meta property=\"og:description\" content=\"S\u00c3O PAULO &#8211; Malbec, marca de perfumaria masculina premium do\u00a0Botic\u00e1rio, celebra sua sofistica\u00e7\u00e3o e autenticidade em uma nova fragr\u00e2ncia mais [&hellip;]\" \/>\n<meta property=\"og:url\" content=\"https:\/\/www.blogsoestado.com\/evandrojunior\/2024\/07\/29\/o-boticario-apresenta-malbec-icon-em-fragrancia-mais-moderna-do-que-nunca\/\" \/>\n<meta property=\"og:site_name\" content=\"Evandro Junior\" \/>\n<meta property=\"article:published_time\" content=\"2024-07-29T21:45:21+00:00\" \/>\n<meta property=\"og:image\" content=\"https:\/\/www.blogsoestado.com\/evandrojunior\/files\/2024\/07\/image-1-1.png\" \/>\n<meta name=\"author\" content=\"Evandro Junior\" \/>\n<meta name=\"twitter:card\" content=\"summary_large_image\" \/>\n<meta name=\"twitter:label1\" content=\"Escrito por\" \/>\n\t<meta name=\"twitter:data1\" content=\"Evandro Junior\" \/>\n\t<meta name=\"twitter:label2\" content=\"Est. tempo de leitura\" \/>\n\t<meta name=\"twitter:data2\" content=\"3 minutos\" \/>\n<script type=\"application\/ld+json\" class=\"yoast-schema-graph\">{\"@context\":\"https:\/\/schema.org\",\"@graph\":[{\"@type\":\"WebPage\",\"@id\":\"https:\/\/www.blogsoestado.com\/evandrojunior\/2024\/07\/29\/o-boticario-apresenta-malbec-icon-em-fragrancia-mais-moderna-do-que-nunca\/\",\"url\":\"https:\/\/www.blogsoestado.com\/evandrojunior\/2024\/07\/29\/o-boticario-apresenta-malbec-icon-em-fragrancia-mais-moderna-do-que-nunca\/\",\"name\":\"O Botic\u00e1rio apresenta Malbec Icon em fragr\u00e2ncia mais moderna do que nunca - Evandro Junior\",\"isPartOf\":{\"@id\":\"https:\/\/www.blogsoestado.com\/evandrojunior\/#website\"},\"primaryImageOfPage\":{\"@id\":\"https:\/\/www.blogsoestado.com\/evandrojunior\/2024\/07\/29\/o-boticario-apresenta-malbec-icon-em-fragrancia-mais-moderna-do-que-nunca\/#primaryimage\"},\"image\":{\"@id\":\"https:\/\/www.blogsoestado.com\/evandrojunior\/2024\/07\/29\/o-boticario-apresenta-malbec-icon-em-fragrancia-mais-moderna-do-que-nunca\/#primaryimage\"},\"thumbnailUrl\":\"https:\/\/www.blogsoestado.com\/evandrojunior\/files\/2024\/07\/image-1-1.png\",\"datePublished\":\"2024-07-29T21:45:21+00:00\",\"author\":{\"@id\":\"https:\/\/www.blogsoestado.com\/evandrojunior\/#\/schema\/person\/3e6c3d8dbb740d1c6878ebc935cfb3be\"},\"breadcrumb\":{\"@id\":\"https:\/\/www.blogsoestado.com\/evandrojunior\/2024\/07\/29\/o-boticario-apresenta-malbec-icon-em-fragrancia-mais-moderna-do-que-nunca\/#breadcrumb\"},\"inLanguage\":\"pt-BR\",\"potentialAction\":[{\"@type\":\"ReadAction\",\"target\":[\"https:\/\/www.blogsoestado.com\/evandrojunior\/2024\/07\/29\/o-boticario-apresenta-malbec-icon-em-fragrancia-mais-moderna-do-que-nunca\/\"]}]},{\"@type\":\"ImageObject\",\"inLanguage\":\"pt-BR\",\"@id\":\"https:\/\/www.blogsoestado.com\/evandrojunior\/2024\/07\/29\/o-boticario-apresenta-malbec-icon-em-fragrancia-mais-moderna-do-que-nunca\/#primaryimage\",\"url\":\"https:\/\/www.blogsoestado.com\/evandrojunior\/files\/2024\/07\/image-1-1.png\",\"contentUrl\":\"https:\/\/www.blogsoestado.com\/evandrojunior\/files\/2024\/07\/image-1-1.png\"},{\"@type\":\"BreadcrumbList\",\"@id\":\"https:\/\/www.blogsoestado.com\/evandrojunior\/2024\/07\/29\/o-boticario-apresenta-malbec-icon-em-fragrancia-mais-moderna-do-que-nunca\/#breadcrumb\",\"itemListElement\":[{\"@type\":\"ListItem\",\"position\":1,\"name\":\"In\u00edcio\",\"item\":\"https:\/\/www.blogsoestado.com\/evandrojunior\/\"},{\"@type\":\"ListItem\",\"position\":2,\"name\":\"O Botic\u00e1rio apresenta Malbec Icon em fragr\u00e2ncia mais moderna do que nunca\"}]},{\"@type\":\"WebSite\",\"@id\":\"https:\/\/www.blogsoestado.com\/evandrojunior\/#website\",\"url\":\"https:\/\/www.blogsoestado.com\/evandrojunior\/\",\"name\":\"Evandro Junior\",\"description\":\"\",\"potentialAction\":[{\"@type\":\"SearchAction\",\"target\":{\"@type\":\"EntryPoint\",\"urlTemplate\":\"https:\/\/www.blogsoestado.com\/evandrojunior\/?s={search_term_string}\"},\"query-input\":{\"@type\":\"PropertyValueSpecification\",\"valueRequired\":true,\"valueName\":\"search_term_string\"}}],\"inLanguage\":\"pt-BR\"},{\"@type\":\"Person\",\"@id\":\"https:\/\/www.blogsoestado.com\/evandrojunior\/#\/schema\/person\/3e6c3d8dbb740d1c6878ebc935cfb3be\",\"name\":\"Evandro Junior\",\"image\":{\"@type\":\"ImageObject\",\"inLanguage\":\"pt-BR\",\"@id\":\"https:\/\/www.blogsoestado.com\/evandrojunior\/#\/schema\/person\/image\/\",\"url\":\"https:\/\/secure.gravatar.com\/avatar\/f80a03a2294a580cd2318bfb459bf354cfa8be661ef3d95b542cf9a04af8d129?s=96&d=mm&r=g\",\"contentUrl\":\"https:\/\/secure.gravatar.com\/avatar\/f80a03a2294a580cd2318bfb459bf354cfa8be661ef3d95b542cf9a04af8d129?s=96&d=mm&r=g\",\"caption\":\"Evandro Junior\"},\"url\":\"https:\/\/www.blogsoestado.com\/evandrojunior\/author\/evandrojunior\/\"}]}<\/script>\n<!-- \/ Yoast SEO plugin. -->","yoast_head_json":{"title":"O Botic\u00e1rio apresenta Malbec Icon em fragr\u00e2ncia mais moderna do que nunca - Evandro Junior","robots":{"index":"index","follow":"follow","max-snippet":"max-snippet:-1","max-image-preview":"max-image-preview:large","max-video-preview":"max-video-preview:-1"},"canonical":"https:\/\/www.blogsoestado.com\/evandrojunior\/2024\/07\/29\/o-boticario-apresenta-malbec-icon-em-fragrancia-mais-moderna-do-que-nunca\/","og_locale":"pt_BR","og_type":"article","og_title":"O Botic\u00e1rio apresenta Malbec Icon em fragr\u00e2ncia mais moderna do que nunca - Evandro Junior","og_description":"S\u00c3O PAULO &#8211; Malbec, marca de perfumaria masculina premium do\u00a0Botic\u00e1rio, celebra sua sofistica\u00e7\u00e3o e autenticidade em uma nova fragr\u00e2ncia mais [&hellip;]","og_url":"https:\/\/www.blogsoestado.com\/evandrojunior\/2024\/07\/29\/o-boticario-apresenta-malbec-icon-em-fragrancia-mais-moderna-do-que-nunca\/","og_site_name":"Evandro Junior","article_published_time":"2024-07-29T21:45:21+00:00","og_image":[{"url":"https:\/\/www.blogsoestado.com\/evandrojunior\/files\/2024\/07\/image-1-1.png","type":"","width":"","height":""}],"author":"Evandro Junior","twitter_card":"summary_large_image","twitter_misc":{"Escrito por":"Evandro Junior","Est. tempo de leitura":"3 minutos"},"schema":{"@context":"https:\/\/schema.org","@graph":[{"@type":"WebPage","@id":"https:\/\/www.blogsoestado.com\/evandrojunior\/2024\/07\/29\/o-boticario-apresenta-malbec-icon-em-fragrancia-mais-moderna-do-que-nunca\/","url":"https:\/\/www.blogsoestado.com\/evandrojunior\/2024\/07\/29\/o-boticario-apresenta-malbec-icon-em-fragrancia-mais-moderna-do-que-nunca\/","name":"O Botic\u00e1rio apresenta Malbec Icon em fragr\u00e2ncia mais moderna do que nunca - Evandro Junior","isPartOf":{"@id":"https:\/\/www.blogsoestado.com\/evandrojunior\/#website"},"primaryImageOfPage":{"@id":"https:\/\/www.blogsoestado.com\/evandrojunior\/2024\/07\/29\/o-boticario-apresenta-malbec-icon-em-fragrancia-mais-moderna-do-que-nunca\/#primaryimage"},"image":{"@id":"https:\/\/www.blogsoestado.com\/evandrojunior\/2024\/07\/29\/o-boticario-apresenta-malbec-icon-em-fragrancia-mais-moderna-do-que-nunca\/#primaryimage"},"thumbnailUrl":"https:\/\/www.blogsoestado.com\/evandrojunior\/files\/2024\/07\/image-1-1.png","datePublished":"2024-07-29T21:45:21+00:00","author":{"@id":"https:\/\/www.blogsoestado.com\/evandrojunior\/#\/schema\/person\/3e6c3d8dbb740d1c6878ebc935cfb3be"},"breadcrumb":{"@id":"https:\/\/www.blogsoestado.com\/evandrojunior\/2024\/07\/29\/o-boticario-apresenta-malbec-icon-em-fragrancia-mais-moderna-do-que-nunca\/#breadcrumb"},"inLanguage":"pt-BR","potentialAction":[{"@type":"ReadAction","target":["https:\/\/www.blogsoestado.com\/evandrojunior\/2024\/07\/29\/o-boticario-apresenta-malbec-icon-em-fragrancia-mais-moderna-do-que-nunca\/"]}]},{"@type":"ImageObject","inLanguage":"pt-BR","@id":"https:\/\/www.blogsoestado.com\/evandrojunior\/2024\/07\/29\/o-boticario-apresenta-malbec-icon-em-fragrancia-mais-moderna-do-que-nunca\/#primaryimage","url":"https:\/\/www.blogsoestado.com\/evandrojunior\/files\/2024\/07\/image-1-1.png","contentUrl":"https:\/\/www.blogsoestado.com\/evandrojunior\/files\/2024\/07\/image-1-1.png"},{"@type":"BreadcrumbList","@id":"https:\/\/www.blogsoestado.com\/evandrojunior\/2024\/07\/29\/o-boticario-apresenta-malbec-icon-em-fragrancia-mais-moderna-do-que-nunca\/#breadcrumb","itemListElement":[{"@type":"ListItem","position":1,"name":"In\u00edcio","item":"https:\/\/www.blogsoestado.com\/evandrojunior\/"},{"@type":"ListItem","position":2,"name":"O Botic\u00e1rio apresenta Malbec Icon em fragr\u00e2ncia mais moderna do que nunca"}]},{"@type":"WebSite","@id":"https:\/\/www.blogsoestado.com\/evandrojunior\/#website","url":"https:\/\/www.blogsoestado.com\/evandrojunior\/","name":"Evandro Junior","description":"","potentialAction":[{"@type":"SearchAction","target":{"@type":"EntryPoint","urlTemplate":"https:\/\/www.blogsoestado.com\/evandrojunior\/?s={search_term_string}"},"query-input":{"@type":"PropertyValueSpecification","valueRequired":true,"valueName":"search_term_string"}}],"inLanguage":"pt-BR"},{"@type":"Person","@id":"https:\/\/www.blogsoestado.com\/evandrojunior\/#\/schema\/person\/3e6c3d8dbb740d1c6878ebc935cfb3be","name":"Evandro Junior","image":{"@type":"ImageObject","inLanguage":"pt-BR","@id":"https:\/\/www.blogsoestado.com\/evandrojunior\/#\/schema\/person\/image\/","url":"https:\/\/secure.gravatar.com\/avatar\/f80a03a2294a580cd2318bfb459bf354cfa8be661ef3d95b542cf9a04af8d129?s=96&d=mm&r=g","contentUrl":"https:\/\/secure.gravatar.com\/avatar\/f80a03a2294a580cd2318bfb459bf354cfa8be661ef3d95b542cf9a04af8d129?s=96&d=mm&r=g","caption":"Evandro Junior"},"url":"https:\/\/www.blogsoestado.com\/evandrojunior\/author\/evandrojunior\/"}]}},"jetpack_featured_media_url":"","_links":{"self":[{"href":"https:\/\/www.blogsoestado.com\/evandrojunior\/wp-json\/wp\/v2\/posts\/12542","targetHints":{"allow":["GET"]}}],"collection":[{"href":"https:\/\/www.blogsoestado.com\/evandrojunior\/wp-json\/wp\/v2\/posts"}],"about":[{"href":"https:\/\/www.blogsoestado.com\/evandrojunior\/wp-json\/wp\/v2\/types\/post"}],"author":[{"embeddable":true,"href":"https:\/\/www.blogsoestado.com\/evandrojunior\/wp-json\/wp\/v2\/users\/4"}],"replies":[{"embeddable":true,"href":"https:\/\/www.blogsoestado.com\/evandrojunior\/wp-json\/wp\/v2\/comments?post=12542"}],"version-history":[{"count":0,"href":"https:\/\/www.blogsoestado.com\/evandrojunior\/wp-json\/wp\/v2\/posts\/12542\/revisions"}],"wp:attachment":[{"href":"https:\/\/www.blogsoestado.com\/evandrojunior\/wp-json\/wp\/v2\/media?parent=12542"}],"wp:term":[{"taxonomy":"category","embeddable":true,"href":"https:\/\/www.blogsoestado.com\/evandrojunior\/wp-json\/wp\/v2\/categories?post=12542"},{"taxonomy":"post_tag","embeddable":true,"href":"https:\/\/www.blogsoestado.com\/evandrojunior\/wp-json\/wp\/v2\/tags?post=12542"}],"curies":[{"name":"wp","href":"https:\/\/api.w.org\/{rel}","templated":true}]}}