{"id":12545,"date":"2024-07-29T20:04:18","date_gmt":"2024-07-29T23:04:18","guid":{"rendered":"https:\/\/www.blogsoestado.com\/evandrojunior\/?p=12545"},"modified":"2024-07-29T20:04:18","modified_gmt":"2024-07-29T23:04:18","slug":"lauf-sao-luis-fortalece-pratica-esportiva-durante-a-corrida-sao-luis","status":"publish","type":"post","link":"https:\/\/www.blogsoestado.com\/evandrojunior\/2024\/07\/29\/lauf-sao-luis-fortalece-pratica-esportiva-durante-a-corrida-sao-luis\/","title":{"rendered":"Lauf S\u00e3o Lu\u00eds fortalece pr\u00e1tica esportiva durante a Corrida S\u00e3o Lu\u00eds"},"content":{"rendered":"\n<div class=\"wp-block-image\"><figure class=\"aligncenter size-large is-resized\"><img fetchpriority=\"high\" decoding=\"async\" src=\"https:\/\/www.blogsoestado.com\/evandrojunior\/files\/2024\/07\/IMG_9367-768x1024.jpg\" alt=\"\" class=\"wp-image-12546\" width=\"456\" height=\"608\"\/><figcaption><strong>Lauf S\u00e3o Lu\u00eds marcou presen\u00e7a como patrocinadora oficial da 11\u00aa edi\u00e7\u00e3o da Corrida S\u00e3o Lu\u00eds<\/strong><\/figcaption><\/figure><\/div>\n\n\n\n<p><strong>S\u00c3O LU\u00cdS <\/strong>&#8211; No \u00faltimo domingo (28), a Lauf S\u00e3o Lu\u00eds marcou presen\u00e7a, como patrocinadora oficial, na 11\u00aa edi\u00e7\u00e3o da Corrida S\u00e3o Lu\u00eds,\u00a0um dos eventos mais prestigiados do calend\u00e1rio esportivo maranhense, organizada pelo Grupo Mirante.<\/p>\n\n\n\n<p>O evento foi dividido em percursos de 5km, 10km e 15km, pela Avenida Litor\u00e2nea, e reuniu mais de 1,5 mil atletas, ressaltando a import\u00e2ncia da pr\u00e1tica esportiva na cidade. A Lauf S\u00e3o Lu\u00eds participou com um estande promocional exibindo as pe\u00e7as da cole\u00e7\u00e3o com a La Rouge Belle, al\u00e9m da Ver\u00e3o 24 com at\u00e9 65% OFF e, tamb\u00e9m, as pe\u00e7as da Cole\u00e7\u00e3o de Inverno 24 com at\u00e9 50% de desconto. Al\u00e9m de conhecer mais sobre os produtos da SALE, os atletas que visitaram o estande puderam descansar, participaram de ativa\u00e7\u00f5es e concorreram a brindes.<\/p>\n\n\n\n<p>Ana Paula Lobato Cardoso, participante da Corrida S\u00e3o Lu\u00eds, fez o percurso de 5km pela primeira vez e n\u00e3o deixou de comentar o diferencial das roupas da Lauf Sports. &#8220;O evento foi simplesmente maravilhoso. Eu fa\u00e7o corridas de 2km a 3km e quando a Lauf me convidou para fazer os 5km, eu me senti estimulada a dar o meu melhor. Principalmente por conta dos looks confort\u00e1veis da Lauf, que s\u00e3o o diferencial para um melhor desempenho&#8221;, destacou Ana Paula.<\/p>\n\n\n\n<p>As roupas da Lauf possuem alta elasticidade, op\u00e7\u00f5es com m\u00e9dia e alta compress\u00e3o, secagem r\u00e1pida e s\u00e3o desenvolvidos com mat\u00e9rias-primas que causam o menor impacto ao meio ambiente, al\u00e9m de terem uma modelagem \u00fanica, com um toque de estilo.&nbsp;S\u00e3o pe\u00e7as com prote\u00e7\u00e3o FPS 50+UV, essenciais para quem pratica esportes ao ar livre, protegendo a pele dos danos causados pelo sol. Tecidos anat\u00f4micos proporcionando um ajuste perfeito e liberdade de movimento.<\/p>\n\n\n\n<p>Outra atleta que refor\u00e7ou o diferencial das roupas Lauf no desempenho durante a Corrida S\u00e3o Lu\u00eds foi a influenciadora Iulli Fernandes. &#8220;\u00c9 importante destacar que a Lauf n\u00e3o \u00e9 s\u00f3 estilo. \u00c9 conforto, \u00e9 qualidade, \u00e9 tecnologia. Eu corro h\u00e1 um tempo e \u00e9 not\u00f3ria a diferen\u00e7a na performance com as roupas Lauf. S\u00f3 tenho a agradecer pelo convite e pela organiza\u00e7\u00e3o do evento. Todos de parab\u00e9ns!&#8221;, frisou.<\/p>\n\n\n\n<p>A gestora de Marketing da Lauf, Nadja Vilela, comentou que a Corrida S\u00e3o Lu\u00eds foi uma oportunidade de aproxima\u00e7\u00e3o com o p\u00fablico formado por praticantes de corrida (profissionais ou amadores). \u201cO evento foi incr\u00edvel! Apresentamos a Lauf S\u00e3o Lu\u00eds, que \u00e9 a melhor marca de moda fitness feminina de S\u00e3o Lu\u00eds, e oferecemos sorteio com 2 looks Lauf para os participantes, al\u00e9m de estarmos junto \u00e0 premia\u00e7\u00e3o do primeiro lugar de todas as categorias.\u00a0Nossas #laufetes, que s\u00e3o mulheres lindas, clientes, amigas e parceiras da #laufsaoluis, se divertiram muito na #corrida\u201d, comentou Nadja. <\/p>\n\n\n\n<p>Ela tamb\u00e9m ressaltou o apoio do time de colaboradores da Lauf, que al\u00e9m da dedica\u00e7\u00e3o para realiza\u00e7\u00e3o do evento, tamb\u00e9m puderam se divertir com a pr\u00e1tica esportiva. <\/p>\n\n\n\n<p>\u201cEstamos lisonjeados por poder contribuir com essa edi\u00e7\u00e3o da Corrida S\u00e3o Lu\u00eds. Agradecemos ao Grupo Mirante por essa oportunidade incr\u00edvel.\u00a0E j\u00e1 avisamos: estaremos em v\u00e1rios outros eventos, pois amamos muito tudo isso&#8221;, complementou.\u00a0<\/p>\n\n\n\n<p>A Lauf fica localizada no S\u00e3o Lu\u00eds Shopping, primeiro piso, pr\u00f3ximo \u00e0 pra\u00e7a de eventos e funciona de segunda a s\u00e1bado, de 10h \u00e0s 22h e domingo de 13h \u00e0s 20h.<\/p>\n","protected":false},"excerpt":{"rendered":"<p>S\u00c3O LU\u00cdS &#8211; No \u00faltimo domingo (28), a Lauf S\u00e3o Lu\u00eds marcou presen\u00e7a, como patrocinadora oficial, na 11\u00aa edi\u00e7\u00e3o da [&hellip;]<\/p>\n","protected":false},"author":4,"featured_media":0,"comment_status":"open","ping_status":"open","sticky":false,"template":"","format":"standard","meta":{"site-sidebar-layout":"default","site-content-layout":"","ast-site-content-layout":"default","site-content-style":"default","site-sidebar-style":"default","ast-global-header-display":"","ast-banner-title-visibility":"","ast-main-header-display":"","ast-hfb-above-header-display":"","ast-hfb-below-header-display":"","ast-hfb-mobile-header-display":"","site-post-title":"","ast-breadcrumbs-content":"","ast-featured-img":"","footer-sml-layout":"","ast-disable-related-posts":"","theme-transparent-header-meta":"","adv-header-id-meta":"","stick-header-meta":"","header-above-stick-meta":"","header-main-stick-meta":"","header-below-stick-meta":"","astra-migrate-meta-layouts":"default","ast-page-background-enabled":"default","ast-page-background-meta":{"desktop":{"background-color":"var(--ast-global-color-5)","background-image":"","background-repeat":"repeat","background-position":"center center","background-size":"auto","background-attachment":"scroll","background-type":"","background-media":"","overlay-type":"","overlay-color":"","overlay-opacity":"","overlay-gradient":""},"tablet":{"background-color":"","background-image":"","background-repeat":"repeat","background-position":"center center","background-size":"auto","background-attachment":"scroll","background-type":"","background-media":"","overlay-type":"","overlay-color":"","overlay-opacity":"","overlay-gradient":""},"mobile":{"background-color":"","background-image":"","background-repeat":"repeat","background-position":"center center","background-size":"auto","background-attachment":"scroll","background-type":"","background-media":"","overlay-type":"","overlay-color":"","overlay-opacity":"","overlay-gradient":""}},"ast-content-background-meta":{"desktop":{"background-color":"var(--ast-global-color-4)","background-image":"","background-repeat":"repeat","background-position":"center center","background-size":"auto","background-attachment":"scroll","background-type":"","background-media":"","overlay-type":"","overlay-color":"","overlay-opacity":"","overlay-gradient":""},"tablet":{"background-color":"var(--ast-global-color-4)","background-image":"","background-repeat":"repeat","background-position":"center center","background-size":"auto","background-attachment":"scroll","background-type":"","background-media":"","overlay-type":"","overlay-color":"","overlay-opacity":"","overlay-gradient":""},"mobile":{"background-color":"var(--ast-global-color-4)","background-image":"","background-repeat":"repeat","background-position":"center center","background-size":"auto","background-attachment":"scroll","background-type":"","background-media":"","overlay-type":"","overlay-color":"","overlay-opacity":"","overlay-gradient":""}},"footnotes":""},"categories":[1],"tags":[],"class_list":["post-12545","post","type-post","status-publish","format-standard","hentry","category-sem-categoria"],"yoast_head":"<!-- This site is optimized with the Yoast SEO plugin v26.6 - https:\/\/yoast.com\/wordpress\/plugins\/seo\/ -->\n<title>Lauf S\u00e3o Lu\u00eds fortalece pr\u00e1tica esportiva durante a Corrida S\u00e3o Lu\u00eds - Evandro Junior<\/title>\n<meta name=\"robots\" content=\"index, follow, max-snippet:-1, max-image-preview:large, max-video-preview:-1\" \/>\n<link rel=\"canonical\" href=\"https:\/\/www.blogsoestado.com\/evandrojunior\/2024\/07\/29\/lauf-sao-luis-fortalece-pratica-esportiva-durante-a-corrida-sao-luis\/\" \/>\n<meta property=\"og:locale\" content=\"pt_BR\" \/>\n<meta property=\"og:type\" content=\"article\" \/>\n<meta property=\"og:title\" content=\"Lauf S\u00e3o Lu\u00eds fortalece pr\u00e1tica esportiva durante a Corrida S\u00e3o Lu\u00eds - Evandro Junior\" \/>\n<meta property=\"og:description\" content=\"S\u00c3O LU\u00cdS &#8211; No \u00faltimo domingo (28), a Lauf S\u00e3o Lu\u00eds marcou presen\u00e7a, como patrocinadora oficial, na 11\u00aa edi\u00e7\u00e3o da [&hellip;]\" \/>\n<meta property=\"og:url\" content=\"https:\/\/www.blogsoestado.com\/evandrojunior\/2024\/07\/29\/lauf-sao-luis-fortalece-pratica-esportiva-durante-a-corrida-sao-luis\/\" \/>\n<meta property=\"og:site_name\" content=\"Evandro Junior\" \/>\n<meta property=\"article:published_time\" content=\"2024-07-29T23:04:18+00:00\" \/>\n<meta property=\"og:image\" content=\"https:\/\/www.blogsoestado.com\/evandrojunior\/files\/2024\/07\/IMG_9367-768x1024.jpg\" \/>\n<meta name=\"author\" content=\"Evandro Junior\" \/>\n<meta name=\"twitter:card\" content=\"summary_large_image\" \/>\n<meta name=\"twitter:label1\" content=\"Escrito por\" \/>\n\t<meta name=\"twitter:data1\" content=\"Evandro Junior\" \/>\n\t<meta name=\"twitter:label2\" content=\"Est. tempo de leitura\" \/>\n\t<meta name=\"twitter:data2\" content=\"3 minutos\" \/>\n<script type=\"application\/ld+json\" class=\"yoast-schema-graph\">{\"@context\":\"https:\/\/schema.org\",\"@graph\":[{\"@type\":\"WebPage\",\"@id\":\"https:\/\/www.blogsoestado.com\/evandrojunior\/2024\/07\/29\/lauf-sao-luis-fortalece-pratica-esportiva-durante-a-corrida-sao-luis\/\",\"url\":\"https:\/\/www.blogsoestado.com\/evandrojunior\/2024\/07\/29\/lauf-sao-luis-fortalece-pratica-esportiva-durante-a-corrida-sao-luis\/\",\"name\":\"Lauf S\u00e3o Lu\u00eds fortalece pr\u00e1tica esportiva durante a Corrida S\u00e3o Lu\u00eds - Evandro Junior\",\"isPartOf\":{\"@id\":\"https:\/\/www.blogsoestado.com\/evandrojunior\/#website\"},\"primaryImageOfPage\":{\"@id\":\"https:\/\/www.blogsoestado.com\/evandrojunior\/2024\/07\/29\/lauf-sao-luis-fortalece-pratica-esportiva-durante-a-corrida-sao-luis\/#primaryimage\"},\"image\":{\"@id\":\"https:\/\/www.blogsoestado.com\/evandrojunior\/2024\/07\/29\/lauf-sao-luis-fortalece-pratica-esportiva-durante-a-corrida-sao-luis\/#primaryimage\"},\"thumbnailUrl\":\"https:\/\/www.blogsoestado.com\/evandrojunior\/files\/2024\/07\/IMG_9367-768x1024.jpg\",\"datePublished\":\"2024-07-29T23:04:18+00:00\",\"author\":{\"@id\":\"https:\/\/www.blogsoestado.com\/evandrojunior\/#\/schema\/person\/3e6c3d8dbb740d1c6878ebc935cfb3be\"},\"breadcrumb\":{\"@id\":\"https:\/\/www.blogsoestado.com\/evandrojunior\/2024\/07\/29\/lauf-sao-luis-fortalece-pratica-esportiva-durante-a-corrida-sao-luis\/#breadcrumb\"},\"inLanguage\":\"pt-BR\",\"potentialAction\":[{\"@type\":\"ReadAction\",\"target\":[\"https:\/\/www.blogsoestado.com\/evandrojunior\/2024\/07\/29\/lauf-sao-luis-fortalece-pratica-esportiva-durante-a-corrida-sao-luis\/\"]}]},{\"@type\":\"ImageObject\",\"inLanguage\":\"pt-BR\",\"@id\":\"https:\/\/www.blogsoestado.com\/evandrojunior\/2024\/07\/29\/lauf-sao-luis-fortalece-pratica-esportiva-durante-a-corrida-sao-luis\/#primaryimage\",\"url\":\"https:\/\/www.blogsoestado.com\/evandrojunior\/files\/2024\/07\/IMG_9367-768x1024.jpg\",\"contentUrl\":\"https:\/\/www.blogsoestado.com\/evandrojunior\/files\/2024\/07\/IMG_9367-768x1024.jpg\"},{\"@type\":\"BreadcrumbList\",\"@id\":\"https:\/\/www.blogsoestado.com\/evandrojunior\/2024\/07\/29\/lauf-sao-luis-fortalece-pratica-esportiva-durante-a-corrida-sao-luis\/#breadcrumb\",\"itemListElement\":[{\"@type\":\"ListItem\",\"position\":1,\"name\":\"In\u00edcio\",\"item\":\"https:\/\/www.blogsoestado.com\/evandrojunior\/\"},{\"@type\":\"ListItem\",\"position\":2,\"name\":\"Lauf S\u00e3o Lu\u00eds fortalece pr\u00e1tica esportiva durante a Corrida S\u00e3o Lu\u00eds\"}]},{\"@type\":\"WebSite\",\"@id\":\"https:\/\/www.blogsoestado.com\/evandrojunior\/#website\",\"url\":\"https:\/\/www.blogsoestado.com\/evandrojunior\/\",\"name\":\"Evandro Junior\",\"description\":\"\",\"potentialAction\":[{\"@type\":\"SearchAction\",\"target\":{\"@type\":\"EntryPoint\",\"urlTemplate\":\"https:\/\/www.blogsoestado.com\/evandrojunior\/?s={search_term_string}\"},\"query-input\":{\"@type\":\"PropertyValueSpecification\",\"valueRequired\":true,\"valueName\":\"search_term_string\"}}],\"inLanguage\":\"pt-BR\"},{\"@type\":\"Person\",\"@id\":\"https:\/\/www.blogsoestado.com\/evandrojunior\/#\/schema\/person\/3e6c3d8dbb740d1c6878ebc935cfb3be\",\"name\":\"Evandro Junior\",\"image\":{\"@type\":\"ImageObject\",\"inLanguage\":\"pt-BR\",\"@id\":\"https:\/\/www.blogsoestado.com\/evandrojunior\/#\/schema\/person\/image\/\",\"url\":\"https:\/\/secure.gravatar.com\/avatar\/f80a03a2294a580cd2318bfb459bf354cfa8be661ef3d95b542cf9a04af8d129?s=96&d=mm&r=g\",\"contentUrl\":\"https:\/\/secure.gravatar.com\/avatar\/f80a03a2294a580cd2318bfb459bf354cfa8be661ef3d95b542cf9a04af8d129?s=96&d=mm&r=g\",\"caption\":\"Evandro Junior\"},\"url\":\"https:\/\/www.blogsoestado.com\/evandrojunior\/author\/evandrojunior\/\"}]}<\/script>\n<!-- \/ Yoast SEO plugin. -->","yoast_head_json":{"title":"Lauf S\u00e3o Lu\u00eds fortalece pr\u00e1tica esportiva durante a Corrida S\u00e3o Lu\u00eds - Evandro Junior","robots":{"index":"index","follow":"follow","max-snippet":"max-snippet:-1","max-image-preview":"max-image-preview:large","max-video-preview":"max-video-preview:-1"},"canonical":"https:\/\/www.blogsoestado.com\/evandrojunior\/2024\/07\/29\/lauf-sao-luis-fortalece-pratica-esportiva-durante-a-corrida-sao-luis\/","og_locale":"pt_BR","og_type":"article","og_title":"Lauf S\u00e3o Lu\u00eds fortalece pr\u00e1tica esportiva durante a Corrida S\u00e3o Lu\u00eds - Evandro Junior","og_description":"S\u00c3O LU\u00cdS &#8211; No \u00faltimo domingo (28), a Lauf S\u00e3o Lu\u00eds marcou presen\u00e7a, como patrocinadora oficial, na 11\u00aa edi\u00e7\u00e3o da [&hellip;]","og_url":"https:\/\/www.blogsoestado.com\/evandrojunior\/2024\/07\/29\/lauf-sao-luis-fortalece-pratica-esportiva-durante-a-corrida-sao-luis\/","og_site_name":"Evandro Junior","article_published_time":"2024-07-29T23:04:18+00:00","og_image":[{"url":"https:\/\/www.blogsoestado.com\/evandrojunior\/files\/2024\/07\/IMG_9367-768x1024.jpg","type":"","width":"","height":""}],"author":"Evandro Junior","twitter_card":"summary_large_image","twitter_misc":{"Escrito por":"Evandro Junior","Est. tempo de leitura":"3 minutos"},"schema":{"@context":"https:\/\/schema.org","@graph":[{"@type":"WebPage","@id":"https:\/\/www.blogsoestado.com\/evandrojunior\/2024\/07\/29\/lauf-sao-luis-fortalece-pratica-esportiva-durante-a-corrida-sao-luis\/","url":"https:\/\/www.blogsoestado.com\/evandrojunior\/2024\/07\/29\/lauf-sao-luis-fortalece-pratica-esportiva-durante-a-corrida-sao-luis\/","name":"Lauf S\u00e3o Lu\u00eds fortalece pr\u00e1tica esportiva durante a Corrida S\u00e3o Lu\u00eds - Evandro Junior","isPartOf":{"@id":"https:\/\/www.blogsoestado.com\/evandrojunior\/#website"},"primaryImageOfPage":{"@id":"https:\/\/www.blogsoestado.com\/evandrojunior\/2024\/07\/29\/lauf-sao-luis-fortalece-pratica-esportiva-durante-a-corrida-sao-luis\/#primaryimage"},"image":{"@id":"https:\/\/www.blogsoestado.com\/evandrojunior\/2024\/07\/29\/lauf-sao-luis-fortalece-pratica-esportiva-durante-a-corrida-sao-luis\/#primaryimage"},"thumbnailUrl":"https:\/\/www.blogsoestado.com\/evandrojunior\/files\/2024\/07\/IMG_9367-768x1024.jpg","datePublished":"2024-07-29T23:04:18+00:00","author":{"@id":"https:\/\/www.blogsoestado.com\/evandrojunior\/#\/schema\/person\/3e6c3d8dbb740d1c6878ebc935cfb3be"},"breadcrumb":{"@id":"https:\/\/www.blogsoestado.com\/evandrojunior\/2024\/07\/29\/lauf-sao-luis-fortalece-pratica-esportiva-durante-a-corrida-sao-luis\/#breadcrumb"},"inLanguage":"pt-BR","potentialAction":[{"@type":"ReadAction","target":["https:\/\/www.blogsoestado.com\/evandrojunior\/2024\/07\/29\/lauf-sao-luis-fortalece-pratica-esportiva-durante-a-corrida-sao-luis\/"]}]},{"@type":"ImageObject","inLanguage":"pt-BR","@id":"https:\/\/www.blogsoestado.com\/evandrojunior\/2024\/07\/29\/lauf-sao-luis-fortalece-pratica-esportiva-durante-a-corrida-sao-luis\/#primaryimage","url":"https:\/\/www.blogsoestado.com\/evandrojunior\/files\/2024\/07\/IMG_9367-768x1024.jpg","contentUrl":"https:\/\/www.blogsoestado.com\/evandrojunior\/files\/2024\/07\/IMG_9367-768x1024.jpg"},{"@type":"BreadcrumbList","@id":"https:\/\/www.blogsoestado.com\/evandrojunior\/2024\/07\/29\/lauf-sao-luis-fortalece-pratica-esportiva-durante-a-corrida-sao-luis\/#breadcrumb","itemListElement":[{"@type":"ListItem","position":1,"name":"In\u00edcio","item":"https:\/\/www.blogsoestado.com\/evandrojunior\/"},{"@type":"ListItem","position":2,"name":"Lauf S\u00e3o Lu\u00eds fortalece pr\u00e1tica esportiva durante a Corrida S\u00e3o Lu\u00eds"}]},{"@type":"WebSite","@id":"https:\/\/www.blogsoestado.com\/evandrojunior\/#website","url":"https:\/\/www.blogsoestado.com\/evandrojunior\/","name":"Evandro Junior","description":"","potentialAction":[{"@type":"SearchAction","target":{"@type":"EntryPoint","urlTemplate":"https:\/\/www.blogsoestado.com\/evandrojunior\/?s={search_term_string}"},"query-input":{"@type":"PropertyValueSpecification","valueRequired":true,"valueName":"search_term_string"}}],"inLanguage":"pt-BR"},{"@type":"Person","@id":"https:\/\/www.blogsoestado.com\/evandrojunior\/#\/schema\/person\/3e6c3d8dbb740d1c6878ebc935cfb3be","name":"Evandro Junior","image":{"@type":"ImageObject","inLanguage":"pt-BR","@id":"https:\/\/www.blogsoestado.com\/evandrojunior\/#\/schema\/person\/image\/","url":"https:\/\/secure.gravatar.com\/avatar\/f80a03a2294a580cd2318bfb459bf354cfa8be661ef3d95b542cf9a04af8d129?s=96&d=mm&r=g","contentUrl":"https:\/\/secure.gravatar.com\/avatar\/f80a03a2294a580cd2318bfb459bf354cfa8be661ef3d95b542cf9a04af8d129?s=96&d=mm&r=g","caption":"Evandro Junior"},"url":"https:\/\/www.blogsoestado.com\/evandrojunior\/author\/evandrojunior\/"}]}},"jetpack_featured_media_url":"","_links":{"self":[{"href":"https:\/\/www.blogsoestado.com\/evandrojunior\/wp-json\/wp\/v2\/posts\/12545","targetHints":{"allow":["GET"]}}],"collection":[{"href":"https:\/\/www.blogsoestado.com\/evandrojunior\/wp-json\/wp\/v2\/posts"}],"about":[{"href":"https:\/\/www.blogsoestado.com\/evandrojunior\/wp-json\/wp\/v2\/types\/post"}],"author":[{"embeddable":true,"href":"https:\/\/www.blogsoestado.com\/evandrojunior\/wp-json\/wp\/v2\/users\/4"}],"replies":[{"embeddable":true,"href":"https:\/\/www.blogsoestado.com\/evandrojunior\/wp-json\/wp\/v2\/comments?post=12545"}],"version-history":[{"count":0,"href":"https:\/\/www.blogsoestado.com\/evandrojunior\/wp-json\/wp\/v2\/posts\/12545\/revisions"}],"wp:attachment":[{"href":"https:\/\/www.blogsoestado.com\/evandrojunior\/wp-json\/wp\/v2\/media?parent=12545"}],"wp:term":[{"taxonomy":"category","embeddable":true,"href":"https:\/\/www.blogsoestado.com\/evandrojunior\/wp-json\/wp\/v2\/categories?post=12545"},{"taxonomy":"post_tag","embeddable":true,"href":"https:\/\/www.blogsoestado.com\/evandrojunior\/wp-json\/wp\/v2\/tags?post=12545"}],"curies":[{"name":"wp","href":"https:\/\/api.w.org\/{rel}","templated":true}]}}