{"id":12829,"date":"2024-08-26T16:38:25","date_gmt":"2024-08-26T19:38:25","guid":{"rendered":"https:\/\/www.blogsoestado.com\/evandrojunior\/?p=12829"},"modified":"2024-08-26T16:38:25","modified_gmt":"2024-08-26T19:38:25","slug":"ed-sheeran-e-uma-das-potencias-musicais-mais-aguardadas-no-rock-in-rio","status":"publish","type":"post","link":"https:\/\/www.blogsoestado.com\/evandrojunior\/2024\/08\/26\/ed-sheeran-e-uma-das-potencias-musicais-mais-aguardadas-no-rock-in-rio\/","title":{"rendered":"Ed Sheeran \u00e9 uma das pot\u00eancias mais aguardadas do Rock in Rio"},"content":{"rendered":"\n<div class=\"wp-block-image\"><figure class=\"aligncenter size-large is-resized\"><img fetchpriority=\"high\" decoding=\"async\" src=\"https:\/\/www.blogsoestado.com\/evandrojunior\/files\/2024\/08\/WhatsApp-Image-2024-08-26-at-16.42.53.jpeg\" alt=\"\" class=\"wp-image-12835\" width=\"503\" height=\"755\"\/><figcaption><strong>Ed Sheeran vai desembarcar no Brasil para o Rock in Rio 2024<\/strong><\/figcaption><\/figure><\/div>\n\n\n\n<p><strong>S\u00e3o Lu\u00eds<\/strong> &#8211; \u00c9 de se esperar um grande tumulto no aeroporto do Rio de Janeiro quando do desembarque de uma das vozes mais ouvidas pelo p\u00fablico jovem na atualidade em todo o mundo. <\/p>\n\n\n\n<p>Refiro-me ao pop star brit\u00e2nico Ed Sheeran, com 56 milh\u00f5es de \u00e1lbuns vendidos e mais de 150 milh\u00f5es de m\u00fasicas comercializadas no globo. <\/p>\n\n\n\n<p>O astro ser\u00e1 o headliner de uma das noites da edi\u00e7\u00e3o comemorativa de 40 anos do Rock in Rio, com 100 mil pessoas cantando com ele todos os seus hits. Ele se apresenta no dia 19 de setembro. <\/p>\n\n\n\n<p>Ali\u00e1s, de plateia lotada, Sheeran entende. Sua \u00faltima turn\u00ea, a &#8216;Divide Tour,&#8217; foi a mais assistida no mundo. \u00c9 dele o single mais ouvido da hist\u00f3ria do Spotify (\u201cShape of You\u201c). Al\u00e9m de ser o artista mais ouvido da d\u00e9cada, ele domina as vendas e os charts brit\u00e2nicos, com marcos que s\u00f3 se igualam a Elvis Presley e os Beatles.<\/p>\n\n\n\n<p>Entre seus principais hits est\u00e3o &#8216;Overpass Graffiti&#8217;, &#8216;Shape of You&#8217;, &#8216;Perfect&#8217;, &#8216;Photograph&#8217;, &#8216;Thinking Out Loud&#8217;, &#8216;Castle on The Hill&#8217;, &#8216;Dive&#8217; e &#8216;Lego House&#8217;.\u00a0<\/p>\n","protected":false},"excerpt":{"rendered":"<p>S\u00e3o Lu\u00eds &#8211; \u00c9 de se esperar um grande tumulto no aeroporto do Rio de Janeiro quando do desembarque de [&hellip;]<\/p>\n","protected":false},"author":4,"featured_media":0,"comment_status":"open","ping_status":"open","sticky":false,"template":"","format":"standard","meta":{"site-sidebar-layout":"default","site-content-layout":"","ast-site-content-layout":"default","site-content-style":"default","site-sidebar-style":"default","ast-global-header-display":"","ast-banner-title-visibility":"","ast-main-header-display":"","ast-hfb-above-header-display":"","ast-hfb-below-header-display":"","ast-hfb-mobile-header-display":"","site-post-title":"","ast-breadcrumbs-content":"","ast-featured-img":"","footer-sml-layout":"","ast-disable-related-posts":"","theme-transparent-header-meta":"","adv-header-id-meta":"","stick-header-meta":"","header-above-stick-meta":"","header-main-stick-meta":"","header-below-stick-meta":"","astra-migrate-meta-layouts":"default","ast-page-background-enabled":"default","ast-page-background-meta":{"desktop":{"background-color":"var(--ast-global-color-5)","background-image":"","background-repeat":"repeat","background-position":"center center","background-size":"auto","background-attachment":"scroll","background-type":"","background-media":"","overlay-type":"","overlay-color":"","overlay-opacity":"","overlay-gradient":""},"tablet":{"background-color":"","background-image":"","background-repeat":"repeat","background-position":"center center","background-size":"auto","background-attachment":"scroll","background-type":"","background-media":"","overlay-type":"","overlay-color":"","overlay-opacity":"","overlay-gradient":""},"mobile":{"background-color":"","background-image":"","background-repeat":"repeat","background-position":"center center","background-size":"auto","background-attachment":"scroll","background-type":"","background-media":"","overlay-type":"","overlay-color":"","overlay-opacity":"","overlay-gradient":""}},"ast-content-background-meta":{"desktop":{"background-color":"var(--ast-global-color-4)","background-image":"","background-repeat":"repeat","background-position":"center center","background-size":"auto","background-attachment":"scroll","background-type":"","background-media":"","overlay-type":"","overlay-color":"","overlay-opacity":"","overlay-gradient":""},"tablet":{"background-color":"var(--ast-global-color-4)","background-image":"","background-repeat":"repeat","background-position":"center center","background-size":"auto","background-attachment":"scroll","background-type":"","background-media":"","overlay-type":"","overlay-color":"","overlay-opacity":"","overlay-gradient":""},"mobile":{"background-color":"var(--ast-global-color-4)","background-image":"","background-repeat":"repeat","background-position":"center center","background-size":"auto","background-attachment":"scroll","background-type":"","background-media":"","overlay-type":"","overlay-color":"","overlay-opacity":"","overlay-gradient":""}},"footnotes":""},"categories":[1],"tags":[],"class_list":["post-12829","post","type-post","status-publish","format-standard","hentry","category-sem-categoria"],"yoast_head":"<!-- This site is optimized with the Yoast SEO plugin v26.6 - https:\/\/yoast.com\/wordpress\/plugins\/seo\/ -->\n<title>Ed Sheeran \u00e9 uma das pot\u00eancias mais aguardadas do Rock in Rio - Evandro Junior<\/title>\n<meta name=\"robots\" content=\"index, follow, max-snippet:-1, max-image-preview:large, max-video-preview:-1\" \/>\n<link rel=\"canonical\" href=\"https:\/\/www.blogsoestado.com\/evandrojunior\/2024\/08\/26\/ed-sheeran-e-uma-das-potencias-musicais-mais-aguardadas-no-rock-in-rio\/\" \/>\n<meta property=\"og:locale\" content=\"pt_BR\" \/>\n<meta property=\"og:type\" content=\"article\" \/>\n<meta property=\"og:title\" content=\"Ed Sheeran \u00e9 uma das pot\u00eancias mais aguardadas do Rock in Rio - Evandro Junior\" \/>\n<meta property=\"og:description\" content=\"S\u00e3o Lu\u00eds &#8211; \u00c9 de se esperar um grande tumulto no aeroporto do Rio de Janeiro quando do desembarque de [&hellip;]\" \/>\n<meta property=\"og:url\" content=\"https:\/\/www.blogsoestado.com\/evandrojunior\/2024\/08\/26\/ed-sheeran-e-uma-das-potencias-musicais-mais-aguardadas-no-rock-in-rio\/\" \/>\n<meta property=\"og:site_name\" content=\"Evandro Junior\" \/>\n<meta property=\"article:published_time\" content=\"2024-08-26T19:38:25+00:00\" \/>\n<meta property=\"og:image\" content=\"https:\/\/www.blogsoestado.com\/evandrojunior\/files\/2024\/08\/WhatsApp-Image-2024-08-26-at-16.42.53.jpeg\" \/>\n<meta name=\"author\" content=\"Evandro Junior\" \/>\n<meta name=\"twitter:card\" content=\"summary_large_image\" \/>\n<meta name=\"twitter:label1\" content=\"Escrito por\" \/>\n\t<meta name=\"twitter:data1\" content=\"Evandro Junior\" \/>\n\t<meta name=\"twitter:label2\" content=\"Est. tempo de leitura\" \/>\n\t<meta name=\"twitter:data2\" content=\"2 minutos\" \/>\n<script type=\"application\/ld+json\" class=\"yoast-schema-graph\">{\"@context\":\"https:\/\/schema.org\",\"@graph\":[{\"@type\":\"WebPage\",\"@id\":\"https:\/\/www.blogsoestado.com\/evandrojunior\/2024\/08\/26\/ed-sheeran-e-uma-das-potencias-musicais-mais-aguardadas-no-rock-in-rio\/\",\"url\":\"https:\/\/www.blogsoestado.com\/evandrojunior\/2024\/08\/26\/ed-sheeran-e-uma-das-potencias-musicais-mais-aguardadas-no-rock-in-rio\/\",\"name\":\"Ed Sheeran \u00e9 uma das pot\u00eancias mais aguardadas do Rock in Rio - Evandro Junior\",\"isPartOf\":{\"@id\":\"https:\/\/www.blogsoestado.com\/evandrojunior\/#website\"},\"primaryImageOfPage\":{\"@id\":\"https:\/\/www.blogsoestado.com\/evandrojunior\/2024\/08\/26\/ed-sheeran-e-uma-das-potencias-musicais-mais-aguardadas-no-rock-in-rio\/#primaryimage\"},\"image\":{\"@id\":\"https:\/\/www.blogsoestado.com\/evandrojunior\/2024\/08\/26\/ed-sheeran-e-uma-das-potencias-musicais-mais-aguardadas-no-rock-in-rio\/#primaryimage\"},\"thumbnailUrl\":\"https:\/\/www.blogsoestado.com\/evandrojunior\/files\/2024\/08\/WhatsApp-Image-2024-08-26-at-16.42.53.jpeg\",\"datePublished\":\"2024-08-26T19:38:25+00:00\",\"author\":{\"@id\":\"https:\/\/www.blogsoestado.com\/evandrojunior\/#\/schema\/person\/3e6c3d8dbb740d1c6878ebc935cfb3be\"},\"breadcrumb\":{\"@id\":\"https:\/\/www.blogsoestado.com\/evandrojunior\/2024\/08\/26\/ed-sheeran-e-uma-das-potencias-musicais-mais-aguardadas-no-rock-in-rio\/#breadcrumb\"},\"inLanguage\":\"pt-BR\",\"potentialAction\":[{\"@type\":\"ReadAction\",\"target\":[\"https:\/\/www.blogsoestado.com\/evandrojunior\/2024\/08\/26\/ed-sheeran-e-uma-das-potencias-musicais-mais-aguardadas-no-rock-in-rio\/\"]}]},{\"@type\":\"ImageObject\",\"inLanguage\":\"pt-BR\",\"@id\":\"https:\/\/www.blogsoestado.com\/evandrojunior\/2024\/08\/26\/ed-sheeran-e-uma-das-potencias-musicais-mais-aguardadas-no-rock-in-rio\/#primaryimage\",\"url\":\"https:\/\/www.blogsoestado.com\/evandrojunior\/files\/2024\/08\/WhatsApp-Image-2024-08-26-at-16.42.53.jpeg\",\"contentUrl\":\"https:\/\/www.blogsoestado.com\/evandrojunior\/files\/2024\/08\/WhatsApp-Image-2024-08-26-at-16.42.53.jpeg\"},{\"@type\":\"BreadcrumbList\",\"@id\":\"https:\/\/www.blogsoestado.com\/evandrojunior\/2024\/08\/26\/ed-sheeran-e-uma-das-potencias-musicais-mais-aguardadas-no-rock-in-rio\/#breadcrumb\",\"itemListElement\":[{\"@type\":\"ListItem\",\"position\":1,\"name\":\"In\u00edcio\",\"item\":\"https:\/\/www.blogsoestado.com\/evandrojunior\/\"},{\"@type\":\"ListItem\",\"position\":2,\"name\":\"Ed Sheeran \u00e9 uma das pot\u00eancias mais aguardadas do Rock in Rio\"}]},{\"@type\":\"WebSite\",\"@id\":\"https:\/\/www.blogsoestado.com\/evandrojunior\/#website\",\"url\":\"https:\/\/www.blogsoestado.com\/evandrojunior\/\",\"name\":\"Evandro Junior\",\"description\":\"\",\"potentialAction\":[{\"@type\":\"SearchAction\",\"target\":{\"@type\":\"EntryPoint\",\"urlTemplate\":\"https:\/\/www.blogsoestado.com\/evandrojunior\/?s={search_term_string}\"},\"query-input\":{\"@type\":\"PropertyValueSpecification\",\"valueRequired\":true,\"valueName\":\"search_term_string\"}}],\"inLanguage\":\"pt-BR\"},{\"@type\":\"Person\",\"@id\":\"https:\/\/www.blogsoestado.com\/evandrojunior\/#\/schema\/person\/3e6c3d8dbb740d1c6878ebc935cfb3be\",\"name\":\"Evandro Junior\",\"image\":{\"@type\":\"ImageObject\",\"inLanguage\":\"pt-BR\",\"@id\":\"https:\/\/www.blogsoestado.com\/evandrojunior\/#\/schema\/person\/image\/\",\"url\":\"https:\/\/secure.gravatar.com\/avatar\/f80a03a2294a580cd2318bfb459bf354cfa8be661ef3d95b542cf9a04af8d129?s=96&d=mm&r=g\",\"contentUrl\":\"https:\/\/secure.gravatar.com\/avatar\/f80a03a2294a580cd2318bfb459bf354cfa8be661ef3d95b542cf9a04af8d129?s=96&d=mm&r=g\",\"caption\":\"Evandro Junior\"},\"url\":\"https:\/\/www.blogsoestado.com\/evandrojunior\/author\/evandrojunior\/\"}]}<\/script>\n<!-- \/ Yoast SEO plugin. -->","yoast_head_json":{"title":"Ed Sheeran \u00e9 uma das pot\u00eancias mais aguardadas do Rock in Rio - Evandro Junior","robots":{"index":"index","follow":"follow","max-snippet":"max-snippet:-1","max-image-preview":"max-image-preview:large","max-video-preview":"max-video-preview:-1"},"canonical":"https:\/\/www.blogsoestado.com\/evandrojunior\/2024\/08\/26\/ed-sheeran-e-uma-das-potencias-musicais-mais-aguardadas-no-rock-in-rio\/","og_locale":"pt_BR","og_type":"article","og_title":"Ed Sheeran \u00e9 uma das pot\u00eancias mais aguardadas do Rock in Rio - Evandro Junior","og_description":"S\u00e3o Lu\u00eds &#8211; \u00c9 de se esperar um grande tumulto no aeroporto do Rio de Janeiro quando do desembarque de [&hellip;]","og_url":"https:\/\/www.blogsoestado.com\/evandrojunior\/2024\/08\/26\/ed-sheeran-e-uma-das-potencias-musicais-mais-aguardadas-no-rock-in-rio\/","og_site_name":"Evandro Junior","article_published_time":"2024-08-26T19:38:25+00:00","og_image":[{"url":"https:\/\/www.blogsoestado.com\/evandrojunior\/files\/2024\/08\/WhatsApp-Image-2024-08-26-at-16.42.53.jpeg","type":"","width":"","height":""}],"author":"Evandro Junior","twitter_card":"summary_large_image","twitter_misc":{"Escrito por":"Evandro Junior","Est. tempo de leitura":"2 minutos"},"schema":{"@context":"https:\/\/schema.org","@graph":[{"@type":"WebPage","@id":"https:\/\/www.blogsoestado.com\/evandrojunior\/2024\/08\/26\/ed-sheeran-e-uma-das-potencias-musicais-mais-aguardadas-no-rock-in-rio\/","url":"https:\/\/www.blogsoestado.com\/evandrojunior\/2024\/08\/26\/ed-sheeran-e-uma-das-potencias-musicais-mais-aguardadas-no-rock-in-rio\/","name":"Ed Sheeran \u00e9 uma das pot\u00eancias mais aguardadas do Rock in Rio - Evandro Junior","isPartOf":{"@id":"https:\/\/www.blogsoestado.com\/evandrojunior\/#website"},"primaryImageOfPage":{"@id":"https:\/\/www.blogsoestado.com\/evandrojunior\/2024\/08\/26\/ed-sheeran-e-uma-das-potencias-musicais-mais-aguardadas-no-rock-in-rio\/#primaryimage"},"image":{"@id":"https:\/\/www.blogsoestado.com\/evandrojunior\/2024\/08\/26\/ed-sheeran-e-uma-das-potencias-musicais-mais-aguardadas-no-rock-in-rio\/#primaryimage"},"thumbnailUrl":"https:\/\/www.blogsoestado.com\/evandrojunior\/files\/2024\/08\/WhatsApp-Image-2024-08-26-at-16.42.53.jpeg","datePublished":"2024-08-26T19:38:25+00:00","author":{"@id":"https:\/\/www.blogsoestado.com\/evandrojunior\/#\/schema\/person\/3e6c3d8dbb740d1c6878ebc935cfb3be"},"breadcrumb":{"@id":"https:\/\/www.blogsoestado.com\/evandrojunior\/2024\/08\/26\/ed-sheeran-e-uma-das-potencias-musicais-mais-aguardadas-no-rock-in-rio\/#breadcrumb"},"inLanguage":"pt-BR","potentialAction":[{"@type":"ReadAction","target":["https:\/\/www.blogsoestado.com\/evandrojunior\/2024\/08\/26\/ed-sheeran-e-uma-das-potencias-musicais-mais-aguardadas-no-rock-in-rio\/"]}]},{"@type":"ImageObject","inLanguage":"pt-BR","@id":"https:\/\/www.blogsoestado.com\/evandrojunior\/2024\/08\/26\/ed-sheeran-e-uma-das-potencias-musicais-mais-aguardadas-no-rock-in-rio\/#primaryimage","url":"https:\/\/www.blogsoestado.com\/evandrojunior\/files\/2024\/08\/WhatsApp-Image-2024-08-26-at-16.42.53.jpeg","contentUrl":"https:\/\/www.blogsoestado.com\/evandrojunior\/files\/2024\/08\/WhatsApp-Image-2024-08-26-at-16.42.53.jpeg"},{"@type":"BreadcrumbList","@id":"https:\/\/www.blogsoestado.com\/evandrojunior\/2024\/08\/26\/ed-sheeran-e-uma-das-potencias-musicais-mais-aguardadas-no-rock-in-rio\/#breadcrumb","itemListElement":[{"@type":"ListItem","position":1,"name":"In\u00edcio","item":"https:\/\/www.blogsoestado.com\/evandrojunior\/"},{"@type":"ListItem","position":2,"name":"Ed Sheeran \u00e9 uma das pot\u00eancias mais aguardadas do Rock in Rio"}]},{"@type":"WebSite","@id":"https:\/\/www.blogsoestado.com\/evandrojunior\/#website","url":"https:\/\/www.blogsoestado.com\/evandrojunior\/","name":"Evandro Junior","description":"","potentialAction":[{"@type":"SearchAction","target":{"@type":"EntryPoint","urlTemplate":"https:\/\/www.blogsoestado.com\/evandrojunior\/?s={search_term_string}"},"query-input":{"@type":"PropertyValueSpecification","valueRequired":true,"valueName":"search_term_string"}}],"inLanguage":"pt-BR"},{"@type":"Person","@id":"https:\/\/www.blogsoestado.com\/evandrojunior\/#\/schema\/person\/3e6c3d8dbb740d1c6878ebc935cfb3be","name":"Evandro Junior","image":{"@type":"ImageObject","inLanguage":"pt-BR","@id":"https:\/\/www.blogsoestado.com\/evandrojunior\/#\/schema\/person\/image\/","url":"https:\/\/secure.gravatar.com\/avatar\/f80a03a2294a580cd2318bfb459bf354cfa8be661ef3d95b542cf9a04af8d129?s=96&d=mm&r=g","contentUrl":"https:\/\/secure.gravatar.com\/avatar\/f80a03a2294a580cd2318bfb459bf354cfa8be661ef3d95b542cf9a04af8d129?s=96&d=mm&r=g","caption":"Evandro Junior"},"url":"https:\/\/www.blogsoestado.com\/evandrojunior\/author\/evandrojunior\/"}]}},"jetpack_featured_media_url":"","_links":{"self":[{"href":"https:\/\/www.blogsoestado.com\/evandrojunior\/wp-json\/wp\/v2\/posts\/12829","targetHints":{"allow":["GET"]}}],"collection":[{"href":"https:\/\/www.blogsoestado.com\/evandrojunior\/wp-json\/wp\/v2\/posts"}],"about":[{"href":"https:\/\/www.blogsoestado.com\/evandrojunior\/wp-json\/wp\/v2\/types\/post"}],"author":[{"embeddable":true,"href":"https:\/\/www.blogsoestado.com\/evandrojunior\/wp-json\/wp\/v2\/users\/4"}],"replies":[{"embeddable":true,"href":"https:\/\/www.blogsoestado.com\/evandrojunior\/wp-json\/wp\/v2\/comments?post=12829"}],"version-history":[{"count":0,"href":"https:\/\/www.blogsoestado.com\/evandrojunior\/wp-json\/wp\/v2\/posts\/12829\/revisions"}],"wp:attachment":[{"href":"https:\/\/www.blogsoestado.com\/evandrojunior\/wp-json\/wp\/v2\/media?parent=12829"}],"wp:term":[{"taxonomy":"category","embeddable":true,"href":"https:\/\/www.blogsoestado.com\/evandrojunior\/wp-json\/wp\/v2\/categories?post=12829"},{"taxonomy":"post_tag","embeddable":true,"href":"https:\/\/www.blogsoestado.com\/evandrojunior\/wp-json\/wp\/v2\/tags?post=12829"}],"curies":[{"name":"wp","href":"https:\/\/api.w.org\/{rel}","templated":true}]}}