{"id":12838,"date":"2024-08-27T11:57:06","date_gmt":"2024-08-27T14:57:06","guid":{"rendered":"https:\/\/www.blogsoestado.com\/evandrojunior\/?p=12838"},"modified":"2024-08-27T11:57:06","modified_gmt":"2024-08-27T14:57:06","slug":"companhia-barrica-vai-apresentar-espetaculos-na-europa","status":"publish","type":"post","link":"https:\/\/www.blogsoestado.com\/evandrojunior\/2024\/08\/27\/companhia-barrica-vai-apresentar-espetaculos-na-europa\/","title":{"rendered":"Companhia Barrica vai apresentar espet\u00e1culos na Europa"},"content":{"rendered":"\n<div class=\"wp-block-image\"><figure class=\"aligncenter size-large is-resized\"><img fetchpriority=\"high\" decoding=\"async\" src=\"https:\/\/www.blogsoestado.com\/evandrojunior\/files\/2024\/08\/WhatsApp-Image-2024-08-27-at-08.20.14.jpeg\" alt=\"\" class=\"wp-image-12839\" width=\"576\" height=\"365\"\/><figcaption><strong>Artistas da Companhia Barrica no aeroporto de S\u00e3o Lu\u00eds, antes do embarque<\/strong><\/figcaption><\/figure><\/div>\n\n\n\n<p><strong>S\u00e3o Lu\u00eds <\/strong>&#8211; A Companhia Barrica do Maranh\u00e3o, um dos mais criativos grupos art\u00edsticos do Brasil, vai vivenciar sua vig\u00e9sima viagem internacional. Dan\u00e7arinos, m\u00fasicos, cantores e equipe de produ\u00e7\u00e3o embarcaram na madrugada desta ter\u00e7a-feira (27) rumo \u00e0 Espanha, onde permanecer\u00e3o at\u00e9 o dia 10 de setembro para um rico interc\u00e2mbio cultural no continente europeu.\u00a0<\/p>\n\n\n\n<p>A viagem foi poss\u00edvel gra\u00e7as ao projeto autoral \u2018Companhia Barrica &#8211; Interc\u00e2mbio Cultural e Educacional Mundo Afora\u2019, com o fomento do governo estadual, por meio da Secretaria de Estado da Cultural e apoio da Via Mundo Interc\u00e2mbio e Turismo. Nesta vig\u00e9sima viagem internacional, a Companhia Barrica do Maranh\u00e3o conta, tamb\u00e9m, com o apoio da Construtora Canopus, da Fiema e da deputada federal Roseana Sarney.<\/p>\n\n\n\n<p>O grupo folcl\u00f3rico foi convidado para participar do Festival Internacional de Ronda, cidade localizada no cimo de uma montanha, na prov\u00edncia espanhola de M\u00e1laga (Andaluzia), e do Festival Internacional de Folklore de Zamora, cidade espanhola situada na prov\u00edncia hom\u00f4nima, pertencente \u00e0 comunidade aut\u00f4noma de Castela e Le\u00e3o.&nbsp;<\/p>\n\n\n\n<p>A caravana partiu de S\u00e3o Lu\u00eds (MA) para Salvador (BA) e de l\u00e1 seguir\u00e1 para Lisboa e, em seguida, para Madrid, capital da Espanha. No total, embarcaram 28 pessoas, sendo 15 dan\u00e7arinos, dois m\u00fasicos de harmonia (viol\u00e3o e baixo), dois de sopro (trompete e trombone), um baterista, tr\u00eas percussionistas, tr\u00eas cantores (In\u00e1cio, Brand\u00e3o e Mariana), um produtor e um diretor art\u00edstico.<\/p>\n\n\n\n<p>Nos dois festivais, o grupo apresentar\u00e1 o espet\u00e1culo \u2018Maranh\u00e3o de Festejos\u2019, que abrange os ciclos carnavalescos e juninos, com o Bicho Terra, o Boizinho Barrica e as ra\u00edzes tradicionais dos grupos de bumba meu boi e do tambor de crioula. Al\u00e9m da programa\u00e7\u00e3o oficial, o grupo maranhense promover\u00e1 oficinas de ritmos e participar\u00e1 de cortejos pelas ruas ao lado dos outros diversos grupos participantes do evento.&nbsp;<\/p>\n\n\n\n<p>Na bagagem, a companhia leva indument\u00e1rias tradicionais e v\u00e1rios instrumentos de percuss\u00e3o. Em termos de indument\u00e1ria, s\u00e3o diversas pe\u00e7as, entre figurinos de Pai Francisco e M\u00e3e Catirina, dos cazumb\u00e1s e rajados, caboclos de pena, \u00edndios tapuias, fof\u00f5es, as vestes coloridas dos brincantes do Boizinho Barrica, produzidas em palha de buriti no munic\u00edpio de Barreirinhas (porta de acesso aos Len\u00e7\u00f3is Maranhenses), bem como 15 m\u00e1scaras do Bicho Terra, entre outros elementos.<\/p>\n\n\n\n<p>A companhia maranhense j\u00e1 est\u00e1 bastante acostumada a viagens internacionais, pois j\u00e1 esteve em diversos pa\u00edses, a exemplo da Alemanha, Argentina, Cor\u00e9ia, Fran\u00e7a, Portugal, Gr\u00e9cia, Estados Unidos, Jap\u00e3o, Canad\u00e1, M\u00e9xico, It\u00e1lia, China, Turquia, Hungria, Su\u00ed\u00e7a, R\u00fassia, Emirados \u00c1rabes e, tamb\u00e9m, na pr\u00f3pria Espanha. As apresenta\u00e7\u00f5es no exterior s\u00e3o sempre muito festejadas, dada a alegria contagiante dos brasileiros, com seu calor humano, que faz toda a diferen\u00e7a, sendo sempre uma das apresenta\u00e7\u00f5es mais aguardadas.&nbsp;<\/p>\n\n\n\n<p>\u201c\u00c9 sempre uma alegria muito grande poder levar a nossa cultura para outros pa\u00edses e continentes e, tamb\u00e9m, trazer na bagagem muitas experi\u00eancias e aprendizados para que o nosso projeto se enrique\u00e7a e se fortale\u00e7a cada vez mais como parte integrante da cultura mundial. Na bagagem, levamos a nossa originalidade, os nossos ritmos, as nossas dan\u00e7as e, principalmente, a nossa alegria, gingado e entusiasmo em poder traduzir um pouco da nossa arte, representando o Maranh\u00e3o e o Brasil\u201d, disse Jos\u00e9 Pereira God\u00e3o, diretor art\u00edstico da Companhia Barrica.&nbsp;<\/p>\n","protected":false},"excerpt":{"rendered":"<p>S\u00e3o Lu\u00eds &#8211; A Companhia Barrica do Maranh\u00e3o, um dos mais criativos grupos art\u00edsticos do Brasil, vai vivenciar sua vig\u00e9sima [&hellip;]<\/p>\n","protected":false},"author":4,"featured_media":0,"comment_status":"open","ping_status":"open","sticky":false,"template":"","format":"standard","meta":{"site-sidebar-layout":"default","site-content-layout":"","ast-site-content-layout":"default","site-content-style":"default","site-sidebar-style":"default","ast-global-header-display":"","ast-banner-title-visibility":"","ast-main-header-display":"","ast-hfb-above-header-display":"","ast-hfb-below-header-display":"","ast-hfb-mobile-header-display":"","site-post-title":"","ast-breadcrumbs-content":"","ast-featured-img":"","footer-sml-layout":"","ast-disable-related-posts":"","theme-transparent-header-meta":"","adv-header-id-meta":"","stick-header-meta":"","header-above-stick-meta":"","header-main-stick-meta":"","header-below-stick-meta":"","astra-migrate-meta-layouts":"default","ast-page-background-enabled":"default","ast-page-background-meta":{"desktop":{"background-color":"var(--ast-global-color-5)","background-image":"","background-repeat":"repeat","background-position":"center center","background-size":"auto","background-attachment":"scroll","background-type":"","background-media":"","overlay-type":"","overlay-color":"","overlay-opacity":"","overlay-gradient":""},"tablet":{"background-color":"","background-image":"","background-repeat":"repeat","background-position":"center center","background-size":"auto","background-attachment":"scroll","background-type":"","background-media":"","overlay-type":"","overlay-color":"","overlay-opacity":"","overlay-gradient":""},"mobile":{"background-color":"","background-image":"","background-repeat":"repeat","background-position":"center center","background-size":"auto","background-attachment":"scroll","background-type":"","background-media":"","overlay-type":"","overlay-color":"","overlay-opacity":"","overlay-gradient":""}},"ast-content-background-meta":{"desktop":{"background-color":"var(--ast-global-color-4)","background-image":"","background-repeat":"repeat","background-position":"center center","background-size":"auto","background-attachment":"scroll","background-type":"","background-media":"","overlay-type":"","overlay-color":"","overlay-opacity":"","overlay-gradient":""},"tablet":{"background-color":"var(--ast-global-color-4)","background-image":"","background-repeat":"repeat","background-position":"center center","background-size":"auto","background-attachment":"scroll","background-type":"","background-media":"","overlay-type":"","overlay-color":"","overlay-opacity":"","overlay-gradient":""},"mobile":{"background-color":"var(--ast-global-color-4)","background-image":"","background-repeat":"repeat","background-position":"center center","background-size":"auto","background-attachment":"scroll","background-type":"","background-media":"","overlay-type":"","overlay-color":"","overlay-opacity":"","overlay-gradient":""}},"footnotes":""},"categories":[1],"tags":[],"class_list":["post-12838","post","type-post","status-publish","format-standard","hentry","category-sem-categoria"],"yoast_head":"<!-- This site is optimized with the Yoast SEO plugin v26.6 - https:\/\/yoast.com\/wordpress\/plugins\/seo\/ -->\n<title>Companhia Barrica vai apresentar espet\u00e1culos na Europa - Evandro Junior<\/title>\n<meta name=\"robots\" content=\"index, follow, max-snippet:-1, max-image-preview:large, max-video-preview:-1\" \/>\n<link rel=\"canonical\" href=\"https:\/\/www.blogsoestado.com\/evandrojunior\/2024\/08\/27\/companhia-barrica-vai-apresentar-espetaculos-na-europa\/\" \/>\n<meta property=\"og:locale\" content=\"pt_BR\" \/>\n<meta property=\"og:type\" content=\"article\" \/>\n<meta property=\"og:title\" content=\"Companhia Barrica vai apresentar espet\u00e1culos na Europa - Evandro Junior\" \/>\n<meta property=\"og:description\" content=\"S\u00e3o Lu\u00eds &#8211; A Companhia Barrica do Maranh\u00e3o, um dos mais criativos grupos art\u00edsticos do Brasil, vai vivenciar sua vig\u00e9sima [&hellip;]\" \/>\n<meta property=\"og:url\" content=\"https:\/\/www.blogsoestado.com\/evandrojunior\/2024\/08\/27\/companhia-barrica-vai-apresentar-espetaculos-na-europa\/\" \/>\n<meta property=\"og:site_name\" content=\"Evandro Junior\" \/>\n<meta property=\"article:published_time\" content=\"2024-08-27T14:57:06+00:00\" \/>\n<meta property=\"og:image\" content=\"https:\/\/www.blogsoestado.com\/evandrojunior\/files\/2024\/08\/WhatsApp-Image-2024-08-27-at-08.20.14.jpeg\" \/>\n<meta name=\"author\" content=\"Evandro Junior\" \/>\n<meta name=\"twitter:card\" content=\"summary_large_image\" \/>\n<meta name=\"twitter:label1\" content=\"Escrito por\" \/>\n\t<meta name=\"twitter:data1\" content=\"Evandro Junior\" \/>\n\t<meta name=\"twitter:label2\" content=\"Est. tempo de leitura\" \/>\n\t<meta name=\"twitter:data2\" content=\"3 minutos\" \/>\n<script type=\"application\/ld+json\" class=\"yoast-schema-graph\">{\"@context\":\"https:\/\/schema.org\",\"@graph\":[{\"@type\":\"WebPage\",\"@id\":\"https:\/\/www.blogsoestado.com\/evandrojunior\/2024\/08\/27\/companhia-barrica-vai-apresentar-espetaculos-na-europa\/\",\"url\":\"https:\/\/www.blogsoestado.com\/evandrojunior\/2024\/08\/27\/companhia-barrica-vai-apresentar-espetaculos-na-europa\/\",\"name\":\"Companhia Barrica vai apresentar espet\u00e1culos na Europa - Evandro Junior\",\"isPartOf\":{\"@id\":\"https:\/\/www.blogsoestado.com\/evandrojunior\/#website\"},\"primaryImageOfPage\":{\"@id\":\"https:\/\/www.blogsoestado.com\/evandrojunior\/2024\/08\/27\/companhia-barrica-vai-apresentar-espetaculos-na-europa\/#primaryimage\"},\"image\":{\"@id\":\"https:\/\/www.blogsoestado.com\/evandrojunior\/2024\/08\/27\/companhia-barrica-vai-apresentar-espetaculos-na-europa\/#primaryimage\"},\"thumbnailUrl\":\"https:\/\/www.blogsoestado.com\/evandrojunior\/files\/2024\/08\/WhatsApp-Image-2024-08-27-at-08.20.14.jpeg\",\"datePublished\":\"2024-08-27T14:57:06+00:00\",\"author\":{\"@id\":\"https:\/\/www.blogsoestado.com\/evandrojunior\/#\/schema\/person\/3e6c3d8dbb740d1c6878ebc935cfb3be\"},\"breadcrumb\":{\"@id\":\"https:\/\/www.blogsoestado.com\/evandrojunior\/2024\/08\/27\/companhia-barrica-vai-apresentar-espetaculos-na-europa\/#breadcrumb\"},\"inLanguage\":\"pt-BR\",\"potentialAction\":[{\"@type\":\"ReadAction\",\"target\":[\"https:\/\/www.blogsoestado.com\/evandrojunior\/2024\/08\/27\/companhia-barrica-vai-apresentar-espetaculos-na-europa\/\"]}]},{\"@type\":\"ImageObject\",\"inLanguage\":\"pt-BR\",\"@id\":\"https:\/\/www.blogsoestado.com\/evandrojunior\/2024\/08\/27\/companhia-barrica-vai-apresentar-espetaculos-na-europa\/#primaryimage\",\"url\":\"https:\/\/www.blogsoestado.com\/evandrojunior\/files\/2024\/08\/WhatsApp-Image-2024-08-27-at-08.20.14.jpeg\",\"contentUrl\":\"https:\/\/www.blogsoestado.com\/evandrojunior\/files\/2024\/08\/WhatsApp-Image-2024-08-27-at-08.20.14.jpeg\"},{\"@type\":\"BreadcrumbList\",\"@id\":\"https:\/\/www.blogsoestado.com\/evandrojunior\/2024\/08\/27\/companhia-barrica-vai-apresentar-espetaculos-na-europa\/#breadcrumb\",\"itemListElement\":[{\"@type\":\"ListItem\",\"position\":1,\"name\":\"In\u00edcio\",\"item\":\"https:\/\/www.blogsoestado.com\/evandrojunior\/\"},{\"@type\":\"ListItem\",\"position\":2,\"name\":\"Companhia Barrica vai apresentar espet\u00e1culos na Europa\"}]},{\"@type\":\"WebSite\",\"@id\":\"https:\/\/www.blogsoestado.com\/evandrojunior\/#website\",\"url\":\"https:\/\/www.blogsoestado.com\/evandrojunior\/\",\"name\":\"Evandro Junior\",\"description\":\"\",\"potentialAction\":[{\"@type\":\"SearchAction\",\"target\":{\"@type\":\"EntryPoint\",\"urlTemplate\":\"https:\/\/www.blogsoestado.com\/evandrojunior\/?s={search_term_string}\"},\"query-input\":{\"@type\":\"PropertyValueSpecification\",\"valueRequired\":true,\"valueName\":\"search_term_string\"}}],\"inLanguage\":\"pt-BR\"},{\"@type\":\"Person\",\"@id\":\"https:\/\/www.blogsoestado.com\/evandrojunior\/#\/schema\/person\/3e6c3d8dbb740d1c6878ebc935cfb3be\",\"name\":\"Evandro Junior\",\"image\":{\"@type\":\"ImageObject\",\"inLanguage\":\"pt-BR\",\"@id\":\"https:\/\/www.blogsoestado.com\/evandrojunior\/#\/schema\/person\/image\/\",\"url\":\"https:\/\/secure.gravatar.com\/avatar\/f80a03a2294a580cd2318bfb459bf354cfa8be661ef3d95b542cf9a04af8d129?s=96&d=mm&r=g\",\"contentUrl\":\"https:\/\/secure.gravatar.com\/avatar\/f80a03a2294a580cd2318bfb459bf354cfa8be661ef3d95b542cf9a04af8d129?s=96&d=mm&r=g\",\"caption\":\"Evandro Junior\"},\"url\":\"https:\/\/www.blogsoestado.com\/evandrojunior\/author\/evandrojunior\/\"}]}<\/script>\n<!-- \/ Yoast SEO plugin. -->","yoast_head_json":{"title":"Companhia Barrica vai apresentar espet\u00e1culos na Europa - Evandro Junior","robots":{"index":"index","follow":"follow","max-snippet":"max-snippet:-1","max-image-preview":"max-image-preview:large","max-video-preview":"max-video-preview:-1"},"canonical":"https:\/\/www.blogsoestado.com\/evandrojunior\/2024\/08\/27\/companhia-barrica-vai-apresentar-espetaculos-na-europa\/","og_locale":"pt_BR","og_type":"article","og_title":"Companhia Barrica vai apresentar espet\u00e1culos na Europa - Evandro Junior","og_description":"S\u00e3o Lu\u00eds &#8211; A Companhia Barrica do Maranh\u00e3o, um dos mais criativos grupos art\u00edsticos do Brasil, vai vivenciar sua vig\u00e9sima [&hellip;]","og_url":"https:\/\/www.blogsoestado.com\/evandrojunior\/2024\/08\/27\/companhia-barrica-vai-apresentar-espetaculos-na-europa\/","og_site_name":"Evandro Junior","article_published_time":"2024-08-27T14:57:06+00:00","og_image":[{"url":"https:\/\/www.blogsoestado.com\/evandrojunior\/files\/2024\/08\/WhatsApp-Image-2024-08-27-at-08.20.14.jpeg","type":"","width":"","height":""}],"author":"Evandro Junior","twitter_card":"summary_large_image","twitter_misc":{"Escrito por":"Evandro Junior","Est. tempo de leitura":"3 minutos"},"schema":{"@context":"https:\/\/schema.org","@graph":[{"@type":"WebPage","@id":"https:\/\/www.blogsoestado.com\/evandrojunior\/2024\/08\/27\/companhia-barrica-vai-apresentar-espetaculos-na-europa\/","url":"https:\/\/www.blogsoestado.com\/evandrojunior\/2024\/08\/27\/companhia-barrica-vai-apresentar-espetaculos-na-europa\/","name":"Companhia Barrica vai apresentar espet\u00e1culos na Europa - Evandro Junior","isPartOf":{"@id":"https:\/\/www.blogsoestado.com\/evandrojunior\/#website"},"primaryImageOfPage":{"@id":"https:\/\/www.blogsoestado.com\/evandrojunior\/2024\/08\/27\/companhia-barrica-vai-apresentar-espetaculos-na-europa\/#primaryimage"},"image":{"@id":"https:\/\/www.blogsoestado.com\/evandrojunior\/2024\/08\/27\/companhia-barrica-vai-apresentar-espetaculos-na-europa\/#primaryimage"},"thumbnailUrl":"https:\/\/www.blogsoestado.com\/evandrojunior\/files\/2024\/08\/WhatsApp-Image-2024-08-27-at-08.20.14.jpeg","datePublished":"2024-08-27T14:57:06+00:00","author":{"@id":"https:\/\/www.blogsoestado.com\/evandrojunior\/#\/schema\/person\/3e6c3d8dbb740d1c6878ebc935cfb3be"},"breadcrumb":{"@id":"https:\/\/www.blogsoestado.com\/evandrojunior\/2024\/08\/27\/companhia-barrica-vai-apresentar-espetaculos-na-europa\/#breadcrumb"},"inLanguage":"pt-BR","potentialAction":[{"@type":"ReadAction","target":["https:\/\/www.blogsoestado.com\/evandrojunior\/2024\/08\/27\/companhia-barrica-vai-apresentar-espetaculos-na-europa\/"]}]},{"@type":"ImageObject","inLanguage":"pt-BR","@id":"https:\/\/www.blogsoestado.com\/evandrojunior\/2024\/08\/27\/companhia-barrica-vai-apresentar-espetaculos-na-europa\/#primaryimage","url":"https:\/\/www.blogsoestado.com\/evandrojunior\/files\/2024\/08\/WhatsApp-Image-2024-08-27-at-08.20.14.jpeg","contentUrl":"https:\/\/www.blogsoestado.com\/evandrojunior\/files\/2024\/08\/WhatsApp-Image-2024-08-27-at-08.20.14.jpeg"},{"@type":"BreadcrumbList","@id":"https:\/\/www.blogsoestado.com\/evandrojunior\/2024\/08\/27\/companhia-barrica-vai-apresentar-espetaculos-na-europa\/#breadcrumb","itemListElement":[{"@type":"ListItem","position":1,"name":"In\u00edcio","item":"https:\/\/www.blogsoestado.com\/evandrojunior\/"},{"@type":"ListItem","position":2,"name":"Companhia Barrica vai apresentar espet\u00e1culos na Europa"}]},{"@type":"WebSite","@id":"https:\/\/www.blogsoestado.com\/evandrojunior\/#website","url":"https:\/\/www.blogsoestado.com\/evandrojunior\/","name":"Evandro Junior","description":"","potentialAction":[{"@type":"SearchAction","target":{"@type":"EntryPoint","urlTemplate":"https:\/\/www.blogsoestado.com\/evandrojunior\/?s={search_term_string}"},"query-input":{"@type":"PropertyValueSpecification","valueRequired":true,"valueName":"search_term_string"}}],"inLanguage":"pt-BR"},{"@type":"Person","@id":"https:\/\/www.blogsoestado.com\/evandrojunior\/#\/schema\/person\/3e6c3d8dbb740d1c6878ebc935cfb3be","name":"Evandro Junior","image":{"@type":"ImageObject","inLanguage":"pt-BR","@id":"https:\/\/www.blogsoestado.com\/evandrojunior\/#\/schema\/person\/image\/","url":"https:\/\/secure.gravatar.com\/avatar\/f80a03a2294a580cd2318bfb459bf354cfa8be661ef3d95b542cf9a04af8d129?s=96&d=mm&r=g","contentUrl":"https:\/\/secure.gravatar.com\/avatar\/f80a03a2294a580cd2318bfb459bf354cfa8be661ef3d95b542cf9a04af8d129?s=96&d=mm&r=g","caption":"Evandro Junior"},"url":"https:\/\/www.blogsoestado.com\/evandrojunior\/author\/evandrojunior\/"}]}},"jetpack_featured_media_url":"","_links":{"self":[{"href":"https:\/\/www.blogsoestado.com\/evandrojunior\/wp-json\/wp\/v2\/posts\/12838","targetHints":{"allow":["GET"]}}],"collection":[{"href":"https:\/\/www.blogsoestado.com\/evandrojunior\/wp-json\/wp\/v2\/posts"}],"about":[{"href":"https:\/\/www.blogsoestado.com\/evandrojunior\/wp-json\/wp\/v2\/types\/post"}],"author":[{"embeddable":true,"href":"https:\/\/www.blogsoestado.com\/evandrojunior\/wp-json\/wp\/v2\/users\/4"}],"replies":[{"embeddable":true,"href":"https:\/\/www.blogsoestado.com\/evandrojunior\/wp-json\/wp\/v2\/comments?post=12838"}],"version-history":[{"count":0,"href":"https:\/\/www.blogsoestado.com\/evandrojunior\/wp-json\/wp\/v2\/posts\/12838\/revisions"}],"wp:attachment":[{"href":"https:\/\/www.blogsoestado.com\/evandrojunior\/wp-json\/wp\/v2\/media?parent=12838"}],"wp:term":[{"taxonomy":"category","embeddable":true,"href":"https:\/\/www.blogsoestado.com\/evandrojunior\/wp-json\/wp\/v2\/categories?post=12838"},{"taxonomy":"post_tag","embeddable":true,"href":"https:\/\/www.blogsoestado.com\/evandrojunior\/wp-json\/wp\/v2\/tags?post=12838"}],"curies":[{"name":"wp","href":"https:\/\/api.w.org\/{rel}","templated":true}]}}