{"id":12841,"date":"2024-08-27T16:22:08","date_gmt":"2024-08-27T19:22:08","guid":{"rendered":"https:\/\/www.blogsoestado.com\/evandrojunior\/?p=12841"},"modified":"2024-08-27T16:22:08","modified_gmt":"2024-08-27T19:22:08","slug":"hospital-do-servidor-lembra-dia-do-psicologo","status":"publish","type":"post","link":"https:\/\/www.blogsoestado.com\/evandrojunior\/2024\/08\/27\/hospital-do-servidor-lembra-dia-do-psicologo\/","title":{"rendered":"Hospital do Servidor lembra Dia do Psic\u00f3logo"},"content":{"rendered":"\n<div class=\"wp-block-image\"><figure class=\"aligncenter size-large is-resized\"><img fetchpriority=\"high\" decoding=\"async\" src=\"https:\/\/www.blogsoestado.com\/evandrojunior\/files\/2024\/08\/WhatsApp-Image-2024-08-27-at-07.42.20-1024x989.jpeg\" alt=\"\" class=\"wp-image-12842\" width=\"456\" height=\"440\"\/><figcaption><strong>Diretora m\u00e9dica S\u00edlvia Mochel e o diretor geral do Hospital do Servidor Estadual, Pl\u00ednio Tuzzolo parabenizam os times de Psicologia do hospital pelo Dia do Psic\u00f3logo<\/strong><\/figcaption><\/figure><\/div>\n\n\n\n<p><strong>S\u00c3O LU\u00cdS<\/strong> &#8211; O Dia do Psic\u00f3logo, celebrado em 27 de agosto, representa um momento de reflex\u00e3o e reconhecimento para uma profiss\u00e3o fundamental para a mAnuten\u00e7\u00e3o da sa\u00fade mental e emocional da popula\u00e7\u00e3o.<\/p>\n\n\n\n<p>A data foi institu\u00edda em homenagem \u00e0 regulamenta\u00e7\u00e3o da profiss\u00e3o no Brasil pela Lei 4.119, de 27 de agosto de 1962, e desde ent\u00e3o tem sido um marco para discutir e divulgar a relev\u00e2ncia dos psic\u00f3logos na sociedade.<\/p>\n\n\n\n<p>Em um ambiente t\u00e3o desafiador quanto um hospital, a atua\u00e7\u00e3o dos psic\u00f3logos \u00e9 ainda mais relevante e crucial. No Hospital do Servidor Estadual (HSE-HSLZ), a equipe de psicologia n\u00e3o s\u00f3 apoia os pacientes em suas jornadas de recupera\u00e7\u00e3o e enfrentamento de doen\u00e7as, mas tamb\u00e9m \u00e9 uma pe\u00e7a chave para potencializar os esfor\u00e7os de m\u00e9dicos e enfermeiros, al\u00e9m do apoio emocional aos familiares desses pacientes.<\/p>\n\n\n\n<p>&#8220;No ambiente hospitalar, o Servi\u00e7o de Psicologia atua de modo a auxiliar os pacientes e seus familiares no enfrentamento da hospitaliza\u00e7\u00e3o, visando minimizar o sofrimento causado pelo processo do adoecimento e prevenindo a evolu\u00e7\u00e3o de demandas psicol\u00f3gicas relacionadas\u201d, detalha Chrystiane Vasconcelos, psic\u00f3loga e gestora de RH do Grupo Merc\u00fario, respons\u00e1vel pela gest\u00e3o do HSE \u2013 HSLZ.<\/p>\n\n\n\n<p>O impacto desses profissionais vai muito al\u00e9m do suporte emocional. Pacientes e familiares relatam mudan\u00e7as significativas ap\u00f3s o acompanhamento psicol\u00f3gico. E estudos cient\u00edficos indicam que o acompanhamento psicol\u00f3gico pode reduzir o tempo de interna\u00e7\u00e3o, melhorar a ades\u00e3o ao tratamento e diminuir as chances de readmiss\u00e3o hospitalar.<\/p>\n\n\n\n<p>No HSE-HSLZ, a equipe de psicologia \u00e9 composta por especialistas que trabalham com pacientes de diversas idades e condi\u00e7\u00f5es de enfermidades, desde crian\u00e7as at\u00e9 idosos, enfrentando procedimentos mais, cirurgias e at\u00e9 tratamentos mais longos ou mais complexos.<\/p>\n\n\n\n<p>&#8220;A humaniza\u00e7\u00e3o do tratamento \u00e9 uma de nossas principais bandeiras no Hospital do Servidor Estadual (HSE-HSLZ). Nosso time de psic\u00f3logos \u00e9 treinado para lidar com as nuances emocionais dos pacientes e suas fam\u00edlias, criando um ambiente mais acolhedor e terap\u00eautico. Indiscutivelmente o papel da psicologia \u00e9 fundamental no ambiente hospitalar, e tamb\u00e9m fora dele. Nessa era de complexidades, com o avan\u00e7o exponencial de patologias mentais e casos de ansiedade e depress\u00e3o na sociedade, a psicologia \u00e9 cada vez mais relevante&#8221;, diz o diretor geral do Hospital do Servidor Estadual, Pl\u00ednio Val\u00e9rio Tuzzolo.<\/p>\n\n\n\n<p>Segundo Tuzzulo, a humaniza\u00e7\u00e3o no ambiente hospitalar sem d\u00favida passa pelo servi\u00e7o de Psicologia. &#8220;Onde temos um profissional dedicado aos projetos de humaniza\u00e7\u00e3o que \u00e9 o psic\u00f3logo cl\u00ednico Paulo Vasconcelos. Estamos muito satisfeitos com a qualidade do time de psicologia do HSE-HSLZ, sob o comando da nossa diretora cl\u00ednica Dra. S\u00edlvia Mochel. A esses profissionais todo o nosso louvor pela import\u00e2ncia do seu trabalho\u201d. <\/p>\n","protected":false},"excerpt":{"rendered":"<p>S\u00c3O LU\u00cdS &#8211; O Dia do Psic\u00f3logo, celebrado em 27 de agosto, representa um momento de reflex\u00e3o e reconhecimento para [&hellip;]<\/p>\n","protected":false},"author":4,"featured_media":0,"comment_status":"open","ping_status":"open","sticky":false,"template":"","format":"standard","meta":{"site-sidebar-layout":"default","site-content-layout":"","ast-site-content-layout":"default","site-content-style":"default","site-sidebar-style":"default","ast-global-header-display":"","ast-banner-title-visibility":"","ast-main-header-display":"","ast-hfb-above-header-display":"","ast-hfb-below-header-display":"","ast-hfb-mobile-header-display":"","site-post-title":"","ast-breadcrumbs-content":"","ast-featured-img":"","footer-sml-layout":"","ast-disable-related-posts":"","theme-transparent-header-meta":"","adv-header-id-meta":"","stick-header-meta":"","header-above-stick-meta":"","header-main-stick-meta":"","header-below-stick-meta":"","astra-migrate-meta-layouts":"default","ast-page-background-enabled":"default","ast-page-background-meta":{"desktop":{"background-color":"var(--ast-global-color-5)","background-image":"","background-repeat":"repeat","background-position":"center center","background-size":"auto","background-attachment":"scroll","background-type":"","background-media":"","overlay-type":"","overlay-color":"","overlay-opacity":"","overlay-gradient":""},"tablet":{"background-color":"","background-image":"","background-repeat":"repeat","background-position":"center center","background-size":"auto","background-attachment":"scroll","background-type":"","background-media":"","overlay-type":"","overlay-color":"","overlay-opacity":"","overlay-gradient":""},"mobile":{"background-color":"","background-image":"","background-repeat":"repeat","background-position":"center center","background-size":"auto","background-attachment":"scroll","background-type":"","background-media":"","overlay-type":"","overlay-color":"","overlay-opacity":"","overlay-gradient":""}},"ast-content-background-meta":{"desktop":{"background-color":"var(--ast-global-color-4)","background-image":"","background-repeat":"repeat","background-position":"center center","background-size":"auto","background-attachment":"scroll","background-type":"","background-media":"","overlay-type":"","overlay-color":"","overlay-opacity":"","overlay-gradient":""},"tablet":{"background-color":"var(--ast-global-color-4)","background-image":"","background-repeat":"repeat","background-position":"center center","background-size":"auto","background-attachment":"scroll","background-type":"","background-media":"","overlay-type":"","overlay-color":"","overlay-opacity":"","overlay-gradient":""},"mobile":{"background-color":"var(--ast-global-color-4)","background-image":"","background-repeat":"repeat","background-position":"center center","background-size":"auto","background-attachment":"scroll","background-type":"","background-media":"","overlay-type":"","overlay-color":"","overlay-opacity":"","overlay-gradient":""}},"footnotes":""},"categories":[1],"tags":[],"class_list":["post-12841","post","type-post","status-publish","format-standard","hentry","category-sem-categoria"],"yoast_head":"<!-- This site is optimized with the Yoast SEO plugin v26.6 - https:\/\/yoast.com\/wordpress\/plugins\/seo\/ -->\n<title>Hospital do Servidor lembra Dia do Psic\u00f3logo - Evandro Junior<\/title>\n<meta name=\"robots\" content=\"index, follow, max-snippet:-1, max-image-preview:large, max-video-preview:-1\" \/>\n<link rel=\"canonical\" href=\"https:\/\/www.blogsoestado.com\/evandrojunior\/2024\/08\/27\/hospital-do-servidor-lembra-dia-do-psicologo\/\" \/>\n<meta property=\"og:locale\" content=\"pt_BR\" \/>\n<meta property=\"og:type\" content=\"article\" \/>\n<meta property=\"og:title\" content=\"Hospital do Servidor lembra Dia do Psic\u00f3logo - Evandro Junior\" \/>\n<meta property=\"og:description\" content=\"S\u00c3O LU\u00cdS &#8211; O Dia do Psic\u00f3logo, celebrado em 27 de agosto, representa um momento de reflex\u00e3o e reconhecimento para [&hellip;]\" \/>\n<meta property=\"og:url\" content=\"https:\/\/www.blogsoestado.com\/evandrojunior\/2024\/08\/27\/hospital-do-servidor-lembra-dia-do-psicologo\/\" \/>\n<meta property=\"og:site_name\" content=\"Evandro Junior\" \/>\n<meta property=\"article:published_time\" content=\"2024-08-27T19:22:08+00:00\" \/>\n<meta property=\"og:image\" content=\"https:\/\/www.blogsoestado.com\/evandrojunior\/files\/2024\/08\/WhatsApp-Image-2024-08-27-at-07.42.20-1024x989.jpeg\" \/>\n<meta name=\"author\" content=\"Evandro Junior\" \/>\n<meta name=\"twitter:card\" content=\"summary_large_image\" \/>\n<meta name=\"twitter:label1\" content=\"Escrito por\" \/>\n\t<meta name=\"twitter:data1\" content=\"Evandro Junior\" \/>\n\t<meta name=\"twitter:label2\" content=\"Est. tempo de leitura\" \/>\n\t<meta name=\"twitter:data2\" content=\"3 minutos\" \/>\n<script type=\"application\/ld+json\" class=\"yoast-schema-graph\">{\"@context\":\"https:\/\/schema.org\",\"@graph\":[{\"@type\":\"WebPage\",\"@id\":\"https:\/\/www.blogsoestado.com\/evandrojunior\/2024\/08\/27\/hospital-do-servidor-lembra-dia-do-psicologo\/\",\"url\":\"https:\/\/www.blogsoestado.com\/evandrojunior\/2024\/08\/27\/hospital-do-servidor-lembra-dia-do-psicologo\/\",\"name\":\"Hospital do Servidor lembra Dia do Psic\u00f3logo - Evandro Junior\",\"isPartOf\":{\"@id\":\"https:\/\/www.blogsoestado.com\/evandrojunior\/#website\"},\"primaryImageOfPage\":{\"@id\":\"https:\/\/www.blogsoestado.com\/evandrojunior\/2024\/08\/27\/hospital-do-servidor-lembra-dia-do-psicologo\/#primaryimage\"},\"image\":{\"@id\":\"https:\/\/www.blogsoestado.com\/evandrojunior\/2024\/08\/27\/hospital-do-servidor-lembra-dia-do-psicologo\/#primaryimage\"},\"thumbnailUrl\":\"https:\/\/www.blogsoestado.com\/evandrojunior\/files\/2024\/08\/WhatsApp-Image-2024-08-27-at-07.42.20-1024x989.jpeg\",\"datePublished\":\"2024-08-27T19:22:08+00:00\",\"author\":{\"@id\":\"https:\/\/www.blogsoestado.com\/evandrojunior\/#\/schema\/person\/3e6c3d8dbb740d1c6878ebc935cfb3be\"},\"breadcrumb\":{\"@id\":\"https:\/\/www.blogsoestado.com\/evandrojunior\/2024\/08\/27\/hospital-do-servidor-lembra-dia-do-psicologo\/#breadcrumb\"},\"inLanguage\":\"pt-BR\",\"potentialAction\":[{\"@type\":\"ReadAction\",\"target\":[\"https:\/\/www.blogsoestado.com\/evandrojunior\/2024\/08\/27\/hospital-do-servidor-lembra-dia-do-psicologo\/\"]}]},{\"@type\":\"ImageObject\",\"inLanguage\":\"pt-BR\",\"@id\":\"https:\/\/www.blogsoestado.com\/evandrojunior\/2024\/08\/27\/hospital-do-servidor-lembra-dia-do-psicologo\/#primaryimage\",\"url\":\"https:\/\/www.blogsoestado.com\/evandrojunior\/files\/2024\/08\/WhatsApp-Image-2024-08-27-at-07.42.20-1024x989.jpeg\",\"contentUrl\":\"https:\/\/www.blogsoestado.com\/evandrojunior\/files\/2024\/08\/WhatsApp-Image-2024-08-27-at-07.42.20-1024x989.jpeg\"},{\"@type\":\"BreadcrumbList\",\"@id\":\"https:\/\/www.blogsoestado.com\/evandrojunior\/2024\/08\/27\/hospital-do-servidor-lembra-dia-do-psicologo\/#breadcrumb\",\"itemListElement\":[{\"@type\":\"ListItem\",\"position\":1,\"name\":\"In\u00edcio\",\"item\":\"https:\/\/www.blogsoestado.com\/evandrojunior\/\"},{\"@type\":\"ListItem\",\"position\":2,\"name\":\"Hospital do Servidor lembra Dia do Psic\u00f3logo\"}]},{\"@type\":\"WebSite\",\"@id\":\"https:\/\/www.blogsoestado.com\/evandrojunior\/#website\",\"url\":\"https:\/\/www.blogsoestado.com\/evandrojunior\/\",\"name\":\"Evandro Junior\",\"description\":\"\",\"potentialAction\":[{\"@type\":\"SearchAction\",\"target\":{\"@type\":\"EntryPoint\",\"urlTemplate\":\"https:\/\/www.blogsoestado.com\/evandrojunior\/?s={search_term_string}\"},\"query-input\":{\"@type\":\"PropertyValueSpecification\",\"valueRequired\":true,\"valueName\":\"search_term_string\"}}],\"inLanguage\":\"pt-BR\"},{\"@type\":\"Person\",\"@id\":\"https:\/\/www.blogsoestado.com\/evandrojunior\/#\/schema\/person\/3e6c3d8dbb740d1c6878ebc935cfb3be\",\"name\":\"Evandro Junior\",\"image\":{\"@type\":\"ImageObject\",\"inLanguage\":\"pt-BR\",\"@id\":\"https:\/\/www.blogsoestado.com\/evandrojunior\/#\/schema\/person\/image\/\",\"url\":\"https:\/\/secure.gravatar.com\/avatar\/f80a03a2294a580cd2318bfb459bf354cfa8be661ef3d95b542cf9a04af8d129?s=96&d=mm&r=g\",\"contentUrl\":\"https:\/\/secure.gravatar.com\/avatar\/f80a03a2294a580cd2318bfb459bf354cfa8be661ef3d95b542cf9a04af8d129?s=96&d=mm&r=g\",\"caption\":\"Evandro Junior\"},\"url\":\"https:\/\/www.blogsoestado.com\/evandrojunior\/author\/evandrojunior\/\"}]}<\/script>\n<!-- \/ Yoast SEO plugin. -->","yoast_head_json":{"title":"Hospital do Servidor lembra Dia do Psic\u00f3logo - Evandro Junior","robots":{"index":"index","follow":"follow","max-snippet":"max-snippet:-1","max-image-preview":"max-image-preview:large","max-video-preview":"max-video-preview:-1"},"canonical":"https:\/\/www.blogsoestado.com\/evandrojunior\/2024\/08\/27\/hospital-do-servidor-lembra-dia-do-psicologo\/","og_locale":"pt_BR","og_type":"article","og_title":"Hospital do Servidor lembra Dia do Psic\u00f3logo - Evandro Junior","og_description":"S\u00c3O LU\u00cdS &#8211; O Dia do Psic\u00f3logo, celebrado em 27 de agosto, representa um momento de reflex\u00e3o e reconhecimento para [&hellip;]","og_url":"https:\/\/www.blogsoestado.com\/evandrojunior\/2024\/08\/27\/hospital-do-servidor-lembra-dia-do-psicologo\/","og_site_name":"Evandro Junior","article_published_time":"2024-08-27T19:22:08+00:00","og_image":[{"url":"https:\/\/www.blogsoestado.com\/evandrojunior\/files\/2024\/08\/WhatsApp-Image-2024-08-27-at-07.42.20-1024x989.jpeg","type":"","width":"","height":""}],"author":"Evandro Junior","twitter_card":"summary_large_image","twitter_misc":{"Escrito por":"Evandro Junior","Est. tempo de leitura":"3 minutos"},"schema":{"@context":"https:\/\/schema.org","@graph":[{"@type":"WebPage","@id":"https:\/\/www.blogsoestado.com\/evandrojunior\/2024\/08\/27\/hospital-do-servidor-lembra-dia-do-psicologo\/","url":"https:\/\/www.blogsoestado.com\/evandrojunior\/2024\/08\/27\/hospital-do-servidor-lembra-dia-do-psicologo\/","name":"Hospital do Servidor lembra Dia do Psic\u00f3logo - Evandro Junior","isPartOf":{"@id":"https:\/\/www.blogsoestado.com\/evandrojunior\/#website"},"primaryImageOfPage":{"@id":"https:\/\/www.blogsoestado.com\/evandrojunior\/2024\/08\/27\/hospital-do-servidor-lembra-dia-do-psicologo\/#primaryimage"},"image":{"@id":"https:\/\/www.blogsoestado.com\/evandrojunior\/2024\/08\/27\/hospital-do-servidor-lembra-dia-do-psicologo\/#primaryimage"},"thumbnailUrl":"https:\/\/www.blogsoestado.com\/evandrojunior\/files\/2024\/08\/WhatsApp-Image-2024-08-27-at-07.42.20-1024x989.jpeg","datePublished":"2024-08-27T19:22:08+00:00","author":{"@id":"https:\/\/www.blogsoestado.com\/evandrojunior\/#\/schema\/person\/3e6c3d8dbb740d1c6878ebc935cfb3be"},"breadcrumb":{"@id":"https:\/\/www.blogsoestado.com\/evandrojunior\/2024\/08\/27\/hospital-do-servidor-lembra-dia-do-psicologo\/#breadcrumb"},"inLanguage":"pt-BR","potentialAction":[{"@type":"ReadAction","target":["https:\/\/www.blogsoestado.com\/evandrojunior\/2024\/08\/27\/hospital-do-servidor-lembra-dia-do-psicologo\/"]}]},{"@type":"ImageObject","inLanguage":"pt-BR","@id":"https:\/\/www.blogsoestado.com\/evandrojunior\/2024\/08\/27\/hospital-do-servidor-lembra-dia-do-psicologo\/#primaryimage","url":"https:\/\/www.blogsoestado.com\/evandrojunior\/files\/2024\/08\/WhatsApp-Image-2024-08-27-at-07.42.20-1024x989.jpeg","contentUrl":"https:\/\/www.blogsoestado.com\/evandrojunior\/files\/2024\/08\/WhatsApp-Image-2024-08-27-at-07.42.20-1024x989.jpeg"},{"@type":"BreadcrumbList","@id":"https:\/\/www.blogsoestado.com\/evandrojunior\/2024\/08\/27\/hospital-do-servidor-lembra-dia-do-psicologo\/#breadcrumb","itemListElement":[{"@type":"ListItem","position":1,"name":"In\u00edcio","item":"https:\/\/www.blogsoestado.com\/evandrojunior\/"},{"@type":"ListItem","position":2,"name":"Hospital do Servidor lembra Dia do Psic\u00f3logo"}]},{"@type":"WebSite","@id":"https:\/\/www.blogsoestado.com\/evandrojunior\/#website","url":"https:\/\/www.blogsoestado.com\/evandrojunior\/","name":"Evandro Junior","description":"","potentialAction":[{"@type":"SearchAction","target":{"@type":"EntryPoint","urlTemplate":"https:\/\/www.blogsoestado.com\/evandrojunior\/?s={search_term_string}"},"query-input":{"@type":"PropertyValueSpecification","valueRequired":true,"valueName":"search_term_string"}}],"inLanguage":"pt-BR"},{"@type":"Person","@id":"https:\/\/www.blogsoestado.com\/evandrojunior\/#\/schema\/person\/3e6c3d8dbb740d1c6878ebc935cfb3be","name":"Evandro Junior","image":{"@type":"ImageObject","inLanguage":"pt-BR","@id":"https:\/\/www.blogsoestado.com\/evandrojunior\/#\/schema\/person\/image\/","url":"https:\/\/secure.gravatar.com\/avatar\/f80a03a2294a580cd2318bfb459bf354cfa8be661ef3d95b542cf9a04af8d129?s=96&d=mm&r=g","contentUrl":"https:\/\/secure.gravatar.com\/avatar\/f80a03a2294a580cd2318bfb459bf354cfa8be661ef3d95b542cf9a04af8d129?s=96&d=mm&r=g","caption":"Evandro Junior"},"url":"https:\/\/www.blogsoestado.com\/evandrojunior\/author\/evandrojunior\/"}]}},"jetpack_featured_media_url":"","_links":{"self":[{"href":"https:\/\/www.blogsoestado.com\/evandrojunior\/wp-json\/wp\/v2\/posts\/12841","targetHints":{"allow":["GET"]}}],"collection":[{"href":"https:\/\/www.blogsoestado.com\/evandrojunior\/wp-json\/wp\/v2\/posts"}],"about":[{"href":"https:\/\/www.blogsoestado.com\/evandrojunior\/wp-json\/wp\/v2\/types\/post"}],"author":[{"embeddable":true,"href":"https:\/\/www.blogsoestado.com\/evandrojunior\/wp-json\/wp\/v2\/users\/4"}],"replies":[{"embeddable":true,"href":"https:\/\/www.blogsoestado.com\/evandrojunior\/wp-json\/wp\/v2\/comments?post=12841"}],"version-history":[{"count":0,"href":"https:\/\/www.blogsoestado.com\/evandrojunior\/wp-json\/wp\/v2\/posts\/12841\/revisions"}],"wp:attachment":[{"href":"https:\/\/www.blogsoestado.com\/evandrojunior\/wp-json\/wp\/v2\/media?parent=12841"}],"wp:term":[{"taxonomy":"category","embeddable":true,"href":"https:\/\/www.blogsoestado.com\/evandrojunior\/wp-json\/wp\/v2\/categories?post=12841"},{"taxonomy":"post_tag","embeddable":true,"href":"https:\/\/www.blogsoestado.com\/evandrojunior\/wp-json\/wp\/v2\/tags?post=12841"}],"curies":[{"name":"wp","href":"https:\/\/api.w.org\/{rel}","templated":true}]}}