{"id":12861,"date":"2024-08-30T20:26:52","date_gmt":"2024-08-30T23:26:52","guid":{"rendered":"https:\/\/www.blogsoestado.com\/evandrojunior\/?p=12861"},"modified":"2024-08-30T20:26:52","modified_gmt":"2024-08-30T23:26:52","slug":"sepultura-desembarca-em-sao-luis-com-show-historico-de-despedida","status":"publish","type":"post","link":"https:\/\/www.blogsoestado.com\/evandrojunior\/2024\/08\/30\/sepultura-desembarca-em-sao-luis-com-show-historico-de-despedida\/","title":{"rendered":"Sepultura desembarca em S\u00e3o Lu\u00eds com show hist\u00f3rico de despedida"},"content":{"rendered":"\n<div class=\"wp-block-image\"><figure class=\"aligncenter size-large is-resized\"><img fetchpriority=\"high\" decoding=\"async\" src=\"https:\/\/www.blogsoestado.com\/evandrojunior\/files\/2024\/08\/PHOTO-2024-08-30-20-20-43.jpg\" alt=\"\" class=\"wp-image-12862\" width=\"533\" height=\"355\"\/><figcaption><strong>Banda Sepultura vai se apresentar em S\u00e3o Lu\u00eds em dezembro<\/strong><\/figcaption><\/figure><\/div>\n\n\n\n<p><strong>S\u00e3o Lu\u00eds <\/strong>&#8211; Os apaixonados pelo heavy metal j\u00e1 podem comemorar. Dia 7 de dezembro, S\u00e3o Lu\u00eds recebe a turn\u00ea de despedida &#8220;Celebrating Life Through Death&#8221;, da lend\u00e1ria banda brasileira Sepultura, no Ceprama (Madre Deus), a partir das 18h, com realiza\u00e7\u00e3o da D Music e M2F Produ\u00e7\u00f5es. <\/p>\n\n\n\n<p>O show mais longo da carreira do grupo, com quase duas horas, termina literalmente em festa, com amigos, familiares e f\u00e3s (dois escolhidos aleatoriamente da plateia) no palco, ao som de \u201cKaiowas (tribal jam)\u201d. <\/p>\n\n\n\n<p>Com uma hist\u00f3ria consagrada na m\u00fasica, o grupo surgiu em dezembro de 1984, quando os irm\u00e3os Max e Iggor Cavalera e um grupo de amigos adolescentes subiram ao palco pela primeira vez, em Belo Horizonte (MG). <\/p>\n\n\n\n<p>A hist\u00f3ria da banda pode ser dividida em duas eras: uma marcada pela presen\u00e7a dos irm\u00e3os fundadores, e a outra na qual Andreas Kisser deu continuidade ao grupo ap\u00f3s a sa\u00edda dos Cavalera. <\/p>\n\n\n\n<p>Al\u00e9m de Kisser, a forma\u00e7\u00e3o atual conta com o vocalista Derrick Green, o novo baterista Greyson Nekrutman, e o baixista Paulo Xisto &#8211; \u00faltimo remanescente da estrutura original. <\/p>\n\n\n\n<p>Para aquecer a noite, a banda cearense Visceral Suffering, uma das grandes revela\u00e7\u00f5es do metal nacional, ser\u00e1 a respons\u00e1vel pela abertura do show. <\/p>\n\n\n\n<p><strong>Ingressos <\/strong><\/p>\n\n\n\n<p>Os ingressos para o show do Sepultura em S\u00e3o Lu\u00eds j\u00e1 est\u00e3o \u00e0 venda. Para adquirir os seus, acesse [<a href=\"https:\/\/www.bilheto.com.br\/comprar\/2695\/sepultura-turne-de-despedida\" target=\"_blank\" rel=\"noreferrer noopener\">https:\/\/www.bilheto.com.br\/comprar\/2695\/sepultura-turne-de-despedida<\/a>], ou no ponto f\u00edsico: Gallery Tatto (Shopping da Ilha e Rio Anil Shopping).<\/p>\n","protected":false},"excerpt":{"rendered":"<p>S\u00e3o Lu\u00eds &#8211; Os apaixonados pelo heavy metal j\u00e1 podem comemorar. Dia 7 de dezembro, S\u00e3o Lu\u00eds recebe a turn\u00ea [&hellip;]<\/p>\n","protected":false},"author":4,"featured_media":0,"comment_status":"open","ping_status":"open","sticky":false,"template":"","format":"standard","meta":{"site-sidebar-layout":"default","site-content-layout":"","ast-site-content-layout":"default","site-content-style":"default","site-sidebar-style":"default","ast-global-header-display":"","ast-banner-title-visibility":"","ast-main-header-display":"","ast-hfb-above-header-display":"","ast-hfb-below-header-display":"","ast-hfb-mobile-header-display":"","site-post-title":"","ast-breadcrumbs-content":"","ast-featured-img":"","footer-sml-layout":"","ast-disable-related-posts":"","theme-transparent-header-meta":"","adv-header-id-meta":"","stick-header-meta":"","header-above-stick-meta":"","header-main-stick-meta":"","header-below-stick-meta":"","astra-migrate-meta-layouts":"default","ast-page-background-enabled":"default","ast-page-background-meta":{"desktop":{"background-color":"var(--ast-global-color-5)","background-image":"","background-repeat":"repeat","background-position":"center center","background-size":"auto","background-attachment":"scroll","background-type":"","background-media":"","overlay-type":"","overlay-color":"","overlay-opacity":"","overlay-gradient":""},"tablet":{"background-color":"","background-image":"","background-repeat":"repeat","background-position":"center center","background-size":"auto","background-attachment":"scroll","background-type":"","background-media":"","overlay-type":"","overlay-color":"","overlay-opacity":"","overlay-gradient":""},"mobile":{"background-color":"","background-image":"","background-repeat":"repeat","background-position":"center center","background-size":"auto","background-attachment":"scroll","background-type":"","background-media":"","overlay-type":"","overlay-color":"","overlay-opacity":"","overlay-gradient":""}},"ast-content-background-meta":{"desktop":{"background-color":"var(--ast-global-color-4)","background-image":"","background-repeat":"repeat","background-position":"center center","background-size":"auto","background-attachment":"scroll","background-type":"","background-media":"","overlay-type":"","overlay-color":"","overlay-opacity":"","overlay-gradient":""},"tablet":{"background-color":"var(--ast-global-color-4)","background-image":"","background-repeat":"repeat","background-position":"center center","background-size":"auto","background-attachment":"scroll","background-type":"","background-media":"","overlay-type":"","overlay-color":"","overlay-opacity":"","overlay-gradient":""},"mobile":{"background-color":"var(--ast-global-color-4)","background-image":"","background-repeat":"repeat","background-position":"center center","background-size":"auto","background-attachment":"scroll","background-type":"","background-media":"","overlay-type":"","overlay-color":"","overlay-opacity":"","overlay-gradient":""}},"footnotes":""},"categories":[1],"tags":[],"class_list":["post-12861","post","type-post","status-publish","format-standard","hentry","category-sem-categoria"],"yoast_head":"<!-- This site is optimized with the Yoast SEO plugin v26.6 - https:\/\/yoast.com\/wordpress\/plugins\/seo\/ -->\n<title>Sepultura desembarca em S\u00e3o Lu\u00eds com show hist\u00f3rico de despedida - Evandro Junior<\/title>\n<meta name=\"robots\" content=\"index, follow, max-snippet:-1, max-image-preview:large, max-video-preview:-1\" \/>\n<link rel=\"canonical\" href=\"https:\/\/www.blogsoestado.com\/evandrojunior\/2024\/08\/30\/sepultura-desembarca-em-sao-luis-com-show-historico-de-despedida\/\" \/>\n<meta property=\"og:locale\" content=\"pt_BR\" \/>\n<meta property=\"og:type\" content=\"article\" \/>\n<meta property=\"og:title\" content=\"Sepultura desembarca em S\u00e3o Lu\u00eds com show hist\u00f3rico de despedida - Evandro Junior\" \/>\n<meta property=\"og:description\" content=\"S\u00e3o Lu\u00eds &#8211; Os apaixonados pelo heavy metal j\u00e1 podem comemorar. Dia 7 de dezembro, S\u00e3o Lu\u00eds recebe a turn\u00ea [&hellip;]\" \/>\n<meta property=\"og:url\" content=\"https:\/\/www.blogsoestado.com\/evandrojunior\/2024\/08\/30\/sepultura-desembarca-em-sao-luis-com-show-historico-de-despedida\/\" \/>\n<meta property=\"og:site_name\" content=\"Evandro Junior\" \/>\n<meta property=\"article:published_time\" content=\"2024-08-30T23:26:52+00:00\" \/>\n<meta property=\"og:image\" content=\"https:\/\/www.blogsoestado.com\/evandrojunior\/files\/2024\/08\/PHOTO-2024-08-30-20-20-43.jpg\" \/>\n<meta name=\"author\" content=\"Evandro Junior\" \/>\n<meta name=\"twitter:card\" content=\"summary_large_image\" \/>\n<meta name=\"twitter:label1\" content=\"Escrito por\" \/>\n\t<meta name=\"twitter:data1\" content=\"Evandro Junior\" \/>\n\t<meta name=\"twitter:label2\" content=\"Est. tempo de leitura\" \/>\n\t<meta name=\"twitter:data2\" content=\"2 minutos\" \/>\n<script type=\"application\/ld+json\" class=\"yoast-schema-graph\">{\"@context\":\"https:\/\/schema.org\",\"@graph\":[{\"@type\":\"WebPage\",\"@id\":\"https:\/\/www.blogsoestado.com\/evandrojunior\/2024\/08\/30\/sepultura-desembarca-em-sao-luis-com-show-historico-de-despedida\/\",\"url\":\"https:\/\/www.blogsoestado.com\/evandrojunior\/2024\/08\/30\/sepultura-desembarca-em-sao-luis-com-show-historico-de-despedida\/\",\"name\":\"Sepultura desembarca em S\u00e3o Lu\u00eds com show hist\u00f3rico de despedida - Evandro Junior\",\"isPartOf\":{\"@id\":\"https:\/\/www.blogsoestado.com\/evandrojunior\/#website\"},\"primaryImageOfPage\":{\"@id\":\"https:\/\/www.blogsoestado.com\/evandrojunior\/2024\/08\/30\/sepultura-desembarca-em-sao-luis-com-show-historico-de-despedida\/#primaryimage\"},\"image\":{\"@id\":\"https:\/\/www.blogsoestado.com\/evandrojunior\/2024\/08\/30\/sepultura-desembarca-em-sao-luis-com-show-historico-de-despedida\/#primaryimage\"},\"thumbnailUrl\":\"https:\/\/www.blogsoestado.com\/evandrojunior\/files\/2024\/08\/PHOTO-2024-08-30-20-20-43.jpg\",\"datePublished\":\"2024-08-30T23:26:52+00:00\",\"author\":{\"@id\":\"https:\/\/www.blogsoestado.com\/evandrojunior\/#\/schema\/person\/3e6c3d8dbb740d1c6878ebc935cfb3be\"},\"breadcrumb\":{\"@id\":\"https:\/\/www.blogsoestado.com\/evandrojunior\/2024\/08\/30\/sepultura-desembarca-em-sao-luis-com-show-historico-de-despedida\/#breadcrumb\"},\"inLanguage\":\"pt-BR\",\"potentialAction\":[{\"@type\":\"ReadAction\",\"target\":[\"https:\/\/www.blogsoestado.com\/evandrojunior\/2024\/08\/30\/sepultura-desembarca-em-sao-luis-com-show-historico-de-despedida\/\"]}]},{\"@type\":\"ImageObject\",\"inLanguage\":\"pt-BR\",\"@id\":\"https:\/\/www.blogsoestado.com\/evandrojunior\/2024\/08\/30\/sepultura-desembarca-em-sao-luis-com-show-historico-de-despedida\/#primaryimage\",\"url\":\"https:\/\/www.blogsoestado.com\/evandrojunior\/files\/2024\/08\/PHOTO-2024-08-30-20-20-43.jpg\",\"contentUrl\":\"https:\/\/www.blogsoestado.com\/evandrojunior\/files\/2024\/08\/PHOTO-2024-08-30-20-20-43.jpg\"},{\"@type\":\"BreadcrumbList\",\"@id\":\"https:\/\/www.blogsoestado.com\/evandrojunior\/2024\/08\/30\/sepultura-desembarca-em-sao-luis-com-show-historico-de-despedida\/#breadcrumb\",\"itemListElement\":[{\"@type\":\"ListItem\",\"position\":1,\"name\":\"In\u00edcio\",\"item\":\"https:\/\/www.blogsoestado.com\/evandrojunior\/\"},{\"@type\":\"ListItem\",\"position\":2,\"name\":\"Sepultura desembarca em S\u00e3o Lu\u00eds com show hist\u00f3rico de despedida\"}]},{\"@type\":\"WebSite\",\"@id\":\"https:\/\/www.blogsoestado.com\/evandrojunior\/#website\",\"url\":\"https:\/\/www.blogsoestado.com\/evandrojunior\/\",\"name\":\"Evandro Junior\",\"description\":\"\",\"potentialAction\":[{\"@type\":\"SearchAction\",\"target\":{\"@type\":\"EntryPoint\",\"urlTemplate\":\"https:\/\/www.blogsoestado.com\/evandrojunior\/?s={search_term_string}\"},\"query-input\":{\"@type\":\"PropertyValueSpecification\",\"valueRequired\":true,\"valueName\":\"search_term_string\"}}],\"inLanguage\":\"pt-BR\"},{\"@type\":\"Person\",\"@id\":\"https:\/\/www.blogsoestado.com\/evandrojunior\/#\/schema\/person\/3e6c3d8dbb740d1c6878ebc935cfb3be\",\"name\":\"Evandro Junior\",\"image\":{\"@type\":\"ImageObject\",\"inLanguage\":\"pt-BR\",\"@id\":\"https:\/\/www.blogsoestado.com\/evandrojunior\/#\/schema\/person\/image\/\",\"url\":\"https:\/\/secure.gravatar.com\/avatar\/f80a03a2294a580cd2318bfb459bf354cfa8be661ef3d95b542cf9a04af8d129?s=96&d=mm&r=g\",\"contentUrl\":\"https:\/\/secure.gravatar.com\/avatar\/f80a03a2294a580cd2318bfb459bf354cfa8be661ef3d95b542cf9a04af8d129?s=96&d=mm&r=g\",\"caption\":\"Evandro Junior\"},\"url\":\"https:\/\/www.blogsoestado.com\/evandrojunior\/author\/evandrojunior\/\"}]}<\/script>\n<!-- \/ Yoast SEO plugin. -->","yoast_head_json":{"title":"Sepultura desembarca em S\u00e3o Lu\u00eds com show hist\u00f3rico de despedida - Evandro Junior","robots":{"index":"index","follow":"follow","max-snippet":"max-snippet:-1","max-image-preview":"max-image-preview:large","max-video-preview":"max-video-preview:-1"},"canonical":"https:\/\/www.blogsoestado.com\/evandrojunior\/2024\/08\/30\/sepultura-desembarca-em-sao-luis-com-show-historico-de-despedida\/","og_locale":"pt_BR","og_type":"article","og_title":"Sepultura desembarca em S\u00e3o Lu\u00eds com show hist\u00f3rico de despedida - Evandro Junior","og_description":"S\u00e3o Lu\u00eds &#8211; Os apaixonados pelo heavy metal j\u00e1 podem comemorar. Dia 7 de dezembro, S\u00e3o Lu\u00eds recebe a turn\u00ea [&hellip;]","og_url":"https:\/\/www.blogsoestado.com\/evandrojunior\/2024\/08\/30\/sepultura-desembarca-em-sao-luis-com-show-historico-de-despedida\/","og_site_name":"Evandro Junior","article_published_time":"2024-08-30T23:26:52+00:00","og_image":[{"url":"https:\/\/www.blogsoestado.com\/evandrojunior\/files\/2024\/08\/PHOTO-2024-08-30-20-20-43.jpg","type":"","width":"","height":""}],"author":"Evandro Junior","twitter_card":"summary_large_image","twitter_misc":{"Escrito por":"Evandro Junior","Est. tempo de leitura":"2 minutos"},"schema":{"@context":"https:\/\/schema.org","@graph":[{"@type":"WebPage","@id":"https:\/\/www.blogsoestado.com\/evandrojunior\/2024\/08\/30\/sepultura-desembarca-em-sao-luis-com-show-historico-de-despedida\/","url":"https:\/\/www.blogsoestado.com\/evandrojunior\/2024\/08\/30\/sepultura-desembarca-em-sao-luis-com-show-historico-de-despedida\/","name":"Sepultura desembarca em S\u00e3o Lu\u00eds com show hist\u00f3rico de despedida - Evandro Junior","isPartOf":{"@id":"https:\/\/www.blogsoestado.com\/evandrojunior\/#website"},"primaryImageOfPage":{"@id":"https:\/\/www.blogsoestado.com\/evandrojunior\/2024\/08\/30\/sepultura-desembarca-em-sao-luis-com-show-historico-de-despedida\/#primaryimage"},"image":{"@id":"https:\/\/www.blogsoestado.com\/evandrojunior\/2024\/08\/30\/sepultura-desembarca-em-sao-luis-com-show-historico-de-despedida\/#primaryimage"},"thumbnailUrl":"https:\/\/www.blogsoestado.com\/evandrojunior\/files\/2024\/08\/PHOTO-2024-08-30-20-20-43.jpg","datePublished":"2024-08-30T23:26:52+00:00","author":{"@id":"https:\/\/www.blogsoestado.com\/evandrojunior\/#\/schema\/person\/3e6c3d8dbb740d1c6878ebc935cfb3be"},"breadcrumb":{"@id":"https:\/\/www.blogsoestado.com\/evandrojunior\/2024\/08\/30\/sepultura-desembarca-em-sao-luis-com-show-historico-de-despedida\/#breadcrumb"},"inLanguage":"pt-BR","potentialAction":[{"@type":"ReadAction","target":["https:\/\/www.blogsoestado.com\/evandrojunior\/2024\/08\/30\/sepultura-desembarca-em-sao-luis-com-show-historico-de-despedida\/"]}]},{"@type":"ImageObject","inLanguage":"pt-BR","@id":"https:\/\/www.blogsoestado.com\/evandrojunior\/2024\/08\/30\/sepultura-desembarca-em-sao-luis-com-show-historico-de-despedida\/#primaryimage","url":"https:\/\/www.blogsoestado.com\/evandrojunior\/files\/2024\/08\/PHOTO-2024-08-30-20-20-43.jpg","contentUrl":"https:\/\/www.blogsoestado.com\/evandrojunior\/files\/2024\/08\/PHOTO-2024-08-30-20-20-43.jpg"},{"@type":"BreadcrumbList","@id":"https:\/\/www.blogsoestado.com\/evandrojunior\/2024\/08\/30\/sepultura-desembarca-em-sao-luis-com-show-historico-de-despedida\/#breadcrumb","itemListElement":[{"@type":"ListItem","position":1,"name":"In\u00edcio","item":"https:\/\/www.blogsoestado.com\/evandrojunior\/"},{"@type":"ListItem","position":2,"name":"Sepultura desembarca em S\u00e3o Lu\u00eds com show hist\u00f3rico de despedida"}]},{"@type":"WebSite","@id":"https:\/\/www.blogsoestado.com\/evandrojunior\/#website","url":"https:\/\/www.blogsoestado.com\/evandrojunior\/","name":"Evandro Junior","description":"","potentialAction":[{"@type":"SearchAction","target":{"@type":"EntryPoint","urlTemplate":"https:\/\/www.blogsoestado.com\/evandrojunior\/?s={search_term_string}"},"query-input":{"@type":"PropertyValueSpecification","valueRequired":true,"valueName":"search_term_string"}}],"inLanguage":"pt-BR"},{"@type":"Person","@id":"https:\/\/www.blogsoestado.com\/evandrojunior\/#\/schema\/person\/3e6c3d8dbb740d1c6878ebc935cfb3be","name":"Evandro Junior","image":{"@type":"ImageObject","inLanguage":"pt-BR","@id":"https:\/\/www.blogsoestado.com\/evandrojunior\/#\/schema\/person\/image\/","url":"https:\/\/secure.gravatar.com\/avatar\/f80a03a2294a580cd2318bfb459bf354cfa8be661ef3d95b542cf9a04af8d129?s=96&d=mm&r=g","contentUrl":"https:\/\/secure.gravatar.com\/avatar\/f80a03a2294a580cd2318bfb459bf354cfa8be661ef3d95b542cf9a04af8d129?s=96&d=mm&r=g","caption":"Evandro Junior"},"url":"https:\/\/www.blogsoestado.com\/evandrojunior\/author\/evandrojunior\/"}]}},"jetpack_featured_media_url":"","_links":{"self":[{"href":"https:\/\/www.blogsoestado.com\/evandrojunior\/wp-json\/wp\/v2\/posts\/12861","targetHints":{"allow":["GET"]}}],"collection":[{"href":"https:\/\/www.blogsoestado.com\/evandrojunior\/wp-json\/wp\/v2\/posts"}],"about":[{"href":"https:\/\/www.blogsoestado.com\/evandrojunior\/wp-json\/wp\/v2\/types\/post"}],"author":[{"embeddable":true,"href":"https:\/\/www.blogsoestado.com\/evandrojunior\/wp-json\/wp\/v2\/users\/4"}],"replies":[{"embeddable":true,"href":"https:\/\/www.blogsoestado.com\/evandrojunior\/wp-json\/wp\/v2\/comments?post=12861"}],"version-history":[{"count":0,"href":"https:\/\/www.blogsoestado.com\/evandrojunior\/wp-json\/wp\/v2\/posts\/12861\/revisions"}],"wp:attachment":[{"href":"https:\/\/www.blogsoestado.com\/evandrojunior\/wp-json\/wp\/v2\/media?parent=12861"}],"wp:term":[{"taxonomy":"category","embeddable":true,"href":"https:\/\/www.blogsoestado.com\/evandrojunior\/wp-json\/wp\/v2\/categories?post=12861"},{"taxonomy":"post_tag","embeddable":true,"href":"https:\/\/www.blogsoestado.com\/evandrojunior\/wp-json\/wp\/v2\/tags?post=12861"}],"curies":[{"name":"wp","href":"https:\/\/api.w.org\/{rel}","templated":true}]}}