{"id":12979,"date":"2024-09-11T19:54:31","date_gmt":"2024-09-11T22:54:31","guid":{"rendered":"https:\/\/www.blogsoestado.com\/evandrojunior\/?p=12979"},"modified":"2024-09-11T19:54:31","modified_gmt":"2024-09-11T22:54:31","slug":"casa-de-eventos-beira-dumar-abre-as-portas-neste-domingo","status":"publish","type":"post","link":"https:\/\/www.blogsoestado.com\/evandrojunior\/2024\/09\/11\/casa-de-eventos-beira-dumar-abre-as-portas-neste-domingo\/","title":{"rendered":"Casa de eventos Beira Dumar abre as portas neste domingo"},"content":{"rendered":"\n<div class=\"wp-block-image\"><figure class=\"aligncenter size-large is-resized\"><img fetchpriority=\"high\" decoding=\"async\" src=\"https:\/\/www.blogsoestado.com\/evandrojunior\/files\/2024\/09\/WhatsApp-Image-2024-09-11-at-19.47.09-1024x768.jpeg\" alt=\"\" class=\"wp-image-12980\" width=\"438\" height=\"329\"\/><figcaption><strong>Vista a\u00e9rea do Casar\u00e3o Beira Dumar, com entrada pela Pra\u00e7a Gon\u00e7alves Dias e extens\u00e3o para a Avenida Beira Mar<\/strong><\/figcaption><\/figure><\/div>\n\n\n\n<p><strong>S\u00c3O LU\u00cdS &#8211; <\/strong>Depois de cinco anos de espera, muita expectativa e curiosidade, a Pororoca Produ\u00e7\u00f5es inaugura, neste domingo (15), \u00e0s 16h, o Casar\u00e3o Beira Dumar, nova casa de eventos de S\u00e3o Lu\u00eds. Com vista privilegiada para a Ba\u00eda de S\u00e3o Marcos e o Rio Anil, o espa\u00e7o gerenciado pelo produtor cultural Ricardo Pororoca \u00e9 fruto do macroprojeto \u2018Casar\u00e3o\u2019 e segue o mesmo conceito do Casar\u00e3o Colonial, empreendimento que fez muito sucesso na Rua Afonso Pena, ao longo de cinco anos.<\/p>\n\n\n\n<p>Localizado na Pra\u00e7a Gon\u00e7alves Dias e estendendo-se para a Beira-Mar, em uma \u00e1rea desprovida de vizinhan\u00e7a e liberada para grandes eventos, o Beira Dumar tem capacidade para mais de mil pessoas e sediar\u00e1 diversas programa\u00e7\u00f5es, incluindo shows de artistas e bandas, entre locais e nacionais, casamentos, formaturas, anivers\u00e1rios, confraterniza\u00e7\u00f5es e festas em geral.&nbsp;<\/p>\n\n\n\n<p>O novo ponto de encontro na capital maranhense flerta com um dos mais belos cart\u00f5es-postais de S\u00e3o Lu\u00eds, onde est\u00e1 situada, tamb\u00e9m, a Igreja dos Rem\u00e9dios e a Faculdade de Medicina. \u00c9 um cen\u00e1rio naturalmente instagram\u00e1vel, que homenageia um dos mais importantes poetas brasileiros. A entrada, pelo Largo dos Amores, vigiado diuturnamente por imponentes palmeiras imperiais, fica bem pr\u00f3xima ao emblem\u00e1tico e po\u00e9tico coreto circular.\u00a0\u00a0\u00a0<\/p>\n\n\n\n<p>A inaugura\u00e7\u00e3o, neste domingo (15), ser\u00e1 no embalo do \u2018Samba Dumar\u2019, com sete atra\u00e7\u00f5es no total, sendo cinco bandas e dois DJs, al\u00e9m de convidados. Entre as atra\u00e7\u00f5es est\u00e3o as bandas Dois \u00e9 Bom, Samba de Reis e CDC, bem como o cantor L\u00e9o Wadie. A programa\u00e7\u00e3o ter\u00e1 in\u00edcio a poucos instantes do p\u00f4r do sol, para que os presentes desfrutem de uma das paisagens mais deslumbrantes do Centro Hist\u00f3rico de S\u00e3o Lu\u00eds. A casa, que funcionar\u00e1 das 16h \u00e0s 3h, fechou parceria com a marca holandesa Heineken.\u00a0<\/p>\n\n\n\n<p><strong>R\u00fastico alternativo <\/strong><\/p>\n\n\n\n<p>A casa de eventos foi projetada no modelo r\u00fastico alternativo moderno e est\u00e1 em sintonia total com a natureza. \u00c9 dotada de dois pisos (um superior e outro inferior, conectados por duas escadas), palco 360 graus e diferentes setores. S\u00e3o 4 varandas, 11 bangal\u00f4s, 5 sacadas (com vista especial para a Beira-Mar) e 3 decks superiores, com vista a\u00e9rea para os dois sal\u00f5es e entrada diferenciada. H\u00e1, ainda, 3 bares, banheiros climatizados (sendo um exclusivo para cadeirantes), cozinha, acessibilidade, \u00e1rea para fumantes, corredores e sa\u00edda de emerg\u00eancia. Os dois sal\u00f5es s\u00e3o iluminados por lustres gaiolas. \u00a0<\/p>\n\n\n\n<p>O p\u00fablico ter\u00e1 um dos maiores estacionamentos da capital maranhense, uma vez que poder\u00e1 usufruir da extens\u00e3o da Avenida Beira-Mar e da \u00e1rea do antigo Espa\u00e7o Cultural, ao lado da Pra\u00e7a Maria Arag\u00e3o, al\u00e9m da via lateral \u00e0 Gon\u00e7alves Dias, por onde ser\u00e1 a entrada principal e exclusiva. Ao chegar, o acesso se dar\u00e1 por uma charmosa escada de madeira. A sa\u00edda ser\u00e1 pela rampa de acesso \u00e0 Beira-Mar. As \u00e1reas internas e externas ser\u00e3o vigiadas por seguran\u00e7a privada. Os agentes estar\u00e3o posicionados inclusive na \u00e1rea lateral ao Beira Dumar, onde est\u00e1 a escadaria de acesso ao logradouro superior.\u00a0\u00a0<\/p>\n\n\n\n<p><strong>Cen\u00e1rio convidativo<\/strong><\/p>\n\n\n\n<p>Ricardo Pororoca, que acumula 25 anos de experi\u00eancia no ramo de produ\u00e7\u00e3o de eventos, est\u00e1 desde 2009 \u00e0 frente da Pororoca Produ\u00e7\u00f5es. Foi ele que vislumbrou o cen\u00e1rio convidativo (e quase impercept\u00edvel a quem passava pela \u00e1rea) e que seria transformado no Casar\u00e3o Beira Dumar, motivado pela sua paix\u00e3o pelo Centro Hist\u00f3rico e desejo de dinamizar a \u00e1rea com eventos que pudessem unir as pessoas.<\/p>\n\n\n\n<p>\u00a0O resultado ficou surpreendente e o p\u00fablico ser\u00e1 brindado com uma proposta diferente de tudo o que j\u00e1 experimentou na Ilha do Amor. O Dumar, entre todas as suas qualidades, surge ainda como um novo local para as recep\u00e7\u00f5es de casamento, uma vez que est\u00e1 ao lado da Igreja dos Rem\u00e9dios, e at\u00e9 mesmo para as pr\u00f3prias cerim\u00f4nias matrimoniais, sendo ideal para os casais que buscam surpreender os convidados com uma celebra\u00e7\u00e3o em um cen\u00e1rio moderno e vista para o mar. <\/p>\n\n\n\n<p>\u201cN\u00f3s pensamos em um ambiente onde todos pudessem se sentir bem e compartilhassem do esp\u00edrito de divers\u00e3o com seguran\u00e7a, tendo o respeito acima de tudo. \u00c9 um espa\u00e7o para o encontro entre aqueles que n\u00e3o abrem m\u00e3o de festejar a vida e buscam se divertir com responsabilidade, sem medo de ser feliz. O Beira Dumar \u00e9 cercado de natureza por todos os lados e estar\u00e1 de portas abertas para todos aqueles que est\u00e3o curiosos para sentir a sua energia surreal e acolhedora\u201d, disse Ricardo Pororoca. <\/p>\n","protected":false},"excerpt":{"rendered":"<p>S\u00c3O LU\u00cdS &#8211; Depois de cinco anos de espera, muita expectativa e curiosidade, a Pororoca Produ\u00e7\u00f5es inaugura, neste domingo (15), [&hellip;]<\/p>\n","protected":false},"author":4,"featured_media":0,"comment_status":"open","ping_status":"open","sticky":false,"template":"","format":"standard","meta":{"site-sidebar-layout":"default","site-content-layout":"","ast-site-content-layout":"default","site-content-style":"default","site-sidebar-style":"default","ast-global-header-display":"","ast-banner-title-visibility":"","ast-main-header-display":"","ast-hfb-above-header-display":"","ast-hfb-below-header-display":"","ast-hfb-mobile-header-display":"","site-post-title":"","ast-breadcrumbs-content":"","ast-featured-img":"","footer-sml-layout":"","ast-disable-related-posts":"","theme-transparent-header-meta":"","adv-header-id-meta":"","stick-header-meta":"","header-above-stick-meta":"","header-main-stick-meta":"","header-below-stick-meta":"","astra-migrate-meta-layouts":"default","ast-page-background-enabled":"default","ast-page-background-meta":{"desktop":{"background-color":"var(--ast-global-color-5)","background-image":"","background-repeat":"repeat","background-position":"center center","background-size":"auto","background-attachment":"scroll","background-type":"","background-media":"","overlay-type":"","overlay-color":"","overlay-opacity":"","overlay-gradient":""},"tablet":{"background-color":"","background-image":"","background-repeat":"repeat","background-position":"center center","background-size":"auto","background-attachment":"scroll","background-type":"","background-media":"","overlay-type":"","overlay-color":"","overlay-opacity":"","overlay-gradient":""},"mobile":{"background-color":"","background-image":"","background-repeat":"repeat","background-position":"center center","background-size":"auto","background-attachment":"scroll","background-type":"","background-media":"","overlay-type":"","overlay-color":"","overlay-opacity":"","overlay-gradient":""}},"ast-content-background-meta":{"desktop":{"background-color":"var(--ast-global-color-4)","background-image":"","background-repeat":"repeat","background-position":"center center","background-size":"auto","background-attachment":"scroll","background-type":"","background-media":"","overlay-type":"","overlay-color":"","overlay-opacity":"","overlay-gradient":""},"tablet":{"background-color":"var(--ast-global-color-4)","background-image":"","background-repeat":"repeat","background-position":"center center","background-size":"auto","background-attachment":"scroll","background-type":"","background-media":"","overlay-type":"","overlay-color":"","overlay-opacity":"","overlay-gradient":""},"mobile":{"background-color":"var(--ast-global-color-4)","background-image":"","background-repeat":"repeat","background-position":"center center","background-size":"auto","background-attachment":"scroll","background-type":"","background-media":"","overlay-type":"","overlay-color":"","overlay-opacity":"","overlay-gradient":""}},"footnotes":""},"categories":[1],"tags":[],"class_list":["post-12979","post","type-post","status-publish","format-standard","hentry","category-sem-categoria"],"yoast_head":"<!-- This site is optimized with the Yoast SEO plugin v26.6 - https:\/\/yoast.com\/wordpress\/plugins\/seo\/ -->\n<title>Casa de eventos Beira Dumar abre as portas neste domingo - Evandro Junior<\/title>\n<meta name=\"robots\" content=\"index, follow, max-snippet:-1, max-image-preview:large, max-video-preview:-1\" \/>\n<link rel=\"canonical\" href=\"https:\/\/www.blogsoestado.com\/evandrojunior\/2024\/09\/11\/casa-de-eventos-beira-dumar-abre-as-portas-neste-domingo\/\" \/>\n<meta property=\"og:locale\" content=\"pt_BR\" \/>\n<meta property=\"og:type\" content=\"article\" \/>\n<meta property=\"og:title\" content=\"Casa de eventos Beira Dumar abre as portas neste domingo - Evandro Junior\" \/>\n<meta property=\"og:description\" content=\"S\u00c3O LU\u00cdS &#8211; Depois de cinco anos de espera, muita expectativa e curiosidade, a Pororoca Produ\u00e7\u00f5es inaugura, neste domingo (15), [&hellip;]\" \/>\n<meta property=\"og:url\" content=\"https:\/\/www.blogsoestado.com\/evandrojunior\/2024\/09\/11\/casa-de-eventos-beira-dumar-abre-as-portas-neste-domingo\/\" \/>\n<meta property=\"og:site_name\" content=\"Evandro Junior\" \/>\n<meta property=\"article:published_time\" content=\"2024-09-11T22:54:31+00:00\" \/>\n<meta property=\"og:image\" content=\"https:\/\/www.blogsoestado.com\/evandrojunior\/files\/2024\/09\/WhatsApp-Image-2024-09-11-at-19.47.09-1024x768.jpeg\" \/>\n<meta name=\"author\" content=\"Evandro Junior\" \/>\n<meta name=\"twitter:card\" content=\"summary_large_image\" \/>\n<meta name=\"twitter:label1\" content=\"Escrito por\" \/>\n\t<meta name=\"twitter:data1\" content=\"Evandro Junior\" \/>\n\t<meta name=\"twitter:label2\" content=\"Est. tempo de leitura\" \/>\n\t<meta name=\"twitter:data2\" content=\"4 minutos\" \/>\n<script type=\"application\/ld+json\" class=\"yoast-schema-graph\">{\"@context\":\"https:\/\/schema.org\",\"@graph\":[{\"@type\":\"WebPage\",\"@id\":\"https:\/\/www.blogsoestado.com\/evandrojunior\/2024\/09\/11\/casa-de-eventos-beira-dumar-abre-as-portas-neste-domingo\/\",\"url\":\"https:\/\/www.blogsoestado.com\/evandrojunior\/2024\/09\/11\/casa-de-eventos-beira-dumar-abre-as-portas-neste-domingo\/\",\"name\":\"Casa de eventos Beira Dumar abre as portas neste domingo - Evandro Junior\",\"isPartOf\":{\"@id\":\"https:\/\/www.blogsoestado.com\/evandrojunior\/#website\"},\"primaryImageOfPage\":{\"@id\":\"https:\/\/www.blogsoestado.com\/evandrojunior\/2024\/09\/11\/casa-de-eventos-beira-dumar-abre-as-portas-neste-domingo\/#primaryimage\"},\"image\":{\"@id\":\"https:\/\/www.blogsoestado.com\/evandrojunior\/2024\/09\/11\/casa-de-eventos-beira-dumar-abre-as-portas-neste-domingo\/#primaryimage\"},\"thumbnailUrl\":\"https:\/\/www.blogsoestado.com\/evandrojunior\/files\/2024\/09\/WhatsApp-Image-2024-09-11-at-19.47.09-1024x768.jpeg\",\"datePublished\":\"2024-09-11T22:54:31+00:00\",\"author\":{\"@id\":\"https:\/\/www.blogsoestado.com\/evandrojunior\/#\/schema\/person\/3e6c3d8dbb740d1c6878ebc935cfb3be\"},\"breadcrumb\":{\"@id\":\"https:\/\/www.blogsoestado.com\/evandrojunior\/2024\/09\/11\/casa-de-eventos-beira-dumar-abre-as-portas-neste-domingo\/#breadcrumb\"},\"inLanguage\":\"pt-BR\",\"potentialAction\":[{\"@type\":\"ReadAction\",\"target\":[\"https:\/\/www.blogsoestado.com\/evandrojunior\/2024\/09\/11\/casa-de-eventos-beira-dumar-abre-as-portas-neste-domingo\/\"]}]},{\"@type\":\"ImageObject\",\"inLanguage\":\"pt-BR\",\"@id\":\"https:\/\/www.blogsoestado.com\/evandrojunior\/2024\/09\/11\/casa-de-eventos-beira-dumar-abre-as-portas-neste-domingo\/#primaryimage\",\"url\":\"https:\/\/www.blogsoestado.com\/evandrojunior\/files\/2024\/09\/WhatsApp-Image-2024-09-11-at-19.47.09-1024x768.jpeg\",\"contentUrl\":\"https:\/\/www.blogsoestado.com\/evandrojunior\/files\/2024\/09\/WhatsApp-Image-2024-09-11-at-19.47.09-1024x768.jpeg\"},{\"@type\":\"BreadcrumbList\",\"@id\":\"https:\/\/www.blogsoestado.com\/evandrojunior\/2024\/09\/11\/casa-de-eventos-beira-dumar-abre-as-portas-neste-domingo\/#breadcrumb\",\"itemListElement\":[{\"@type\":\"ListItem\",\"position\":1,\"name\":\"In\u00edcio\",\"item\":\"https:\/\/www.blogsoestado.com\/evandrojunior\/\"},{\"@type\":\"ListItem\",\"position\":2,\"name\":\"Casa de eventos Beira Dumar abre as portas neste domingo\"}]},{\"@type\":\"WebSite\",\"@id\":\"https:\/\/www.blogsoestado.com\/evandrojunior\/#website\",\"url\":\"https:\/\/www.blogsoestado.com\/evandrojunior\/\",\"name\":\"Evandro Junior\",\"description\":\"\",\"potentialAction\":[{\"@type\":\"SearchAction\",\"target\":{\"@type\":\"EntryPoint\",\"urlTemplate\":\"https:\/\/www.blogsoestado.com\/evandrojunior\/?s={search_term_string}\"},\"query-input\":{\"@type\":\"PropertyValueSpecification\",\"valueRequired\":true,\"valueName\":\"search_term_string\"}}],\"inLanguage\":\"pt-BR\"},{\"@type\":\"Person\",\"@id\":\"https:\/\/www.blogsoestado.com\/evandrojunior\/#\/schema\/person\/3e6c3d8dbb740d1c6878ebc935cfb3be\",\"name\":\"Evandro Junior\",\"image\":{\"@type\":\"ImageObject\",\"inLanguage\":\"pt-BR\",\"@id\":\"https:\/\/www.blogsoestado.com\/evandrojunior\/#\/schema\/person\/image\/\",\"url\":\"https:\/\/secure.gravatar.com\/avatar\/f80a03a2294a580cd2318bfb459bf354cfa8be661ef3d95b542cf9a04af8d129?s=96&d=mm&r=g\",\"contentUrl\":\"https:\/\/secure.gravatar.com\/avatar\/f80a03a2294a580cd2318bfb459bf354cfa8be661ef3d95b542cf9a04af8d129?s=96&d=mm&r=g\",\"caption\":\"Evandro Junior\"},\"url\":\"https:\/\/www.blogsoestado.com\/evandrojunior\/author\/evandrojunior\/\"}]}<\/script>\n<!-- \/ Yoast SEO plugin. -->","yoast_head_json":{"title":"Casa de eventos Beira Dumar abre as portas neste domingo - Evandro Junior","robots":{"index":"index","follow":"follow","max-snippet":"max-snippet:-1","max-image-preview":"max-image-preview:large","max-video-preview":"max-video-preview:-1"},"canonical":"https:\/\/www.blogsoestado.com\/evandrojunior\/2024\/09\/11\/casa-de-eventos-beira-dumar-abre-as-portas-neste-domingo\/","og_locale":"pt_BR","og_type":"article","og_title":"Casa de eventos Beira Dumar abre as portas neste domingo - Evandro Junior","og_description":"S\u00c3O LU\u00cdS &#8211; Depois de cinco anos de espera, muita expectativa e curiosidade, a Pororoca Produ\u00e7\u00f5es inaugura, neste domingo (15), [&hellip;]","og_url":"https:\/\/www.blogsoestado.com\/evandrojunior\/2024\/09\/11\/casa-de-eventos-beira-dumar-abre-as-portas-neste-domingo\/","og_site_name":"Evandro Junior","article_published_time":"2024-09-11T22:54:31+00:00","og_image":[{"url":"https:\/\/www.blogsoestado.com\/evandrojunior\/files\/2024\/09\/WhatsApp-Image-2024-09-11-at-19.47.09-1024x768.jpeg","type":"","width":"","height":""}],"author":"Evandro Junior","twitter_card":"summary_large_image","twitter_misc":{"Escrito por":"Evandro Junior","Est. tempo de leitura":"4 minutos"},"schema":{"@context":"https:\/\/schema.org","@graph":[{"@type":"WebPage","@id":"https:\/\/www.blogsoestado.com\/evandrojunior\/2024\/09\/11\/casa-de-eventos-beira-dumar-abre-as-portas-neste-domingo\/","url":"https:\/\/www.blogsoestado.com\/evandrojunior\/2024\/09\/11\/casa-de-eventos-beira-dumar-abre-as-portas-neste-domingo\/","name":"Casa de eventos Beira Dumar abre as portas neste domingo - Evandro Junior","isPartOf":{"@id":"https:\/\/www.blogsoestado.com\/evandrojunior\/#website"},"primaryImageOfPage":{"@id":"https:\/\/www.blogsoestado.com\/evandrojunior\/2024\/09\/11\/casa-de-eventos-beira-dumar-abre-as-portas-neste-domingo\/#primaryimage"},"image":{"@id":"https:\/\/www.blogsoestado.com\/evandrojunior\/2024\/09\/11\/casa-de-eventos-beira-dumar-abre-as-portas-neste-domingo\/#primaryimage"},"thumbnailUrl":"https:\/\/www.blogsoestado.com\/evandrojunior\/files\/2024\/09\/WhatsApp-Image-2024-09-11-at-19.47.09-1024x768.jpeg","datePublished":"2024-09-11T22:54:31+00:00","author":{"@id":"https:\/\/www.blogsoestado.com\/evandrojunior\/#\/schema\/person\/3e6c3d8dbb740d1c6878ebc935cfb3be"},"breadcrumb":{"@id":"https:\/\/www.blogsoestado.com\/evandrojunior\/2024\/09\/11\/casa-de-eventos-beira-dumar-abre-as-portas-neste-domingo\/#breadcrumb"},"inLanguage":"pt-BR","potentialAction":[{"@type":"ReadAction","target":["https:\/\/www.blogsoestado.com\/evandrojunior\/2024\/09\/11\/casa-de-eventos-beira-dumar-abre-as-portas-neste-domingo\/"]}]},{"@type":"ImageObject","inLanguage":"pt-BR","@id":"https:\/\/www.blogsoestado.com\/evandrojunior\/2024\/09\/11\/casa-de-eventos-beira-dumar-abre-as-portas-neste-domingo\/#primaryimage","url":"https:\/\/www.blogsoestado.com\/evandrojunior\/files\/2024\/09\/WhatsApp-Image-2024-09-11-at-19.47.09-1024x768.jpeg","contentUrl":"https:\/\/www.blogsoestado.com\/evandrojunior\/files\/2024\/09\/WhatsApp-Image-2024-09-11-at-19.47.09-1024x768.jpeg"},{"@type":"BreadcrumbList","@id":"https:\/\/www.blogsoestado.com\/evandrojunior\/2024\/09\/11\/casa-de-eventos-beira-dumar-abre-as-portas-neste-domingo\/#breadcrumb","itemListElement":[{"@type":"ListItem","position":1,"name":"In\u00edcio","item":"https:\/\/www.blogsoestado.com\/evandrojunior\/"},{"@type":"ListItem","position":2,"name":"Casa de eventos Beira Dumar abre as portas neste domingo"}]},{"@type":"WebSite","@id":"https:\/\/www.blogsoestado.com\/evandrojunior\/#website","url":"https:\/\/www.blogsoestado.com\/evandrojunior\/","name":"Evandro Junior","description":"","potentialAction":[{"@type":"SearchAction","target":{"@type":"EntryPoint","urlTemplate":"https:\/\/www.blogsoestado.com\/evandrojunior\/?s={search_term_string}"},"query-input":{"@type":"PropertyValueSpecification","valueRequired":true,"valueName":"search_term_string"}}],"inLanguage":"pt-BR"},{"@type":"Person","@id":"https:\/\/www.blogsoestado.com\/evandrojunior\/#\/schema\/person\/3e6c3d8dbb740d1c6878ebc935cfb3be","name":"Evandro Junior","image":{"@type":"ImageObject","inLanguage":"pt-BR","@id":"https:\/\/www.blogsoestado.com\/evandrojunior\/#\/schema\/person\/image\/","url":"https:\/\/secure.gravatar.com\/avatar\/f80a03a2294a580cd2318bfb459bf354cfa8be661ef3d95b542cf9a04af8d129?s=96&d=mm&r=g","contentUrl":"https:\/\/secure.gravatar.com\/avatar\/f80a03a2294a580cd2318bfb459bf354cfa8be661ef3d95b542cf9a04af8d129?s=96&d=mm&r=g","caption":"Evandro Junior"},"url":"https:\/\/www.blogsoestado.com\/evandrojunior\/author\/evandrojunior\/"}]}},"jetpack_featured_media_url":"","_links":{"self":[{"href":"https:\/\/www.blogsoestado.com\/evandrojunior\/wp-json\/wp\/v2\/posts\/12979","targetHints":{"allow":["GET"]}}],"collection":[{"href":"https:\/\/www.blogsoestado.com\/evandrojunior\/wp-json\/wp\/v2\/posts"}],"about":[{"href":"https:\/\/www.blogsoestado.com\/evandrojunior\/wp-json\/wp\/v2\/types\/post"}],"author":[{"embeddable":true,"href":"https:\/\/www.blogsoestado.com\/evandrojunior\/wp-json\/wp\/v2\/users\/4"}],"replies":[{"embeddable":true,"href":"https:\/\/www.blogsoestado.com\/evandrojunior\/wp-json\/wp\/v2\/comments?post=12979"}],"version-history":[{"count":0,"href":"https:\/\/www.blogsoestado.com\/evandrojunior\/wp-json\/wp\/v2\/posts\/12979\/revisions"}],"wp:attachment":[{"href":"https:\/\/www.blogsoestado.com\/evandrojunior\/wp-json\/wp\/v2\/media?parent=12979"}],"wp:term":[{"taxonomy":"category","embeddable":true,"href":"https:\/\/www.blogsoestado.com\/evandrojunior\/wp-json\/wp\/v2\/categories?post=12979"},{"taxonomy":"post_tag","embeddable":true,"href":"https:\/\/www.blogsoestado.com\/evandrojunior\/wp-json\/wp\/v2\/tags?post=12979"}],"curies":[{"name":"wp","href":"https:\/\/api.w.org\/{rel}","templated":true}]}}