{"id":12991,"date":"2024-09-11T21:05:23","date_gmt":"2024-09-12T00:05:23","guid":{"rendered":"https:\/\/www.blogsoestado.com\/evandrojunior\/?p=12991"},"modified":"2024-09-11T21:05:23","modified_gmt":"2024-09-12T00:05:23","slug":"equatorial-lanca-edital-de-projetos-com-r-27-milhoes","status":"publish","type":"post","link":"https:\/\/www.blogsoestado.com\/evandrojunior\/2024\/09\/11\/equatorial-lanca-edital-de-projetos-com-r-27-milhoes\/","title":{"rendered":"Equatorial lan\u00e7a edital de projetos com R$ 27 milh\u00f5es"},"content":{"rendered":"\n<div class=\"wp-block-image\"><figure class=\"aligncenter size-large is-resized\"><img fetchpriority=\"high\" decoding=\"async\" src=\"https:\/\/www.blogsoestado.com\/evandrojunior\/files\/2024\/09\/WhatsApp-Image-2024-09-11-at-10.01.33-1024x678.jpeg\" alt=\"\" class=\"wp-image-12992\" width=\"505\" height=\"334\"\/><figcaption><strong>Iniciativa busca selecionar projetos inovadores que promovam a efici\u00eancia energ\u00e9tica e combatam o desperd\u00edcio de energia<\/strong><\/figcaption><\/figure><\/div>\n\n\n\n<p><strong>S\u00c3O LU\u00cdS <\/strong>&#8211; O Grupo Equatorial Energia anuncia o lan\u00e7amento do Edital da Chamada P\u00fablica de Projetos 2024 do Programa de Efici\u00eancia Energ\u00e9tica (PEE), oferecendo mais de R$ 27 milh\u00f5es em investimentos. A iniciativa busca selecionar projetos inovadores que promovam a efici\u00eancia energ\u00e9tica e combatam o desperd\u00edcio de energia, contribuindo para o desenvolvimento sustent\u00e1vel nas \u00e1reas de concess\u00e3o do grupo.<\/p>\n\n\n\n<p>As inscri\u00e7\u00f5es j\u00e1 est\u00e3o abertas e os interessados t\u00eam at\u00e9 28 de outubro de 2024 para submeter suas propostas por meio do portal oficial da Chamada P\u00fablica. Entre os setores contemplados est\u00e3o ilumina\u00e7\u00e3o p\u00fablica, com\u00e9rcio, servi\u00e7os e o poder p\u00fablico. <\/p>\n\n\n\n<p>\u201cA Chamada P\u00fablica de Projetos 2024 \u00e9 uma oportunidade \u00fanica para empresas e institui\u00e7\u00f5es implementarem a\u00e7\u00f5es que n\u00e3o s\u00f3 reduzem o consumo de energia, mas tamb\u00e9m trazem benef\u00edcios econ\u00f4micos e sociais para as comunidades atendidas\u201d, afirma Bruno Rocha, gerente do PEE e PDI no Grupo Equatorial.<\/p>\n\n\n\n<p><strong>Workshop <\/strong><\/p>\n\n\n\n<p>Para orientar os participantes, a Equatorial vai realizar o workshop sobre a Chamada P\u00fablica do Programa de Efici\u00eancia Energ\u00e9tica, de forma on-line e presencial, via inscri\u00e7\u00e3o, com vagas limitadas, no dia 24 de setembro de 2024, que abordar\u00e1 as especifica\u00e7\u00f5es do edital, crit\u00e9rios de sele\u00e7\u00e3o e o uso do portal de submiss\u00e3o. De forma presencial, o evento ser\u00e1 \u00e0s 9h, no audit\u00f3rio do EQT Lab, na Rua do Giz, 139, no Centro de S\u00e3o Lu\u00eds. J\u00e1 de forma on-line, ser\u00e1 \u00e0s 9h30, via Teams.<\/p>\n\n\n\n<p>O evento \u00e9 gratuito, aberto a empresas especializadas e clientes eleg\u00edveis da Equatorial, onde ser\u00e3o esclarecidas d\u00favidas e apresentadas informa\u00e7\u00f5es sobre o processo que disponibilizar\u00e1 mais de 27 milh\u00f5es de reais para beneficiar projetos de efici\u00eancia energ\u00e9tica. No Maranh\u00e3o, a Chamada P\u00fablica ter\u00e1 o investimento de 4 milh\u00f5es de reais, distribu\u00eddos nos setores de Com\u00e9rcio e Servi\u00e7o, Poder P\u00fablico e Ilumina\u00e7\u00e3o P\u00fablica.<\/p>\n\n\n\n<p>Link para inscri\u00e7\u00f5es: <strong><a href=\"https:\/\/www.sympla.com.br\/evento\/workshop-chamada-publica-do-programa-de-eficiencia-energetica-grupo-equatorial\/2630400\">CLIQUE AQUI<\/a><\/strong><\/p>\n","protected":false},"excerpt":{"rendered":"<p>S\u00c3O LU\u00cdS &#8211; O Grupo Equatorial Energia anuncia o lan\u00e7amento do Edital da Chamada P\u00fablica de Projetos 2024 do Programa [&hellip;]<\/p>\n","protected":false},"author":4,"featured_media":0,"comment_status":"open","ping_status":"open","sticky":false,"template":"","format":"standard","meta":{"site-sidebar-layout":"default","site-content-layout":"","ast-site-content-layout":"default","site-content-style":"default","site-sidebar-style":"default","ast-global-header-display":"","ast-banner-title-visibility":"","ast-main-header-display":"","ast-hfb-above-header-display":"","ast-hfb-below-header-display":"","ast-hfb-mobile-header-display":"","site-post-title":"","ast-breadcrumbs-content":"","ast-featured-img":"","footer-sml-layout":"","ast-disable-related-posts":"","theme-transparent-header-meta":"","adv-header-id-meta":"","stick-header-meta":"","header-above-stick-meta":"","header-main-stick-meta":"","header-below-stick-meta":"","astra-migrate-meta-layouts":"default","ast-page-background-enabled":"default","ast-page-background-meta":{"desktop":{"background-color":"var(--ast-global-color-5)","background-image":"","background-repeat":"repeat","background-position":"center center","background-size":"auto","background-attachment":"scroll","background-type":"","background-media":"","overlay-type":"","overlay-color":"","overlay-opacity":"","overlay-gradient":""},"tablet":{"background-color":"","background-image":"","background-repeat":"repeat","background-position":"center center","background-size":"auto","background-attachment":"scroll","background-type":"","background-media":"","overlay-type":"","overlay-color":"","overlay-opacity":"","overlay-gradient":""},"mobile":{"background-color":"","background-image":"","background-repeat":"repeat","background-position":"center center","background-size":"auto","background-attachment":"scroll","background-type":"","background-media":"","overlay-type":"","overlay-color":"","overlay-opacity":"","overlay-gradient":""}},"ast-content-background-meta":{"desktop":{"background-color":"var(--ast-global-color-4)","background-image":"","background-repeat":"repeat","background-position":"center center","background-size":"auto","background-attachment":"scroll","background-type":"","background-media":"","overlay-type":"","overlay-color":"","overlay-opacity":"","overlay-gradient":""},"tablet":{"background-color":"var(--ast-global-color-4)","background-image":"","background-repeat":"repeat","background-position":"center center","background-size":"auto","background-attachment":"scroll","background-type":"","background-media":"","overlay-type":"","overlay-color":"","overlay-opacity":"","overlay-gradient":""},"mobile":{"background-color":"var(--ast-global-color-4)","background-image":"","background-repeat":"repeat","background-position":"center center","background-size":"auto","background-attachment":"scroll","background-type":"","background-media":"","overlay-type":"","overlay-color":"","overlay-opacity":"","overlay-gradient":""}},"footnotes":""},"categories":[1],"tags":[],"class_list":["post-12991","post","type-post","status-publish","format-standard","hentry","category-sem-categoria"],"yoast_head":"<!-- This site is optimized with the Yoast SEO plugin v26.6 - https:\/\/yoast.com\/wordpress\/plugins\/seo\/ -->\n<title>Equatorial lan\u00e7a edital de projetos com R$ 27 milh\u00f5es - Evandro Junior<\/title>\n<meta name=\"robots\" content=\"index, follow, max-snippet:-1, max-image-preview:large, max-video-preview:-1\" \/>\n<link rel=\"canonical\" href=\"https:\/\/www.blogsoestado.com\/evandrojunior\/2024\/09\/11\/equatorial-lanca-edital-de-projetos-com-r-27-milhoes\/\" \/>\n<meta property=\"og:locale\" content=\"pt_BR\" \/>\n<meta property=\"og:type\" content=\"article\" \/>\n<meta property=\"og:title\" content=\"Equatorial lan\u00e7a edital de projetos com R$ 27 milh\u00f5es - Evandro Junior\" \/>\n<meta property=\"og:description\" content=\"S\u00c3O LU\u00cdS &#8211; O Grupo Equatorial Energia anuncia o lan\u00e7amento do Edital da Chamada P\u00fablica de Projetos 2024 do Programa [&hellip;]\" \/>\n<meta property=\"og:url\" content=\"https:\/\/www.blogsoestado.com\/evandrojunior\/2024\/09\/11\/equatorial-lanca-edital-de-projetos-com-r-27-milhoes\/\" \/>\n<meta property=\"og:site_name\" content=\"Evandro Junior\" \/>\n<meta property=\"article:published_time\" content=\"2024-09-12T00:05:23+00:00\" \/>\n<meta property=\"og:image\" content=\"https:\/\/www.blogsoestado.com\/evandrojunior\/files\/2024\/09\/WhatsApp-Image-2024-09-11-at-10.01.33-1024x678.jpeg\" \/>\n<meta name=\"author\" content=\"Evandro Junior\" \/>\n<meta name=\"twitter:card\" content=\"summary_large_image\" \/>\n<meta name=\"twitter:label1\" content=\"Escrito por\" \/>\n\t<meta name=\"twitter:data1\" content=\"Evandro Junior\" \/>\n\t<meta name=\"twitter:label2\" content=\"Est. tempo de leitura\" \/>\n\t<meta name=\"twitter:data2\" content=\"2 minutos\" \/>\n<script type=\"application\/ld+json\" class=\"yoast-schema-graph\">{\"@context\":\"https:\/\/schema.org\",\"@graph\":[{\"@type\":\"WebPage\",\"@id\":\"https:\/\/www.blogsoestado.com\/evandrojunior\/2024\/09\/11\/equatorial-lanca-edital-de-projetos-com-r-27-milhoes\/\",\"url\":\"https:\/\/www.blogsoestado.com\/evandrojunior\/2024\/09\/11\/equatorial-lanca-edital-de-projetos-com-r-27-milhoes\/\",\"name\":\"Equatorial lan\u00e7a edital de projetos com R$ 27 milh\u00f5es - Evandro Junior\",\"isPartOf\":{\"@id\":\"https:\/\/www.blogsoestado.com\/evandrojunior\/#website\"},\"primaryImageOfPage\":{\"@id\":\"https:\/\/www.blogsoestado.com\/evandrojunior\/2024\/09\/11\/equatorial-lanca-edital-de-projetos-com-r-27-milhoes\/#primaryimage\"},\"image\":{\"@id\":\"https:\/\/www.blogsoestado.com\/evandrojunior\/2024\/09\/11\/equatorial-lanca-edital-de-projetos-com-r-27-milhoes\/#primaryimage\"},\"thumbnailUrl\":\"https:\/\/www.blogsoestado.com\/evandrojunior\/files\/2024\/09\/WhatsApp-Image-2024-09-11-at-10.01.33-1024x678.jpeg\",\"datePublished\":\"2024-09-12T00:05:23+00:00\",\"author\":{\"@id\":\"https:\/\/www.blogsoestado.com\/evandrojunior\/#\/schema\/person\/3e6c3d8dbb740d1c6878ebc935cfb3be\"},\"breadcrumb\":{\"@id\":\"https:\/\/www.blogsoestado.com\/evandrojunior\/2024\/09\/11\/equatorial-lanca-edital-de-projetos-com-r-27-milhoes\/#breadcrumb\"},\"inLanguage\":\"pt-BR\",\"potentialAction\":[{\"@type\":\"ReadAction\",\"target\":[\"https:\/\/www.blogsoestado.com\/evandrojunior\/2024\/09\/11\/equatorial-lanca-edital-de-projetos-com-r-27-milhoes\/\"]}]},{\"@type\":\"ImageObject\",\"inLanguage\":\"pt-BR\",\"@id\":\"https:\/\/www.blogsoestado.com\/evandrojunior\/2024\/09\/11\/equatorial-lanca-edital-de-projetos-com-r-27-milhoes\/#primaryimage\",\"url\":\"https:\/\/www.blogsoestado.com\/evandrojunior\/files\/2024\/09\/WhatsApp-Image-2024-09-11-at-10.01.33-1024x678.jpeg\",\"contentUrl\":\"https:\/\/www.blogsoestado.com\/evandrojunior\/files\/2024\/09\/WhatsApp-Image-2024-09-11-at-10.01.33-1024x678.jpeg\"},{\"@type\":\"BreadcrumbList\",\"@id\":\"https:\/\/www.blogsoestado.com\/evandrojunior\/2024\/09\/11\/equatorial-lanca-edital-de-projetos-com-r-27-milhoes\/#breadcrumb\",\"itemListElement\":[{\"@type\":\"ListItem\",\"position\":1,\"name\":\"In\u00edcio\",\"item\":\"https:\/\/www.blogsoestado.com\/evandrojunior\/\"},{\"@type\":\"ListItem\",\"position\":2,\"name\":\"Equatorial lan\u00e7a edital de projetos com R$ 27 milh\u00f5es\"}]},{\"@type\":\"WebSite\",\"@id\":\"https:\/\/www.blogsoestado.com\/evandrojunior\/#website\",\"url\":\"https:\/\/www.blogsoestado.com\/evandrojunior\/\",\"name\":\"Evandro Junior\",\"description\":\"\",\"potentialAction\":[{\"@type\":\"SearchAction\",\"target\":{\"@type\":\"EntryPoint\",\"urlTemplate\":\"https:\/\/www.blogsoestado.com\/evandrojunior\/?s={search_term_string}\"},\"query-input\":{\"@type\":\"PropertyValueSpecification\",\"valueRequired\":true,\"valueName\":\"search_term_string\"}}],\"inLanguage\":\"pt-BR\"},{\"@type\":\"Person\",\"@id\":\"https:\/\/www.blogsoestado.com\/evandrojunior\/#\/schema\/person\/3e6c3d8dbb740d1c6878ebc935cfb3be\",\"name\":\"Evandro Junior\",\"image\":{\"@type\":\"ImageObject\",\"inLanguage\":\"pt-BR\",\"@id\":\"https:\/\/www.blogsoestado.com\/evandrojunior\/#\/schema\/person\/image\/\",\"url\":\"https:\/\/secure.gravatar.com\/avatar\/f80a03a2294a580cd2318bfb459bf354cfa8be661ef3d95b542cf9a04af8d129?s=96&d=mm&r=g\",\"contentUrl\":\"https:\/\/secure.gravatar.com\/avatar\/f80a03a2294a580cd2318bfb459bf354cfa8be661ef3d95b542cf9a04af8d129?s=96&d=mm&r=g\",\"caption\":\"Evandro Junior\"},\"url\":\"https:\/\/www.blogsoestado.com\/evandrojunior\/author\/evandrojunior\/\"}]}<\/script>\n<!-- \/ Yoast SEO plugin. -->","yoast_head_json":{"title":"Equatorial lan\u00e7a edital de projetos com R$ 27 milh\u00f5es - Evandro Junior","robots":{"index":"index","follow":"follow","max-snippet":"max-snippet:-1","max-image-preview":"max-image-preview:large","max-video-preview":"max-video-preview:-1"},"canonical":"https:\/\/www.blogsoestado.com\/evandrojunior\/2024\/09\/11\/equatorial-lanca-edital-de-projetos-com-r-27-milhoes\/","og_locale":"pt_BR","og_type":"article","og_title":"Equatorial lan\u00e7a edital de projetos com R$ 27 milh\u00f5es - Evandro Junior","og_description":"S\u00c3O LU\u00cdS &#8211; O Grupo Equatorial Energia anuncia o lan\u00e7amento do Edital da Chamada P\u00fablica de Projetos 2024 do Programa [&hellip;]","og_url":"https:\/\/www.blogsoestado.com\/evandrojunior\/2024\/09\/11\/equatorial-lanca-edital-de-projetos-com-r-27-milhoes\/","og_site_name":"Evandro Junior","article_published_time":"2024-09-12T00:05:23+00:00","og_image":[{"url":"https:\/\/www.blogsoestado.com\/evandrojunior\/files\/2024\/09\/WhatsApp-Image-2024-09-11-at-10.01.33-1024x678.jpeg","type":"","width":"","height":""}],"author":"Evandro Junior","twitter_card":"summary_large_image","twitter_misc":{"Escrito por":"Evandro Junior","Est. tempo de leitura":"2 minutos"},"schema":{"@context":"https:\/\/schema.org","@graph":[{"@type":"WebPage","@id":"https:\/\/www.blogsoestado.com\/evandrojunior\/2024\/09\/11\/equatorial-lanca-edital-de-projetos-com-r-27-milhoes\/","url":"https:\/\/www.blogsoestado.com\/evandrojunior\/2024\/09\/11\/equatorial-lanca-edital-de-projetos-com-r-27-milhoes\/","name":"Equatorial lan\u00e7a edital de projetos com R$ 27 milh\u00f5es - Evandro Junior","isPartOf":{"@id":"https:\/\/www.blogsoestado.com\/evandrojunior\/#website"},"primaryImageOfPage":{"@id":"https:\/\/www.blogsoestado.com\/evandrojunior\/2024\/09\/11\/equatorial-lanca-edital-de-projetos-com-r-27-milhoes\/#primaryimage"},"image":{"@id":"https:\/\/www.blogsoestado.com\/evandrojunior\/2024\/09\/11\/equatorial-lanca-edital-de-projetos-com-r-27-milhoes\/#primaryimage"},"thumbnailUrl":"https:\/\/www.blogsoestado.com\/evandrojunior\/files\/2024\/09\/WhatsApp-Image-2024-09-11-at-10.01.33-1024x678.jpeg","datePublished":"2024-09-12T00:05:23+00:00","author":{"@id":"https:\/\/www.blogsoestado.com\/evandrojunior\/#\/schema\/person\/3e6c3d8dbb740d1c6878ebc935cfb3be"},"breadcrumb":{"@id":"https:\/\/www.blogsoestado.com\/evandrojunior\/2024\/09\/11\/equatorial-lanca-edital-de-projetos-com-r-27-milhoes\/#breadcrumb"},"inLanguage":"pt-BR","potentialAction":[{"@type":"ReadAction","target":["https:\/\/www.blogsoestado.com\/evandrojunior\/2024\/09\/11\/equatorial-lanca-edital-de-projetos-com-r-27-milhoes\/"]}]},{"@type":"ImageObject","inLanguage":"pt-BR","@id":"https:\/\/www.blogsoestado.com\/evandrojunior\/2024\/09\/11\/equatorial-lanca-edital-de-projetos-com-r-27-milhoes\/#primaryimage","url":"https:\/\/www.blogsoestado.com\/evandrojunior\/files\/2024\/09\/WhatsApp-Image-2024-09-11-at-10.01.33-1024x678.jpeg","contentUrl":"https:\/\/www.blogsoestado.com\/evandrojunior\/files\/2024\/09\/WhatsApp-Image-2024-09-11-at-10.01.33-1024x678.jpeg"},{"@type":"BreadcrumbList","@id":"https:\/\/www.blogsoestado.com\/evandrojunior\/2024\/09\/11\/equatorial-lanca-edital-de-projetos-com-r-27-milhoes\/#breadcrumb","itemListElement":[{"@type":"ListItem","position":1,"name":"In\u00edcio","item":"https:\/\/www.blogsoestado.com\/evandrojunior\/"},{"@type":"ListItem","position":2,"name":"Equatorial lan\u00e7a edital de projetos com R$ 27 milh\u00f5es"}]},{"@type":"WebSite","@id":"https:\/\/www.blogsoestado.com\/evandrojunior\/#website","url":"https:\/\/www.blogsoestado.com\/evandrojunior\/","name":"Evandro Junior","description":"","potentialAction":[{"@type":"SearchAction","target":{"@type":"EntryPoint","urlTemplate":"https:\/\/www.blogsoestado.com\/evandrojunior\/?s={search_term_string}"},"query-input":{"@type":"PropertyValueSpecification","valueRequired":true,"valueName":"search_term_string"}}],"inLanguage":"pt-BR"},{"@type":"Person","@id":"https:\/\/www.blogsoestado.com\/evandrojunior\/#\/schema\/person\/3e6c3d8dbb740d1c6878ebc935cfb3be","name":"Evandro Junior","image":{"@type":"ImageObject","inLanguage":"pt-BR","@id":"https:\/\/www.blogsoestado.com\/evandrojunior\/#\/schema\/person\/image\/","url":"https:\/\/secure.gravatar.com\/avatar\/f80a03a2294a580cd2318bfb459bf354cfa8be661ef3d95b542cf9a04af8d129?s=96&d=mm&r=g","contentUrl":"https:\/\/secure.gravatar.com\/avatar\/f80a03a2294a580cd2318bfb459bf354cfa8be661ef3d95b542cf9a04af8d129?s=96&d=mm&r=g","caption":"Evandro Junior"},"url":"https:\/\/www.blogsoestado.com\/evandrojunior\/author\/evandrojunior\/"}]}},"jetpack_featured_media_url":"","_links":{"self":[{"href":"https:\/\/www.blogsoestado.com\/evandrojunior\/wp-json\/wp\/v2\/posts\/12991","targetHints":{"allow":["GET"]}}],"collection":[{"href":"https:\/\/www.blogsoestado.com\/evandrojunior\/wp-json\/wp\/v2\/posts"}],"about":[{"href":"https:\/\/www.blogsoestado.com\/evandrojunior\/wp-json\/wp\/v2\/types\/post"}],"author":[{"embeddable":true,"href":"https:\/\/www.blogsoestado.com\/evandrojunior\/wp-json\/wp\/v2\/users\/4"}],"replies":[{"embeddable":true,"href":"https:\/\/www.blogsoestado.com\/evandrojunior\/wp-json\/wp\/v2\/comments?post=12991"}],"version-history":[{"count":0,"href":"https:\/\/www.blogsoestado.com\/evandrojunior\/wp-json\/wp\/v2\/posts\/12991\/revisions"}],"wp:attachment":[{"href":"https:\/\/www.blogsoestado.com\/evandrojunior\/wp-json\/wp\/v2\/media?parent=12991"}],"wp:term":[{"taxonomy":"category","embeddable":true,"href":"https:\/\/www.blogsoestado.com\/evandrojunior\/wp-json\/wp\/v2\/categories?post=12991"},{"taxonomy":"post_tag","embeddable":true,"href":"https:\/\/www.blogsoestado.com\/evandrojunior\/wp-json\/wp\/v2\/tags?post=12991"}],"curies":[{"name":"wp","href":"https:\/\/api.w.org\/{rel}","templated":true}]}}