{"id":12999,"date":"2024-09-12T10:56:46","date_gmt":"2024-09-12T13:56:46","guid":{"rendered":"https:\/\/www.blogsoestado.com\/evandrojunior\/?p=12999"},"modified":"2024-09-12T10:56:46","modified_gmt":"2024-09-12T13:56:46","slug":"brasil-pode-ter-numero-crescente-de-criancas-obesas-ate-2035","status":"publish","type":"post","link":"https:\/\/www.blogsoestado.com\/evandrojunior\/2024\/09\/12\/brasil-pode-ter-numero-crescente-de-criancas-obesas-ate-2035\/","title":{"rendered":"Brasil pode ter n\u00famero crescente de crian\u00e7as obesas at\u00e9 2035"},"content":{"rendered":"\n<div class=\"wp-block-image\"><figure class=\"aligncenter is-resized\"><img fetchpriority=\"high\" decoding=\"async\" src=\"https:\/\/assets.folhavitoria.com.br\/images\/7397ba00-7eec-0136-3904-6231c35b6685--minified.jpg\" alt=\"Alarmante: Mais de 41 milh\u00f5es de crian\u00e7as est\u00e3o obesas! - Posts | ACT BR\" width=\"488\" height=\"325\"\/><\/figure><\/div>\n\n\n\n<p><strong>S\u00c3O LU\u00cdS<\/strong> &#8211; O Brasil pode ter at\u00e9 50% das crian\u00e7as e adolescentes entre 5 e 19 anos com obesidade ou sobrepeso at\u00e9 2035. \u00c9 o que aponta o Atlas Mundial da Obesidade 2024, lan\u00e7ado pela Federa\u00e7\u00e3o Mundial de Obesidade. O documento traz dados atuais sobre a doen\u00e7a no mundo e as proje\u00e7\u00f5es para os pr\u00f3ximos anos.<\/p>\n\n\n\n<p>A taxa anual de crescimento da obesidade em crian\u00e7as e adolescentes brasileiros at\u00e9 2035 dever\u00e1 ser de 1,8%. A preval\u00eancia de crian\u00e7as e adolescentes com \u00cdndice de Massa Corporal elevado era de 34% em 2020, com mais de 15 milh\u00f5es de afetados. Em 2035, a proje\u00e7\u00e3o \u00e9 de que essa taxa chegue a 50%, com mais de 20 milh\u00f5es de crian\u00e7as e adolescentes obesos ou com sobrepeso.<\/p>\n\n\n\n<p>Segundo o m\u00e9dico H\u00e9rquimas Pereira, cirurgi\u00e3o do aparelho digestivo e que atende na Cl\u00ednica Idiagn\u00f3stica, em S\u00e3o Lu\u00eds (MA), com unidades no Centro e Cidade Oper\u00e1ria, a preven\u00e7\u00e3o da obesidade deve ser a principal estrat\u00e9gia adotada a n\u00edvel global, al\u00e9m de aumentar o acesso a tratamentos, como medicamentos antiobesidade e cirurgia. <\/p>\n\n\n\n<p>\u201cS\u00e3o muitos os fatores, mas a preven\u00e7\u00e3o \u00e9 feita se comendo melhor, dormindo-se melhor, ficando longe das telas e tendo menos estresse, em outras coisas. Em resumo, \u00e9 preciso fazer uma higiene da vida, no geral\u201d, diz H\u00e9rquimas Pereira.<\/p>\n\n\n\n<div class=\"wp-block-image\"><figure class=\"aligncenter size-large is-resized\"><img decoding=\"async\" src=\"https:\/\/www.blogsoestado.com\/evandrojunior\/files\/2024\/09\/WhatsApp-Image-2024-08-20-at-11.22.38-1024x768.jpeg\" alt=\"\" class=\"wp-image-13002\" width=\"536\" height=\"403\"\/><figcaption><strong>M\u00e9dico H\u00e9rquimas Pereira frisa que, em se tratando de crian\u00e7as e adolescentes, o mais indicado \u00e9 a realiza\u00e7\u00e3o da cirurgia bari\u00e1trica a partir dos 14 anos. <\/strong><\/figcaption><\/figure><\/div>\n\n\n\n<p>H\u00e9rquimas Pereira frisa que a primeira op\u00e7\u00e3o de tratamento para obesidade infantil, recomendada pela Sociedade Brasileira de Cirurgia Bari\u00e1trica e Metab\u00f3lica, \u00e9 uma mudan\u00e7a no quadro nutricional e de atividades f\u00edsicas da crian\u00e7a, tornando-as regulares e equilibradas. Isto porque, normalmente, conforme ele, a obesidade infantil \u00e9 causada por problemas comportamentais, mentais ou gen\u00e9ticos, e o tratamento enquanto cirurgia vai cuidar somente do sintoma e n\u00e3o da raiz do problema.<\/p>\n\n\n\n<p>A funcion\u00e1ria p\u00fablica F\u00e1tima Galv\u00e3o conta que at\u00e9 hoje luta com a neta, j\u00e1 adulta, mas que desde crian\u00e7a teve sobrepeso, chegando a fazer a cirurgia bari\u00e1trica. Ela diz que o processo n\u00e3o foi f\u00e1cil, mas a diferen\u00e7a foi bastante grande. <\/p>\n\n\n\n<p>\u201cNo entanto, indico a todas as m\u00e3es que submetam seus filhos a uma cirurgia desse tipo que procedam ao acompanhamento m\u00e9dico constante depois da cirurgia, para que n\u00e3o apare\u00e7am complica\u00e7\u00f5es. Al\u00e9m disso, \u00e9 importante manter a atividade f\u00edsica e os h\u00e1bitos saud\u00e1veis\u201d, frisou.\u00a0<\/p>\n\n\n\n<p>H\u00e9rquimas Pereira ressalta que pessoas diagnosticadas com obesidade m\u00f3rbida s\u00e3o indicadas para a cirurgia bari\u00e1trica. O mais indicado \u00e9 a realiza\u00e7\u00e3o dessa cirurgia a partir dos 14 anos. A primeira op\u00e7\u00e3o de tratamento para obesidade infantil, recomendada pela Sociedade Brasileira de Cirurgia Bari\u00e1trica e Metab\u00f3lica, \u00e9 uma mudan\u00e7a no quadro nutricional e de atividades f\u00edsicas da crian\u00e7a, tornando-as regulares e equilibradas.\u00a0<\/p>\n\n\n\n<p>Caso a primeira op\u00e7\u00e3o n\u00e3o fa\u00e7a efeito, \u00e9 poss\u00edvel analisar novas alternativas, como cirurgias menos invasivas para oferecer mais seguran\u00e7a ao paciente. \u201cQuando a crian\u00e7a se encontra com a obesidade grau tr\u00eas, pode-se considerar a cirurgia bari\u00e1trica, se os riscos forem menores do que conviver com a obesidade. Na avalia\u00e7\u00e3o, todas as fases s\u00e3o levadas em considera\u00e7\u00e3o, como o p\u00f3s- operat\u00f3rio e o acompanhamento com a equipe multidisciplinar\u201d, explicou H\u00e9rquimas Pereira.\u00a0<\/p>\n","protected":false},"excerpt":{"rendered":"<p>S\u00c3O LU\u00cdS &#8211; O Brasil pode ter at\u00e9 50% das crian\u00e7as e adolescentes entre 5 e 19 anos com obesidade [&hellip;]<\/p>\n","protected":false},"author":4,"featured_media":0,"comment_status":"open","ping_status":"open","sticky":false,"template":"","format":"standard","meta":{"site-sidebar-layout":"default","site-content-layout":"","ast-site-content-layout":"default","site-content-style":"default","site-sidebar-style":"default","ast-global-header-display":"","ast-banner-title-visibility":"","ast-main-header-display":"","ast-hfb-above-header-display":"","ast-hfb-below-header-display":"","ast-hfb-mobile-header-display":"","site-post-title":"","ast-breadcrumbs-content":"","ast-featured-img":"","footer-sml-layout":"","ast-disable-related-posts":"","theme-transparent-header-meta":"","adv-header-id-meta":"","stick-header-meta":"","header-above-stick-meta":"","header-main-stick-meta":"","header-below-stick-meta":"","astra-migrate-meta-layouts":"default","ast-page-background-enabled":"default","ast-page-background-meta":{"desktop":{"background-color":"var(--ast-global-color-5)","background-image":"","background-repeat":"repeat","background-position":"center center","background-size":"auto","background-attachment":"scroll","background-type":"","background-media":"","overlay-type":"","overlay-color":"","overlay-opacity":"","overlay-gradient":""},"tablet":{"background-color":"","background-image":"","background-repeat":"repeat","background-position":"center center","background-size":"auto","background-attachment":"scroll","background-type":"","background-media":"","overlay-type":"","overlay-color":"","overlay-opacity":"","overlay-gradient":""},"mobile":{"background-color":"","background-image":"","background-repeat":"repeat","background-position":"center center","background-size":"auto","background-attachment":"scroll","background-type":"","background-media":"","overlay-type":"","overlay-color":"","overlay-opacity":"","overlay-gradient":""}},"ast-content-background-meta":{"desktop":{"background-color":"var(--ast-global-color-4)","background-image":"","background-repeat":"repeat","background-position":"center center","background-size":"auto","background-attachment":"scroll","background-type":"","background-media":"","overlay-type":"","overlay-color":"","overlay-opacity":"","overlay-gradient":""},"tablet":{"background-color":"var(--ast-global-color-4)","background-image":"","background-repeat":"repeat","background-position":"center center","background-size":"auto","background-attachment":"scroll","background-type":"","background-media":"","overlay-type":"","overlay-color":"","overlay-opacity":"","overlay-gradient":""},"mobile":{"background-color":"var(--ast-global-color-4)","background-image":"","background-repeat":"repeat","background-position":"center center","background-size":"auto","background-attachment":"scroll","background-type":"","background-media":"","overlay-type":"","overlay-color":"","overlay-opacity":"","overlay-gradient":""}},"footnotes":""},"categories":[1],"tags":[],"class_list":["post-12999","post","type-post","status-publish","format-standard","hentry","category-sem-categoria"],"yoast_head":"<!-- This site is optimized with the Yoast SEO plugin v26.6 - https:\/\/yoast.com\/wordpress\/plugins\/seo\/ -->\n<title>Brasil pode ter n\u00famero crescente de crian\u00e7as obesas at\u00e9 2035 - Evandro Junior<\/title>\n<meta name=\"robots\" content=\"index, follow, max-snippet:-1, max-image-preview:large, max-video-preview:-1\" \/>\n<link rel=\"canonical\" href=\"https:\/\/www.blogsoestado.com\/evandrojunior\/2024\/09\/12\/brasil-pode-ter-numero-crescente-de-criancas-obesas-ate-2035\/\" \/>\n<meta property=\"og:locale\" content=\"pt_BR\" \/>\n<meta property=\"og:type\" content=\"article\" \/>\n<meta property=\"og:title\" content=\"Brasil pode ter n\u00famero crescente de crian\u00e7as obesas at\u00e9 2035 - Evandro Junior\" \/>\n<meta property=\"og:description\" content=\"S\u00c3O LU\u00cdS &#8211; O Brasil pode ter at\u00e9 50% das crian\u00e7as e adolescentes entre 5 e 19 anos com obesidade [&hellip;]\" \/>\n<meta property=\"og:url\" content=\"https:\/\/www.blogsoestado.com\/evandrojunior\/2024\/09\/12\/brasil-pode-ter-numero-crescente-de-criancas-obesas-ate-2035\/\" \/>\n<meta property=\"og:site_name\" content=\"Evandro Junior\" \/>\n<meta property=\"article:published_time\" content=\"2024-09-12T13:56:46+00:00\" \/>\n<meta property=\"og:image\" content=\"https:\/\/assets.folhavitoria.com.br\/images\/7397ba00-7eec-0136-3904-6231c35b6685--minified.jpg\" \/>\n<meta name=\"author\" content=\"Evandro Junior\" \/>\n<meta name=\"twitter:card\" content=\"summary_large_image\" \/>\n<meta name=\"twitter:label1\" content=\"Escrito por\" \/>\n\t<meta name=\"twitter:data1\" content=\"Evandro Junior\" \/>\n\t<meta name=\"twitter:label2\" content=\"Est. tempo de leitura\" \/>\n\t<meta name=\"twitter:data2\" content=\"3 minutos\" \/>\n<script type=\"application\/ld+json\" class=\"yoast-schema-graph\">{\"@context\":\"https:\/\/schema.org\",\"@graph\":[{\"@type\":\"WebPage\",\"@id\":\"https:\/\/www.blogsoestado.com\/evandrojunior\/2024\/09\/12\/brasil-pode-ter-numero-crescente-de-criancas-obesas-ate-2035\/\",\"url\":\"https:\/\/www.blogsoestado.com\/evandrojunior\/2024\/09\/12\/brasil-pode-ter-numero-crescente-de-criancas-obesas-ate-2035\/\",\"name\":\"Brasil pode ter n\u00famero crescente de crian\u00e7as obesas at\u00e9 2035 - Evandro Junior\",\"isPartOf\":{\"@id\":\"https:\/\/www.blogsoestado.com\/evandrojunior\/#website\"},\"primaryImageOfPage\":{\"@id\":\"https:\/\/www.blogsoestado.com\/evandrojunior\/2024\/09\/12\/brasil-pode-ter-numero-crescente-de-criancas-obesas-ate-2035\/#primaryimage\"},\"image\":{\"@id\":\"https:\/\/www.blogsoestado.com\/evandrojunior\/2024\/09\/12\/brasil-pode-ter-numero-crescente-de-criancas-obesas-ate-2035\/#primaryimage\"},\"thumbnailUrl\":\"https:\/\/assets.folhavitoria.com.br\/images\/7397ba00-7eec-0136-3904-6231c35b6685--minified.jpg\",\"datePublished\":\"2024-09-12T13:56:46+00:00\",\"author\":{\"@id\":\"https:\/\/www.blogsoestado.com\/evandrojunior\/#\/schema\/person\/3e6c3d8dbb740d1c6878ebc935cfb3be\"},\"breadcrumb\":{\"@id\":\"https:\/\/www.blogsoestado.com\/evandrojunior\/2024\/09\/12\/brasil-pode-ter-numero-crescente-de-criancas-obesas-ate-2035\/#breadcrumb\"},\"inLanguage\":\"pt-BR\",\"potentialAction\":[{\"@type\":\"ReadAction\",\"target\":[\"https:\/\/www.blogsoestado.com\/evandrojunior\/2024\/09\/12\/brasil-pode-ter-numero-crescente-de-criancas-obesas-ate-2035\/\"]}]},{\"@type\":\"ImageObject\",\"inLanguage\":\"pt-BR\",\"@id\":\"https:\/\/www.blogsoestado.com\/evandrojunior\/2024\/09\/12\/brasil-pode-ter-numero-crescente-de-criancas-obesas-ate-2035\/#primaryimage\",\"url\":\"https:\/\/assets.folhavitoria.com.br\/images\/7397ba00-7eec-0136-3904-6231c35b6685--minified.jpg\",\"contentUrl\":\"https:\/\/assets.folhavitoria.com.br\/images\/7397ba00-7eec-0136-3904-6231c35b6685--minified.jpg\"},{\"@type\":\"BreadcrumbList\",\"@id\":\"https:\/\/www.blogsoestado.com\/evandrojunior\/2024\/09\/12\/brasil-pode-ter-numero-crescente-de-criancas-obesas-ate-2035\/#breadcrumb\",\"itemListElement\":[{\"@type\":\"ListItem\",\"position\":1,\"name\":\"In\u00edcio\",\"item\":\"https:\/\/www.blogsoestado.com\/evandrojunior\/\"},{\"@type\":\"ListItem\",\"position\":2,\"name\":\"Brasil pode ter n\u00famero crescente de crian\u00e7as obesas at\u00e9 2035\"}]},{\"@type\":\"WebSite\",\"@id\":\"https:\/\/www.blogsoestado.com\/evandrojunior\/#website\",\"url\":\"https:\/\/www.blogsoestado.com\/evandrojunior\/\",\"name\":\"Evandro Junior\",\"description\":\"\",\"potentialAction\":[{\"@type\":\"SearchAction\",\"target\":{\"@type\":\"EntryPoint\",\"urlTemplate\":\"https:\/\/www.blogsoestado.com\/evandrojunior\/?s={search_term_string}\"},\"query-input\":{\"@type\":\"PropertyValueSpecification\",\"valueRequired\":true,\"valueName\":\"search_term_string\"}}],\"inLanguage\":\"pt-BR\"},{\"@type\":\"Person\",\"@id\":\"https:\/\/www.blogsoestado.com\/evandrojunior\/#\/schema\/person\/3e6c3d8dbb740d1c6878ebc935cfb3be\",\"name\":\"Evandro Junior\",\"image\":{\"@type\":\"ImageObject\",\"inLanguage\":\"pt-BR\",\"@id\":\"https:\/\/www.blogsoestado.com\/evandrojunior\/#\/schema\/person\/image\/\",\"url\":\"https:\/\/secure.gravatar.com\/avatar\/f80a03a2294a580cd2318bfb459bf354cfa8be661ef3d95b542cf9a04af8d129?s=96&d=mm&r=g\",\"contentUrl\":\"https:\/\/secure.gravatar.com\/avatar\/f80a03a2294a580cd2318bfb459bf354cfa8be661ef3d95b542cf9a04af8d129?s=96&d=mm&r=g\",\"caption\":\"Evandro Junior\"},\"url\":\"https:\/\/www.blogsoestado.com\/evandrojunior\/author\/evandrojunior\/\"}]}<\/script>\n<!-- \/ Yoast SEO plugin. -->","yoast_head_json":{"title":"Brasil pode ter n\u00famero crescente de crian\u00e7as obesas at\u00e9 2035 - Evandro Junior","robots":{"index":"index","follow":"follow","max-snippet":"max-snippet:-1","max-image-preview":"max-image-preview:large","max-video-preview":"max-video-preview:-1"},"canonical":"https:\/\/www.blogsoestado.com\/evandrojunior\/2024\/09\/12\/brasil-pode-ter-numero-crescente-de-criancas-obesas-ate-2035\/","og_locale":"pt_BR","og_type":"article","og_title":"Brasil pode ter n\u00famero crescente de crian\u00e7as obesas at\u00e9 2035 - Evandro Junior","og_description":"S\u00c3O LU\u00cdS &#8211; O Brasil pode ter at\u00e9 50% das crian\u00e7as e adolescentes entre 5 e 19 anos com obesidade [&hellip;]","og_url":"https:\/\/www.blogsoestado.com\/evandrojunior\/2024\/09\/12\/brasil-pode-ter-numero-crescente-de-criancas-obesas-ate-2035\/","og_site_name":"Evandro Junior","article_published_time":"2024-09-12T13:56:46+00:00","og_image":[{"url":"https:\/\/assets.folhavitoria.com.br\/images\/7397ba00-7eec-0136-3904-6231c35b6685--minified.jpg","type":"","width":"","height":""}],"author":"Evandro Junior","twitter_card":"summary_large_image","twitter_misc":{"Escrito por":"Evandro Junior","Est. tempo de leitura":"3 minutos"},"schema":{"@context":"https:\/\/schema.org","@graph":[{"@type":"WebPage","@id":"https:\/\/www.blogsoestado.com\/evandrojunior\/2024\/09\/12\/brasil-pode-ter-numero-crescente-de-criancas-obesas-ate-2035\/","url":"https:\/\/www.blogsoestado.com\/evandrojunior\/2024\/09\/12\/brasil-pode-ter-numero-crescente-de-criancas-obesas-ate-2035\/","name":"Brasil pode ter n\u00famero crescente de crian\u00e7as obesas at\u00e9 2035 - Evandro Junior","isPartOf":{"@id":"https:\/\/www.blogsoestado.com\/evandrojunior\/#website"},"primaryImageOfPage":{"@id":"https:\/\/www.blogsoestado.com\/evandrojunior\/2024\/09\/12\/brasil-pode-ter-numero-crescente-de-criancas-obesas-ate-2035\/#primaryimage"},"image":{"@id":"https:\/\/www.blogsoestado.com\/evandrojunior\/2024\/09\/12\/brasil-pode-ter-numero-crescente-de-criancas-obesas-ate-2035\/#primaryimage"},"thumbnailUrl":"https:\/\/assets.folhavitoria.com.br\/images\/7397ba00-7eec-0136-3904-6231c35b6685--minified.jpg","datePublished":"2024-09-12T13:56:46+00:00","author":{"@id":"https:\/\/www.blogsoestado.com\/evandrojunior\/#\/schema\/person\/3e6c3d8dbb740d1c6878ebc935cfb3be"},"breadcrumb":{"@id":"https:\/\/www.blogsoestado.com\/evandrojunior\/2024\/09\/12\/brasil-pode-ter-numero-crescente-de-criancas-obesas-ate-2035\/#breadcrumb"},"inLanguage":"pt-BR","potentialAction":[{"@type":"ReadAction","target":["https:\/\/www.blogsoestado.com\/evandrojunior\/2024\/09\/12\/brasil-pode-ter-numero-crescente-de-criancas-obesas-ate-2035\/"]}]},{"@type":"ImageObject","inLanguage":"pt-BR","@id":"https:\/\/www.blogsoestado.com\/evandrojunior\/2024\/09\/12\/brasil-pode-ter-numero-crescente-de-criancas-obesas-ate-2035\/#primaryimage","url":"https:\/\/assets.folhavitoria.com.br\/images\/7397ba00-7eec-0136-3904-6231c35b6685--minified.jpg","contentUrl":"https:\/\/assets.folhavitoria.com.br\/images\/7397ba00-7eec-0136-3904-6231c35b6685--minified.jpg"},{"@type":"BreadcrumbList","@id":"https:\/\/www.blogsoestado.com\/evandrojunior\/2024\/09\/12\/brasil-pode-ter-numero-crescente-de-criancas-obesas-ate-2035\/#breadcrumb","itemListElement":[{"@type":"ListItem","position":1,"name":"In\u00edcio","item":"https:\/\/www.blogsoestado.com\/evandrojunior\/"},{"@type":"ListItem","position":2,"name":"Brasil pode ter n\u00famero crescente de crian\u00e7as obesas at\u00e9 2035"}]},{"@type":"WebSite","@id":"https:\/\/www.blogsoestado.com\/evandrojunior\/#website","url":"https:\/\/www.blogsoestado.com\/evandrojunior\/","name":"Evandro Junior","description":"","potentialAction":[{"@type":"SearchAction","target":{"@type":"EntryPoint","urlTemplate":"https:\/\/www.blogsoestado.com\/evandrojunior\/?s={search_term_string}"},"query-input":{"@type":"PropertyValueSpecification","valueRequired":true,"valueName":"search_term_string"}}],"inLanguage":"pt-BR"},{"@type":"Person","@id":"https:\/\/www.blogsoestado.com\/evandrojunior\/#\/schema\/person\/3e6c3d8dbb740d1c6878ebc935cfb3be","name":"Evandro Junior","image":{"@type":"ImageObject","inLanguage":"pt-BR","@id":"https:\/\/www.blogsoestado.com\/evandrojunior\/#\/schema\/person\/image\/","url":"https:\/\/secure.gravatar.com\/avatar\/f80a03a2294a580cd2318bfb459bf354cfa8be661ef3d95b542cf9a04af8d129?s=96&d=mm&r=g","contentUrl":"https:\/\/secure.gravatar.com\/avatar\/f80a03a2294a580cd2318bfb459bf354cfa8be661ef3d95b542cf9a04af8d129?s=96&d=mm&r=g","caption":"Evandro Junior"},"url":"https:\/\/www.blogsoestado.com\/evandrojunior\/author\/evandrojunior\/"}]}},"jetpack_featured_media_url":"","_links":{"self":[{"href":"https:\/\/www.blogsoestado.com\/evandrojunior\/wp-json\/wp\/v2\/posts\/12999","targetHints":{"allow":["GET"]}}],"collection":[{"href":"https:\/\/www.blogsoestado.com\/evandrojunior\/wp-json\/wp\/v2\/posts"}],"about":[{"href":"https:\/\/www.blogsoestado.com\/evandrojunior\/wp-json\/wp\/v2\/types\/post"}],"author":[{"embeddable":true,"href":"https:\/\/www.blogsoestado.com\/evandrojunior\/wp-json\/wp\/v2\/users\/4"}],"replies":[{"embeddable":true,"href":"https:\/\/www.blogsoestado.com\/evandrojunior\/wp-json\/wp\/v2\/comments?post=12999"}],"version-history":[{"count":0,"href":"https:\/\/www.blogsoestado.com\/evandrojunior\/wp-json\/wp\/v2\/posts\/12999\/revisions"}],"wp:attachment":[{"href":"https:\/\/www.blogsoestado.com\/evandrojunior\/wp-json\/wp\/v2\/media?parent=12999"}],"wp:term":[{"taxonomy":"category","embeddable":true,"href":"https:\/\/www.blogsoestado.com\/evandrojunior\/wp-json\/wp\/v2\/categories?post=12999"},{"taxonomy":"post_tag","embeddable":true,"href":"https:\/\/www.blogsoestado.com\/evandrojunior\/wp-json\/wp\/v2\/tags?post=12999"}],"curies":[{"name":"wp","href":"https:\/\/api.w.org\/{rel}","templated":true}]}}