{"id":13005,"date":"2024-09-12T11:13:54","date_gmt":"2024-09-12T14:13:54","guid":{"rendered":"https:\/\/www.blogsoestado.com\/evandrojunior\/?p=13005"},"modified":"2024-09-12T11:13:54","modified_gmt":"2024-09-12T14:13:54","slug":"bruno-shinoda-fara-encerramento-da-festa-alusiva-aos-412-anos-de-sao-luis","status":"publish","type":"post","link":"https:\/\/www.blogsoestado.com\/evandrojunior\/2024\/09\/12\/bruno-shinoda-fara-encerramento-da-festa-alusiva-aos-412-anos-de-sao-luis\/","title":{"rendered":"Bruno Shinoda faz show no encerramento da festa alusiva aos 412 anos de S\u00e3o Lu\u00eds"},"content":{"rendered":"\n<div class=\"wp-block-image\"><figure class=\"aligncenter size-large is-resized\"><img fetchpriority=\"high\" decoding=\"async\" src=\"https:\/\/www.blogsoestado.com\/evandrojunior\/files\/2024\/09\/WhatsApp-Image-2024-09-12-at-11.21.29.jpeg\" alt=\"\" class=\"wp-image-13017\" width=\"474\" height=\"422\"\/><figcaption><strong>Bruno Shinoda promete show eletrizante ap\u00f3s apresenta\u00e7\u00e3o de Alok no Centro Hist\u00f3rico<\/strong><\/figcaption><\/figure><\/div>\n\n\n\n<p><strong>S\u00c3O LU\u00cdS<\/strong> &#8211; O cantor Bruno Shinoda foi o escolhido pela Prefeitura de S\u00e3o Lu\u00eds para protagonizar show no encerramento da programa\u00e7\u00e3o alusiva ao anivers\u00e1rio de 412 anos da Ilha do Amor, nesta sexta-feira (13), a partir das 19h, ao lado de Alok e Vitor Fernandes.<\/p>\n\n\n\n<p>Shinoda, o &#8220;Imperador das Bilheterias&#8221;, ser\u00e1 o \u00faltimo a subir no palco, ap\u00f3s o DJ brasileiro Alok, que se apresentar\u00e1 ap\u00f3s Vitor Fernandes. A abertura ficar\u00e1 a cargo dos DJs locais Claudinho Polary e Rog\u00e9rio Mix.<\/p>\n\n\n\n<p>O evento acontece at\u00e9 a madrugada de s\u00e1bado (14) na grande arena de shows armada na Cidade da Alegria, ao lado do Terminal de Integra\u00e7\u00e3o da Praia Grande, no Centro Hist\u00f3rico.<\/p>\n\n\n\n<div class=\"wp-block-image\"><figure class=\"aligncenter size-large is-resized\"><img decoding=\"async\" src=\"https:\/\/www.blogsoestado.com\/evandrojunior\/files\/2024\/09\/image-5.png\" alt=\"\" class=\"wp-image-13011\" width=\"498\" height=\"470\"\/><figcaption><strong>Bruno Shinoda (com a esposa Juliana Moura), sobre um trio el\u00e9trico, durante apresenta\u00e7\u00e3o para um numeroso p\u00fablico<\/strong> na orla mar\u00edtima<\/figcaption><\/figure><\/div>\n\n\n\n<p>O hist\u00f3rico do cantor \u00e9 sua credencial para ele ter figurado no topo da lista de op\u00e7\u00f5es locais escolhidas pela atual gest\u00e3o municipal para encerrar o espet\u00e1culo. <\/p>\n\n\n\n<p>Acostumado a reunir grandes plateias, seja em shows pelo Maranh\u00e3o ou Piau\u00ed, inclusive na temporada carnavalesca, Bruno \u00e9 a certeza de que o evento ter\u00e1 um desfecho com chave de ouro, bem representando a &#8216;prata da casa&#8217;.<\/p>\n\n\n\n<div class=\"wp-block-image\"><figure class=\"aligncenter size-large is-resized\"><img decoding=\"async\" src=\"https:\/\/www.blogsoestado.com\/evandrojunior\/files\/2024\/09\/WhatsApp-Image-2024-09-12-at-11.24.17.jpeg\" alt=\"\" class=\"wp-image-13019\" width=\"473\" height=\"527\"\/><figcaption><strong>&#8220;Imperador das Bilheterias&#8221; promete show eletrizante nesta sexta-feira (13), no Centro Hist\u00f3rico<\/strong><\/figcaption><\/figure><\/div>\n\n\n\n<p>Em mensagem encaminhada ao Blog, Shinoda frisou que promete &#8216;segurar a peteca&#8217;. &#8220;Vamos incendiar aquela arena com muita descontra\u00e7\u00e3o e repert\u00f3rio atual. Afinal, participaremos do encerramento desse grande evento organizado pela Prefeitura em homenagem a nossa cidade, que realmente merece&#8221;, disse o artista, acostumado a segurar numerosos p\u00fablicos devido \u00e0 pot\u00eancia do seu projeto art\u00edstico e popularidade. <\/p>\n","protected":false},"excerpt":{"rendered":"<p>S\u00c3O LU\u00cdS &#8211; O cantor Bruno Shinoda foi o escolhido pela Prefeitura de S\u00e3o Lu\u00eds para protagonizar show no encerramento [&hellip;]<\/p>\n","protected":false},"author":4,"featured_media":0,"comment_status":"open","ping_status":"open","sticky":false,"template":"","format":"standard","meta":{"site-sidebar-layout":"default","site-content-layout":"","ast-site-content-layout":"default","site-content-style":"default","site-sidebar-style":"default","ast-global-header-display":"","ast-banner-title-visibility":"","ast-main-header-display":"","ast-hfb-above-header-display":"","ast-hfb-below-header-display":"","ast-hfb-mobile-header-display":"","site-post-title":"","ast-breadcrumbs-content":"","ast-featured-img":"","footer-sml-layout":"","ast-disable-related-posts":"","theme-transparent-header-meta":"","adv-header-id-meta":"","stick-header-meta":"","header-above-stick-meta":"","header-main-stick-meta":"","header-below-stick-meta":"","astra-migrate-meta-layouts":"default","ast-page-background-enabled":"default","ast-page-background-meta":{"desktop":{"background-color":"var(--ast-global-color-5)","background-image":"","background-repeat":"repeat","background-position":"center center","background-size":"auto","background-attachment":"scroll","background-type":"","background-media":"","overlay-type":"","overlay-color":"","overlay-opacity":"","overlay-gradient":""},"tablet":{"background-color":"","background-image":"","background-repeat":"repeat","background-position":"center center","background-size":"auto","background-attachment":"scroll","background-type":"","background-media":"","overlay-type":"","overlay-color":"","overlay-opacity":"","overlay-gradient":""},"mobile":{"background-color":"","background-image":"","background-repeat":"repeat","background-position":"center center","background-size":"auto","background-attachment":"scroll","background-type":"","background-media":"","overlay-type":"","overlay-color":"","overlay-opacity":"","overlay-gradient":""}},"ast-content-background-meta":{"desktop":{"background-color":"var(--ast-global-color-4)","background-image":"","background-repeat":"repeat","background-position":"center center","background-size":"auto","background-attachment":"scroll","background-type":"","background-media":"","overlay-type":"","overlay-color":"","overlay-opacity":"","overlay-gradient":""},"tablet":{"background-color":"var(--ast-global-color-4)","background-image":"","background-repeat":"repeat","background-position":"center center","background-size":"auto","background-attachment":"scroll","background-type":"","background-media":"","overlay-type":"","overlay-color":"","overlay-opacity":"","overlay-gradient":""},"mobile":{"background-color":"var(--ast-global-color-4)","background-image":"","background-repeat":"repeat","background-position":"center center","background-size":"auto","background-attachment":"scroll","background-type":"","background-media":"","overlay-type":"","overlay-color":"","overlay-opacity":"","overlay-gradient":""}},"footnotes":""},"categories":[1],"tags":[],"class_list":["post-13005","post","type-post","status-publish","format-standard","hentry","category-sem-categoria"],"yoast_head":"<!-- This site is optimized with the Yoast SEO plugin v26.6 - https:\/\/yoast.com\/wordpress\/plugins\/seo\/ -->\n<title>Bruno Shinoda faz show no encerramento da festa alusiva aos 412 anos de S\u00e3o Lu\u00eds - Evandro Junior<\/title>\n<meta name=\"robots\" content=\"index, follow, max-snippet:-1, max-image-preview:large, max-video-preview:-1\" \/>\n<link rel=\"canonical\" href=\"https:\/\/www.blogsoestado.com\/evandrojunior\/2024\/09\/12\/bruno-shinoda-fara-encerramento-da-festa-alusiva-aos-412-anos-de-sao-luis\/\" \/>\n<meta property=\"og:locale\" content=\"pt_BR\" \/>\n<meta property=\"og:type\" content=\"article\" \/>\n<meta property=\"og:title\" content=\"Bruno Shinoda faz show no encerramento da festa alusiva aos 412 anos de S\u00e3o Lu\u00eds - Evandro Junior\" \/>\n<meta property=\"og:description\" content=\"S\u00c3O LU\u00cdS &#8211; O cantor Bruno Shinoda foi o escolhido pela Prefeitura de S\u00e3o Lu\u00eds para protagonizar show no encerramento [&hellip;]\" \/>\n<meta property=\"og:url\" content=\"https:\/\/www.blogsoestado.com\/evandrojunior\/2024\/09\/12\/bruno-shinoda-fara-encerramento-da-festa-alusiva-aos-412-anos-de-sao-luis\/\" \/>\n<meta property=\"og:site_name\" content=\"Evandro Junior\" \/>\n<meta property=\"article:published_time\" content=\"2024-09-12T14:13:54+00:00\" \/>\n<meta property=\"og:image\" content=\"https:\/\/www.blogsoestado.com\/evandrojunior\/files\/2024\/09\/WhatsApp-Image-2024-09-12-at-11.21.29.jpeg\" \/>\n<meta name=\"author\" content=\"Evandro Junior\" \/>\n<meta name=\"twitter:card\" content=\"summary_large_image\" \/>\n<meta name=\"twitter:label1\" content=\"Escrito por\" \/>\n\t<meta name=\"twitter:data1\" content=\"Evandro Junior\" \/>\n\t<meta name=\"twitter:label2\" content=\"Est. tempo de leitura\" \/>\n\t<meta name=\"twitter:data2\" content=\"2 minutos\" \/>\n<script type=\"application\/ld+json\" class=\"yoast-schema-graph\">{\"@context\":\"https:\/\/schema.org\",\"@graph\":[{\"@type\":\"WebPage\",\"@id\":\"https:\/\/www.blogsoestado.com\/evandrojunior\/2024\/09\/12\/bruno-shinoda-fara-encerramento-da-festa-alusiva-aos-412-anos-de-sao-luis\/\",\"url\":\"https:\/\/www.blogsoestado.com\/evandrojunior\/2024\/09\/12\/bruno-shinoda-fara-encerramento-da-festa-alusiva-aos-412-anos-de-sao-luis\/\",\"name\":\"Bruno Shinoda faz show no encerramento da festa alusiva aos 412 anos de S\u00e3o Lu\u00eds - Evandro Junior\",\"isPartOf\":{\"@id\":\"https:\/\/www.blogsoestado.com\/evandrojunior\/#website\"},\"primaryImageOfPage\":{\"@id\":\"https:\/\/www.blogsoestado.com\/evandrojunior\/2024\/09\/12\/bruno-shinoda-fara-encerramento-da-festa-alusiva-aos-412-anos-de-sao-luis\/#primaryimage\"},\"image\":{\"@id\":\"https:\/\/www.blogsoestado.com\/evandrojunior\/2024\/09\/12\/bruno-shinoda-fara-encerramento-da-festa-alusiva-aos-412-anos-de-sao-luis\/#primaryimage\"},\"thumbnailUrl\":\"https:\/\/www.blogsoestado.com\/evandrojunior\/files\/2024\/09\/WhatsApp-Image-2024-09-12-at-11.21.29.jpeg\",\"datePublished\":\"2024-09-12T14:13:54+00:00\",\"author\":{\"@id\":\"https:\/\/www.blogsoestado.com\/evandrojunior\/#\/schema\/person\/3e6c3d8dbb740d1c6878ebc935cfb3be\"},\"breadcrumb\":{\"@id\":\"https:\/\/www.blogsoestado.com\/evandrojunior\/2024\/09\/12\/bruno-shinoda-fara-encerramento-da-festa-alusiva-aos-412-anos-de-sao-luis\/#breadcrumb\"},\"inLanguage\":\"pt-BR\",\"potentialAction\":[{\"@type\":\"ReadAction\",\"target\":[\"https:\/\/www.blogsoestado.com\/evandrojunior\/2024\/09\/12\/bruno-shinoda-fara-encerramento-da-festa-alusiva-aos-412-anos-de-sao-luis\/\"]}]},{\"@type\":\"ImageObject\",\"inLanguage\":\"pt-BR\",\"@id\":\"https:\/\/www.blogsoestado.com\/evandrojunior\/2024\/09\/12\/bruno-shinoda-fara-encerramento-da-festa-alusiva-aos-412-anos-de-sao-luis\/#primaryimage\",\"url\":\"https:\/\/www.blogsoestado.com\/evandrojunior\/files\/2024\/09\/WhatsApp-Image-2024-09-12-at-11.21.29.jpeg\",\"contentUrl\":\"https:\/\/www.blogsoestado.com\/evandrojunior\/files\/2024\/09\/WhatsApp-Image-2024-09-12-at-11.21.29.jpeg\"},{\"@type\":\"BreadcrumbList\",\"@id\":\"https:\/\/www.blogsoestado.com\/evandrojunior\/2024\/09\/12\/bruno-shinoda-fara-encerramento-da-festa-alusiva-aos-412-anos-de-sao-luis\/#breadcrumb\",\"itemListElement\":[{\"@type\":\"ListItem\",\"position\":1,\"name\":\"In\u00edcio\",\"item\":\"https:\/\/www.blogsoestado.com\/evandrojunior\/\"},{\"@type\":\"ListItem\",\"position\":2,\"name\":\"Bruno Shinoda faz show no encerramento da festa alusiva aos 412 anos de S\u00e3o Lu\u00eds\"}]},{\"@type\":\"WebSite\",\"@id\":\"https:\/\/www.blogsoestado.com\/evandrojunior\/#website\",\"url\":\"https:\/\/www.blogsoestado.com\/evandrojunior\/\",\"name\":\"Evandro Junior\",\"description\":\"\",\"potentialAction\":[{\"@type\":\"SearchAction\",\"target\":{\"@type\":\"EntryPoint\",\"urlTemplate\":\"https:\/\/www.blogsoestado.com\/evandrojunior\/?s={search_term_string}\"},\"query-input\":{\"@type\":\"PropertyValueSpecification\",\"valueRequired\":true,\"valueName\":\"search_term_string\"}}],\"inLanguage\":\"pt-BR\"},{\"@type\":\"Person\",\"@id\":\"https:\/\/www.blogsoestado.com\/evandrojunior\/#\/schema\/person\/3e6c3d8dbb740d1c6878ebc935cfb3be\",\"name\":\"Evandro Junior\",\"image\":{\"@type\":\"ImageObject\",\"inLanguage\":\"pt-BR\",\"@id\":\"https:\/\/www.blogsoestado.com\/evandrojunior\/#\/schema\/person\/image\/\",\"url\":\"https:\/\/secure.gravatar.com\/avatar\/f80a03a2294a580cd2318bfb459bf354cfa8be661ef3d95b542cf9a04af8d129?s=96&d=mm&r=g\",\"contentUrl\":\"https:\/\/secure.gravatar.com\/avatar\/f80a03a2294a580cd2318bfb459bf354cfa8be661ef3d95b542cf9a04af8d129?s=96&d=mm&r=g\",\"caption\":\"Evandro Junior\"},\"url\":\"https:\/\/www.blogsoestado.com\/evandrojunior\/author\/evandrojunior\/\"}]}<\/script>\n<!-- \/ Yoast SEO plugin. -->","yoast_head_json":{"title":"Bruno Shinoda faz show no encerramento da festa alusiva aos 412 anos de S\u00e3o Lu\u00eds - Evandro Junior","robots":{"index":"index","follow":"follow","max-snippet":"max-snippet:-1","max-image-preview":"max-image-preview:large","max-video-preview":"max-video-preview:-1"},"canonical":"https:\/\/www.blogsoestado.com\/evandrojunior\/2024\/09\/12\/bruno-shinoda-fara-encerramento-da-festa-alusiva-aos-412-anos-de-sao-luis\/","og_locale":"pt_BR","og_type":"article","og_title":"Bruno Shinoda faz show no encerramento da festa alusiva aos 412 anos de S\u00e3o Lu\u00eds - Evandro Junior","og_description":"S\u00c3O LU\u00cdS &#8211; O cantor Bruno Shinoda foi o escolhido pela Prefeitura de S\u00e3o Lu\u00eds para protagonizar show no encerramento [&hellip;]","og_url":"https:\/\/www.blogsoestado.com\/evandrojunior\/2024\/09\/12\/bruno-shinoda-fara-encerramento-da-festa-alusiva-aos-412-anos-de-sao-luis\/","og_site_name":"Evandro Junior","article_published_time":"2024-09-12T14:13:54+00:00","og_image":[{"url":"https:\/\/www.blogsoestado.com\/evandrojunior\/files\/2024\/09\/WhatsApp-Image-2024-09-12-at-11.21.29.jpeg","type":"","width":"","height":""}],"author":"Evandro Junior","twitter_card":"summary_large_image","twitter_misc":{"Escrito por":"Evandro Junior","Est. tempo de leitura":"2 minutos"},"schema":{"@context":"https:\/\/schema.org","@graph":[{"@type":"WebPage","@id":"https:\/\/www.blogsoestado.com\/evandrojunior\/2024\/09\/12\/bruno-shinoda-fara-encerramento-da-festa-alusiva-aos-412-anos-de-sao-luis\/","url":"https:\/\/www.blogsoestado.com\/evandrojunior\/2024\/09\/12\/bruno-shinoda-fara-encerramento-da-festa-alusiva-aos-412-anos-de-sao-luis\/","name":"Bruno Shinoda faz show no encerramento da festa alusiva aos 412 anos de S\u00e3o Lu\u00eds - Evandro Junior","isPartOf":{"@id":"https:\/\/www.blogsoestado.com\/evandrojunior\/#website"},"primaryImageOfPage":{"@id":"https:\/\/www.blogsoestado.com\/evandrojunior\/2024\/09\/12\/bruno-shinoda-fara-encerramento-da-festa-alusiva-aos-412-anos-de-sao-luis\/#primaryimage"},"image":{"@id":"https:\/\/www.blogsoestado.com\/evandrojunior\/2024\/09\/12\/bruno-shinoda-fara-encerramento-da-festa-alusiva-aos-412-anos-de-sao-luis\/#primaryimage"},"thumbnailUrl":"https:\/\/www.blogsoestado.com\/evandrojunior\/files\/2024\/09\/WhatsApp-Image-2024-09-12-at-11.21.29.jpeg","datePublished":"2024-09-12T14:13:54+00:00","author":{"@id":"https:\/\/www.blogsoestado.com\/evandrojunior\/#\/schema\/person\/3e6c3d8dbb740d1c6878ebc935cfb3be"},"breadcrumb":{"@id":"https:\/\/www.blogsoestado.com\/evandrojunior\/2024\/09\/12\/bruno-shinoda-fara-encerramento-da-festa-alusiva-aos-412-anos-de-sao-luis\/#breadcrumb"},"inLanguage":"pt-BR","potentialAction":[{"@type":"ReadAction","target":["https:\/\/www.blogsoestado.com\/evandrojunior\/2024\/09\/12\/bruno-shinoda-fara-encerramento-da-festa-alusiva-aos-412-anos-de-sao-luis\/"]}]},{"@type":"ImageObject","inLanguage":"pt-BR","@id":"https:\/\/www.blogsoestado.com\/evandrojunior\/2024\/09\/12\/bruno-shinoda-fara-encerramento-da-festa-alusiva-aos-412-anos-de-sao-luis\/#primaryimage","url":"https:\/\/www.blogsoestado.com\/evandrojunior\/files\/2024\/09\/WhatsApp-Image-2024-09-12-at-11.21.29.jpeg","contentUrl":"https:\/\/www.blogsoestado.com\/evandrojunior\/files\/2024\/09\/WhatsApp-Image-2024-09-12-at-11.21.29.jpeg"},{"@type":"BreadcrumbList","@id":"https:\/\/www.blogsoestado.com\/evandrojunior\/2024\/09\/12\/bruno-shinoda-fara-encerramento-da-festa-alusiva-aos-412-anos-de-sao-luis\/#breadcrumb","itemListElement":[{"@type":"ListItem","position":1,"name":"In\u00edcio","item":"https:\/\/www.blogsoestado.com\/evandrojunior\/"},{"@type":"ListItem","position":2,"name":"Bruno Shinoda faz show no encerramento da festa alusiva aos 412 anos de S\u00e3o Lu\u00eds"}]},{"@type":"WebSite","@id":"https:\/\/www.blogsoestado.com\/evandrojunior\/#website","url":"https:\/\/www.blogsoestado.com\/evandrojunior\/","name":"Evandro Junior","description":"","potentialAction":[{"@type":"SearchAction","target":{"@type":"EntryPoint","urlTemplate":"https:\/\/www.blogsoestado.com\/evandrojunior\/?s={search_term_string}"},"query-input":{"@type":"PropertyValueSpecification","valueRequired":true,"valueName":"search_term_string"}}],"inLanguage":"pt-BR"},{"@type":"Person","@id":"https:\/\/www.blogsoestado.com\/evandrojunior\/#\/schema\/person\/3e6c3d8dbb740d1c6878ebc935cfb3be","name":"Evandro Junior","image":{"@type":"ImageObject","inLanguage":"pt-BR","@id":"https:\/\/www.blogsoestado.com\/evandrojunior\/#\/schema\/person\/image\/","url":"https:\/\/secure.gravatar.com\/avatar\/f80a03a2294a580cd2318bfb459bf354cfa8be661ef3d95b542cf9a04af8d129?s=96&d=mm&r=g","contentUrl":"https:\/\/secure.gravatar.com\/avatar\/f80a03a2294a580cd2318bfb459bf354cfa8be661ef3d95b542cf9a04af8d129?s=96&d=mm&r=g","caption":"Evandro Junior"},"url":"https:\/\/www.blogsoestado.com\/evandrojunior\/author\/evandrojunior\/"}]}},"jetpack_featured_media_url":"","_links":{"self":[{"href":"https:\/\/www.blogsoestado.com\/evandrojunior\/wp-json\/wp\/v2\/posts\/13005","targetHints":{"allow":["GET"]}}],"collection":[{"href":"https:\/\/www.blogsoestado.com\/evandrojunior\/wp-json\/wp\/v2\/posts"}],"about":[{"href":"https:\/\/www.blogsoestado.com\/evandrojunior\/wp-json\/wp\/v2\/types\/post"}],"author":[{"embeddable":true,"href":"https:\/\/www.blogsoestado.com\/evandrojunior\/wp-json\/wp\/v2\/users\/4"}],"replies":[{"embeddable":true,"href":"https:\/\/www.blogsoestado.com\/evandrojunior\/wp-json\/wp\/v2\/comments?post=13005"}],"version-history":[{"count":0,"href":"https:\/\/www.blogsoestado.com\/evandrojunior\/wp-json\/wp\/v2\/posts\/13005\/revisions"}],"wp:attachment":[{"href":"https:\/\/www.blogsoestado.com\/evandrojunior\/wp-json\/wp\/v2\/media?parent=13005"}],"wp:term":[{"taxonomy":"category","embeddable":true,"href":"https:\/\/www.blogsoestado.com\/evandrojunior\/wp-json\/wp\/v2\/categories?post=13005"},{"taxonomy":"post_tag","embeddable":true,"href":"https:\/\/www.blogsoestado.com\/evandrojunior\/wp-json\/wp\/v2\/tags?post=13005"}],"curies":[{"name":"wp","href":"https:\/\/api.w.org\/{rel}","templated":true}]}}