{"id":13157,"date":"2024-09-30T11:38:35","date_gmt":"2024-09-30T14:38:35","guid":{"rendered":"https:\/\/www.blogsoestado.com\/evandrojunior\/?p=13157"},"modified":"2024-09-30T11:38:35","modified_gmt":"2024-09-30T14:38:35","slug":"medico-da-idiagnostica-fala-sobre-tratamento-para-dor-no-calcanhar","status":"publish","type":"post","link":"https:\/\/www.blogsoestado.com\/evandrojunior\/2024\/09\/30\/medico-da-idiagnostica-fala-sobre-tratamento-para-dor-no-calcanhar\/","title":{"rendered":"M\u00e9dico da Idiagn\u00f3stica fala sobre tratamento para dor no calcanhar"},"content":{"rendered":"\n<div class=\"wp-block-image\"><figure class=\"aligncenter size-large\"><img decoding=\"async\" src=\"https:\/\/www.blogsoestado.com\/evandrojunior\/files\/2024\/09\/FOTO-3-1.jpeg\" alt=\"\" class=\"wp-image-13158\"\/><figcaption><strong>Natan Filho \u00e9 especialista no assunto e atende na Cl\u00ednica Idiagn\u00f3stica<\/strong><\/figcaption><\/figure><\/div>\n\n\n\n<p><strong>S\u00c3O LU\u00cdS<\/strong> &#8211; J\u00e1 ouviu falar sobre a inovadora terapia com onda de choque para tratamento de dor no calcanhar? Esta t\u00e9cnica avan\u00e7ada \u00e9 eficaz na recupera\u00e7\u00e3o de les\u00f5es e al\u00edvio da dor, proporcionando resultados r\u00e1pidos e duradouros.<\/p>\n\n\n\n<p>A\u00a0terapia de ondas de choque (TOCE)\u00a0\u00e9 um tratamento n\u00e3o invasivo que utiliza ondas ac\u00fasticas de alta energia para estimular a cura de les\u00f5es nos tecidos musculoesquel\u00e9ticos. No tratamento de problemas no p\u00e9, como fascite plantar, e espor\u00e3o de calc\u00e2neo, as ondas de choque radiais s\u00e3o as mais utilizadas, pois permitem direcionar a energia de forma ampla na \u00e1rea afetada.<\/p>\n\n\n\n<p>O m\u00e9dico Natan Filho, especialista no assunto e que atende na Cl\u00ednica Idiagn\u00f3stica, com unidades no Centro e Cidade Oper\u00e1ria, explica que\u00a0as ondas de choque geram microtraumas na \u00e1rea afetada, o que promove a regenera\u00e7\u00e3o celular, aumenta a vasculariza\u00e7\u00e3o e a produ\u00e7\u00e3o de col\u00e1geno, reduzindo a inflama\u00e7\u00e3o. Isso melhora a dor e a qualidade de vida dos pacientes.<\/p>\n\n\n\n<p>A terapia por ondas de choque \u00e9 um procedimento ambulatorial que geralmente leva cerca de 30 minutos. O procedimento \u00e9 realizado em um consult\u00f3rio m\u00e9dico ou cl\u00ednica. Durante o procedimento, o paciente estar\u00e1 deitado em uma maca. <\/p>\n\n\n\n<p>O profissional aplica um gel na \u00e1rea afetada. Em seguida, o profissional usar\u00e1 um transdutor para aplicar ondas de choque na \u00e1rea afetada. O transdutor \u00e9 um dispositivo semelhante a um bast\u00e3o que emite ondas de som.<\/p>\n","protected":false},"excerpt":{"rendered":"<p>S\u00c3O LU\u00cdS &#8211; J\u00e1 ouviu falar sobre a inovadora terapia com onda de choque para tratamento de dor no calcanhar? [&hellip;]<\/p>\n","protected":false},"author":4,"featured_media":0,"comment_status":"open","ping_status":"open","sticky":false,"template":"","format":"standard","meta":{"site-sidebar-layout":"default","site-content-layout":"","ast-site-content-layout":"default","site-content-style":"default","site-sidebar-style":"default","ast-global-header-display":"","ast-banner-title-visibility":"","ast-main-header-display":"","ast-hfb-above-header-display":"","ast-hfb-below-header-display":"","ast-hfb-mobile-header-display":"","site-post-title":"","ast-breadcrumbs-content":"","ast-featured-img":"","footer-sml-layout":"","ast-disable-related-posts":"","theme-transparent-header-meta":"","adv-header-id-meta":"","stick-header-meta":"","header-above-stick-meta":"","header-main-stick-meta":"","header-below-stick-meta":"","astra-migrate-meta-layouts":"default","ast-page-background-enabled":"default","ast-page-background-meta":{"desktop":{"background-color":"var(--ast-global-color-5)","background-image":"","background-repeat":"repeat","background-position":"center center","background-size":"auto","background-attachment":"scroll","background-type":"","background-media":"","overlay-type":"","overlay-color":"","overlay-opacity":"","overlay-gradient":""},"tablet":{"background-color":"","background-image":"","background-repeat":"repeat","background-position":"center center","background-size":"auto","background-attachment":"scroll","background-type":"","background-media":"","overlay-type":"","overlay-color":"","overlay-opacity":"","overlay-gradient":""},"mobile":{"background-color":"","background-image":"","background-repeat":"repeat","background-position":"center center","background-size":"auto","background-attachment":"scroll","background-type":"","background-media":"","overlay-type":"","overlay-color":"","overlay-opacity":"","overlay-gradient":""}},"ast-content-background-meta":{"desktop":{"background-color":"var(--ast-global-color-4)","background-image":"","background-repeat":"repeat","background-position":"center center","background-size":"auto","background-attachment":"scroll","background-type":"","background-media":"","overlay-type":"","overlay-color":"","overlay-opacity":"","overlay-gradient":""},"tablet":{"background-color":"var(--ast-global-color-4)","background-image":"","background-repeat":"repeat","background-position":"center center","background-size":"auto","background-attachment":"scroll","background-type":"","background-media":"","overlay-type":"","overlay-color":"","overlay-opacity":"","overlay-gradient":""},"mobile":{"background-color":"var(--ast-global-color-4)","background-image":"","background-repeat":"repeat","background-position":"center center","background-size":"auto","background-attachment":"scroll","background-type":"","background-media":"","overlay-type":"","overlay-color":"","overlay-opacity":"","overlay-gradient":""}},"footnotes":""},"categories":[1],"tags":[],"class_list":["post-13157","post","type-post","status-publish","format-standard","hentry","category-sem-categoria"],"yoast_head":"<!-- This site is optimized with the Yoast SEO plugin v26.6 - https:\/\/yoast.com\/wordpress\/plugins\/seo\/ -->\n<title>M\u00e9dico da Idiagn\u00f3stica fala sobre tratamento para dor no calcanhar - Evandro Junior<\/title>\n<meta name=\"robots\" content=\"index, follow, max-snippet:-1, max-image-preview:large, max-video-preview:-1\" \/>\n<link rel=\"canonical\" href=\"https:\/\/www.blogsoestado.com\/evandrojunior\/2024\/09\/30\/medico-da-idiagnostica-fala-sobre-tratamento-para-dor-no-calcanhar\/\" \/>\n<meta property=\"og:locale\" content=\"pt_BR\" \/>\n<meta property=\"og:type\" content=\"article\" \/>\n<meta property=\"og:title\" content=\"M\u00e9dico da Idiagn\u00f3stica fala sobre tratamento para dor no calcanhar - Evandro Junior\" \/>\n<meta property=\"og:description\" content=\"S\u00c3O LU\u00cdS &#8211; J\u00e1 ouviu falar sobre a inovadora terapia com onda de choque para tratamento de dor no calcanhar? [&hellip;]\" \/>\n<meta property=\"og:url\" content=\"https:\/\/www.blogsoestado.com\/evandrojunior\/2024\/09\/30\/medico-da-idiagnostica-fala-sobre-tratamento-para-dor-no-calcanhar\/\" \/>\n<meta property=\"og:site_name\" content=\"Evandro Junior\" \/>\n<meta property=\"article:published_time\" content=\"2024-09-30T14:38:35+00:00\" \/>\n<meta property=\"og:image\" content=\"https:\/\/www.blogsoestado.com\/evandrojunior\/files\/2024\/09\/FOTO-3-1.jpeg\" \/>\n<meta name=\"author\" content=\"Evandro Junior\" \/>\n<meta name=\"twitter:card\" content=\"summary_large_image\" \/>\n<meta name=\"twitter:label1\" content=\"Escrito por\" \/>\n\t<meta name=\"twitter:data1\" content=\"Evandro Junior\" \/>\n\t<meta name=\"twitter:label2\" content=\"Est. tempo de leitura\" \/>\n\t<meta name=\"twitter:data2\" content=\"2 minutos\" \/>\n<script type=\"application\/ld+json\" class=\"yoast-schema-graph\">{\"@context\":\"https:\/\/schema.org\",\"@graph\":[{\"@type\":\"WebPage\",\"@id\":\"https:\/\/www.blogsoestado.com\/evandrojunior\/2024\/09\/30\/medico-da-idiagnostica-fala-sobre-tratamento-para-dor-no-calcanhar\/\",\"url\":\"https:\/\/www.blogsoestado.com\/evandrojunior\/2024\/09\/30\/medico-da-idiagnostica-fala-sobre-tratamento-para-dor-no-calcanhar\/\",\"name\":\"M\u00e9dico da Idiagn\u00f3stica fala sobre tratamento para dor no calcanhar - Evandro Junior\",\"isPartOf\":{\"@id\":\"https:\/\/www.blogsoestado.com\/evandrojunior\/#website\"},\"primaryImageOfPage\":{\"@id\":\"https:\/\/www.blogsoestado.com\/evandrojunior\/2024\/09\/30\/medico-da-idiagnostica-fala-sobre-tratamento-para-dor-no-calcanhar\/#primaryimage\"},\"image\":{\"@id\":\"https:\/\/www.blogsoestado.com\/evandrojunior\/2024\/09\/30\/medico-da-idiagnostica-fala-sobre-tratamento-para-dor-no-calcanhar\/#primaryimage\"},\"thumbnailUrl\":\"https:\/\/www.blogsoestado.com\/evandrojunior\/files\/2024\/09\/FOTO-3-1.jpeg\",\"datePublished\":\"2024-09-30T14:38:35+00:00\",\"author\":{\"@id\":\"https:\/\/www.blogsoestado.com\/evandrojunior\/#\/schema\/person\/3e6c3d8dbb740d1c6878ebc935cfb3be\"},\"breadcrumb\":{\"@id\":\"https:\/\/www.blogsoestado.com\/evandrojunior\/2024\/09\/30\/medico-da-idiagnostica-fala-sobre-tratamento-para-dor-no-calcanhar\/#breadcrumb\"},\"inLanguage\":\"pt-BR\",\"potentialAction\":[{\"@type\":\"ReadAction\",\"target\":[\"https:\/\/www.blogsoestado.com\/evandrojunior\/2024\/09\/30\/medico-da-idiagnostica-fala-sobre-tratamento-para-dor-no-calcanhar\/\"]}]},{\"@type\":\"ImageObject\",\"inLanguage\":\"pt-BR\",\"@id\":\"https:\/\/www.blogsoestado.com\/evandrojunior\/2024\/09\/30\/medico-da-idiagnostica-fala-sobre-tratamento-para-dor-no-calcanhar\/#primaryimage\",\"url\":\"https:\/\/www.blogsoestado.com\/evandrojunior\/files\/2024\/09\/FOTO-3-1.jpeg\",\"contentUrl\":\"https:\/\/www.blogsoestado.com\/evandrojunior\/files\/2024\/09\/FOTO-3-1.jpeg\"},{\"@type\":\"BreadcrumbList\",\"@id\":\"https:\/\/www.blogsoestado.com\/evandrojunior\/2024\/09\/30\/medico-da-idiagnostica-fala-sobre-tratamento-para-dor-no-calcanhar\/#breadcrumb\",\"itemListElement\":[{\"@type\":\"ListItem\",\"position\":1,\"name\":\"In\u00edcio\",\"item\":\"https:\/\/www.blogsoestado.com\/evandrojunior\/\"},{\"@type\":\"ListItem\",\"position\":2,\"name\":\"M\u00e9dico da Idiagn\u00f3stica fala sobre tratamento para dor no calcanhar\"}]},{\"@type\":\"WebSite\",\"@id\":\"https:\/\/www.blogsoestado.com\/evandrojunior\/#website\",\"url\":\"https:\/\/www.blogsoestado.com\/evandrojunior\/\",\"name\":\"Evandro Junior\",\"description\":\"\",\"potentialAction\":[{\"@type\":\"SearchAction\",\"target\":{\"@type\":\"EntryPoint\",\"urlTemplate\":\"https:\/\/www.blogsoestado.com\/evandrojunior\/?s={search_term_string}\"},\"query-input\":{\"@type\":\"PropertyValueSpecification\",\"valueRequired\":true,\"valueName\":\"search_term_string\"}}],\"inLanguage\":\"pt-BR\"},{\"@type\":\"Person\",\"@id\":\"https:\/\/www.blogsoestado.com\/evandrojunior\/#\/schema\/person\/3e6c3d8dbb740d1c6878ebc935cfb3be\",\"name\":\"Evandro Junior\",\"image\":{\"@type\":\"ImageObject\",\"inLanguage\":\"pt-BR\",\"@id\":\"https:\/\/www.blogsoestado.com\/evandrojunior\/#\/schema\/person\/image\/\",\"url\":\"https:\/\/secure.gravatar.com\/avatar\/f80a03a2294a580cd2318bfb459bf354cfa8be661ef3d95b542cf9a04af8d129?s=96&d=mm&r=g\",\"contentUrl\":\"https:\/\/secure.gravatar.com\/avatar\/f80a03a2294a580cd2318bfb459bf354cfa8be661ef3d95b542cf9a04af8d129?s=96&d=mm&r=g\",\"caption\":\"Evandro Junior\"},\"url\":\"https:\/\/www.blogsoestado.com\/evandrojunior\/author\/evandrojunior\/\"}]}<\/script>\n<!-- \/ Yoast SEO plugin. -->","yoast_head_json":{"title":"M\u00e9dico da Idiagn\u00f3stica fala sobre tratamento para dor no calcanhar - Evandro Junior","robots":{"index":"index","follow":"follow","max-snippet":"max-snippet:-1","max-image-preview":"max-image-preview:large","max-video-preview":"max-video-preview:-1"},"canonical":"https:\/\/www.blogsoestado.com\/evandrojunior\/2024\/09\/30\/medico-da-idiagnostica-fala-sobre-tratamento-para-dor-no-calcanhar\/","og_locale":"pt_BR","og_type":"article","og_title":"M\u00e9dico da Idiagn\u00f3stica fala sobre tratamento para dor no calcanhar - Evandro Junior","og_description":"S\u00c3O LU\u00cdS &#8211; J\u00e1 ouviu falar sobre a inovadora terapia com onda de choque para tratamento de dor no calcanhar? [&hellip;]","og_url":"https:\/\/www.blogsoestado.com\/evandrojunior\/2024\/09\/30\/medico-da-idiagnostica-fala-sobre-tratamento-para-dor-no-calcanhar\/","og_site_name":"Evandro Junior","article_published_time":"2024-09-30T14:38:35+00:00","og_image":[{"url":"https:\/\/www.blogsoestado.com\/evandrojunior\/files\/2024\/09\/FOTO-3-1.jpeg","type":"","width":"","height":""}],"author":"Evandro Junior","twitter_card":"summary_large_image","twitter_misc":{"Escrito por":"Evandro Junior","Est. tempo de leitura":"2 minutos"},"schema":{"@context":"https:\/\/schema.org","@graph":[{"@type":"WebPage","@id":"https:\/\/www.blogsoestado.com\/evandrojunior\/2024\/09\/30\/medico-da-idiagnostica-fala-sobre-tratamento-para-dor-no-calcanhar\/","url":"https:\/\/www.blogsoestado.com\/evandrojunior\/2024\/09\/30\/medico-da-idiagnostica-fala-sobre-tratamento-para-dor-no-calcanhar\/","name":"M\u00e9dico da Idiagn\u00f3stica fala sobre tratamento para dor no calcanhar - Evandro Junior","isPartOf":{"@id":"https:\/\/www.blogsoestado.com\/evandrojunior\/#website"},"primaryImageOfPage":{"@id":"https:\/\/www.blogsoestado.com\/evandrojunior\/2024\/09\/30\/medico-da-idiagnostica-fala-sobre-tratamento-para-dor-no-calcanhar\/#primaryimage"},"image":{"@id":"https:\/\/www.blogsoestado.com\/evandrojunior\/2024\/09\/30\/medico-da-idiagnostica-fala-sobre-tratamento-para-dor-no-calcanhar\/#primaryimage"},"thumbnailUrl":"https:\/\/www.blogsoestado.com\/evandrojunior\/files\/2024\/09\/FOTO-3-1.jpeg","datePublished":"2024-09-30T14:38:35+00:00","author":{"@id":"https:\/\/www.blogsoestado.com\/evandrojunior\/#\/schema\/person\/3e6c3d8dbb740d1c6878ebc935cfb3be"},"breadcrumb":{"@id":"https:\/\/www.blogsoestado.com\/evandrojunior\/2024\/09\/30\/medico-da-idiagnostica-fala-sobre-tratamento-para-dor-no-calcanhar\/#breadcrumb"},"inLanguage":"pt-BR","potentialAction":[{"@type":"ReadAction","target":["https:\/\/www.blogsoestado.com\/evandrojunior\/2024\/09\/30\/medico-da-idiagnostica-fala-sobre-tratamento-para-dor-no-calcanhar\/"]}]},{"@type":"ImageObject","inLanguage":"pt-BR","@id":"https:\/\/www.blogsoestado.com\/evandrojunior\/2024\/09\/30\/medico-da-idiagnostica-fala-sobre-tratamento-para-dor-no-calcanhar\/#primaryimage","url":"https:\/\/www.blogsoestado.com\/evandrojunior\/files\/2024\/09\/FOTO-3-1.jpeg","contentUrl":"https:\/\/www.blogsoestado.com\/evandrojunior\/files\/2024\/09\/FOTO-3-1.jpeg"},{"@type":"BreadcrumbList","@id":"https:\/\/www.blogsoestado.com\/evandrojunior\/2024\/09\/30\/medico-da-idiagnostica-fala-sobre-tratamento-para-dor-no-calcanhar\/#breadcrumb","itemListElement":[{"@type":"ListItem","position":1,"name":"In\u00edcio","item":"https:\/\/www.blogsoestado.com\/evandrojunior\/"},{"@type":"ListItem","position":2,"name":"M\u00e9dico da Idiagn\u00f3stica fala sobre tratamento para dor no calcanhar"}]},{"@type":"WebSite","@id":"https:\/\/www.blogsoestado.com\/evandrojunior\/#website","url":"https:\/\/www.blogsoestado.com\/evandrojunior\/","name":"Evandro Junior","description":"","potentialAction":[{"@type":"SearchAction","target":{"@type":"EntryPoint","urlTemplate":"https:\/\/www.blogsoestado.com\/evandrojunior\/?s={search_term_string}"},"query-input":{"@type":"PropertyValueSpecification","valueRequired":true,"valueName":"search_term_string"}}],"inLanguage":"pt-BR"},{"@type":"Person","@id":"https:\/\/www.blogsoestado.com\/evandrojunior\/#\/schema\/person\/3e6c3d8dbb740d1c6878ebc935cfb3be","name":"Evandro Junior","image":{"@type":"ImageObject","inLanguage":"pt-BR","@id":"https:\/\/www.blogsoestado.com\/evandrojunior\/#\/schema\/person\/image\/","url":"https:\/\/secure.gravatar.com\/avatar\/f80a03a2294a580cd2318bfb459bf354cfa8be661ef3d95b542cf9a04af8d129?s=96&d=mm&r=g","contentUrl":"https:\/\/secure.gravatar.com\/avatar\/f80a03a2294a580cd2318bfb459bf354cfa8be661ef3d95b542cf9a04af8d129?s=96&d=mm&r=g","caption":"Evandro Junior"},"url":"https:\/\/www.blogsoestado.com\/evandrojunior\/author\/evandrojunior\/"}]}},"jetpack_featured_media_url":"","_links":{"self":[{"href":"https:\/\/www.blogsoestado.com\/evandrojunior\/wp-json\/wp\/v2\/posts\/13157","targetHints":{"allow":["GET"]}}],"collection":[{"href":"https:\/\/www.blogsoestado.com\/evandrojunior\/wp-json\/wp\/v2\/posts"}],"about":[{"href":"https:\/\/www.blogsoestado.com\/evandrojunior\/wp-json\/wp\/v2\/types\/post"}],"author":[{"embeddable":true,"href":"https:\/\/www.blogsoestado.com\/evandrojunior\/wp-json\/wp\/v2\/users\/4"}],"replies":[{"embeddable":true,"href":"https:\/\/www.blogsoestado.com\/evandrojunior\/wp-json\/wp\/v2\/comments?post=13157"}],"version-history":[{"count":0,"href":"https:\/\/www.blogsoestado.com\/evandrojunior\/wp-json\/wp\/v2\/posts\/13157\/revisions"}],"wp:attachment":[{"href":"https:\/\/www.blogsoestado.com\/evandrojunior\/wp-json\/wp\/v2\/media?parent=13157"}],"wp:term":[{"taxonomy":"category","embeddable":true,"href":"https:\/\/www.blogsoestado.com\/evandrojunior\/wp-json\/wp\/v2\/categories?post=13157"},{"taxonomy":"post_tag","embeddable":true,"href":"https:\/\/www.blogsoestado.com\/evandrojunior\/wp-json\/wp\/v2\/tags?post=13157"}],"curies":[{"name":"wp","href":"https:\/\/api.w.org\/{rel}","templated":true}]}}