{"id":13160,"date":"2024-09-30T11:50:31","date_gmt":"2024-09-30T14:50:31","guid":{"rendered":"https:\/\/www.blogsoestado.com\/evandrojunior\/?p=13160"},"modified":"2024-09-30T11:50:31","modified_gmt":"2024-09-30T14:50:31","slug":"enel-gera-negocios-e-oportunidades-para-empreendedores-da-cadeia-do-leite-e-derivados","status":"publish","type":"post","link":"https:\/\/www.blogsoestado.com\/evandrojunior\/2024\/09\/30\/enel-gera-negocios-e-oportunidades-para-empreendedores-da-cadeia-do-leite-e-derivados\/","title":{"rendered":"ENEL gera neg\u00f3cios e oportunidades para empreendedores da cadeia do leite e derivados"},"content":{"rendered":"\n<div class=\"wp-block-image\"><figure class=\"aligncenter size-large is-resized\"><img fetchpriority=\"high\" decoding=\"async\" src=\"https:\/\/www.blogsoestado.com\/evandrojunior\/files\/2024\/09\/Foto1-1024x768.jpg\" alt=\"\" class=\"wp-image-13162\" width=\"507\" height=\"381\"\/><figcaption><strong>A 18\u00aa edi\u00e7\u00e3o do ENEL deixou importante saldo de neg\u00f3cios em curto, m\u00e9dio e longo prazos<\/strong><\/figcaption><\/figure><\/div>\n\n\n\n<p><strong>S\u00c3O LU\u00cdS <\/strong>&#8211; O balan\u00e7o do XVIII Encontro Nordestino do Setor de Leite e Derivados (ENEL), realizado em S\u00e3o Lu\u00eds, aponta resultados expressivos na gera\u00e7\u00e3o de neg\u00f3cios, maior visibilidade para produtos da cadeia do leite e derivados, al\u00e9m do acesso \u00e0s inova\u00e7\u00f5es de um segmento que cresce no Maranh\u00e3o com bastante consist\u00eancia.<\/p>\n\n\n\n<p>Contando com participa\u00e7\u00e3o dos estados nordestinos, a 18\u00aa edi\u00e7\u00e3o do ENEL deixou importante saldo de neg\u00f3cios em curto, m\u00e9dio e longo prazos. Para que se tenha uma ideia, a tradicional Rodada de Neg\u00f3cios, gerou 60 rodadas e 53 aproxima\u00e7\u00f5es, com um movimento comercial de R$ 1,240 milh\u00f5es, em m\u00e9dio e longo prazos.<\/p>\n\n\n\n<p>J\u00e1 a Rodada de Cr\u00e9dito, gerou negocia\u00e7\u00f5es estimadas em R$ 653 mil em curto e m\u00e9dio prazos, envolvendo Caixa, Banco do Nordeste e Banco da Amaz\u00f4nia. A modalidade mais procurada pelos empreendedores foi cr\u00e9dito para capital de giro e aquisi\u00e7\u00e3o de equipamentos. Entre estes, est\u00e1 um projeto apresentado ao BNB, or\u00e7ado em R$ 2 milh\u00f5es, que o ENEL permitiu buscar formas de agilizar os procedimentos para avalia\u00e7\u00e3o e concess\u00e3o do cr\u00e9dito.<\/p>\n\n\n\n<p>Para o gerente da unidade de Servi\u00e7os Financeiros do\u00a0Sebrae no Maranh\u00e3o, Jaime Coelho, a Rodada de Cr\u00e9dito possibilitou o contato entre empreendedores interessados em captar recursos para ampliar seus neg\u00f3cios ou adquirir equipamentos e para as institui\u00e7\u00f5es banc\u00e1rias presentes apresentarem suas linhas de financiamento e as condi\u00e7\u00f5es ofertadas aos empreendedores. <\/p>\n\n\n\n<p>\u201cEsse contato \u00e9 primordial para identifica\u00e7\u00e3o das necessidades de cr\u00e9dito e para que o empreendedor receba orienta\u00e7\u00f5es para a aplica\u00e7\u00e3o correta dos recursos\u201d, frisou ele. Coelho lembra que, durante o ENEL, um semini\u00e1rio sobre Cr\u00e9dito Consciente reuniu mais de 150 empreendedores e representantes de banco, refor\u00e7ando a ideia da tomada de cr\u00e9dito respons\u00e1vel.\u00a0<\/p>\n\n\n\n<p><strong>Ampliando mercado para o produto maranhense<\/strong><\/p>\n\n\n\n<p>Participaram da Rodada, empresas do Maranh\u00e3o, Piau\u00ed e Para\u00edba, como demandantes e fornecedores, em segmentos como padarias, supermercados, pizzarias, restaurantes, lanchonetes, distribuidores de sucos, bebidas l\u00e1cteas, de queijos e de alimentos.<\/p>\n\n\n\n<p>Pessoas como Lenise e Cristina Bacelar, m\u00e3e e filha, criadoras do Brownie Crisl\u00ea, empresa instalada no Recanto dos Vinhais, pela primeira vez participaram de uma rodada de neg\u00f3cios. Elas aproveitaram para divulgar o produto. \u201cExcelente essa oportunidade criada pelo Sebrae, onde pudemos mostrar nossa linha de produtos para parceiros de S\u00e3o Lu\u00eds, como a rede Carone, prospectando parcerias para colocar nossos produtos em empreendimentos de outras \u00e1reas da cidade, al\u00e9m de buscar mercado fora do estado\u201d, avaliaram elas.<\/p>\n\n\n\n<p>J\u00e1 Ant\u00f4nio Iris de Oliveira, dos supermercados Carone, ressalta a import\u00e2ncia desse momento. \u201cDialogamos com potenciais fornecedores, que nos ofereceram produtos de qualidade \u00edmpar e nos oferecem log\u00edstica adequada para as nossas necessidades. Vamos agora avaliar e dar prosseguimento \u00e0s futuras parcerias\u201d, disse ele.<\/p>\n\n\n\n<p><strong>Resultados espa\u00e7o de exposi\u00e7\u00e3o<\/strong><\/p>\n\n\n\n<p>Concebido como um ambiente para venda de produtos e aproxima\u00e7\u00e3o com o consumidor final, o espa\u00e7o de Expositores do XVIII Enel apresentou excelente din\u00e2mica comercial. O espa\u00e7o reuniu 20 empresas, sendo oito de derivados de leite, incluindo bebidas destiladas, doces e mel. Durante o evento, o espa\u00e7o gerou um saldo de vendas diretas de R$ 157 mil reais e mais de R$ 100 mil em negocia\u00e7\u00f5es futuras.<\/p>\n\n\n\n<p>Laurentino Campos, de S\u00e3o Bento, \u00e9 um dos participantes do espa\u00e7o. Para o ENEL, ele trouxe destilados artesanais e uma novidade \u2013 licor de caf\u00e9, tendo o leite como base \u2013 , al\u00e9m de sabores regionais, como sapoti e cupua\u00e7u. Para ele, o ENEL foi um marco. \u201cTornar meu produto mais conhecido, conversar com o consumidor para entender ainda mais suas prefer\u00eancias e melhorar a qualidade do produto, al\u00e9m das vendas e parcerias, s\u00e3o resultados muito valiosos\u201d, disse ele.<\/p>\n\n\n\n<p>Quem tamb\u00e9m apostou na cacha\u00e7a artesanal na exposi\u00e7\u00e3o foi Lindomar Torres, da Cacha\u00e7a Vale do Brej\u00e3o, de Anapurus. Ele, que j\u00e1 vende para supermercados, lojas especializadas e para os supermercados Carone, aproveitou o ENEL para prospectar parcerias para consolida\u00e7\u00e3o no mercado. Com uma loja no Centro de S\u00e3o Lu\u00eds, especializada em souvenirs (kits de bebidas) e tendo como foco o turista, Lindomar busca tornar os destilados mais conhecidos no mercado. \u201cNo ENEL, ao fazer contato com empresas de outros estados, buscamos parceiros de neg\u00f3cios, interessados no nosso produto, que se destaca pela qualidade. Quero ser reconhecido como refer\u00eancia na produ\u00e7\u00e3o de cacha\u00e7a artesanal. E o ENEL foi mais um passo nesse objetivo\u201d, celebrou o empres\u00e1rio.<\/p>\n\n\n\n<p>Para o diretor T\u00e9cnico do Sebrae, Mauro Borralho, os saldos positivos do ENEL s\u00e3o fundamentais para fortalecer a cadeia de leite e derivados no estado. \u201cRealizar o XVIII ENEL durante a Expoema objetivou valorizar e dar visibilidade a uma cadeia produtiva relevante pela abrang\u00eancia e representatividade em termos de participa\u00e7\u00e3o de pequenos neg\u00f3cios rurais, da ind\u00fastria, do com\u00e9rcio e servi\u00e7os\u201d. O evento apontou oportunidades, posicionando a atua\u00e7\u00e3o do Sebrae em conjunto com parceiros estrat\u00e9gicos\u201d, avaliou ele. \u201cA qualidade dos produtos l\u00e1cteos, o uso de tecnologias e inova\u00e7\u00e3o, que permitam a melhoria de produtividade, seguran\u00e7a sanit\u00e1ria e tamb\u00e9m a amplia\u00e7\u00e3o da competitividade para alcance de novos mercados, s\u00e3o saldos importantes e que nos motivam para a continuidade desse trabalho de evidentes resultados\u201d, concluiu o executivo.<\/p>\n","protected":false},"excerpt":{"rendered":"<p>S\u00c3O LU\u00cdS &#8211; O balan\u00e7o do XVIII Encontro Nordestino do Setor de Leite e Derivados (ENEL), realizado em S\u00e3o Lu\u00eds, [&hellip;]<\/p>\n","protected":false},"author":4,"featured_media":0,"comment_status":"open","ping_status":"open","sticky":false,"template":"","format":"standard","meta":{"site-sidebar-layout":"default","site-content-layout":"","ast-site-content-layout":"default","site-content-style":"default","site-sidebar-style":"default","ast-global-header-display":"","ast-banner-title-visibility":"","ast-main-header-display":"","ast-hfb-above-header-display":"","ast-hfb-below-header-display":"","ast-hfb-mobile-header-display":"","site-post-title":"","ast-breadcrumbs-content":"","ast-featured-img":"","footer-sml-layout":"","ast-disable-related-posts":"","theme-transparent-header-meta":"","adv-header-id-meta":"","stick-header-meta":"","header-above-stick-meta":"","header-main-stick-meta":"","header-below-stick-meta":"","astra-migrate-meta-layouts":"default","ast-page-background-enabled":"default","ast-page-background-meta":{"desktop":{"background-color":"var(--ast-global-color-5)","background-image":"","background-repeat":"repeat","background-position":"center center","background-size":"auto","background-attachment":"scroll","background-type":"","background-media":"","overlay-type":"","overlay-color":"","overlay-opacity":"","overlay-gradient":""},"tablet":{"background-color":"","background-image":"","background-repeat":"repeat","background-position":"center center","background-size":"auto","background-attachment":"scroll","background-type":"","background-media":"","overlay-type":"","overlay-color":"","overlay-opacity":"","overlay-gradient":""},"mobile":{"background-color":"","background-image":"","background-repeat":"repeat","background-position":"center center","background-size":"auto","background-attachment":"scroll","background-type":"","background-media":"","overlay-type":"","overlay-color":"","overlay-opacity":"","overlay-gradient":""}},"ast-content-background-meta":{"desktop":{"background-color":"var(--ast-global-color-4)","background-image":"","background-repeat":"repeat","background-position":"center center","background-size":"auto","background-attachment":"scroll","background-type":"","background-media":"","overlay-type":"","overlay-color":"","overlay-opacity":"","overlay-gradient":""},"tablet":{"background-color":"var(--ast-global-color-4)","background-image":"","background-repeat":"repeat","background-position":"center center","background-size":"auto","background-attachment":"scroll","background-type":"","background-media":"","overlay-type":"","overlay-color":"","overlay-opacity":"","overlay-gradient":""},"mobile":{"background-color":"var(--ast-global-color-4)","background-image":"","background-repeat":"repeat","background-position":"center center","background-size":"auto","background-attachment":"scroll","background-type":"","background-media":"","overlay-type":"","overlay-color":"","overlay-opacity":"","overlay-gradient":""}},"footnotes":""},"categories":[1],"tags":[],"class_list":["post-13160","post","type-post","status-publish","format-standard","hentry","category-sem-categoria"],"yoast_head":"<!-- This site is optimized with the Yoast SEO plugin v26.6 - https:\/\/yoast.com\/wordpress\/plugins\/seo\/ -->\n<title>ENEL gera neg\u00f3cios e oportunidades para empreendedores da cadeia do leite e derivados - Evandro Junior<\/title>\n<meta name=\"robots\" content=\"index, follow, max-snippet:-1, max-image-preview:large, max-video-preview:-1\" \/>\n<link rel=\"canonical\" href=\"https:\/\/www.blogsoestado.com\/evandrojunior\/2024\/09\/30\/enel-gera-negocios-e-oportunidades-para-empreendedores-da-cadeia-do-leite-e-derivados\/\" \/>\n<meta property=\"og:locale\" content=\"pt_BR\" \/>\n<meta property=\"og:type\" content=\"article\" \/>\n<meta property=\"og:title\" content=\"ENEL gera neg\u00f3cios e oportunidades para empreendedores da cadeia do leite e derivados - Evandro Junior\" \/>\n<meta property=\"og:description\" content=\"S\u00c3O LU\u00cdS &#8211; O balan\u00e7o do XVIII Encontro Nordestino do Setor de Leite e Derivados (ENEL), realizado em S\u00e3o Lu\u00eds, [&hellip;]\" \/>\n<meta property=\"og:url\" content=\"https:\/\/www.blogsoestado.com\/evandrojunior\/2024\/09\/30\/enel-gera-negocios-e-oportunidades-para-empreendedores-da-cadeia-do-leite-e-derivados\/\" \/>\n<meta property=\"og:site_name\" content=\"Evandro Junior\" \/>\n<meta property=\"article:published_time\" content=\"2024-09-30T14:50:31+00:00\" \/>\n<meta property=\"og:image\" content=\"https:\/\/www.blogsoestado.com\/evandrojunior\/files\/2024\/09\/Foto1-1024x768.jpg\" \/>\n<meta name=\"author\" content=\"Evandro Junior\" \/>\n<meta name=\"twitter:card\" content=\"summary_large_image\" \/>\n<meta name=\"twitter:label1\" content=\"Escrito por\" \/>\n\t<meta name=\"twitter:data1\" content=\"Evandro Junior\" \/>\n\t<meta name=\"twitter:label2\" content=\"Est. tempo de leitura\" \/>\n\t<meta name=\"twitter:data2\" content=\"4 minutos\" \/>\n<script type=\"application\/ld+json\" class=\"yoast-schema-graph\">{\"@context\":\"https:\/\/schema.org\",\"@graph\":[{\"@type\":\"WebPage\",\"@id\":\"https:\/\/www.blogsoestado.com\/evandrojunior\/2024\/09\/30\/enel-gera-negocios-e-oportunidades-para-empreendedores-da-cadeia-do-leite-e-derivados\/\",\"url\":\"https:\/\/www.blogsoestado.com\/evandrojunior\/2024\/09\/30\/enel-gera-negocios-e-oportunidades-para-empreendedores-da-cadeia-do-leite-e-derivados\/\",\"name\":\"ENEL gera neg\u00f3cios e oportunidades para empreendedores da cadeia do leite e derivados - Evandro Junior\",\"isPartOf\":{\"@id\":\"https:\/\/www.blogsoestado.com\/evandrojunior\/#website\"},\"primaryImageOfPage\":{\"@id\":\"https:\/\/www.blogsoestado.com\/evandrojunior\/2024\/09\/30\/enel-gera-negocios-e-oportunidades-para-empreendedores-da-cadeia-do-leite-e-derivados\/#primaryimage\"},\"image\":{\"@id\":\"https:\/\/www.blogsoestado.com\/evandrojunior\/2024\/09\/30\/enel-gera-negocios-e-oportunidades-para-empreendedores-da-cadeia-do-leite-e-derivados\/#primaryimage\"},\"thumbnailUrl\":\"https:\/\/www.blogsoestado.com\/evandrojunior\/files\/2024\/09\/Foto1-1024x768.jpg\",\"datePublished\":\"2024-09-30T14:50:31+00:00\",\"author\":{\"@id\":\"https:\/\/www.blogsoestado.com\/evandrojunior\/#\/schema\/person\/3e6c3d8dbb740d1c6878ebc935cfb3be\"},\"breadcrumb\":{\"@id\":\"https:\/\/www.blogsoestado.com\/evandrojunior\/2024\/09\/30\/enel-gera-negocios-e-oportunidades-para-empreendedores-da-cadeia-do-leite-e-derivados\/#breadcrumb\"},\"inLanguage\":\"pt-BR\",\"potentialAction\":[{\"@type\":\"ReadAction\",\"target\":[\"https:\/\/www.blogsoestado.com\/evandrojunior\/2024\/09\/30\/enel-gera-negocios-e-oportunidades-para-empreendedores-da-cadeia-do-leite-e-derivados\/\"]}]},{\"@type\":\"ImageObject\",\"inLanguage\":\"pt-BR\",\"@id\":\"https:\/\/www.blogsoestado.com\/evandrojunior\/2024\/09\/30\/enel-gera-negocios-e-oportunidades-para-empreendedores-da-cadeia-do-leite-e-derivados\/#primaryimage\",\"url\":\"https:\/\/www.blogsoestado.com\/evandrojunior\/files\/2024\/09\/Foto1-1024x768.jpg\",\"contentUrl\":\"https:\/\/www.blogsoestado.com\/evandrojunior\/files\/2024\/09\/Foto1-1024x768.jpg\"},{\"@type\":\"BreadcrumbList\",\"@id\":\"https:\/\/www.blogsoestado.com\/evandrojunior\/2024\/09\/30\/enel-gera-negocios-e-oportunidades-para-empreendedores-da-cadeia-do-leite-e-derivados\/#breadcrumb\",\"itemListElement\":[{\"@type\":\"ListItem\",\"position\":1,\"name\":\"In\u00edcio\",\"item\":\"https:\/\/www.blogsoestado.com\/evandrojunior\/\"},{\"@type\":\"ListItem\",\"position\":2,\"name\":\"ENEL gera neg\u00f3cios e oportunidades para empreendedores da cadeia do leite e derivados\"}]},{\"@type\":\"WebSite\",\"@id\":\"https:\/\/www.blogsoestado.com\/evandrojunior\/#website\",\"url\":\"https:\/\/www.blogsoestado.com\/evandrojunior\/\",\"name\":\"Evandro Junior\",\"description\":\"\",\"potentialAction\":[{\"@type\":\"SearchAction\",\"target\":{\"@type\":\"EntryPoint\",\"urlTemplate\":\"https:\/\/www.blogsoestado.com\/evandrojunior\/?s={search_term_string}\"},\"query-input\":{\"@type\":\"PropertyValueSpecification\",\"valueRequired\":true,\"valueName\":\"search_term_string\"}}],\"inLanguage\":\"pt-BR\"},{\"@type\":\"Person\",\"@id\":\"https:\/\/www.blogsoestado.com\/evandrojunior\/#\/schema\/person\/3e6c3d8dbb740d1c6878ebc935cfb3be\",\"name\":\"Evandro Junior\",\"image\":{\"@type\":\"ImageObject\",\"inLanguage\":\"pt-BR\",\"@id\":\"https:\/\/www.blogsoestado.com\/evandrojunior\/#\/schema\/person\/image\/\",\"url\":\"https:\/\/secure.gravatar.com\/avatar\/f80a03a2294a580cd2318bfb459bf354cfa8be661ef3d95b542cf9a04af8d129?s=96&d=mm&r=g\",\"contentUrl\":\"https:\/\/secure.gravatar.com\/avatar\/f80a03a2294a580cd2318bfb459bf354cfa8be661ef3d95b542cf9a04af8d129?s=96&d=mm&r=g\",\"caption\":\"Evandro Junior\"},\"url\":\"https:\/\/www.blogsoestado.com\/evandrojunior\/author\/evandrojunior\/\"}]}<\/script>\n<!-- \/ Yoast SEO plugin. -->","yoast_head_json":{"title":"ENEL gera neg\u00f3cios e oportunidades para empreendedores da cadeia do leite e derivados - Evandro Junior","robots":{"index":"index","follow":"follow","max-snippet":"max-snippet:-1","max-image-preview":"max-image-preview:large","max-video-preview":"max-video-preview:-1"},"canonical":"https:\/\/www.blogsoestado.com\/evandrojunior\/2024\/09\/30\/enel-gera-negocios-e-oportunidades-para-empreendedores-da-cadeia-do-leite-e-derivados\/","og_locale":"pt_BR","og_type":"article","og_title":"ENEL gera neg\u00f3cios e oportunidades para empreendedores da cadeia do leite e derivados - Evandro Junior","og_description":"S\u00c3O LU\u00cdS &#8211; O balan\u00e7o do XVIII Encontro Nordestino do Setor de Leite e Derivados (ENEL), realizado em S\u00e3o Lu\u00eds, [&hellip;]","og_url":"https:\/\/www.blogsoestado.com\/evandrojunior\/2024\/09\/30\/enel-gera-negocios-e-oportunidades-para-empreendedores-da-cadeia-do-leite-e-derivados\/","og_site_name":"Evandro Junior","article_published_time":"2024-09-30T14:50:31+00:00","og_image":[{"url":"https:\/\/www.blogsoestado.com\/evandrojunior\/files\/2024\/09\/Foto1-1024x768.jpg","type":"","width":"","height":""}],"author":"Evandro Junior","twitter_card":"summary_large_image","twitter_misc":{"Escrito por":"Evandro Junior","Est. tempo de leitura":"4 minutos"},"schema":{"@context":"https:\/\/schema.org","@graph":[{"@type":"WebPage","@id":"https:\/\/www.blogsoestado.com\/evandrojunior\/2024\/09\/30\/enel-gera-negocios-e-oportunidades-para-empreendedores-da-cadeia-do-leite-e-derivados\/","url":"https:\/\/www.blogsoestado.com\/evandrojunior\/2024\/09\/30\/enel-gera-negocios-e-oportunidades-para-empreendedores-da-cadeia-do-leite-e-derivados\/","name":"ENEL gera neg\u00f3cios e oportunidades para empreendedores da cadeia do leite e derivados - Evandro Junior","isPartOf":{"@id":"https:\/\/www.blogsoestado.com\/evandrojunior\/#website"},"primaryImageOfPage":{"@id":"https:\/\/www.blogsoestado.com\/evandrojunior\/2024\/09\/30\/enel-gera-negocios-e-oportunidades-para-empreendedores-da-cadeia-do-leite-e-derivados\/#primaryimage"},"image":{"@id":"https:\/\/www.blogsoestado.com\/evandrojunior\/2024\/09\/30\/enel-gera-negocios-e-oportunidades-para-empreendedores-da-cadeia-do-leite-e-derivados\/#primaryimage"},"thumbnailUrl":"https:\/\/www.blogsoestado.com\/evandrojunior\/files\/2024\/09\/Foto1-1024x768.jpg","datePublished":"2024-09-30T14:50:31+00:00","author":{"@id":"https:\/\/www.blogsoestado.com\/evandrojunior\/#\/schema\/person\/3e6c3d8dbb740d1c6878ebc935cfb3be"},"breadcrumb":{"@id":"https:\/\/www.blogsoestado.com\/evandrojunior\/2024\/09\/30\/enel-gera-negocios-e-oportunidades-para-empreendedores-da-cadeia-do-leite-e-derivados\/#breadcrumb"},"inLanguage":"pt-BR","potentialAction":[{"@type":"ReadAction","target":["https:\/\/www.blogsoestado.com\/evandrojunior\/2024\/09\/30\/enel-gera-negocios-e-oportunidades-para-empreendedores-da-cadeia-do-leite-e-derivados\/"]}]},{"@type":"ImageObject","inLanguage":"pt-BR","@id":"https:\/\/www.blogsoestado.com\/evandrojunior\/2024\/09\/30\/enel-gera-negocios-e-oportunidades-para-empreendedores-da-cadeia-do-leite-e-derivados\/#primaryimage","url":"https:\/\/www.blogsoestado.com\/evandrojunior\/files\/2024\/09\/Foto1-1024x768.jpg","contentUrl":"https:\/\/www.blogsoestado.com\/evandrojunior\/files\/2024\/09\/Foto1-1024x768.jpg"},{"@type":"BreadcrumbList","@id":"https:\/\/www.blogsoestado.com\/evandrojunior\/2024\/09\/30\/enel-gera-negocios-e-oportunidades-para-empreendedores-da-cadeia-do-leite-e-derivados\/#breadcrumb","itemListElement":[{"@type":"ListItem","position":1,"name":"In\u00edcio","item":"https:\/\/www.blogsoestado.com\/evandrojunior\/"},{"@type":"ListItem","position":2,"name":"ENEL gera neg\u00f3cios e oportunidades para empreendedores da cadeia do leite e derivados"}]},{"@type":"WebSite","@id":"https:\/\/www.blogsoestado.com\/evandrojunior\/#website","url":"https:\/\/www.blogsoestado.com\/evandrojunior\/","name":"Evandro Junior","description":"","potentialAction":[{"@type":"SearchAction","target":{"@type":"EntryPoint","urlTemplate":"https:\/\/www.blogsoestado.com\/evandrojunior\/?s={search_term_string}"},"query-input":{"@type":"PropertyValueSpecification","valueRequired":true,"valueName":"search_term_string"}}],"inLanguage":"pt-BR"},{"@type":"Person","@id":"https:\/\/www.blogsoestado.com\/evandrojunior\/#\/schema\/person\/3e6c3d8dbb740d1c6878ebc935cfb3be","name":"Evandro Junior","image":{"@type":"ImageObject","inLanguage":"pt-BR","@id":"https:\/\/www.blogsoestado.com\/evandrojunior\/#\/schema\/person\/image\/","url":"https:\/\/secure.gravatar.com\/avatar\/f80a03a2294a580cd2318bfb459bf354cfa8be661ef3d95b542cf9a04af8d129?s=96&d=mm&r=g","contentUrl":"https:\/\/secure.gravatar.com\/avatar\/f80a03a2294a580cd2318bfb459bf354cfa8be661ef3d95b542cf9a04af8d129?s=96&d=mm&r=g","caption":"Evandro Junior"},"url":"https:\/\/www.blogsoestado.com\/evandrojunior\/author\/evandrojunior\/"}]}},"jetpack_featured_media_url":"","_links":{"self":[{"href":"https:\/\/www.blogsoestado.com\/evandrojunior\/wp-json\/wp\/v2\/posts\/13160","targetHints":{"allow":["GET"]}}],"collection":[{"href":"https:\/\/www.blogsoestado.com\/evandrojunior\/wp-json\/wp\/v2\/posts"}],"about":[{"href":"https:\/\/www.blogsoestado.com\/evandrojunior\/wp-json\/wp\/v2\/types\/post"}],"author":[{"embeddable":true,"href":"https:\/\/www.blogsoestado.com\/evandrojunior\/wp-json\/wp\/v2\/users\/4"}],"replies":[{"embeddable":true,"href":"https:\/\/www.blogsoestado.com\/evandrojunior\/wp-json\/wp\/v2\/comments?post=13160"}],"version-history":[{"count":0,"href":"https:\/\/www.blogsoestado.com\/evandrojunior\/wp-json\/wp\/v2\/posts\/13160\/revisions"}],"wp:attachment":[{"href":"https:\/\/www.blogsoestado.com\/evandrojunior\/wp-json\/wp\/v2\/media?parent=13160"}],"wp:term":[{"taxonomy":"category","embeddable":true,"href":"https:\/\/www.blogsoestado.com\/evandrojunior\/wp-json\/wp\/v2\/categories?post=13160"},{"taxonomy":"post_tag","embeddable":true,"href":"https:\/\/www.blogsoestado.com\/evandrojunior\/wp-json\/wp\/v2\/tags?post=13160"}],"curies":[{"name":"wp","href":"https:\/\/api.w.org\/{rel}","templated":true}]}}