{"id":13331,"date":"2024-10-17T17:06:54","date_gmt":"2024-10-17T20:06:54","guid":{"rendered":"https:\/\/www.blogsoestado.com\/evandrojunior\/?p=13331"},"modified":"2024-10-17T17:06:54","modified_gmt":"2024-10-17T20:06:54","slug":"amovinho-homenageia-profissionais-da-comunicacao-com-palestra-de-dalva-rego","status":"publish","type":"post","link":"https:\/\/www.blogsoestado.com\/evandrojunior\/2024\/10\/17\/amovinho-homenageia-profissionais-da-comunicacao-com-palestra-de-dalva-rego\/","title":{"rendered":"AmoVinho homenageia profissionais da comunica\u00e7\u00e3o com palestra de Dalva R\u00eago"},"content":{"rendered":"\n<div class=\"wp-block-image\"><figure class=\"aligncenter size-large is-resized\"><img fetchpriority=\"high\" decoding=\"async\" src=\"https:\/\/www.blogsoestado.com\/evandrojunior\/files\/2024\/10\/DSC00090-1024x683.jpg\" alt=\"\" class=\"wp-image-13333\" width=\"482\" height=\"322\"\/><figcaption><strong>Dalva R\u00eago foi recebida na AmoVinho durante o projeto &#8216;TPM&#8217;<\/strong><\/figcaption><\/figure><\/div>\n\n\n\n<p><strong>S\u00c3O LU\u00cdS<\/strong> &#8211; \u2018Assessoria de comunica\u00e7\u00e3o e preven\u00e7\u00e3o de crise\u2019 foi o tema abordado pela jornalista Dalva R\u00eago, na \u00faltima ter\u00e7a-feira (15), durante edi\u00e7\u00e3o do projeto \u2018Ter\u00e7a para Mulheres\u2019 (TPM), iniciativa de sucesso da AmoVinho Bistr\u00f4 &amp; Adega, no Parque Shalon. <\/p>\n\n\n\n<p>A palestra da convidada foi uma forma encontrada pelo empreendimento para homenagear os profissionais da comunica\u00e7\u00e3o em atua\u00e7\u00e3o no Maranh\u00e3o. <\/p>\n\n\n\n<div class=\"wp-block-image\"><figure class=\"aligncenter size-large is-resized\"><img decoding=\"async\" src=\"https:\/\/www.blogsoestado.com\/evandrojunior\/files\/2024\/10\/DSC00065-1-1024x683.jpg\" alt=\"\" class=\"wp-image-13334\" width=\"493\" height=\"329\"\/><figcaption><strong>Dalva R\u00eago falou sobre o tema \u2018Assessoria de comunica\u00e7\u00e3o e preven\u00e7\u00e3o de crise\u2019<\/strong><\/figcaption><\/figure><\/div>\n\n\n\n<p>A jornalista, empreendedora, assessora de comunica\u00e7\u00e3o e mestre em cerim\u00f4nias levou sua experi\u00eancia profissional para compartilhar com outras mulheres e homens. O evento foi prestigiado tamb\u00e9m por membros da fam\u00edlia de Dalva, que apresentou uma palestra bastante descontra\u00edda e com hist\u00f3rias que revelam o seu esfor\u00e7o para crescer no segmento. <\/p>\n\n\n\n<div class=\"wp-block-image\"><figure class=\"aligncenter size-large is-resized\"><img decoding=\"async\" src=\"https:\/\/www.blogsoestado.com\/evandrojunior\/files\/2024\/10\/DSC00098-683x1024.jpg\" alt=\"\" class=\"wp-image-13335\" width=\"430\" height=\"645\"\/><figcaption><strong>Dalva R\u00eago com o esposa, Airson Cutrim <\/strong><\/figcaption><\/figure><\/div>\n\n\n\n<div class=\"wp-block-image\"><figure class=\"aligncenter size-large is-resized\"><img loading=\"lazy\" decoding=\"async\" src=\"https:\/\/www.blogsoestado.com\/evandrojunior\/files\/2024\/10\/DSC00071-1024x683.jpg\" alt=\"\" class=\"wp-image-13336\" width=\"471\" height=\"314\"\/><figcaption><strong>Dalva R\u00eago foi convidada do projeto &#8216;Ter\u00e7a para Mulheres&#8217;, um grande sucesso no empreendimento gastron\u00f4mico<\/strong><\/figcaption><\/figure><\/div>\n\n\n\n<p>Dalva, que \u00e9 apaixonada por viagens, conhecimento, descobertas, m\u00fasica, cinema, vinhos e vidas, come\u00e7ou a trabalhar aos 15 anos de idade para buscar autonomia financeira dentro de casa.<\/p>\n\n\n\n<p>As edi\u00e7\u00f5es do \u2018TPM\u2019 s\u00e3o descontra\u00eddas e saborosas, haja vista o card\u00e1pio caprichado do espa\u00e7o, com direito a entrada, prato principal, sobremesa e ta\u00e7a de vinho por apenas R$ 95,00 por pessoa.<\/p>\n","protected":false},"excerpt":{"rendered":"<p>S\u00c3O LU\u00cdS &#8211; \u2018Assessoria de comunica\u00e7\u00e3o e preven\u00e7\u00e3o de crise\u2019 foi o tema abordado pela jornalista Dalva R\u00eago, na \u00faltima [&hellip;]<\/p>\n","protected":false},"author":4,"featured_media":0,"comment_status":"open","ping_status":"open","sticky":false,"template":"","format":"standard","meta":{"site-sidebar-layout":"default","site-content-layout":"","ast-site-content-layout":"default","site-content-style":"default","site-sidebar-style":"default","ast-global-header-display":"","ast-banner-title-visibility":"","ast-main-header-display":"","ast-hfb-above-header-display":"","ast-hfb-below-header-display":"","ast-hfb-mobile-header-display":"","site-post-title":"","ast-breadcrumbs-content":"","ast-featured-img":"","footer-sml-layout":"","ast-disable-related-posts":"","theme-transparent-header-meta":"","adv-header-id-meta":"","stick-header-meta":"","header-above-stick-meta":"","header-main-stick-meta":"","header-below-stick-meta":"","astra-migrate-meta-layouts":"default","ast-page-background-enabled":"default","ast-page-background-meta":{"desktop":{"background-color":"var(--ast-global-color-5)","background-image":"","background-repeat":"repeat","background-position":"center center","background-size":"auto","background-attachment":"scroll","background-type":"","background-media":"","overlay-type":"","overlay-color":"","overlay-opacity":"","overlay-gradient":""},"tablet":{"background-color":"","background-image":"","background-repeat":"repeat","background-position":"center center","background-size":"auto","background-attachment":"scroll","background-type":"","background-media":"","overlay-type":"","overlay-color":"","overlay-opacity":"","overlay-gradient":""},"mobile":{"background-color":"","background-image":"","background-repeat":"repeat","background-position":"center center","background-size":"auto","background-attachment":"scroll","background-type":"","background-media":"","overlay-type":"","overlay-color":"","overlay-opacity":"","overlay-gradient":""}},"ast-content-background-meta":{"desktop":{"background-color":"var(--ast-global-color-4)","background-image":"","background-repeat":"repeat","background-position":"center center","background-size":"auto","background-attachment":"scroll","background-type":"","background-media":"","overlay-type":"","overlay-color":"","overlay-opacity":"","overlay-gradient":""},"tablet":{"background-color":"var(--ast-global-color-4)","background-image":"","background-repeat":"repeat","background-position":"center center","background-size":"auto","background-attachment":"scroll","background-type":"","background-media":"","overlay-type":"","overlay-color":"","overlay-opacity":"","overlay-gradient":""},"mobile":{"background-color":"var(--ast-global-color-4)","background-image":"","background-repeat":"repeat","background-position":"center center","background-size":"auto","background-attachment":"scroll","background-type":"","background-media":"","overlay-type":"","overlay-color":"","overlay-opacity":"","overlay-gradient":""}},"footnotes":""},"categories":[1],"tags":[],"class_list":["post-13331","post","type-post","status-publish","format-standard","hentry","category-sem-categoria"],"yoast_head":"<!-- This site is optimized with the Yoast SEO plugin v26.6 - https:\/\/yoast.com\/wordpress\/plugins\/seo\/ -->\n<title>AmoVinho homenageia profissionais da comunica\u00e7\u00e3o com palestra de Dalva R\u00eago - Evandro Junior<\/title>\n<meta name=\"robots\" content=\"index, follow, max-snippet:-1, max-image-preview:large, max-video-preview:-1\" \/>\n<link rel=\"canonical\" href=\"https:\/\/www.blogsoestado.com\/evandrojunior\/2024\/10\/17\/amovinho-homenageia-profissionais-da-comunicacao-com-palestra-de-dalva-rego\/\" \/>\n<meta property=\"og:locale\" content=\"pt_BR\" \/>\n<meta property=\"og:type\" content=\"article\" \/>\n<meta property=\"og:title\" content=\"AmoVinho homenageia profissionais da comunica\u00e7\u00e3o com palestra de Dalva R\u00eago - Evandro Junior\" \/>\n<meta property=\"og:description\" content=\"S\u00c3O LU\u00cdS &#8211; \u2018Assessoria de comunica\u00e7\u00e3o e preven\u00e7\u00e3o de crise\u2019 foi o tema abordado pela jornalista Dalva R\u00eago, na \u00faltima [&hellip;]\" \/>\n<meta property=\"og:url\" content=\"https:\/\/www.blogsoestado.com\/evandrojunior\/2024\/10\/17\/amovinho-homenageia-profissionais-da-comunicacao-com-palestra-de-dalva-rego\/\" \/>\n<meta property=\"og:site_name\" content=\"Evandro Junior\" \/>\n<meta property=\"article:published_time\" content=\"2024-10-17T20:06:54+00:00\" \/>\n<meta property=\"og:image\" content=\"https:\/\/www.blogsoestado.com\/evandrojunior\/files\/2024\/10\/DSC00090-1024x683.jpg\" \/>\n<meta name=\"author\" content=\"Evandro Junior\" \/>\n<meta name=\"twitter:card\" content=\"summary_large_image\" \/>\n<meta name=\"twitter:label1\" content=\"Escrito por\" \/>\n\t<meta name=\"twitter:data1\" content=\"Evandro Junior\" \/>\n\t<meta name=\"twitter:label2\" content=\"Est. tempo de leitura\" \/>\n\t<meta name=\"twitter:data2\" content=\"2 minutos\" \/>\n<script type=\"application\/ld+json\" class=\"yoast-schema-graph\">{\"@context\":\"https:\/\/schema.org\",\"@graph\":[{\"@type\":\"WebPage\",\"@id\":\"https:\/\/www.blogsoestado.com\/evandrojunior\/2024\/10\/17\/amovinho-homenageia-profissionais-da-comunicacao-com-palestra-de-dalva-rego\/\",\"url\":\"https:\/\/www.blogsoestado.com\/evandrojunior\/2024\/10\/17\/amovinho-homenageia-profissionais-da-comunicacao-com-palestra-de-dalva-rego\/\",\"name\":\"AmoVinho homenageia profissionais da comunica\u00e7\u00e3o com palestra de Dalva R\u00eago - Evandro Junior\",\"isPartOf\":{\"@id\":\"https:\/\/www.blogsoestado.com\/evandrojunior\/#website\"},\"primaryImageOfPage\":{\"@id\":\"https:\/\/www.blogsoestado.com\/evandrojunior\/2024\/10\/17\/amovinho-homenageia-profissionais-da-comunicacao-com-palestra-de-dalva-rego\/#primaryimage\"},\"image\":{\"@id\":\"https:\/\/www.blogsoestado.com\/evandrojunior\/2024\/10\/17\/amovinho-homenageia-profissionais-da-comunicacao-com-palestra-de-dalva-rego\/#primaryimage\"},\"thumbnailUrl\":\"https:\/\/www.blogsoestado.com\/evandrojunior\/files\/2024\/10\/DSC00090-1024x683.jpg\",\"datePublished\":\"2024-10-17T20:06:54+00:00\",\"author\":{\"@id\":\"https:\/\/www.blogsoestado.com\/evandrojunior\/#\/schema\/person\/3e6c3d8dbb740d1c6878ebc935cfb3be\"},\"breadcrumb\":{\"@id\":\"https:\/\/www.blogsoestado.com\/evandrojunior\/2024\/10\/17\/amovinho-homenageia-profissionais-da-comunicacao-com-palestra-de-dalva-rego\/#breadcrumb\"},\"inLanguage\":\"pt-BR\",\"potentialAction\":[{\"@type\":\"ReadAction\",\"target\":[\"https:\/\/www.blogsoestado.com\/evandrojunior\/2024\/10\/17\/amovinho-homenageia-profissionais-da-comunicacao-com-palestra-de-dalva-rego\/\"]}]},{\"@type\":\"ImageObject\",\"inLanguage\":\"pt-BR\",\"@id\":\"https:\/\/www.blogsoestado.com\/evandrojunior\/2024\/10\/17\/amovinho-homenageia-profissionais-da-comunicacao-com-palestra-de-dalva-rego\/#primaryimage\",\"url\":\"https:\/\/www.blogsoestado.com\/evandrojunior\/files\/2024\/10\/DSC00090-1024x683.jpg\",\"contentUrl\":\"https:\/\/www.blogsoestado.com\/evandrojunior\/files\/2024\/10\/DSC00090-1024x683.jpg\"},{\"@type\":\"BreadcrumbList\",\"@id\":\"https:\/\/www.blogsoestado.com\/evandrojunior\/2024\/10\/17\/amovinho-homenageia-profissionais-da-comunicacao-com-palestra-de-dalva-rego\/#breadcrumb\",\"itemListElement\":[{\"@type\":\"ListItem\",\"position\":1,\"name\":\"In\u00edcio\",\"item\":\"https:\/\/www.blogsoestado.com\/evandrojunior\/\"},{\"@type\":\"ListItem\",\"position\":2,\"name\":\"AmoVinho homenageia profissionais da comunica\u00e7\u00e3o com palestra de Dalva R\u00eago\"}]},{\"@type\":\"WebSite\",\"@id\":\"https:\/\/www.blogsoestado.com\/evandrojunior\/#website\",\"url\":\"https:\/\/www.blogsoestado.com\/evandrojunior\/\",\"name\":\"Evandro Junior\",\"description\":\"\",\"potentialAction\":[{\"@type\":\"SearchAction\",\"target\":{\"@type\":\"EntryPoint\",\"urlTemplate\":\"https:\/\/www.blogsoestado.com\/evandrojunior\/?s={search_term_string}\"},\"query-input\":{\"@type\":\"PropertyValueSpecification\",\"valueRequired\":true,\"valueName\":\"search_term_string\"}}],\"inLanguage\":\"pt-BR\"},{\"@type\":\"Person\",\"@id\":\"https:\/\/www.blogsoestado.com\/evandrojunior\/#\/schema\/person\/3e6c3d8dbb740d1c6878ebc935cfb3be\",\"name\":\"Evandro Junior\",\"image\":{\"@type\":\"ImageObject\",\"inLanguage\":\"pt-BR\",\"@id\":\"https:\/\/www.blogsoestado.com\/evandrojunior\/#\/schema\/person\/image\/\",\"url\":\"https:\/\/secure.gravatar.com\/avatar\/f80a03a2294a580cd2318bfb459bf354cfa8be661ef3d95b542cf9a04af8d129?s=96&d=mm&r=g\",\"contentUrl\":\"https:\/\/secure.gravatar.com\/avatar\/f80a03a2294a580cd2318bfb459bf354cfa8be661ef3d95b542cf9a04af8d129?s=96&d=mm&r=g\",\"caption\":\"Evandro Junior\"},\"url\":\"https:\/\/www.blogsoestado.com\/evandrojunior\/author\/evandrojunior\/\"}]}<\/script>\n<!-- \/ Yoast SEO plugin. -->","yoast_head_json":{"title":"AmoVinho homenageia profissionais da comunica\u00e7\u00e3o com palestra de Dalva R\u00eago - Evandro Junior","robots":{"index":"index","follow":"follow","max-snippet":"max-snippet:-1","max-image-preview":"max-image-preview:large","max-video-preview":"max-video-preview:-1"},"canonical":"https:\/\/www.blogsoestado.com\/evandrojunior\/2024\/10\/17\/amovinho-homenageia-profissionais-da-comunicacao-com-palestra-de-dalva-rego\/","og_locale":"pt_BR","og_type":"article","og_title":"AmoVinho homenageia profissionais da comunica\u00e7\u00e3o com palestra de Dalva R\u00eago - Evandro Junior","og_description":"S\u00c3O LU\u00cdS &#8211; \u2018Assessoria de comunica\u00e7\u00e3o e preven\u00e7\u00e3o de crise\u2019 foi o tema abordado pela jornalista Dalva R\u00eago, na \u00faltima [&hellip;]","og_url":"https:\/\/www.blogsoestado.com\/evandrojunior\/2024\/10\/17\/amovinho-homenageia-profissionais-da-comunicacao-com-palestra-de-dalva-rego\/","og_site_name":"Evandro Junior","article_published_time":"2024-10-17T20:06:54+00:00","og_image":[{"url":"https:\/\/www.blogsoestado.com\/evandrojunior\/files\/2024\/10\/DSC00090-1024x683.jpg","type":"","width":"","height":""}],"author":"Evandro Junior","twitter_card":"summary_large_image","twitter_misc":{"Escrito por":"Evandro Junior","Est. tempo de leitura":"2 minutos"},"schema":{"@context":"https:\/\/schema.org","@graph":[{"@type":"WebPage","@id":"https:\/\/www.blogsoestado.com\/evandrojunior\/2024\/10\/17\/amovinho-homenageia-profissionais-da-comunicacao-com-palestra-de-dalva-rego\/","url":"https:\/\/www.blogsoestado.com\/evandrojunior\/2024\/10\/17\/amovinho-homenageia-profissionais-da-comunicacao-com-palestra-de-dalva-rego\/","name":"AmoVinho homenageia profissionais da comunica\u00e7\u00e3o com palestra de Dalva R\u00eago - Evandro Junior","isPartOf":{"@id":"https:\/\/www.blogsoestado.com\/evandrojunior\/#website"},"primaryImageOfPage":{"@id":"https:\/\/www.blogsoestado.com\/evandrojunior\/2024\/10\/17\/amovinho-homenageia-profissionais-da-comunicacao-com-palestra-de-dalva-rego\/#primaryimage"},"image":{"@id":"https:\/\/www.blogsoestado.com\/evandrojunior\/2024\/10\/17\/amovinho-homenageia-profissionais-da-comunicacao-com-palestra-de-dalva-rego\/#primaryimage"},"thumbnailUrl":"https:\/\/www.blogsoestado.com\/evandrojunior\/files\/2024\/10\/DSC00090-1024x683.jpg","datePublished":"2024-10-17T20:06:54+00:00","author":{"@id":"https:\/\/www.blogsoestado.com\/evandrojunior\/#\/schema\/person\/3e6c3d8dbb740d1c6878ebc935cfb3be"},"breadcrumb":{"@id":"https:\/\/www.blogsoestado.com\/evandrojunior\/2024\/10\/17\/amovinho-homenageia-profissionais-da-comunicacao-com-palestra-de-dalva-rego\/#breadcrumb"},"inLanguage":"pt-BR","potentialAction":[{"@type":"ReadAction","target":["https:\/\/www.blogsoestado.com\/evandrojunior\/2024\/10\/17\/amovinho-homenageia-profissionais-da-comunicacao-com-palestra-de-dalva-rego\/"]}]},{"@type":"ImageObject","inLanguage":"pt-BR","@id":"https:\/\/www.blogsoestado.com\/evandrojunior\/2024\/10\/17\/amovinho-homenageia-profissionais-da-comunicacao-com-palestra-de-dalva-rego\/#primaryimage","url":"https:\/\/www.blogsoestado.com\/evandrojunior\/files\/2024\/10\/DSC00090-1024x683.jpg","contentUrl":"https:\/\/www.blogsoestado.com\/evandrojunior\/files\/2024\/10\/DSC00090-1024x683.jpg"},{"@type":"BreadcrumbList","@id":"https:\/\/www.blogsoestado.com\/evandrojunior\/2024\/10\/17\/amovinho-homenageia-profissionais-da-comunicacao-com-palestra-de-dalva-rego\/#breadcrumb","itemListElement":[{"@type":"ListItem","position":1,"name":"In\u00edcio","item":"https:\/\/www.blogsoestado.com\/evandrojunior\/"},{"@type":"ListItem","position":2,"name":"AmoVinho homenageia profissionais da comunica\u00e7\u00e3o com palestra de Dalva R\u00eago"}]},{"@type":"WebSite","@id":"https:\/\/www.blogsoestado.com\/evandrojunior\/#website","url":"https:\/\/www.blogsoestado.com\/evandrojunior\/","name":"Evandro Junior","description":"","potentialAction":[{"@type":"SearchAction","target":{"@type":"EntryPoint","urlTemplate":"https:\/\/www.blogsoestado.com\/evandrojunior\/?s={search_term_string}"},"query-input":{"@type":"PropertyValueSpecification","valueRequired":true,"valueName":"search_term_string"}}],"inLanguage":"pt-BR"},{"@type":"Person","@id":"https:\/\/www.blogsoestado.com\/evandrojunior\/#\/schema\/person\/3e6c3d8dbb740d1c6878ebc935cfb3be","name":"Evandro Junior","image":{"@type":"ImageObject","inLanguage":"pt-BR","@id":"https:\/\/www.blogsoestado.com\/evandrojunior\/#\/schema\/person\/image\/","url":"https:\/\/secure.gravatar.com\/avatar\/f80a03a2294a580cd2318bfb459bf354cfa8be661ef3d95b542cf9a04af8d129?s=96&d=mm&r=g","contentUrl":"https:\/\/secure.gravatar.com\/avatar\/f80a03a2294a580cd2318bfb459bf354cfa8be661ef3d95b542cf9a04af8d129?s=96&d=mm&r=g","caption":"Evandro Junior"},"url":"https:\/\/www.blogsoestado.com\/evandrojunior\/author\/evandrojunior\/"}]}},"jetpack_featured_media_url":"","_links":{"self":[{"href":"https:\/\/www.blogsoestado.com\/evandrojunior\/wp-json\/wp\/v2\/posts\/13331","targetHints":{"allow":["GET"]}}],"collection":[{"href":"https:\/\/www.blogsoestado.com\/evandrojunior\/wp-json\/wp\/v2\/posts"}],"about":[{"href":"https:\/\/www.blogsoestado.com\/evandrojunior\/wp-json\/wp\/v2\/types\/post"}],"author":[{"embeddable":true,"href":"https:\/\/www.blogsoestado.com\/evandrojunior\/wp-json\/wp\/v2\/users\/4"}],"replies":[{"embeddable":true,"href":"https:\/\/www.blogsoestado.com\/evandrojunior\/wp-json\/wp\/v2\/comments?post=13331"}],"version-history":[{"count":0,"href":"https:\/\/www.blogsoestado.com\/evandrojunior\/wp-json\/wp\/v2\/posts\/13331\/revisions"}],"wp:attachment":[{"href":"https:\/\/www.blogsoestado.com\/evandrojunior\/wp-json\/wp\/v2\/media?parent=13331"}],"wp:term":[{"taxonomy":"category","embeddable":true,"href":"https:\/\/www.blogsoestado.com\/evandrojunior\/wp-json\/wp\/v2\/categories?post=13331"},{"taxonomy":"post_tag","embeddable":true,"href":"https:\/\/www.blogsoestado.com\/evandrojunior\/wp-json\/wp\/v2\/tags?post=13331"}],"curies":[{"name":"wp","href":"https:\/\/api.w.org\/{rel}","templated":true}]}}