{"id":13338,"date":"2024-10-17T17:24:21","date_gmt":"2024-10-17T20:24:21","guid":{"rendered":"https:\/\/www.blogsoestado.com\/evandrojunior\/?p=13338"},"modified":"2024-10-17T17:24:21","modified_gmt":"2024-10-17T20:24:21","slug":"teresina-vai-ferver-com-a-micarina-neste-fim-de-semana","status":"publish","type":"post","link":"https:\/\/www.blogsoestado.com\/evandrojunior\/2024\/10\/17\/teresina-vai-ferver-com-a-micarina-neste-fim-de-semana\/","title":{"rendered":"Teresina vai ferver com a Micarina neste fim de semana"},"content":{"rendered":"\n<div class=\"wp-block-image\"><figure class=\"aligncenter size-large is-resized\"><img fetchpriority=\"high\" decoding=\"async\" src=\"https:\/\/www.blogsoestado.com\/evandrojunior\/files\/2024\/10\/WhatsApp-Image-2024-10-17-at-17.23.17.jpeg\" alt=\"\" class=\"wp-image-13339\" width=\"518\" height=\"389\"\/><figcaption><strong>Micarina chega em 2024 consolidada como uma das maiores festas de ax\u00e9 music do Brasil<\/strong><\/figcaption><\/figure><\/div>\n\n\n\n<p><strong>S\u00c3O LU\u00cdS <\/strong>&#8211; Falta apenas um dia para mais uma edi\u00e7\u00e3o inesquec\u00edvel da Micarina. Nos dias 18 e 19 de outubro (sexta e s\u00e1bado), a maior micareta do Piau\u00ed toma conta da cidade, prometendo agitar os foli\u00f5es com muita m\u00fasica, alegria e anima\u00e7\u00e3o.<\/p>\n\n\n\n<p>Confirmada no calend\u00e1rio oficial de Teresina, a Micarina chega em 2024 consolidada como uma das maiores festas de ax\u00e9 music do Brasil. Desde sua primeira edi\u00e7\u00e3o, em 1995, o evento vem reunindo grandes nomes da m\u00fasica nacional e atraindo milhares de pessoas para a capital piauiense.<\/p>\n\n\n\n<p>Prepare-se para cantar e dan\u00e7ar muito. A Micarina 2024 traz um line-up de dar inveja, com artistas consagrados como Bell Marques, Ivete Sangalo, Claudia Leitte, Leo Santana, Parangol\u00e9 e Oh Pol\u00eamico. Os maiores sucessos do ax\u00e9 e outros g\u00eaneros musicais v\u00e3o embalar a folia e garantir a divers\u00e3o.<\/p>\n\n\n\n<p><strong>Camarote Esportes da Sorte: a festa continua<\/strong><\/p>\n\n\n\n<p>A anima\u00e7\u00e3o n\u00e3o para por a\u00ed! O Camarote Esportes da Sorte promete ser o ponto alto da Micarina 2024. Localizado no Estacionamento da Ponte Estaiada, o camarote contar\u00e1 com shows exclusivos de Maiara e Maraisa, Alinne Rosa, Natanzinho Lima, Felipe Amorim, Rafa e Pipo Marques, Jo\u00e3o Pisada Estilizada, Eric Land e Vitor Amaral, para quem quiser continuar a festa ap\u00f3s os blocos passarem pela Avenida Raul Lopes.<\/p>\n\n\n\n<p>Com cinco blocos animados, camarotes corporativos e o exclusivo Camarote Esportes da Sorte, a Micarina 2024 oferece op\u00e7\u00f5es para todos os gostos.<\/p>\n\n\n\n<p><strong>Meia Solid\u00e1ria<\/strong><\/p>\n\n\n\n<p>Al\u00e9m de proporcionar muita alegria, a Micarina mant\u00e9m um compromisso com a responsabilidade social. O programa Meia Solid\u00e1ria, em parceria com o Minist\u00e9rio P\u00fablico do Piau\u00ed, oferece a possibilidade de todos os foli\u00f5es comprarem no valor de meia-entrada, mesmo n\u00e3o sendo estudante, professor, idoso ou jovem carente. Basta doar 2kg de alimentos n\u00e3o perec\u00edveis ou 1 lata de leite em p\u00f3 para garantir o benef\u00edcio e curtir a maior micareta do pa\u00eds pagando pouco e praticando o bem.<\/p>\n\n\n\n<p>A Micarina \u00e9 reconhecida por oferecer o melhor custo-benef\u00edcio do Brasil, proporcionando uma festa acess\u00edvel e de qualidade para todos.<\/p>\n\n\n\n<p><strong>Entrega de abad\u00e1s<\/strong><\/p>\n\n\n\n<p>Os foli\u00f5es podem se deslocar at\u00e9 um dos pontos e retirar seus abad\u00e1s para ferver dentro da avenida. Para proporcionar mais organiza\u00e7\u00e3o e conforto aos participantes, as entregas foram divididas em quatro pontos.<\/p>\n\n\n\n<ul class=\"wp-block-list\"><li><strong>* Blocos e Black Golden<br><\/strong>A entrega acontece no Teresina Shopping, na zona Leste da capital, na quinta-feira (17), entre 10h e 20h, na sexta-feira (18) e s\u00e1bado (19), de 10h \u00e0s 19h.<\/li><li><strong>* Camarote Esportes da Sorte<br><\/strong>Os abad\u00e1s est\u00e3o dispon\u00edveis no Di Resenha Sports Club, localizado no bairro Tabuleta, zona Sul de Teresina. A entrega ser\u00e1 realizada na quinta-feira (17) e sexta-feira (18), das 10h \u00e0s 19h.<\/li><li><strong>Camarote Corporativo<br><\/strong>A entrega dos abad\u00e1s acontece no QG da Micarina localizado embaixo da ponte estaiada na quinta-feira (17) e sexta-feira (18), das 10h \u00e0s 19h.<\/li><li><strong>Entrega para retardat\u00e1rios<br><\/strong>Para quem perdeu a hora, a retirada dos abad\u00e1s pode ser feita no local do evento a partir das 19h, atrav\u00e9s da Central de Atendimento ao Foli\u00e3o, localizada em frente \u00e0 entrada do Camarote Esportes da Sorte.<\/li><\/ul>\n\n\n\n<p>Os abad\u00e1s est\u00e3o \u00e0 venda em Teresina, na loja da Kalor Produ\u00e7\u00f5es do Riverside Shopping, Credishop do Teresina Shopping e Lojas Noroeste. As vendas on-line acontecem at\u00e9 amanh\u00e3 (18) no site bilheteriadigital.com\/micarina<\/p>\n\n\n\n<p><strong>Programa\u00e7\u00e3o<\/strong><\/p>\n\n\n\n<p>Sexta \u2013 18 de outubro &#8211; concentra\u00e7\u00e3o a partir de 19h30<br>Blocos<br>19:30 &#8211; Bloco Vumbora &#8211; Bell Marques<br>20:30 &#8211; Bloco Todo Mundo Vai &#8211; Ivete Sangalo<br>21:30 &#8211; Bloco Solta o Parango &#8211; Parango<\/p>\n\n\n\n<p><strong>Camarote Esportes da Sorte &#8211; abertura dos port\u00f5es a partir de 20h30<br><\/strong>1 \u2013 Jo\u00e3o Pisada<br>2 \u2013 L\u00e9o Santana<br>3 \u2013 Natanzinho Lima<br>4 \u2013 Eric Land<br>S\u00e1bado \u2013 19 de outubro<br>Blocos &#8211; concentra\u00e7\u00e3o a partir de 19h30<br>19:30 \u2013 Bloco Vumbora \u2013 Bell Marques<br>20:30 \u2013 Bloco Largadinho \u2013 Claudia Leitte<br>21:30 \u2013 Bloco do Polly \u2013 Oh Pol\u00eamico<\/p>\n\n\n\n<p><strong>Camarote Esportes da Sorte &#8211; abertura dos port\u00f5es a partir de 20h30<br><\/strong>1\u2013 Alinne Rosa<br>2 &#8211; Rafa e Pipo Marques<br>3 \u2013 Maiara e Maraisa<br>4 \u2013 Felipe Amorim<br>5 \u2013 Vitor Amaral<\/p>\n","protected":false},"excerpt":{"rendered":"<p>S\u00c3O LU\u00cdS &#8211; Falta apenas um dia para mais uma edi\u00e7\u00e3o inesquec\u00edvel da Micarina. Nos dias 18 e 19 de [&hellip;]<\/p>\n","protected":false},"author":4,"featured_media":0,"comment_status":"open","ping_status":"open","sticky":false,"template":"","format":"standard","meta":{"site-sidebar-layout":"default","site-content-layout":"","ast-site-content-layout":"default","site-content-style":"default","site-sidebar-style":"default","ast-global-header-display":"","ast-banner-title-visibility":"","ast-main-header-display":"","ast-hfb-above-header-display":"","ast-hfb-below-header-display":"","ast-hfb-mobile-header-display":"","site-post-title":"","ast-breadcrumbs-content":"","ast-featured-img":"","footer-sml-layout":"","ast-disable-related-posts":"","theme-transparent-header-meta":"","adv-header-id-meta":"","stick-header-meta":"","header-above-stick-meta":"","header-main-stick-meta":"","header-below-stick-meta":"","astra-migrate-meta-layouts":"default","ast-page-background-enabled":"default","ast-page-background-meta":{"desktop":{"background-color":"var(--ast-global-color-5)","background-image":"","background-repeat":"repeat","background-position":"center center","background-size":"auto","background-attachment":"scroll","background-type":"","background-media":"","overlay-type":"","overlay-color":"","overlay-opacity":"","overlay-gradient":""},"tablet":{"background-color":"","background-image":"","background-repeat":"repeat","background-position":"center center","background-size":"auto","background-attachment":"scroll","background-type":"","background-media":"","overlay-type":"","overlay-color":"","overlay-opacity":"","overlay-gradient":""},"mobile":{"background-color":"","background-image":"","background-repeat":"repeat","background-position":"center center","background-size":"auto","background-attachment":"scroll","background-type":"","background-media":"","overlay-type":"","overlay-color":"","overlay-opacity":"","overlay-gradient":""}},"ast-content-background-meta":{"desktop":{"background-color":"var(--ast-global-color-4)","background-image":"","background-repeat":"repeat","background-position":"center center","background-size":"auto","background-attachment":"scroll","background-type":"","background-media":"","overlay-type":"","overlay-color":"","overlay-opacity":"","overlay-gradient":""},"tablet":{"background-color":"var(--ast-global-color-4)","background-image":"","background-repeat":"repeat","background-position":"center center","background-size":"auto","background-attachment":"scroll","background-type":"","background-media":"","overlay-type":"","overlay-color":"","overlay-opacity":"","overlay-gradient":""},"mobile":{"background-color":"var(--ast-global-color-4)","background-image":"","background-repeat":"repeat","background-position":"center center","background-size":"auto","background-attachment":"scroll","background-type":"","background-media":"","overlay-type":"","overlay-color":"","overlay-opacity":"","overlay-gradient":""}},"footnotes":""},"categories":[1],"tags":[],"class_list":["post-13338","post","type-post","status-publish","format-standard","hentry","category-sem-categoria"],"yoast_head":"<!-- This site is optimized with the Yoast SEO plugin v26.6 - https:\/\/yoast.com\/wordpress\/plugins\/seo\/ -->\n<title>Teresina vai ferver com a Micarina neste fim de semana - Evandro Junior<\/title>\n<meta name=\"robots\" content=\"index, follow, max-snippet:-1, max-image-preview:large, max-video-preview:-1\" \/>\n<link rel=\"canonical\" href=\"https:\/\/www.blogsoestado.com\/evandrojunior\/2024\/10\/17\/teresina-vai-ferver-com-a-micarina-neste-fim-de-semana\/\" \/>\n<meta property=\"og:locale\" content=\"pt_BR\" \/>\n<meta property=\"og:type\" content=\"article\" \/>\n<meta property=\"og:title\" content=\"Teresina vai ferver com a Micarina neste fim de semana - Evandro Junior\" \/>\n<meta property=\"og:description\" content=\"S\u00c3O LU\u00cdS &#8211; Falta apenas um dia para mais uma edi\u00e7\u00e3o inesquec\u00edvel da Micarina. Nos dias 18 e 19 de [&hellip;]\" \/>\n<meta property=\"og:url\" content=\"https:\/\/www.blogsoestado.com\/evandrojunior\/2024\/10\/17\/teresina-vai-ferver-com-a-micarina-neste-fim-de-semana\/\" \/>\n<meta property=\"og:site_name\" content=\"Evandro Junior\" \/>\n<meta property=\"article:published_time\" content=\"2024-10-17T20:24:21+00:00\" \/>\n<meta property=\"og:image\" content=\"https:\/\/www.blogsoestado.com\/evandrojunior\/files\/2024\/10\/WhatsApp-Image-2024-10-17-at-17.23.17.jpeg\" \/>\n<meta name=\"author\" content=\"Evandro Junior\" \/>\n<meta name=\"twitter:card\" content=\"summary_large_image\" \/>\n<meta name=\"twitter:label1\" content=\"Escrito por\" \/>\n\t<meta name=\"twitter:data1\" content=\"Evandro Junior\" \/>\n\t<meta name=\"twitter:label2\" content=\"Est. tempo de leitura\" \/>\n\t<meta name=\"twitter:data2\" content=\"4 minutos\" \/>\n<script type=\"application\/ld+json\" class=\"yoast-schema-graph\">{\"@context\":\"https:\/\/schema.org\",\"@graph\":[{\"@type\":\"WebPage\",\"@id\":\"https:\/\/www.blogsoestado.com\/evandrojunior\/2024\/10\/17\/teresina-vai-ferver-com-a-micarina-neste-fim-de-semana\/\",\"url\":\"https:\/\/www.blogsoestado.com\/evandrojunior\/2024\/10\/17\/teresina-vai-ferver-com-a-micarina-neste-fim-de-semana\/\",\"name\":\"Teresina vai ferver com a Micarina neste fim de semana - Evandro Junior\",\"isPartOf\":{\"@id\":\"https:\/\/www.blogsoestado.com\/evandrojunior\/#website\"},\"primaryImageOfPage\":{\"@id\":\"https:\/\/www.blogsoestado.com\/evandrojunior\/2024\/10\/17\/teresina-vai-ferver-com-a-micarina-neste-fim-de-semana\/#primaryimage\"},\"image\":{\"@id\":\"https:\/\/www.blogsoestado.com\/evandrojunior\/2024\/10\/17\/teresina-vai-ferver-com-a-micarina-neste-fim-de-semana\/#primaryimage\"},\"thumbnailUrl\":\"https:\/\/www.blogsoestado.com\/evandrojunior\/files\/2024\/10\/WhatsApp-Image-2024-10-17-at-17.23.17.jpeg\",\"datePublished\":\"2024-10-17T20:24:21+00:00\",\"author\":{\"@id\":\"https:\/\/www.blogsoestado.com\/evandrojunior\/#\/schema\/person\/3e6c3d8dbb740d1c6878ebc935cfb3be\"},\"breadcrumb\":{\"@id\":\"https:\/\/www.blogsoestado.com\/evandrojunior\/2024\/10\/17\/teresina-vai-ferver-com-a-micarina-neste-fim-de-semana\/#breadcrumb\"},\"inLanguage\":\"pt-BR\",\"potentialAction\":[{\"@type\":\"ReadAction\",\"target\":[\"https:\/\/www.blogsoestado.com\/evandrojunior\/2024\/10\/17\/teresina-vai-ferver-com-a-micarina-neste-fim-de-semana\/\"]}]},{\"@type\":\"ImageObject\",\"inLanguage\":\"pt-BR\",\"@id\":\"https:\/\/www.blogsoestado.com\/evandrojunior\/2024\/10\/17\/teresina-vai-ferver-com-a-micarina-neste-fim-de-semana\/#primaryimage\",\"url\":\"https:\/\/www.blogsoestado.com\/evandrojunior\/files\/2024\/10\/WhatsApp-Image-2024-10-17-at-17.23.17.jpeg\",\"contentUrl\":\"https:\/\/www.blogsoestado.com\/evandrojunior\/files\/2024\/10\/WhatsApp-Image-2024-10-17-at-17.23.17.jpeg\"},{\"@type\":\"BreadcrumbList\",\"@id\":\"https:\/\/www.blogsoestado.com\/evandrojunior\/2024\/10\/17\/teresina-vai-ferver-com-a-micarina-neste-fim-de-semana\/#breadcrumb\",\"itemListElement\":[{\"@type\":\"ListItem\",\"position\":1,\"name\":\"In\u00edcio\",\"item\":\"https:\/\/www.blogsoestado.com\/evandrojunior\/\"},{\"@type\":\"ListItem\",\"position\":2,\"name\":\"Teresina vai ferver com a Micarina neste fim de semana\"}]},{\"@type\":\"WebSite\",\"@id\":\"https:\/\/www.blogsoestado.com\/evandrojunior\/#website\",\"url\":\"https:\/\/www.blogsoestado.com\/evandrojunior\/\",\"name\":\"Evandro Junior\",\"description\":\"\",\"potentialAction\":[{\"@type\":\"SearchAction\",\"target\":{\"@type\":\"EntryPoint\",\"urlTemplate\":\"https:\/\/www.blogsoestado.com\/evandrojunior\/?s={search_term_string}\"},\"query-input\":{\"@type\":\"PropertyValueSpecification\",\"valueRequired\":true,\"valueName\":\"search_term_string\"}}],\"inLanguage\":\"pt-BR\"},{\"@type\":\"Person\",\"@id\":\"https:\/\/www.blogsoestado.com\/evandrojunior\/#\/schema\/person\/3e6c3d8dbb740d1c6878ebc935cfb3be\",\"name\":\"Evandro Junior\",\"image\":{\"@type\":\"ImageObject\",\"inLanguage\":\"pt-BR\",\"@id\":\"https:\/\/www.blogsoestado.com\/evandrojunior\/#\/schema\/person\/image\/\",\"url\":\"https:\/\/secure.gravatar.com\/avatar\/f80a03a2294a580cd2318bfb459bf354cfa8be661ef3d95b542cf9a04af8d129?s=96&d=mm&r=g\",\"contentUrl\":\"https:\/\/secure.gravatar.com\/avatar\/f80a03a2294a580cd2318bfb459bf354cfa8be661ef3d95b542cf9a04af8d129?s=96&d=mm&r=g\",\"caption\":\"Evandro Junior\"},\"url\":\"https:\/\/www.blogsoestado.com\/evandrojunior\/author\/evandrojunior\/\"}]}<\/script>\n<!-- \/ Yoast SEO plugin. -->","yoast_head_json":{"title":"Teresina vai ferver com a Micarina neste fim de semana - Evandro Junior","robots":{"index":"index","follow":"follow","max-snippet":"max-snippet:-1","max-image-preview":"max-image-preview:large","max-video-preview":"max-video-preview:-1"},"canonical":"https:\/\/www.blogsoestado.com\/evandrojunior\/2024\/10\/17\/teresina-vai-ferver-com-a-micarina-neste-fim-de-semana\/","og_locale":"pt_BR","og_type":"article","og_title":"Teresina vai ferver com a Micarina neste fim de semana - Evandro Junior","og_description":"S\u00c3O LU\u00cdS &#8211; Falta apenas um dia para mais uma edi\u00e7\u00e3o inesquec\u00edvel da Micarina. Nos dias 18 e 19 de [&hellip;]","og_url":"https:\/\/www.blogsoestado.com\/evandrojunior\/2024\/10\/17\/teresina-vai-ferver-com-a-micarina-neste-fim-de-semana\/","og_site_name":"Evandro Junior","article_published_time":"2024-10-17T20:24:21+00:00","og_image":[{"url":"https:\/\/www.blogsoestado.com\/evandrojunior\/files\/2024\/10\/WhatsApp-Image-2024-10-17-at-17.23.17.jpeg","type":"","width":"","height":""}],"author":"Evandro Junior","twitter_card":"summary_large_image","twitter_misc":{"Escrito por":"Evandro Junior","Est. tempo de leitura":"4 minutos"},"schema":{"@context":"https:\/\/schema.org","@graph":[{"@type":"WebPage","@id":"https:\/\/www.blogsoestado.com\/evandrojunior\/2024\/10\/17\/teresina-vai-ferver-com-a-micarina-neste-fim-de-semana\/","url":"https:\/\/www.blogsoestado.com\/evandrojunior\/2024\/10\/17\/teresina-vai-ferver-com-a-micarina-neste-fim-de-semana\/","name":"Teresina vai ferver com a Micarina neste fim de semana - Evandro Junior","isPartOf":{"@id":"https:\/\/www.blogsoestado.com\/evandrojunior\/#website"},"primaryImageOfPage":{"@id":"https:\/\/www.blogsoestado.com\/evandrojunior\/2024\/10\/17\/teresina-vai-ferver-com-a-micarina-neste-fim-de-semana\/#primaryimage"},"image":{"@id":"https:\/\/www.blogsoestado.com\/evandrojunior\/2024\/10\/17\/teresina-vai-ferver-com-a-micarina-neste-fim-de-semana\/#primaryimage"},"thumbnailUrl":"https:\/\/www.blogsoestado.com\/evandrojunior\/files\/2024\/10\/WhatsApp-Image-2024-10-17-at-17.23.17.jpeg","datePublished":"2024-10-17T20:24:21+00:00","author":{"@id":"https:\/\/www.blogsoestado.com\/evandrojunior\/#\/schema\/person\/3e6c3d8dbb740d1c6878ebc935cfb3be"},"breadcrumb":{"@id":"https:\/\/www.blogsoestado.com\/evandrojunior\/2024\/10\/17\/teresina-vai-ferver-com-a-micarina-neste-fim-de-semana\/#breadcrumb"},"inLanguage":"pt-BR","potentialAction":[{"@type":"ReadAction","target":["https:\/\/www.blogsoestado.com\/evandrojunior\/2024\/10\/17\/teresina-vai-ferver-com-a-micarina-neste-fim-de-semana\/"]}]},{"@type":"ImageObject","inLanguage":"pt-BR","@id":"https:\/\/www.blogsoestado.com\/evandrojunior\/2024\/10\/17\/teresina-vai-ferver-com-a-micarina-neste-fim-de-semana\/#primaryimage","url":"https:\/\/www.blogsoestado.com\/evandrojunior\/files\/2024\/10\/WhatsApp-Image-2024-10-17-at-17.23.17.jpeg","contentUrl":"https:\/\/www.blogsoestado.com\/evandrojunior\/files\/2024\/10\/WhatsApp-Image-2024-10-17-at-17.23.17.jpeg"},{"@type":"BreadcrumbList","@id":"https:\/\/www.blogsoestado.com\/evandrojunior\/2024\/10\/17\/teresina-vai-ferver-com-a-micarina-neste-fim-de-semana\/#breadcrumb","itemListElement":[{"@type":"ListItem","position":1,"name":"In\u00edcio","item":"https:\/\/www.blogsoestado.com\/evandrojunior\/"},{"@type":"ListItem","position":2,"name":"Teresina vai ferver com a Micarina neste fim de semana"}]},{"@type":"WebSite","@id":"https:\/\/www.blogsoestado.com\/evandrojunior\/#website","url":"https:\/\/www.blogsoestado.com\/evandrojunior\/","name":"Evandro Junior","description":"","potentialAction":[{"@type":"SearchAction","target":{"@type":"EntryPoint","urlTemplate":"https:\/\/www.blogsoestado.com\/evandrojunior\/?s={search_term_string}"},"query-input":{"@type":"PropertyValueSpecification","valueRequired":true,"valueName":"search_term_string"}}],"inLanguage":"pt-BR"},{"@type":"Person","@id":"https:\/\/www.blogsoestado.com\/evandrojunior\/#\/schema\/person\/3e6c3d8dbb740d1c6878ebc935cfb3be","name":"Evandro Junior","image":{"@type":"ImageObject","inLanguage":"pt-BR","@id":"https:\/\/www.blogsoestado.com\/evandrojunior\/#\/schema\/person\/image\/","url":"https:\/\/secure.gravatar.com\/avatar\/f80a03a2294a580cd2318bfb459bf354cfa8be661ef3d95b542cf9a04af8d129?s=96&d=mm&r=g","contentUrl":"https:\/\/secure.gravatar.com\/avatar\/f80a03a2294a580cd2318bfb459bf354cfa8be661ef3d95b542cf9a04af8d129?s=96&d=mm&r=g","caption":"Evandro Junior"},"url":"https:\/\/www.blogsoestado.com\/evandrojunior\/author\/evandrojunior\/"}]}},"jetpack_featured_media_url":"","_links":{"self":[{"href":"https:\/\/www.blogsoestado.com\/evandrojunior\/wp-json\/wp\/v2\/posts\/13338","targetHints":{"allow":["GET"]}}],"collection":[{"href":"https:\/\/www.blogsoestado.com\/evandrojunior\/wp-json\/wp\/v2\/posts"}],"about":[{"href":"https:\/\/www.blogsoestado.com\/evandrojunior\/wp-json\/wp\/v2\/types\/post"}],"author":[{"embeddable":true,"href":"https:\/\/www.blogsoestado.com\/evandrojunior\/wp-json\/wp\/v2\/users\/4"}],"replies":[{"embeddable":true,"href":"https:\/\/www.blogsoestado.com\/evandrojunior\/wp-json\/wp\/v2\/comments?post=13338"}],"version-history":[{"count":0,"href":"https:\/\/www.blogsoestado.com\/evandrojunior\/wp-json\/wp\/v2\/posts\/13338\/revisions"}],"wp:attachment":[{"href":"https:\/\/www.blogsoestado.com\/evandrojunior\/wp-json\/wp\/v2\/media?parent=13338"}],"wp:term":[{"taxonomy":"category","embeddable":true,"href":"https:\/\/www.blogsoestado.com\/evandrojunior\/wp-json\/wp\/v2\/categories?post=13338"},{"taxonomy":"post_tag","embeddable":true,"href":"https:\/\/www.blogsoestado.com\/evandrojunior\/wp-json\/wp\/v2\/tags?post=13338"}],"curies":[{"name":"wp","href":"https:\/\/api.w.org\/{rel}","templated":true}]}}