{"id":13363,"date":"2024-10-22T08:56:40","date_gmt":"2024-10-22T11:56:40","guid":{"rendered":"https:\/\/www.blogsoestado.com\/evandrojunior\/?p=13363"},"modified":"2024-10-22T08:56:40","modified_gmt":"2024-10-22T11:56:40","slug":"hospital-do-servidor-estadual-celebra-dia-do-fisioterapeuta-com-palestra","status":"publish","type":"post","link":"https:\/\/www.blogsoestado.com\/evandrojunior\/2024\/10\/22\/hospital-do-servidor-estadual-celebra-dia-do-fisioterapeuta-com-palestra\/","title":{"rendered":"Hospital do Servidor Estadual celebra Dia do Fisioterapeuta com palestra"},"content":{"rendered":"\n<div class=\"wp-block-image\"><figure class=\"aligncenter size-large is-resized\"><img fetchpriority=\"high\" decoding=\"async\" src=\"https:\/\/www.blogsoestado.com\/evandrojunior\/files\/2024\/10\/WhatsApp-Image-2024-10-22-at-08.12.13-1024x768.jpeg\" alt=\"\" class=\"wp-image-13364\" width=\"529\" height=\"397\"\/><figcaption><strong>Dra. Let\u00edcia Padilha, presidente do Conselho Regional de Fisioterapia e Terapia Ocupacional do Maranh\u00e3o (CREFITO 16), palestrando no Hospital do Servidor Estadual<\/strong><\/figcaption><\/figure><\/div>\n\n\n\n<p>S\u00c3O LU\u00cdS &#8211; O Hospital do Servidor Estadual (HSE-HSLZ) foi palco, na \u00faltima quinta-feira (17), de um evento alusivo ao Dia do Fisioterapeuta, e que contou com a presen\u00e7a da Dra. Let\u00edcia Padilha, Presidente do Conselho Regional de Fisioterapia e Terapia Ocupacional do Maranh\u00e3o (CREFITO 16).<\/p>\n\n\n\n<p>O evento buscou refor\u00e7ar o reconhecimento e a valoriza\u00e7\u00e3o desses profissionais, cujo trabalho ganhou ainda mais visibilidade com a pandemia de COVID-19.<\/p>\n\n\n\n<p>A palestra \u201cValoriza\u00e7\u00e3o da Carreira do Fisioterapeuta nos Dias Atuais\u201d foi destinada ao p\u00fablico interno do hospital, e nela a Dra. Let\u00edcia Padilha destacou a import\u00e2ncia do profissional de fisioterapia no processo de reabilita\u00e7\u00e3o dos pacientes e o reconhecimento da categoria na \u00e1rea da sa\u00fade.<\/p>\n\n\n\n<div class=\"wp-block-image\"><figure class=\"aligncenter size-large is-resized\"><img decoding=\"async\" src=\"https:\/\/www.blogsoestado.com\/evandrojunior\/files\/2024\/10\/WhatsApp-Image-2024-10-22-at-08.12.13-1-1024x768.jpeg\" alt=\"\" class=\"wp-image-13365\" width=\"540\" height=\"405\"\/><figcaption><strong>Diretora m\u00e9dica Dra. S\u00edlvia Mochel, o diretor geral do HSE-HSLZ, Pl\u00ednio Tuzzolo, o gerente de Enfermagem Rafael Alves, a presidente do CREFITO16, Dra. Let\u00edcia Padilha, e o disioterapeuta Dr. Diego Cutrim<\/strong><\/figcaption><\/figure><\/div>\n\n\n\n<p>\u201cNossa profiss\u00e3o est\u00e1 fazendo 55 anos que foi regulamentada no pa\u00eds. E ao longo de todos esses anos s\u00f3 cresceu a comprova\u00e7\u00e3o de estudos cient\u00edficos e constata\u00e7\u00f5es cl\u00ednicas evidenciando a import\u00e2ncia desse profissional em v\u00e1rios n\u00edveis de aten\u00e7\u00e3o \u2013 prim\u00e1ria, secund\u00e1ria, terci\u00e1ria. E dentro do ambiente hospitalar nossa atua\u00e7\u00e3o \u00e9 essencial para a reabilita\u00e7\u00e3o dos pacientes, assim como para a redu\u00e7\u00e3o das complica\u00e7\u00f5es e na promo\u00e7\u00e3o de uma alta mais precoce do paciente. N\u00e3o \u00e9 apenas dar alta, mas garantir que o paciente em casa possa retomar com seguran\u00e7a suas atividades di\u00e1rias, \u00e9 esse o nosso papel enquanto profissionais de fisioterapia\u201d ressaltou Let\u00edcia Padilha, que parabenizou o HSE-HSLZ pela iniciativa e refor\u00e7ou a parceria institucional do CREFITO 16 com o Hospital do Servidor Estadual.<\/p>\n\n\n\n<p>\u201cQuanto mais fortalecida, capacitada e valorizada for a equipe de fisioterapia, quem mais ganha \u00e9 a sociedade como um todo. Estamos \u00e0 disposi\u00e7\u00e3o do HSE-HSLZ sempre, e parabenizamos por este evento\u201d, completou a presidento do CREFITO16.<\/p>\n\n\n\n<p>A fisioterapia vai al\u00e9m da recupera\u00e7\u00e3o f\u00edsica, sendo uma ci\u00eancia que devolve a qualidade de vida aos pacientes e auxilia na reintegra\u00e7\u00e3o social deles. Assim resumiu o diretor geral do HSE \u2013 HSLZ Pl\u00ednio Tuzzolo, na abertura do evento. Ele estava acompanhado da Diretora M\u00e9dica do hospital, a Dra. S\u00edlvia Mochel e do time multidiscipliar de assist\u00eancia do HSE -HSLZ.<\/p>\n\n\n\n<p>\u201cPromovemos essa a\u00e7\u00e3o para publicamente reconhecer e celebrar esse profissional t\u00e3o essencial que \u00e9 o(a) fisioterapeuta. Eles s\u00e3o essencias no ambiente hospitalar, e tamb\u00e9m fora dele, para a garantia de uma assist\u00eancia de sa\u00fade de qualidade. Agradecemos a Dra. Let\u00edcia Padilha pela parceria do CREFITO e pela palestra que marcou esse evento junto aos nossos colaboradores. Nossa gest\u00e3o parabeniza e valoriza todos os (as) fisioterapeutas do nosso grupo e de todo o pa\u00eds\u201d declarou Pl\u00ednio Tuzzolo.<\/p>\n\n\n\n<p>Com a realiza\u00e7\u00e3o da palestra, o HSE-HSLZ reafirma seu compromisso com o reconhecimento dos fisioterapeutas, valorizando a atua\u00e7\u00e3o desses profissionais que, muitas vezes, trabalham de forma silenciosa, mas imprescind\u00edvel para a recupera\u00e7\u00e3o de cada paciente.<\/p>\n","protected":false},"excerpt":{"rendered":"<p>S\u00c3O LU\u00cdS &#8211; O Hospital do Servidor Estadual (HSE-HSLZ) foi palco, na \u00faltima quinta-feira (17), de um evento alusivo ao [&hellip;]<\/p>\n","protected":false},"author":4,"featured_media":0,"comment_status":"open","ping_status":"open","sticky":false,"template":"","format":"standard","meta":{"site-sidebar-layout":"default","site-content-layout":"","ast-site-content-layout":"default","site-content-style":"default","site-sidebar-style":"default","ast-global-header-display":"","ast-banner-title-visibility":"","ast-main-header-display":"","ast-hfb-above-header-display":"","ast-hfb-below-header-display":"","ast-hfb-mobile-header-display":"","site-post-title":"","ast-breadcrumbs-content":"","ast-featured-img":"","footer-sml-layout":"","ast-disable-related-posts":"","theme-transparent-header-meta":"","adv-header-id-meta":"","stick-header-meta":"","header-above-stick-meta":"","header-main-stick-meta":"","header-below-stick-meta":"","astra-migrate-meta-layouts":"default","ast-page-background-enabled":"default","ast-page-background-meta":{"desktop":{"background-color":"var(--ast-global-color-5)","background-image":"","background-repeat":"repeat","background-position":"center center","background-size":"auto","background-attachment":"scroll","background-type":"","background-media":"","overlay-type":"","overlay-color":"","overlay-opacity":"","overlay-gradient":""},"tablet":{"background-color":"","background-image":"","background-repeat":"repeat","background-position":"center center","background-size":"auto","background-attachment":"scroll","background-type":"","background-media":"","overlay-type":"","overlay-color":"","overlay-opacity":"","overlay-gradient":""},"mobile":{"background-color":"","background-image":"","background-repeat":"repeat","background-position":"center center","background-size":"auto","background-attachment":"scroll","background-type":"","background-media":"","overlay-type":"","overlay-color":"","overlay-opacity":"","overlay-gradient":""}},"ast-content-background-meta":{"desktop":{"background-color":"var(--ast-global-color-4)","background-image":"","background-repeat":"repeat","background-position":"center center","background-size":"auto","background-attachment":"scroll","background-type":"","background-media":"","overlay-type":"","overlay-color":"","overlay-opacity":"","overlay-gradient":""},"tablet":{"background-color":"var(--ast-global-color-4)","background-image":"","background-repeat":"repeat","background-position":"center center","background-size":"auto","background-attachment":"scroll","background-type":"","background-media":"","overlay-type":"","overlay-color":"","overlay-opacity":"","overlay-gradient":""},"mobile":{"background-color":"var(--ast-global-color-4)","background-image":"","background-repeat":"repeat","background-position":"center center","background-size":"auto","background-attachment":"scroll","background-type":"","background-media":"","overlay-type":"","overlay-color":"","overlay-opacity":"","overlay-gradient":""}},"footnotes":""},"categories":[1],"tags":[],"class_list":["post-13363","post","type-post","status-publish","format-standard","hentry","category-sem-categoria"],"yoast_head":"<!-- This site is optimized with the Yoast SEO plugin v26.6 - https:\/\/yoast.com\/wordpress\/plugins\/seo\/ -->\n<title>Hospital do Servidor Estadual celebra Dia do Fisioterapeuta com palestra - Evandro Junior<\/title>\n<meta name=\"robots\" content=\"index, follow, max-snippet:-1, max-image-preview:large, max-video-preview:-1\" \/>\n<link rel=\"canonical\" href=\"https:\/\/www.blogsoestado.com\/evandrojunior\/2024\/10\/22\/hospital-do-servidor-estadual-celebra-dia-do-fisioterapeuta-com-palestra\/\" \/>\n<meta property=\"og:locale\" content=\"pt_BR\" \/>\n<meta property=\"og:type\" content=\"article\" \/>\n<meta property=\"og:title\" content=\"Hospital do Servidor Estadual celebra Dia do Fisioterapeuta com palestra - Evandro Junior\" \/>\n<meta property=\"og:description\" content=\"S\u00c3O LU\u00cdS &#8211; O Hospital do Servidor Estadual (HSE-HSLZ) foi palco, na \u00faltima quinta-feira (17), de um evento alusivo ao [&hellip;]\" \/>\n<meta property=\"og:url\" content=\"https:\/\/www.blogsoestado.com\/evandrojunior\/2024\/10\/22\/hospital-do-servidor-estadual-celebra-dia-do-fisioterapeuta-com-palestra\/\" \/>\n<meta property=\"og:site_name\" content=\"Evandro Junior\" \/>\n<meta property=\"article:published_time\" content=\"2024-10-22T11:56:40+00:00\" \/>\n<meta property=\"og:image\" content=\"https:\/\/www.blogsoestado.com\/evandrojunior\/files\/2024\/10\/WhatsApp-Image-2024-10-22-at-08.12.13-1024x768.jpeg\" \/>\n<meta name=\"author\" content=\"Evandro Junior\" \/>\n<meta name=\"twitter:card\" content=\"summary_large_image\" \/>\n<meta name=\"twitter:label1\" content=\"Escrito por\" \/>\n\t<meta name=\"twitter:data1\" content=\"Evandro Junior\" \/>\n\t<meta name=\"twitter:label2\" content=\"Est. tempo de leitura\" \/>\n\t<meta name=\"twitter:data2\" content=\"3 minutos\" \/>\n<script type=\"application\/ld+json\" class=\"yoast-schema-graph\">{\"@context\":\"https:\/\/schema.org\",\"@graph\":[{\"@type\":\"WebPage\",\"@id\":\"https:\/\/www.blogsoestado.com\/evandrojunior\/2024\/10\/22\/hospital-do-servidor-estadual-celebra-dia-do-fisioterapeuta-com-palestra\/\",\"url\":\"https:\/\/www.blogsoestado.com\/evandrojunior\/2024\/10\/22\/hospital-do-servidor-estadual-celebra-dia-do-fisioterapeuta-com-palestra\/\",\"name\":\"Hospital do Servidor Estadual celebra Dia do Fisioterapeuta com palestra - Evandro Junior\",\"isPartOf\":{\"@id\":\"https:\/\/www.blogsoestado.com\/evandrojunior\/#website\"},\"primaryImageOfPage\":{\"@id\":\"https:\/\/www.blogsoestado.com\/evandrojunior\/2024\/10\/22\/hospital-do-servidor-estadual-celebra-dia-do-fisioterapeuta-com-palestra\/#primaryimage\"},\"image\":{\"@id\":\"https:\/\/www.blogsoestado.com\/evandrojunior\/2024\/10\/22\/hospital-do-servidor-estadual-celebra-dia-do-fisioterapeuta-com-palestra\/#primaryimage\"},\"thumbnailUrl\":\"https:\/\/www.blogsoestado.com\/evandrojunior\/files\/2024\/10\/WhatsApp-Image-2024-10-22-at-08.12.13-1024x768.jpeg\",\"datePublished\":\"2024-10-22T11:56:40+00:00\",\"author\":{\"@id\":\"https:\/\/www.blogsoestado.com\/evandrojunior\/#\/schema\/person\/3e6c3d8dbb740d1c6878ebc935cfb3be\"},\"breadcrumb\":{\"@id\":\"https:\/\/www.blogsoestado.com\/evandrojunior\/2024\/10\/22\/hospital-do-servidor-estadual-celebra-dia-do-fisioterapeuta-com-palestra\/#breadcrumb\"},\"inLanguage\":\"pt-BR\",\"potentialAction\":[{\"@type\":\"ReadAction\",\"target\":[\"https:\/\/www.blogsoestado.com\/evandrojunior\/2024\/10\/22\/hospital-do-servidor-estadual-celebra-dia-do-fisioterapeuta-com-palestra\/\"]}]},{\"@type\":\"ImageObject\",\"inLanguage\":\"pt-BR\",\"@id\":\"https:\/\/www.blogsoestado.com\/evandrojunior\/2024\/10\/22\/hospital-do-servidor-estadual-celebra-dia-do-fisioterapeuta-com-palestra\/#primaryimage\",\"url\":\"https:\/\/www.blogsoestado.com\/evandrojunior\/files\/2024\/10\/WhatsApp-Image-2024-10-22-at-08.12.13-1024x768.jpeg\",\"contentUrl\":\"https:\/\/www.blogsoestado.com\/evandrojunior\/files\/2024\/10\/WhatsApp-Image-2024-10-22-at-08.12.13-1024x768.jpeg\"},{\"@type\":\"BreadcrumbList\",\"@id\":\"https:\/\/www.blogsoestado.com\/evandrojunior\/2024\/10\/22\/hospital-do-servidor-estadual-celebra-dia-do-fisioterapeuta-com-palestra\/#breadcrumb\",\"itemListElement\":[{\"@type\":\"ListItem\",\"position\":1,\"name\":\"In\u00edcio\",\"item\":\"https:\/\/www.blogsoestado.com\/evandrojunior\/\"},{\"@type\":\"ListItem\",\"position\":2,\"name\":\"Hospital do Servidor Estadual celebra Dia do Fisioterapeuta com palestra\"}]},{\"@type\":\"WebSite\",\"@id\":\"https:\/\/www.blogsoestado.com\/evandrojunior\/#website\",\"url\":\"https:\/\/www.blogsoestado.com\/evandrojunior\/\",\"name\":\"Evandro Junior\",\"description\":\"\",\"potentialAction\":[{\"@type\":\"SearchAction\",\"target\":{\"@type\":\"EntryPoint\",\"urlTemplate\":\"https:\/\/www.blogsoestado.com\/evandrojunior\/?s={search_term_string}\"},\"query-input\":{\"@type\":\"PropertyValueSpecification\",\"valueRequired\":true,\"valueName\":\"search_term_string\"}}],\"inLanguage\":\"pt-BR\"},{\"@type\":\"Person\",\"@id\":\"https:\/\/www.blogsoestado.com\/evandrojunior\/#\/schema\/person\/3e6c3d8dbb740d1c6878ebc935cfb3be\",\"name\":\"Evandro Junior\",\"image\":{\"@type\":\"ImageObject\",\"inLanguage\":\"pt-BR\",\"@id\":\"https:\/\/www.blogsoestado.com\/evandrojunior\/#\/schema\/person\/image\/\",\"url\":\"https:\/\/secure.gravatar.com\/avatar\/f80a03a2294a580cd2318bfb459bf354cfa8be661ef3d95b542cf9a04af8d129?s=96&d=mm&r=g\",\"contentUrl\":\"https:\/\/secure.gravatar.com\/avatar\/f80a03a2294a580cd2318bfb459bf354cfa8be661ef3d95b542cf9a04af8d129?s=96&d=mm&r=g\",\"caption\":\"Evandro Junior\"},\"url\":\"https:\/\/www.blogsoestado.com\/evandrojunior\/author\/evandrojunior\/\"}]}<\/script>\n<!-- \/ Yoast SEO plugin. -->","yoast_head_json":{"title":"Hospital do Servidor Estadual celebra Dia do Fisioterapeuta com palestra - Evandro Junior","robots":{"index":"index","follow":"follow","max-snippet":"max-snippet:-1","max-image-preview":"max-image-preview:large","max-video-preview":"max-video-preview:-1"},"canonical":"https:\/\/www.blogsoestado.com\/evandrojunior\/2024\/10\/22\/hospital-do-servidor-estadual-celebra-dia-do-fisioterapeuta-com-palestra\/","og_locale":"pt_BR","og_type":"article","og_title":"Hospital do Servidor Estadual celebra Dia do Fisioterapeuta com palestra - Evandro Junior","og_description":"S\u00c3O LU\u00cdS &#8211; O Hospital do Servidor Estadual (HSE-HSLZ) foi palco, na \u00faltima quinta-feira (17), de um evento alusivo ao [&hellip;]","og_url":"https:\/\/www.blogsoestado.com\/evandrojunior\/2024\/10\/22\/hospital-do-servidor-estadual-celebra-dia-do-fisioterapeuta-com-palestra\/","og_site_name":"Evandro Junior","article_published_time":"2024-10-22T11:56:40+00:00","og_image":[{"url":"https:\/\/www.blogsoestado.com\/evandrojunior\/files\/2024\/10\/WhatsApp-Image-2024-10-22-at-08.12.13-1024x768.jpeg","type":"","width":"","height":""}],"author":"Evandro Junior","twitter_card":"summary_large_image","twitter_misc":{"Escrito por":"Evandro Junior","Est. tempo de leitura":"3 minutos"},"schema":{"@context":"https:\/\/schema.org","@graph":[{"@type":"WebPage","@id":"https:\/\/www.blogsoestado.com\/evandrojunior\/2024\/10\/22\/hospital-do-servidor-estadual-celebra-dia-do-fisioterapeuta-com-palestra\/","url":"https:\/\/www.blogsoestado.com\/evandrojunior\/2024\/10\/22\/hospital-do-servidor-estadual-celebra-dia-do-fisioterapeuta-com-palestra\/","name":"Hospital do Servidor Estadual celebra Dia do Fisioterapeuta com palestra - Evandro Junior","isPartOf":{"@id":"https:\/\/www.blogsoestado.com\/evandrojunior\/#website"},"primaryImageOfPage":{"@id":"https:\/\/www.blogsoestado.com\/evandrojunior\/2024\/10\/22\/hospital-do-servidor-estadual-celebra-dia-do-fisioterapeuta-com-palestra\/#primaryimage"},"image":{"@id":"https:\/\/www.blogsoestado.com\/evandrojunior\/2024\/10\/22\/hospital-do-servidor-estadual-celebra-dia-do-fisioterapeuta-com-palestra\/#primaryimage"},"thumbnailUrl":"https:\/\/www.blogsoestado.com\/evandrojunior\/files\/2024\/10\/WhatsApp-Image-2024-10-22-at-08.12.13-1024x768.jpeg","datePublished":"2024-10-22T11:56:40+00:00","author":{"@id":"https:\/\/www.blogsoestado.com\/evandrojunior\/#\/schema\/person\/3e6c3d8dbb740d1c6878ebc935cfb3be"},"breadcrumb":{"@id":"https:\/\/www.blogsoestado.com\/evandrojunior\/2024\/10\/22\/hospital-do-servidor-estadual-celebra-dia-do-fisioterapeuta-com-palestra\/#breadcrumb"},"inLanguage":"pt-BR","potentialAction":[{"@type":"ReadAction","target":["https:\/\/www.blogsoestado.com\/evandrojunior\/2024\/10\/22\/hospital-do-servidor-estadual-celebra-dia-do-fisioterapeuta-com-palestra\/"]}]},{"@type":"ImageObject","inLanguage":"pt-BR","@id":"https:\/\/www.blogsoestado.com\/evandrojunior\/2024\/10\/22\/hospital-do-servidor-estadual-celebra-dia-do-fisioterapeuta-com-palestra\/#primaryimage","url":"https:\/\/www.blogsoestado.com\/evandrojunior\/files\/2024\/10\/WhatsApp-Image-2024-10-22-at-08.12.13-1024x768.jpeg","contentUrl":"https:\/\/www.blogsoestado.com\/evandrojunior\/files\/2024\/10\/WhatsApp-Image-2024-10-22-at-08.12.13-1024x768.jpeg"},{"@type":"BreadcrumbList","@id":"https:\/\/www.blogsoestado.com\/evandrojunior\/2024\/10\/22\/hospital-do-servidor-estadual-celebra-dia-do-fisioterapeuta-com-palestra\/#breadcrumb","itemListElement":[{"@type":"ListItem","position":1,"name":"In\u00edcio","item":"https:\/\/www.blogsoestado.com\/evandrojunior\/"},{"@type":"ListItem","position":2,"name":"Hospital do Servidor Estadual celebra Dia do Fisioterapeuta com palestra"}]},{"@type":"WebSite","@id":"https:\/\/www.blogsoestado.com\/evandrojunior\/#website","url":"https:\/\/www.blogsoestado.com\/evandrojunior\/","name":"Evandro Junior","description":"","potentialAction":[{"@type":"SearchAction","target":{"@type":"EntryPoint","urlTemplate":"https:\/\/www.blogsoestado.com\/evandrojunior\/?s={search_term_string}"},"query-input":{"@type":"PropertyValueSpecification","valueRequired":true,"valueName":"search_term_string"}}],"inLanguage":"pt-BR"},{"@type":"Person","@id":"https:\/\/www.blogsoestado.com\/evandrojunior\/#\/schema\/person\/3e6c3d8dbb740d1c6878ebc935cfb3be","name":"Evandro Junior","image":{"@type":"ImageObject","inLanguage":"pt-BR","@id":"https:\/\/www.blogsoestado.com\/evandrojunior\/#\/schema\/person\/image\/","url":"https:\/\/secure.gravatar.com\/avatar\/f80a03a2294a580cd2318bfb459bf354cfa8be661ef3d95b542cf9a04af8d129?s=96&d=mm&r=g","contentUrl":"https:\/\/secure.gravatar.com\/avatar\/f80a03a2294a580cd2318bfb459bf354cfa8be661ef3d95b542cf9a04af8d129?s=96&d=mm&r=g","caption":"Evandro Junior"},"url":"https:\/\/www.blogsoestado.com\/evandrojunior\/author\/evandrojunior\/"}]}},"jetpack_featured_media_url":"","_links":{"self":[{"href":"https:\/\/www.blogsoestado.com\/evandrojunior\/wp-json\/wp\/v2\/posts\/13363","targetHints":{"allow":["GET"]}}],"collection":[{"href":"https:\/\/www.blogsoestado.com\/evandrojunior\/wp-json\/wp\/v2\/posts"}],"about":[{"href":"https:\/\/www.blogsoestado.com\/evandrojunior\/wp-json\/wp\/v2\/types\/post"}],"author":[{"embeddable":true,"href":"https:\/\/www.blogsoestado.com\/evandrojunior\/wp-json\/wp\/v2\/users\/4"}],"replies":[{"embeddable":true,"href":"https:\/\/www.blogsoestado.com\/evandrojunior\/wp-json\/wp\/v2\/comments?post=13363"}],"version-history":[{"count":0,"href":"https:\/\/www.blogsoestado.com\/evandrojunior\/wp-json\/wp\/v2\/posts\/13363\/revisions"}],"wp:attachment":[{"href":"https:\/\/www.blogsoestado.com\/evandrojunior\/wp-json\/wp\/v2\/media?parent=13363"}],"wp:term":[{"taxonomy":"category","embeddable":true,"href":"https:\/\/www.blogsoestado.com\/evandrojunior\/wp-json\/wp\/v2\/categories?post=13363"},{"taxonomy":"post_tag","embeddable":true,"href":"https:\/\/www.blogsoestado.com\/evandrojunior\/wp-json\/wp\/v2\/tags?post=13363"}],"curies":[{"name":"wp","href":"https:\/\/api.w.org\/{rel}","templated":true}]}}