{"id":13367,"date":"2024-10-22T16:37:36","date_gmt":"2024-10-22T19:37:36","guid":{"rendered":"https:\/\/www.blogsoestado.com\/evandrojunior\/?p=13367"},"modified":"2024-10-22T16:37:36","modified_gmt":"2024-10-22T19:37:36","slug":"grupo-boticario-firma-pacto-para-impulsionar-pessoas-45-a-continuarem-vivendo-seus-auges","status":"publish","type":"post","link":"https:\/\/www.blogsoestado.com\/evandrojunior\/2024\/10\/22\/grupo-boticario-firma-pacto-para-impulsionar-pessoas-45-a-continuarem-vivendo-seus-auges\/","title":{"rendered":"Grupo Botic\u00e1rio firma pacto para impulsionar pessoas 45+ a continuarem vivendo seus auges"},"content":{"rendered":"\n<div class=\"wp-block-image\"><figure class=\"aligncenter size-large is-resized\"><img fetchpriority=\"high\" decoding=\"async\" src=\"https:\/\/www.blogsoestado.com\/evandrojunior\/files\/2024\/10\/MERCHAN_PACTOPRATEADO-1024x541.png\" alt=\"\" class=\"wp-image-13368\" width=\"516\" height=\"272\"\/><\/figure><\/div>\n\n\n\n<p><strong>S\u00c3O LU\u00cdS<\/strong> &#8211; Seguindo seu prop\u00f3sito de criar oportunidades para que a beleza transforme a vida das pessoas em todas as fases da vida e a sua estrat\u00e9gia de Diversidade, o\u00a0Grupo Botic\u00e1rio\u00a0lan\u00e7a o \u201cPacto Prateado\u201d, compromisso com a sociedade para impulsionar pessoas com 45+ a continuarem vivendo seus auges, por meio de um conjunto de iniciativas antietaristas com foco na inclus\u00e3o dessas pessoas. <\/p>\n\n\n\n<p>O projeto, liderado pelo Grupo em parceria com sua marca O Botic\u00e1rio, busca contribuir no combate ao etarismo, fomentando discuss\u00f5es que possam aprofundar a compreens\u00e3o sobre a import\u00e2ncia da diversidade et\u00e1ria.<\/p>\n\n\n\n<p>No lan\u00e7amento da iniciativa, no dia 17 de outubro, O Botic\u00e1rio realizou um merchan especial na novela &#8220;Mania de Voc\u00ea&#8221;, da TV Globo. Em uma das cenas, a personagem da atriz Eliane Giardini abordou os sintomas do climat\u00e9rio e a invisibilidade da mulher 45+. A marca prop\u00f5e um debate que convida os telespectadores a refletirem sobre como a sociedade coloca as mulheres em um estado de invisibilidade \u00e0 medida que envelhecem.<\/p>\n\n\n\n<p>O envelhecimento da popula\u00e7\u00e3o \u00e9 uma realidade crescente e traz consigo experi\u00eancias plurais e diversas, impactadas por diferentes viv\u00eancias e interseccionalidades, considerando que a experi\u00eancia com o envelhecer varia de acordo com os diferentes grupos de diversidade a que se pertence. No Brasil, o \u00edndice de envelhecimento atingiu 55,2 em 2022, segundo&nbsp;<a href=\"https:\/\/agenciadenoticias.ibge.gov.br\/agencia-noticias\/2012-agencia-de-noticias\/noticias\/38186-censo-2022-numero-de-pessoas-com-65-anos-ou-mais-de-idade-cresceu-57-4-em-12-anos\" target=\"_blank\" rel=\"noreferrer noopener\">dados do IBGE<\/a>. Isso significa que h\u00e1 55,2 pessoas com 65 anos ou mais para cada 100 crian\u00e7as de 0 a 14 anos. Em 2010, esse indicador era de 30,7.<\/p>\n\n\n\n<p>\u201cComo um dos maiores grupos de beleza do mundo, temos a miss\u00e3o de acolher e valorizar diferentes trajet\u00f3rias, combatendo estere\u00f3tipos e promovendo a inclus\u00e3o em todas as suas formas. O \u2018Pacto Prateado\u2019, al\u00e9m de ser um compromisso do Grupo Botic\u00e1rio e suas marcas, \u00e9 um chamado para que o mercado e a sociedade em geral reflitam sobre o etarismo e se juntem a essa causa em prol das pessoas 45+\u201d, explica Renata Gomide, vice-presidente de Consumer do Grupo Botic\u00e1rio. <\/p>\n\n\n\n<p>\u201cAcreditamos na pot\u00eancia deste compromisso e da import\u00e2ncia de debatermos e questionarmos os estere\u00f3tipos de beleza, o\u00a0\u00a0que \u00e9 um dos focos de nossa estrat\u00e9gia para diversidade\u201d, complementa a executiva.\u00a0<\/p>\n\n\n\n<p>Desde 2020, o Grupo atua com foco em uma dimens\u00e3o por ano, com o prop\u00f3sito de dar visibilidade \u00e0s pessoas diversas e promover conhecimento sobre pautas priorit\u00e1rias em Diversidade e Inclus\u00e3o. Em 2024 o foco foi a diversidade et\u00e1ria e o tema direcionou as iniciativas estrat\u00e9gicas da empresa.<\/p>\n\n\n\n<p>Como parte desse movimento, o \u201cPacto Prateado\u201d potencializa a jornada de Diversidade &amp; Inclus\u00e3o do Grupo Botic\u00e1rio com iniciativas, a\u00e7\u00f5es e indicadores definidos em prol da inclus\u00e3o e do combate ao etarismo. Inclusive, essa atua\u00e7\u00e3o materializa os&nbsp;<strong>Compromissos para o Futuro&nbsp;<\/strong>da companhia \u2013 metas ESG da companhia alinhadas aos Objetivos de Desenvolvimento Sustent\u00e1vel (ODS) da Organiza\u00e7\u00e3o das Na\u00e7\u00f5es Unidas (ONU).&nbsp;<\/p>\n\n\n\n<p>&#8220;Diversidade e Inclus\u00e3o \u00e9 um tema que permeia todas as \u00e1reas do Grupo Botic\u00e1rio, impactando positivamente o neg\u00f3cio e os p\u00fablicos interno e externo, pois acreditamos no poder do coletivo para promover uma sociedade mais inclusiva&#8221;, comenta Rony Santos, gerente s\u00eanior de Diversidade e Inclus\u00e3o do Grupo Botic\u00e1rio. &#8220;Cientes da nossa responsabilidade e influ\u00eancia na sociedade, e com um hist\u00f3rico de investimento genu\u00edno na pauta, firmamos esse pacto para potencializar a mudan\u00e7a que esperamos, a partir de uma estrat\u00e9gia que busca incluir pessoas diversas por meio de a\u00e7\u00f5es realizadas de dentro para fora\u201d, finaliza.<\/p>\n\n\n\n<p><\/p>\n","protected":false},"excerpt":{"rendered":"<p>S\u00c3O LU\u00cdS &#8211; Seguindo seu prop\u00f3sito de criar oportunidades para que a beleza transforme a vida das pessoas em todas [&hellip;]<\/p>\n","protected":false},"author":4,"featured_media":0,"comment_status":"open","ping_status":"open","sticky":false,"template":"","format":"standard","meta":{"site-sidebar-layout":"default","site-content-layout":"","ast-site-content-layout":"default","site-content-style":"default","site-sidebar-style":"default","ast-global-header-display":"","ast-banner-title-visibility":"","ast-main-header-display":"","ast-hfb-above-header-display":"","ast-hfb-below-header-display":"","ast-hfb-mobile-header-display":"","site-post-title":"","ast-breadcrumbs-content":"","ast-featured-img":"","footer-sml-layout":"","ast-disable-related-posts":"","theme-transparent-header-meta":"","adv-header-id-meta":"","stick-header-meta":"","header-above-stick-meta":"","header-main-stick-meta":"","header-below-stick-meta":"","astra-migrate-meta-layouts":"default","ast-page-background-enabled":"default","ast-page-background-meta":{"desktop":{"background-color":"var(--ast-global-color-5)","background-image":"","background-repeat":"repeat","background-position":"center center","background-size":"auto","background-attachment":"scroll","background-type":"","background-media":"","overlay-type":"","overlay-color":"","overlay-opacity":"","overlay-gradient":""},"tablet":{"background-color":"","background-image":"","background-repeat":"repeat","background-position":"center center","background-size":"auto","background-attachment":"scroll","background-type":"","background-media":"","overlay-type":"","overlay-color":"","overlay-opacity":"","overlay-gradient":""},"mobile":{"background-color":"","background-image":"","background-repeat":"repeat","background-position":"center center","background-size":"auto","background-attachment":"scroll","background-type":"","background-media":"","overlay-type":"","overlay-color":"","overlay-opacity":"","overlay-gradient":""}},"ast-content-background-meta":{"desktop":{"background-color":"var(--ast-global-color-4)","background-image":"","background-repeat":"repeat","background-position":"center center","background-size":"auto","background-attachment":"scroll","background-type":"","background-media":"","overlay-type":"","overlay-color":"","overlay-opacity":"","overlay-gradient":""},"tablet":{"background-color":"var(--ast-global-color-4)","background-image":"","background-repeat":"repeat","background-position":"center center","background-size":"auto","background-attachment":"scroll","background-type":"","background-media":"","overlay-type":"","overlay-color":"","overlay-opacity":"","overlay-gradient":""},"mobile":{"background-color":"var(--ast-global-color-4)","background-image":"","background-repeat":"repeat","background-position":"center center","background-size":"auto","background-attachment":"scroll","background-type":"","background-media":"","overlay-type":"","overlay-color":"","overlay-opacity":"","overlay-gradient":""}},"footnotes":""},"categories":[1],"tags":[],"class_list":["post-13367","post","type-post","status-publish","format-standard","hentry","category-sem-categoria"],"yoast_head":"<!-- This site is optimized with the Yoast SEO plugin v26.6 - https:\/\/yoast.com\/wordpress\/plugins\/seo\/ -->\n<title>Grupo Botic\u00e1rio firma pacto para impulsionar pessoas 45+ a continuarem vivendo seus auges - Evandro Junior<\/title>\n<meta name=\"robots\" content=\"index, follow, max-snippet:-1, max-image-preview:large, max-video-preview:-1\" \/>\n<link rel=\"canonical\" href=\"https:\/\/www.blogsoestado.com\/evandrojunior\/2024\/10\/22\/grupo-boticario-firma-pacto-para-impulsionar-pessoas-45-a-continuarem-vivendo-seus-auges\/\" \/>\n<meta property=\"og:locale\" content=\"pt_BR\" \/>\n<meta property=\"og:type\" content=\"article\" \/>\n<meta property=\"og:title\" content=\"Grupo Botic\u00e1rio firma pacto para impulsionar pessoas 45+ a continuarem vivendo seus auges - Evandro Junior\" \/>\n<meta property=\"og:description\" content=\"S\u00c3O LU\u00cdS &#8211; Seguindo seu prop\u00f3sito de criar oportunidades para que a beleza transforme a vida das pessoas em todas [&hellip;]\" \/>\n<meta property=\"og:url\" content=\"https:\/\/www.blogsoestado.com\/evandrojunior\/2024\/10\/22\/grupo-boticario-firma-pacto-para-impulsionar-pessoas-45-a-continuarem-vivendo-seus-auges\/\" \/>\n<meta property=\"og:site_name\" content=\"Evandro Junior\" \/>\n<meta property=\"article:published_time\" content=\"2024-10-22T19:37:36+00:00\" \/>\n<meta property=\"og:image\" content=\"https:\/\/www.blogsoestado.com\/evandrojunior\/files\/2024\/10\/MERCHAN_PACTOPRATEADO-1024x541.png\" \/>\n<meta name=\"author\" content=\"Evandro Junior\" \/>\n<meta name=\"twitter:card\" content=\"summary_large_image\" \/>\n<meta name=\"twitter:label1\" content=\"Escrito por\" \/>\n\t<meta name=\"twitter:data1\" content=\"Evandro Junior\" \/>\n\t<meta name=\"twitter:label2\" content=\"Est. tempo de leitura\" \/>\n\t<meta name=\"twitter:data2\" content=\"3 minutos\" \/>\n<script type=\"application\/ld+json\" class=\"yoast-schema-graph\">{\"@context\":\"https:\/\/schema.org\",\"@graph\":[{\"@type\":\"WebPage\",\"@id\":\"https:\/\/www.blogsoestado.com\/evandrojunior\/2024\/10\/22\/grupo-boticario-firma-pacto-para-impulsionar-pessoas-45-a-continuarem-vivendo-seus-auges\/\",\"url\":\"https:\/\/www.blogsoestado.com\/evandrojunior\/2024\/10\/22\/grupo-boticario-firma-pacto-para-impulsionar-pessoas-45-a-continuarem-vivendo-seus-auges\/\",\"name\":\"Grupo Botic\u00e1rio firma pacto para impulsionar pessoas 45+ a continuarem vivendo seus auges - Evandro Junior\",\"isPartOf\":{\"@id\":\"https:\/\/www.blogsoestado.com\/evandrojunior\/#website\"},\"primaryImageOfPage\":{\"@id\":\"https:\/\/www.blogsoestado.com\/evandrojunior\/2024\/10\/22\/grupo-boticario-firma-pacto-para-impulsionar-pessoas-45-a-continuarem-vivendo-seus-auges\/#primaryimage\"},\"image\":{\"@id\":\"https:\/\/www.blogsoestado.com\/evandrojunior\/2024\/10\/22\/grupo-boticario-firma-pacto-para-impulsionar-pessoas-45-a-continuarem-vivendo-seus-auges\/#primaryimage\"},\"thumbnailUrl\":\"https:\/\/www.blogsoestado.com\/evandrojunior\/files\/2024\/10\/MERCHAN_PACTOPRATEADO-1024x541.png\",\"datePublished\":\"2024-10-22T19:37:36+00:00\",\"author\":{\"@id\":\"https:\/\/www.blogsoestado.com\/evandrojunior\/#\/schema\/person\/3e6c3d8dbb740d1c6878ebc935cfb3be\"},\"breadcrumb\":{\"@id\":\"https:\/\/www.blogsoestado.com\/evandrojunior\/2024\/10\/22\/grupo-boticario-firma-pacto-para-impulsionar-pessoas-45-a-continuarem-vivendo-seus-auges\/#breadcrumb\"},\"inLanguage\":\"pt-BR\",\"potentialAction\":[{\"@type\":\"ReadAction\",\"target\":[\"https:\/\/www.blogsoestado.com\/evandrojunior\/2024\/10\/22\/grupo-boticario-firma-pacto-para-impulsionar-pessoas-45-a-continuarem-vivendo-seus-auges\/\"]}]},{\"@type\":\"ImageObject\",\"inLanguage\":\"pt-BR\",\"@id\":\"https:\/\/www.blogsoestado.com\/evandrojunior\/2024\/10\/22\/grupo-boticario-firma-pacto-para-impulsionar-pessoas-45-a-continuarem-vivendo-seus-auges\/#primaryimage\",\"url\":\"https:\/\/www.blogsoestado.com\/evandrojunior\/files\/2024\/10\/MERCHAN_PACTOPRATEADO-1024x541.png\",\"contentUrl\":\"https:\/\/www.blogsoestado.com\/evandrojunior\/files\/2024\/10\/MERCHAN_PACTOPRATEADO-1024x541.png\"},{\"@type\":\"BreadcrumbList\",\"@id\":\"https:\/\/www.blogsoestado.com\/evandrojunior\/2024\/10\/22\/grupo-boticario-firma-pacto-para-impulsionar-pessoas-45-a-continuarem-vivendo-seus-auges\/#breadcrumb\",\"itemListElement\":[{\"@type\":\"ListItem\",\"position\":1,\"name\":\"In\u00edcio\",\"item\":\"https:\/\/www.blogsoestado.com\/evandrojunior\/\"},{\"@type\":\"ListItem\",\"position\":2,\"name\":\"Grupo Botic\u00e1rio firma pacto para impulsionar pessoas 45+ a continuarem vivendo seus auges\"}]},{\"@type\":\"WebSite\",\"@id\":\"https:\/\/www.blogsoestado.com\/evandrojunior\/#website\",\"url\":\"https:\/\/www.blogsoestado.com\/evandrojunior\/\",\"name\":\"Evandro Junior\",\"description\":\"\",\"potentialAction\":[{\"@type\":\"SearchAction\",\"target\":{\"@type\":\"EntryPoint\",\"urlTemplate\":\"https:\/\/www.blogsoestado.com\/evandrojunior\/?s={search_term_string}\"},\"query-input\":{\"@type\":\"PropertyValueSpecification\",\"valueRequired\":true,\"valueName\":\"search_term_string\"}}],\"inLanguage\":\"pt-BR\"},{\"@type\":\"Person\",\"@id\":\"https:\/\/www.blogsoestado.com\/evandrojunior\/#\/schema\/person\/3e6c3d8dbb740d1c6878ebc935cfb3be\",\"name\":\"Evandro Junior\",\"image\":{\"@type\":\"ImageObject\",\"inLanguage\":\"pt-BR\",\"@id\":\"https:\/\/www.blogsoestado.com\/evandrojunior\/#\/schema\/person\/image\/\",\"url\":\"https:\/\/secure.gravatar.com\/avatar\/f80a03a2294a580cd2318bfb459bf354cfa8be661ef3d95b542cf9a04af8d129?s=96&d=mm&r=g\",\"contentUrl\":\"https:\/\/secure.gravatar.com\/avatar\/f80a03a2294a580cd2318bfb459bf354cfa8be661ef3d95b542cf9a04af8d129?s=96&d=mm&r=g\",\"caption\":\"Evandro Junior\"},\"url\":\"https:\/\/www.blogsoestado.com\/evandrojunior\/author\/evandrojunior\/\"}]}<\/script>\n<!-- \/ Yoast SEO plugin. -->","yoast_head_json":{"title":"Grupo Botic\u00e1rio firma pacto para impulsionar pessoas 45+ a continuarem vivendo seus auges - Evandro Junior","robots":{"index":"index","follow":"follow","max-snippet":"max-snippet:-1","max-image-preview":"max-image-preview:large","max-video-preview":"max-video-preview:-1"},"canonical":"https:\/\/www.blogsoestado.com\/evandrojunior\/2024\/10\/22\/grupo-boticario-firma-pacto-para-impulsionar-pessoas-45-a-continuarem-vivendo-seus-auges\/","og_locale":"pt_BR","og_type":"article","og_title":"Grupo Botic\u00e1rio firma pacto para impulsionar pessoas 45+ a continuarem vivendo seus auges - Evandro Junior","og_description":"S\u00c3O LU\u00cdS &#8211; Seguindo seu prop\u00f3sito de criar oportunidades para que a beleza transforme a vida das pessoas em todas [&hellip;]","og_url":"https:\/\/www.blogsoestado.com\/evandrojunior\/2024\/10\/22\/grupo-boticario-firma-pacto-para-impulsionar-pessoas-45-a-continuarem-vivendo-seus-auges\/","og_site_name":"Evandro Junior","article_published_time":"2024-10-22T19:37:36+00:00","og_image":[{"url":"https:\/\/www.blogsoestado.com\/evandrojunior\/files\/2024\/10\/MERCHAN_PACTOPRATEADO-1024x541.png","type":"","width":"","height":""}],"author":"Evandro Junior","twitter_card":"summary_large_image","twitter_misc":{"Escrito por":"Evandro Junior","Est. tempo de leitura":"3 minutos"},"schema":{"@context":"https:\/\/schema.org","@graph":[{"@type":"WebPage","@id":"https:\/\/www.blogsoestado.com\/evandrojunior\/2024\/10\/22\/grupo-boticario-firma-pacto-para-impulsionar-pessoas-45-a-continuarem-vivendo-seus-auges\/","url":"https:\/\/www.blogsoestado.com\/evandrojunior\/2024\/10\/22\/grupo-boticario-firma-pacto-para-impulsionar-pessoas-45-a-continuarem-vivendo-seus-auges\/","name":"Grupo Botic\u00e1rio firma pacto para impulsionar pessoas 45+ a continuarem vivendo seus auges - Evandro Junior","isPartOf":{"@id":"https:\/\/www.blogsoestado.com\/evandrojunior\/#website"},"primaryImageOfPage":{"@id":"https:\/\/www.blogsoestado.com\/evandrojunior\/2024\/10\/22\/grupo-boticario-firma-pacto-para-impulsionar-pessoas-45-a-continuarem-vivendo-seus-auges\/#primaryimage"},"image":{"@id":"https:\/\/www.blogsoestado.com\/evandrojunior\/2024\/10\/22\/grupo-boticario-firma-pacto-para-impulsionar-pessoas-45-a-continuarem-vivendo-seus-auges\/#primaryimage"},"thumbnailUrl":"https:\/\/www.blogsoestado.com\/evandrojunior\/files\/2024\/10\/MERCHAN_PACTOPRATEADO-1024x541.png","datePublished":"2024-10-22T19:37:36+00:00","author":{"@id":"https:\/\/www.blogsoestado.com\/evandrojunior\/#\/schema\/person\/3e6c3d8dbb740d1c6878ebc935cfb3be"},"breadcrumb":{"@id":"https:\/\/www.blogsoestado.com\/evandrojunior\/2024\/10\/22\/grupo-boticario-firma-pacto-para-impulsionar-pessoas-45-a-continuarem-vivendo-seus-auges\/#breadcrumb"},"inLanguage":"pt-BR","potentialAction":[{"@type":"ReadAction","target":["https:\/\/www.blogsoestado.com\/evandrojunior\/2024\/10\/22\/grupo-boticario-firma-pacto-para-impulsionar-pessoas-45-a-continuarem-vivendo-seus-auges\/"]}]},{"@type":"ImageObject","inLanguage":"pt-BR","@id":"https:\/\/www.blogsoestado.com\/evandrojunior\/2024\/10\/22\/grupo-boticario-firma-pacto-para-impulsionar-pessoas-45-a-continuarem-vivendo-seus-auges\/#primaryimage","url":"https:\/\/www.blogsoestado.com\/evandrojunior\/files\/2024\/10\/MERCHAN_PACTOPRATEADO-1024x541.png","contentUrl":"https:\/\/www.blogsoestado.com\/evandrojunior\/files\/2024\/10\/MERCHAN_PACTOPRATEADO-1024x541.png"},{"@type":"BreadcrumbList","@id":"https:\/\/www.blogsoestado.com\/evandrojunior\/2024\/10\/22\/grupo-boticario-firma-pacto-para-impulsionar-pessoas-45-a-continuarem-vivendo-seus-auges\/#breadcrumb","itemListElement":[{"@type":"ListItem","position":1,"name":"In\u00edcio","item":"https:\/\/www.blogsoestado.com\/evandrojunior\/"},{"@type":"ListItem","position":2,"name":"Grupo Botic\u00e1rio firma pacto para impulsionar pessoas 45+ a continuarem vivendo seus auges"}]},{"@type":"WebSite","@id":"https:\/\/www.blogsoestado.com\/evandrojunior\/#website","url":"https:\/\/www.blogsoestado.com\/evandrojunior\/","name":"Evandro Junior","description":"","potentialAction":[{"@type":"SearchAction","target":{"@type":"EntryPoint","urlTemplate":"https:\/\/www.blogsoestado.com\/evandrojunior\/?s={search_term_string}"},"query-input":{"@type":"PropertyValueSpecification","valueRequired":true,"valueName":"search_term_string"}}],"inLanguage":"pt-BR"},{"@type":"Person","@id":"https:\/\/www.blogsoestado.com\/evandrojunior\/#\/schema\/person\/3e6c3d8dbb740d1c6878ebc935cfb3be","name":"Evandro Junior","image":{"@type":"ImageObject","inLanguage":"pt-BR","@id":"https:\/\/www.blogsoestado.com\/evandrojunior\/#\/schema\/person\/image\/","url":"https:\/\/secure.gravatar.com\/avatar\/f80a03a2294a580cd2318bfb459bf354cfa8be661ef3d95b542cf9a04af8d129?s=96&d=mm&r=g","contentUrl":"https:\/\/secure.gravatar.com\/avatar\/f80a03a2294a580cd2318bfb459bf354cfa8be661ef3d95b542cf9a04af8d129?s=96&d=mm&r=g","caption":"Evandro Junior"},"url":"https:\/\/www.blogsoestado.com\/evandrojunior\/author\/evandrojunior\/"}]}},"jetpack_featured_media_url":"","_links":{"self":[{"href":"https:\/\/www.blogsoestado.com\/evandrojunior\/wp-json\/wp\/v2\/posts\/13367","targetHints":{"allow":["GET"]}}],"collection":[{"href":"https:\/\/www.blogsoestado.com\/evandrojunior\/wp-json\/wp\/v2\/posts"}],"about":[{"href":"https:\/\/www.blogsoestado.com\/evandrojunior\/wp-json\/wp\/v2\/types\/post"}],"author":[{"embeddable":true,"href":"https:\/\/www.blogsoestado.com\/evandrojunior\/wp-json\/wp\/v2\/users\/4"}],"replies":[{"embeddable":true,"href":"https:\/\/www.blogsoestado.com\/evandrojunior\/wp-json\/wp\/v2\/comments?post=13367"}],"version-history":[{"count":0,"href":"https:\/\/www.blogsoestado.com\/evandrojunior\/wp-json\/wp\/v2\/posts\/13367\/revisions"}],"wp:attachment":[{"href":"https:\/\/www.blogsoestado.com\/evandrojunior\/wp-json\/wp\/v2\/media?parent=13367"}],"wp:term":[{"taxonomy":"category","embeddable":true,"href":"https:\/\/www.blogsoestado.com\/evandrojunior\/wp-json\/wp\/v2\/categories?post=13367"},{"taxonomy":"post_tag","embeddable":true,"href":"https:\/\/www.blogsoestado.com\/evandrojunior\/wp-json\/wp\/v2\/tags?post=13367"}],"curies":[{"name":"wp","href":"https:\/\/api.w.org\/{rel}","templated":true}]}}