{"id":13373,"date":"2024-10-22T16:45:33","date_gmt":"2024-10-22T19:45:33","guid":{"rendered":"https:\/\/www.blogsoestado.com\/evandrojunior\/?p=13373"},"modified":"2024-10-22T16:45:33","modified_gmt":"2024-10-22T19:45:33","slug":"projeto-crianca-feliz-garante-inclusao-e-diversao-na-apae","status":"publish","type":"post","link":"https:\/\/www.blogsoestado.com\/evandrojunior\/2024\/10\/22\/projeto-crianca-feliz-garante-inclusao-e-diversao-na-apae\/","title":{"rendered":"Projeto &#8216;Crian\u00e7a Feliz&#8217; garante inclus\u00e3o e divers\u00e3o na Apae"},"content":{"rendered":"\n<div class=\"wp-block-image\"><figure class=\"aligncenter size-large is-resized\"><img fetchpriority=\"high\" decoding=\"async\" src=\"https:\/\/www.blogsoestado.com\/evandrojunior\/files\/2024\/10\/WhatsApp-Image-2024-10-22-at-08.12.14-1024x682.jpeg\" alt=\"\" class=\"wp-image-13374\" width=\"553\" height=\"368\"\/><figcaption><strong>No banho de piscina, um momento de inclus\u00e3o, socializa\u00e7\u00e3o e muita divers\u00e3o<\/strong><\/figcaption><\/figure><\/div>\n\n\n\n<p><strong>S\u00c3O LU\u00cdS<\/strong> &#8211; A APAE de S\u00e3o Lu\u00eds promoveu, no \u00faltimo dia 19, o Projeto &#8216;Crian\u00e7a Feliz \u2013 Brincar, Sorrir e Incluir&#8217;, evento alusivo ao m\u00eas das crian\u00e7as. Realizado na sede da institui\u00e7\u00e3o, o projeto trouxe momentos inesquec\u00edveis para os 300 atendidos pelo Centro de Atendimento Educacional Especializado (CAEE) Eney Santana e do Centro Especializado em Reabilita\u00e7\u00e3o, CER &#8211; III.<\/p>\n\n\n\n<p>Com uma programa\u00e7\u00e3o repleta de brincadeiras, m\u00fasica e atividades l\u00fadicas, o projeto &#8216;Crian\u00e7a Feliz&#8217; foi planejado para proporcionar um dia especial, promovendo a inclus\u00e3o e, claro, muita divers\u00e3o.<\/p>\n\n\n\n<p>Emanuele Costa, gestora dos Servi\u00e7os de Sa\u00fade da APAE de S\u00e3o Lu\u00eds, destacou a import\u00e2ncia de oferecer momentos de felicidade \u00e0s crian\u00e7as atendidas pela APAE. &#8220;Nosso objetivo \u00e9 proporcionar \u00e0s nossas crian\u00e7as um momento de recrea\u00e7\u00e3o e atividades pedag\u00f3gicas para que vivam intensamente a inf\u00e2ncia. O projeto \u00e9 sobre alegria, divers\u00e3o e, acima de tudo, inclus\u00e3o&#8221;.<\/p>\n\n\n\n<div class=\"wp-block-image\"><figure class=\"aligncenter size-large is-resized\"><img decoding=\"async\" src=\"https:\/\/www.blogsoestado.com\/evandrojunior\/files\/2024\/10\/WhatsApp-Image-2024-10-22-at-08.12.15-1024x682.jpeg\" alt=\"\" class=\"wp-image-13375\" width=\"573\" height=\"381\"\/><figcaption><strong>Diretoria da APAE de S\u00e3o Lu\u00eds e a presidente Arionildes Silva e Silva com o celular que foi rifado para o projeto<\/strong><\/figcaption><\/figure><\/div>\n\n\n\n<p>A iniciativa contou com o apoio de parceiros, como o Corpo de Bombeiros, que garantiu o t\u00e3o esperado banho de mangueira.<\/p>\n\n\n\n<p>A assessora jur\u00eddica da APAE de S\u00e3o Lu\u00eds, Dra. Maria da Concei\u00e7\u00e3o Lima Melo Rolim, refor\u00e7ou a import\u00e2ncia hist\u00f3rica da APAE na vida das pessoas com defici\u00eancia. &#8220;Este projeto nasce de uma longa hist\u00f3ria, desde a cria\u00e7\u00e3o da APAE, quando nossos fundadores iniciaram a busca por oportunidades para transformar a vida dessas crian\u00e7as. Hoje, resgatamos esse legado, oferecendo momentos especiais de alegria, recrea\u00e7\u00e3o e, claro, muita inclus\u00e3o&#8221;.<\/p>\n\n\n\n<div class=\"wp-block-image\"><figure class=\"aligncenter size-large is-resized\"><img decoding=\"async\" src=\"https:\/\/www.blogsoestado.com\/evandrojunior\/files\/2024\/10\/WhatsApp-Image-2024-10-22-at-08.12.15-1-1024x682.jpeg\" alt=\"\" class=\"wp-image-13376\" width=\"601\" height=\"400\"\/><figcaption><strong>Diretoria, colaboradores da APAE de S\u00e3o Lu\u00eds e parceiros respons\u00e1veis pela realiza\u00e7\u00e3o do projeto &#8216;Crian\u00e7a Feliz&#8217;<\/strong><\/figcaption><\/figure><\/div>\n\n\n\n<p>Toda essa festa foi poss\u00edvel gra\u00e7as \u00e0s doa\u00e7\u00f5es da comunidade, empresas parceiras e \u00e0 rifa de um celular, que ajudou a custear o evento. Christiane Diniz, gestora da APAE de S\u00e3o Lu\u00eds, enalteceu a import\u00e2ncia do projeto.<\/p>\n\n\n\n<p> &#8220;O projeto &#8216;Crian\u00e7a Feliz&#8217; \u00e9 a culmin\u00e2ncia de todos os esfor\u00e7os da APAE ao longo de seus 53 anos. Nosso objetivo \u00e9 garantir que a pessoa com defici\u00eancia intelectual e m\u00faltipla possa pertencer, participar e sorrir. Queremos continuar a transformar vidas e, no pr\u00f3ximo ano, fazer ainda mais&#8221;.<\/p>\n","protected":false},"excerpt":{"rendered":"<p>S\u00c3O LU\u00cdS &#8211; A APAE de S\u00e3o Lu\u00eds promoveu, no \u00faltimo dia 19, o Projeto &#8216;Crian\u00e7a Feliz \u2013 Brincar, Sorrir [&hellip;]<\/p>\n","protected":false},"author":4,"featured_media":0,"comment_status":"open","ping_status":"open","sticky":false,"template":"","format":"standard","meta":{"site-sidebar-layout":"default","site-content-layout":"","ast-site-content-layout":"default","site-content-style":"default","site-sidebar-style":"default","ast-global-header-display":"","ast-banner-title-visibility":"","ast-main-header-display":"","ast-hfb-above-header-display":"","ast-hfb-below-header-display":"","ast-hfb-mobile-header-display":"","site-post-title":"","ast-breadcrumbs-content":"","ast-featured-img":"","footer-sml-layout":"","ast-disable-related-posts":"","theme-transparent-header-meta":"","adv-header-id-meta":"","stick-header-meta":"","header-above-stick-meta":"","header-main-stick-meta":"","header-below-stick-meta":"","astra-migrate-meta-layouts":"default","ast-page-background-enabled":"default","ast-page-background-meta":{"desktop":{"background-color":"var(--ast-global-color-5)","background-image":"","background-repeat":"repeat","background-position":"center center","background-size":"auto","background-attachment":"scroll","background-type":"","background-media":"","overlay-type":"","overlay-color":"","overlay-opacity":"","overlay-gradient":""},"tablet":{"background-color":"","background-image":"","background-repeat":"repeat","background-position":"center center","background-size":"auto","background-attachment":"scroll","background-type":"","background-media":"","overlay-type":"","overlay-color":"","overlay-opacity":"","overlay-gradient":""},"mobile":{"background-color":"","background-image":"","background-repeat":"repeat","background-position":"center center","background-size":"auto","background-attachment":"scroll","background-type":"","background-media":"","overlay-type":"","overlay-color":"","overlay-opacity":"","overlay-gradient":""}},"ast-content-background-meta":{"desktop":{"background-color":"var(--ast-global-color-4)","background-image":"","background-repeat":"repeat","background-position":"center center","background-size":"auto","background-attachment":"scroll","background-type":"","background-media":"","overlay-type":"","overlay-color":"","overlay-opacity":"","overlay-gradient":""},"tablet":{"background-color":"var(--ast-global-color-4)","background-image":"","background-repeat":"repeat","background-position":"center center","background-size":"auto","background-attachment":"scroll","background-type":"","background-media":"","overlay-type":"","overlay-color":"","overlay-opacity":"","overlay-gradient":""},"mobile":{"background-color":"var(--ast-global-color-4)","background-image":"","background-repeat":"repeat","background-position":"center center","background-size":"auto","background-attachment":"scroll","background-type":"","background-media":"","overlay-type":"","overlay-color":"","overlay-opacity":"","overlay-gradient":""}},"footnotes":""},"categories":[1],"tags":[],"class_list":["post-13373","post","type-post","status-publish","format-standard","hentry","category-sem-categoria"],"yoast_head":"<!-- This site is optimized with the Yoast SEO plugin v26.6 - https:\/\/yoast.com\/wordpress\/plugins\/seo\/ -->\n<title>Projeto &#039;Crian\u00e7a Feliz&#039; garante inclus\u00e3o e divers\u00e3o na Apae - Evandro Junior<\/title>\n<meta name=\"robots\" content=\"index, follow, max-snippet:-1, max-image-preview:large, max-video-preview:-1\" \/>\n<link rel=\"canonical\" href=\"https:\/\/www.blogsoestado.com\/evandrojunior\/2024\/10\/22\/projeto-crianca-feliz-garante-inclusao-e-diversao-na-apae\/\" \/>\n<meta property=\"og:locale\" content=\"pt_BR\" \/>\n<meta property=\"og:type\" content=\"article\" \/>\n<meta property=\"og:title\" content=\"Projeto &#039;Crian\u00e7a Feliz&#039; garante inclus\u00e3o e divers\u00e3o na Apae - Evandro Junior\" \/>\n<meta property=\"og:description\" content=\"S\u00c3O LU\u00cdS &#8211; A APAE de S\u00e3o Lu\u00eds promoveu, no \u00faltimo dia 19, o Projeto &#8216;Crian\u00e7a Feliz \u2013 Brincar, Sorrir [&hellip;]\" \/>\n<meta property=\"og:url\" content=\"https:\/\/www.blogsoestado.com\/evandrojunior\/2024\/10\/22\/projeto-crianca-feliz-garante-inclusao-e-diversao-na-apae\/\" \/>\n<meta property=\"og:site_name\" content=\"Evandro Junior\" \/>\n<meta property=\"article:published_time\" content=\"2024-10-22T19:45:33+00:00\" \/>\n<meta property=\"og:image\" content=\"https:\/\/www.blogsoestado.com\/evandrojunior\/files\/2024\/10\/WhatsApp-Image-2024-10-22-at-08.12.14-1024x682.jpeg\" \/>\n<meta name=\"author\" content=\"Evandro Junior\" \/>\n<meta name=\"twitter:card\" content=\"summary_large_image\" \/>\n<meta name=\"twitter:label1\" content=\"Escrito por\" \/>\n\t<meta name=\"twitter:data1\" content=\"Evandro Junior\" \/>\n\t<meta name=\"twitter:label2\" content=\"Est. tempo de leitura\" \/>\n\t<meta name=\"twitter:data2\" content=\"3 minutos\" \/>\n<script type=\"application\/ld+json\" class=\"yoast-schema-graph\">{\"@context\":\"https:\/\/schema.org\",\"@graph\":[{\"@type\":\"WebPage\",\"@id\":\"https:\/\/www.blogsoestado.com\/evandrojunior\/2024\/10\/22\/projeto-crianca-feliz-garante-inclusao-e-diversao-na-apae\/\",\"url\":\"https:\/\/www.blogsoestado.com\/evandrojunior\/2024\/10\/22\/projeto-crianca-feliz-garante-inclusao-e-diversao-na-apae\/\",\"name\":\"Projeto 'Crian\u00e7a Feliz' garante inclus\u00e3o e divers\u00e3o na Apae - Evandro Junior\",\"isPartOf\":{\"@id\":\"https:\/\/www.blogsoestado.com\/evandrojunior\/#website\"},\"primaryImageOfPage\":{\"@id\":\"https:\/\/www.blogsoestado.com\/evandrojunior\/2024\/10\/22\/projeto-crianca-feliz-garante-inclusao-e-diversao-na-apae\/#primaryimage\"},\"image\":{\"@id\":\"https:\/\/www.blogsoestado.com\/evandrojunior\/2024\/10\/22\/projeto-crianca-feliz-garante-inclusao-e-diversao-na-apae\/#primaryimage\"},\"thumbnailUrl\":\"https:\/\/www.blogsoestado.com\/evandrojunior\/files\/2024\/10\/WhatsApp-Image-2024-10-22-at-08.12.14-1024x682.jpeg\",\"datePublished\":\"2024-10-22T19:45:33+00:00\",\"author\":{\"@id\":\"https:\/\/www.blogsoestado.com\/evandrojunior\/#\/schema\/person\/3e6c3d8dbb740d1c6878ebc935cfb3be\"},\"breadcrumb\":{\"@id\":\"https:\/\/www.blogsoestado.com\/evandrojunior\/2024\/10\/22\/projeto-crianca-feliz-garante-inclusao-e-diversao-na-apae\/#breadcrumb\"},\"inLanguage\":\"pt-BR\",\"potentialAction\":[{\"@type\":\"ReadAction\",\"target\":[\"https:\/\/www.blogsoestado.com\/evandrojunior\/2024\/10\/22\/projeto-crianca-feliz-garante-inclusao-e-diversao-na-apae\/\"]}]},{\"@type\":\"ImageObject\",\"inLanguage\":\"pt-BR\",\"@id\":\"https:\/\/www.blogsoestado.com\/evandrojunior\/2024\/10\/22\/projeto-crianca-feliz-garante-inclusao-e-diversao-na-apae\/#primaryimage\",\"url\":\"https:\/\/www.blogsoestado.com\/evandrojunior\/files\/2024\/10\/WhatsApp-Image-2024-10-22-at-08.12.14-1024x682.jpeg\",\"contentUrl\":\"https:\/\/www.blogsoestado.com\/evandrojunior\/files\/2024\/10\/WhatsApp-Image-2024-10-22-at-08.12.14-1024x682.jpeg\"},{\"@type\":\"BreadcrumbList\",\"@id\":\"https:\/\/www.blogsoestado.com\/evandrojunior\/2024\/10\/22\/projeto-crianca-feliz-garante-inclusao-e-diversao-na-apae\/#breadcrumb\",\"itemListElement\":[{\"@type\":\"ListItem\",\"position\":1,\"name\":\"In\u00edcio\",\"item\":\"https:\/\/www.blogsoestado.com\/evandrojunior\/\"},{\"@type\":\"ListItem\",\"position\":2,\"name\":\"Projeto &#8216;Crian\u00e7a Feliz&#8217; garante inclus\u00e3o e divers\u00e3o na Apae\"}]},{\"@type\":\"WebSite\",\"@id\":\"https:\/\/www.blogsoestado.com\/evandrojunior\/#website\",\"url\":\"https:\/\/www.blogsoestado.com\/evandrojunior\/\",\"name\":\"Evandro Junior\",\"description\":\"\",\"potentialAction\":[{\"@type\":\"SearchAction\",\"target\":{\"@type\":\"EntryPoint\",\"urlTemplate\":\"https:\/\/www.blogsoestado.com\/evandrojunior\/?s={search_term_string}\"},\"query-input\":{\"@type\":\"PropertyValueSpecification\",\"valueRequired\":true,\"valueName\":\"search_term_string\"}}],\"inLanguage\":\"pt-BR\"},{\"@type\":\"Person\",\"@id\":\"https:\/\/www.blogsoestado.com\/evandrojunior\/#\/schema\/person\/3e6c3d8dbb740d1c6878ebc935cfb3be\",\"name\":\"Evandro Junior\",\"image\":{\"@type\":\"ImageObject\",\"inLanguage\":\"pt-BR\",\"@id\":\"https:\/\/www.blogsoestado.com\/evandrojunior\/#\/schema\/person\/image\/\",\"url\":\"https:\/\/secure.gravatar.com\/avatar\/f80a03a2294a580cd2318bfb459bf354cfa8be661ef3d95b542cf9a04af8d129?s=96&d=mm&r=g\",\"contentUrl\":\"https:\/\/secure.gravatar.com\/avatar\/f80a03a2294a580cd2318bfb459bf354cfa8be661ef3d95b542cf9a04af8d129?s=96&d=mm&r=g\",\"caption\":\"Evandro Junior\"},\"url\":\"https:\/\/www.blogsoestado.com\/evandrojunior\/author\/evandrojunior\/\"}]}<\/script>\n<!-- \/ Yoast SEO plugin. -->","yoast_head_json":{"title":"Projeto 'Crian\u00e7a Feliz' garante inclus\u00e3o e divers\u00e3o na Apae - Evandro Junior","robots":{"index":"index","follow":"follow","max-snippet":"max-snippet:-1","max-image-preview":"max-image-preview:large","max-video-preview":"max-video-preview:-1"},"canonical":"https:\/\/www.blogsoestado.com\/evandrojunior\/2024\/10\/22\/projeto-crianca-feliz-garante-inclusao-e-diversao-na-apae\/","og_locale":"pt_BR","og_type":"article","og_title":"Projeto 'Crian\u00e7a Feliz' garante inclus\u00e3o e divers\u00e3o na Apae - Evandro Junior","og_description":"S\u00c3O LU\u00cdS &#8211; A APAE de S\u00e3o Lu\u00eds promoveu, no \u00faltimo dia 19, o Projeto &#8216;Crian\u00e7a Feliz \u2013 Brincar, Sorrir [&hellip;]","og_url":"https:\/\/www.blogsoestado.com\/evandrojunior\/2024\/10\/22\/projeto-crianca-feliz-garante-inclusao-e-diversao-na-apae\/","og_site_name":"Evandro Junior","article_published_time":"2024-10-22T19:45:33+00:00","og_image":[{"url":"https:\/\/www.blogsoestado.com\/evandrojunior\/files\/2024\/10\/WhatsApp-Image-2024-10-22-at-08.12.14-1024x682.jpeg","type":"","width":"","height":""}],"author":"Evandro Junior","twitter_card":"summary_large_image","twitter_misc":{"Escrito por":"Evandro Junior","Est. tempo de leitura":"3 minutos"},"schema":{"@context":"https:\/\/schema.org","@graph":[{"@type":"WebPage","@id":"https:\/\/www.blogsoestado.com\/evandrojunior\/2024\/10\/22\/projeto-crianca-feliz-garante-inclusao-e-diversao-na-apae\/","url":"https:\/\/www.blogsoestado.com\/evandrojunior\/2024\/10\/22\/projeto-crianca-feliz-garante-inclusao-e-diversao-na-apae\/","name":"Projeto 'Crian\u00e7a Feliz' garante inclus\u00e3o e divers\u00e3o na Apae - Evandro Junior","isPartOf":{"@id":"https:\/\/www.blogsoestado.com\/evandrojunior\/#website"},"primaryImageOfPage":{"@id":"https:\/\/www.blogsoestado.com\/evandrojunior\/2024\/10\/22\/projeto-crianca-feliz-garante-inclusao-e-diversao-na-apae\/#primaryimage"},"image":{"@id":"https:\/\/www.blogsoestado.com\/evandrojunior\/2024\/10\/22\/projeto-crianca-feliz-garante-inclusao-e-diversao-na-apae\/#primaryimage"},"thumbnailUrl":"https:\/\/www.blogsoestado.com\/evandrojunior\/files\/2024\/10\/WhatsApp-Image-2024-10-22-at-08.12.14-1024x682.jpeg","datePublished":"2024-10-22T19:45:33+00:00","author":{"@id":"https:\/\/www.blogsoestado.com\/evandrojunior\/#\/schema\/person\/3e6c3d8dbb740d1c6878ebc935cfb3be"},"breadcrumb":{"@id":"https:\/\/www.blogsoestado.com\/evandrojunior\/2024\/10\/22\/projeto-crianca-feliz-garante-inclusao-e-diversao-na-apae\/#breadcrumb"},"inLanguage":"pt-BR","potentialAction":[{"@type":"ReadAction","target":["https:\/\/www.blogsoestado.com\/evandrojunior\/2024\/10\/22\/projeto-crianca-feliz-garante-inclusao-e-diversao-na-apae\/"]}]},{"@type":"ImageObject","inLanguage":"pt-BR","@id":"https:\/\/www.blogsoestado.com\/evandrojunior\/2024\/10\/22\/projeto-crianca-feliz-garante-inclusao-e-diversao-na-apae\/#primaryimage","url":"https:\/\/www.blogsoestado.com\/evandrojunior\/files\/2024\/10\/WhatsApp-Image-2024-10-22-at-08.12.14-1024x682.jpeg","contentUrl":"https:\/\/www.blogsoestado.com\/evandrojunior\/files\/2024\/10\/WhatsApp-Image-2024-10-22-at-08.12.14-1024x682.jpeg"},{"@type":"BreadcrumbList","@id":"https:\/\/www.blogsoestado.com\/evandrojunior\/2024\/10\/22\/projeto-crianca-feliz-garante-inclusao-e-diversao-na-apae\/#breadcrumb","itemListElement":[{"@type":"ListItem","position":1,"name":"In\u00edcio","item":"https:\/\/www.blogsoestado.com\/evandrojunior\/"},{"@type":"ListItem","position":2,"name":"Projeto &#8216;Crian\u00e7a Feliz&#8217; garante inclus\u00e3o e divers\u00e3o na Apae"}]},{"@type":"WebSite","@id":"https:\/\/www.blogsoestado.com\/evandrojunior\/#website","url":"https:\/\/www.blogsoestado.com\/evandrojunior\/","name":"Evandro Junior","description":"","potentialAction":[{"@type":"SearchAction","target":{"@type":"EntryPoint","urlTemplate":"https:\/\/www.blogsoestado.com\/evandrojunior\/?s={search_term_string}"},"query-input":{"@type":"PropertyValueSpecification","valueRequired":true,"valueName":"search_term_string"}}],"inLanguage":"pt-BR"},{"@type":"Person","@id":"https:\/\/www.blogsoestado.com\/evandrojunior\/#\/schema\/person\/3e6c3d8dbb740d1c6878ebc935cfb3be","name":"Evandro Junior","image":{"@type":"ImageObject","inLanguage":"pt-BR","@id":"https:\/\/www.blogsoestado.com\/evandrojunior\/#\/schema\/person\/image\/","url":"https:\/\/secure.gravatar.com\/avatar\/f80a03a2294a580cd2318bfb459bf354cfa8be661ef3d95b542cf9a04af8d129?s=96&d=mm&r=g","contentUrl":"https:\/\/secure.gravatar.com\/avatar\/f80a03a2294a580cd2318bfb459bf354cfa8be661ef3d95b542cf9a04af8d129?s=96&d=mm&r=g","caption":"Evandro Junior"},"url":"https:\/\/www.blogsoestado.com\/evandrojunior\/author\/evandrojunior\/"}]}},"jetpack_featured_media_url":"","_links":{"self":[{"href":"https:\/\/www.blogsoestado.com\/evandrojunior\/wp-json\/wp\/v2\/posts\/13373","targetHints":{"allow":["GET"]}}],"collection":[{"href":"https:\/\/www.blogsoestado.com\/evandrojunior\/wp-json\/wp\/v2\/posts"}],"about":[{"href":"https:\/\/www.blogsoestado.com\/evandrojunior\/wp-json\/wp\/v2\/types\/post"}],"author":[{"embeddable":true,"href":"https:\/\/www.blogsoestado.com\/evandrojunior\/wp-json\/wp\/v2\/users\/4"}],"replies":[{"embeddable":true,"href":"https:\/\/www.blogsoestado.com\/evandrojunior\/wp-json\/wp\/v2\/comments?post=13373"}],"version-history":[{"count":0,"href":"https:\/\/www.blogsoestado.com\/evandrojunior\/wp-json\/wp\/v2\/posts\/13373\/revisions"}],"wp:attachment":[{"href":"https:\/\/www.blogsoestado.com\/evandrojunior\/wp-json\/wp\/v2\/media?parent=13373"}],"wp:term":[{"taxonomy":"category","embeddable":true,"href":"https:\/\/www.blogsoestado.com\/evandrojunior\/wp-json\/wp\/v2\/categories?post=13373"},{"taxonomy":"post_tag","embeddable":true,"href":"https:\/\/www.blogsoestado.com\/evandrojunior\/wp-json\/wp\/v2\/tags?post=13373"}],"curies":[{"name":"wp","href":"https:\/\/api.w.org\/{rel}","templated":true}]}}