{"id":13429,"date":"2024-10-29T09:11:38","date_gmt":"2024-10-29T12:11:38","guid":{"rendered":"https:\/\/www.blogsoestado.com\/evandrojunior\/?p=13429"},"modified":"2024-10-29T09:11:38","modified_gmt":"2024-10-29T12:11:38","slug":"instituto-equatorial-lanca-edital-com-r-3-milhoes-para-projetos-sociais","status":"publish","type":"post","link":"https:\/\/www.blogsoestado.com\/evandrojunior\/2024\/10\/29\/instituto-equatorial-lanca-edital-com-r-3-milhoes-para-projetos-sociais\/","title":{"rendered":"Instituto Equatorial lan\u00e7a edital com R$ 3 milh\u00f5es para projetos sociais"},"content":{"rendered":"\n<div class=\"wp-block-image\"><figure class=\"aligncenter size-large is-resized\"><img fetchpriority=\"high\" decoding=\"async\" src=\"https:\/\/www.blogsoestado.com\/evandrojunior\/files\/2024\/10\/WhatsApp-Image-2024-10-28-at-07.53.59-891x1024.jpeg\" alt=\"\" class=\"wp-image-13430\" width=\"560\" height=\"643\"\/><\/figure><\/div>\n\n\n\n<p><strong>S\u00c3O LU\u00cdS <\/strong>&#8211; O Instituto Equatorial abriu Inscri\u00e7\u00f5es para o Edital Di\u00e1logos Equatorial, que investir\u00e1 R$ 3 milh\u00f5es em projetos sociais liderados por Organiza\u00e7\u00f5es da Sociedade Civil (OSC\u2019s) de base comunit\u00e1ria. A iniciativa abrange os estados do Maranh\u00e3o, Piau\u00ed, Alagoas, Amap\u00e1, Par\u00e1, Goi\u00e1s e Rio Grande do Sul, e busca fomentar a\u00e7\u00f5es que promovam impacto positivo e sustent\u00e1vel em \u00e1reas essenciais.<\/p>\n\n\n\n<p><strong>Investimento com prop\u00f3sito e impacto social<\/strong><\/p>\n\n\n\n<p>As OSC\u2019s poder\u00e3o inscrever projetos que atuem nas \u00e1reas de educa\u00e7\u00e3o, empregabilidade e gera\u00e7\u00e3o de renda, empreendedorismo, sustentabilidade e biodiversidade. Cada projeto aprovado poder\u00e1 receber at\u00e9 R$ 20 mil para execu\u00e7\u00e3o. O prazo para envio das propostas e documenta\u00e7\u00e3o vai at\u00e9 o dia 14 de novembro, por meio da plataforma Prosas. O edital completo e o link de inscri\u00e7\u00e3o est\u00e3o dispon\u00edveis em: https:\/\/prosas.com.br\/editais\/15048-edital-dialogos-equatorial<\/p>\n\n\n\n<p><strong>Transforma\u00e7\u00e3o nas comunidades por meio da parceria com OSC\u2019s<\/strong><\/p>\n\n\n\n<p>Segundo Jana\u00edna Ali, coordenadora do Instituto Equatorial, a iniciativa \u00e9 um passo importante para levar autonomia e dignidade \u00e0s comunidades. \u201cEsses projetos s\u00e3o fundamentais para o fomento do empreendedorismo regional, promovendo mais oportunidades na economia e desenvolvimento das comunidades. Nosso compromisso \u00e9 apoiar a\u00e7\u00f5es que promovam desenvolvimento sustent\u00e1vel, gerem impacto positivo e transformem a realidade local\u201d, destacou a coordenadora.<\/p>\n\n\n\n<p>Dados recentes do IBGE confirmam a import\u00e2ncia dessas iniciativas: projetos liderados por OSC\u2019s t\u00eam demonstrado reduzir a taxa de desemprego em at\u00e9 15% nas regi\u00f5es mais vulner\u00e1veis e contribuir para o aumento da alfabetiza\u00e7\u00e3o e escolaridade, fortalecendo o desenvolvimento econ\u00f4mico das comunidades.<\/p>\n\n\n\n<p><strong>Lives para tirar d\u00favidas dos proponentes<\/strong><\/p>\n\n\n\n<p>Durante o per\u00edodo de inscri\u00e7\u00f5es, o Instituto realizar\u00e1 lives no Instagram e no YouTube (@institutoequatorial) para esclarecer d\u00favidas sobre o processo de inscri\u00e7\u00e3o e elabora\u00e7\u00e3o dos projetos. As datas e hor\u00e1rios ser\u00e3o divulgados pelas redes sociais do Instituto.<\/p>\n\n\n\n<p><strong>Resumo do Edital Di\u00e1logos Equatorial:<\/strong><\/p>\n\n\n\n<ul class=\"wp-block-list\"><li>Abertura das inscri\u00e7\u00f5es: 15 de outubro<\/li><li>Encerramento das inscri\u00e7\u00f5es: 14 de novembro<\/li><li>P\u00fablico-alvo: Organiza\u00e7\u00f5es da Sociedade Civil (OSC\u2019s)<\/li><li>Valor total de investimento: R$ 3 milh\u00f5es<\/li><li>Valor por projeto: At\u00e9 R$ 20 mil<\/li><li>Abrang\u00eancia: Piau\u00ed, Maranh\u00e3o, Alagoas, Amap\u00e1, Par\u00e1, Goi\u00e1s e Rio Grande do Sul<\/li><li>Inscri\u00e7\u00e3o: https:\/\/prosas.com.br\/editais\/15048-edital-dialogos-equatorial ou acesse pelo link na bio do Instagram: @institutoequatorial<\/li><\/ul>\n\n\n\n<p>Com o Edital Di\u00e1logos Equatorial, o Instituto reafirma seu compromisso com o fortalecimento das comunidades e a promo\u00e7\u00e3o de a\u00e7\u00f5es que geram impacto social, econ\u00f4mico e ambiental positivo em todo o Brasil.<\/p>\n","protected":false},"excerpt":{"rendered":"<p>S\u00c3O LU\u00cdS &#8211; O Instituto Equatorial abriu Inscri\u00e7\u00f5es para o Edital Di\u00e1logos Equatorial, que investir\u00e1 R$ 3 milh\u00f5es em projetos [&hellip;]<\/p>\n","protected":false},"author":4,"featured_media":0,"comment_status":"open","ping_status":"open","sticky":false,"template":"","format":"standard","meta":{"site-sidebar-layout":"default","site-content-layout":"","ast-site-content-layout":"default","site-content-style":"default","site-sidebar-style":"default","ast-global-header-display":"","ast-banner-title-visibility":"","ast-main-header-display":"","ast-hfb-above-header-display":"","ast-hfb-below-header-display":"","ast-hfb-mobile-header-display":"","site-post-title":"","ast-breadcrumbs-content":"","ast-featured-img":"","footer-sml-layout":"","ast-disable-related-posts":"","theme-transparent-header-meta":"","adv-header-id-meta":"","stick-header-meta":"","header-above-stick-meta":"","header-main-stick-meta":"","header-below-stick-meta":"","astra-migrate-meta-layouts":"default","ast-page-background-enabled":"default","ast-page-background-meta":{"desktop":{"background-color":"var(--ast-global-color-5)","background-image":"","background-repeat":"repeat","background-position":"center center","background-size":"auto","background-attachment":"scroll","background-type":"","background-media":"","overlay-type":"","overlay-color":"","overlay-opacity":"","overlay-gradient":""},"tablet":{"background-color":"","background-image":"","background-repeat":"repeat","background-position":"center center","background-size":"auto","background-attachment":"scroll","background-type":"","background-media":"","overlay-type":"","overlay-color":"","overlay-opacity":"","overlay-gradient":""},"mobile":{"background-color":"","background-image":"","background-repeat":"repeat","background-position":"center center","background-size":"auto","background-attachment":"scroll","background-type":"","background-media":"","overlay-type":"","overlay-color":"","overlay-opacity":"","overlay-gradient":""}},"ast-content-background-meta":{"desktop":{"background-color":"var(--ast-global-color-4)","background-image":"","background-repeat":"repeat","background-position":"center center","background-size":"auto","background-attachment":"scroll","background-type":"","background-media":"","overlay-type":"","overlay-color":"","overlay-opacity":"","overlay-gradient":""},"tablet":{"background-color":"var(--ast-global-color-4)","background-image":"","background-repeat":"repeat","background-position":"center center","background-size":"auto","background-attachment":"scroll","background-type":"","background-media":"","overlay-type":"","overlay-color":"","overlay-opacity":"","overlay-gradient":""},"mobile":{"background-color":"var(--ast-global-color-4)","background-image":"","background-repeat":"repeat","background-position":"center center","background-size":"auto","background-attachment":"scroll","background-type":"","background-media":"","overlay-type":"","overlay-color":"","overlay-opacity":"","overlay-gradient":""}},"footnotes":""},"categories":[1],"tags":[],"class_list":["post-13429","post","type-post","status-publish","format-standard","hentry","category-sem-categoria"],"yoast_head":"<!-- This site is optimized with the Yoast SEO plugin v26.6 - https:\/\/yoast.com\/wordpress\/plugins\/seo\/ -->\n<title>Instituto Equatorial lan\u00e7a edital com R$ 3 milh\u00f5es para projetos sociais - Evandro Junior<\/title>\n<meta name=\"robots\" content=\"index, follow, max-snippet:-1, max-image-preview:large, max-video-preview:-1\" \/>\n<link rel=\"canonical\" href=\"https:\/\/www.blogsoestado.com\/evandrojunior\/2024\/10\/29\/instituto-equatorial-lanca-edital-com-r-3-milhoes-para-projetos-sociais\/\" \/>\n<meta property=\"og:locale\" content=\"pt_BR\" \/>\n<meta property=\"og:type\" content=\"article\" \/>\n<meta property=\"og:title\" content=\"Instituto Equatorial lan\u00e7a edital com R$ 3 milh\u00f5es para projetos sociais - Evandro Junior\" \/>\n<meta property=\"og:description\" content=\"S\u00c3O LU\u00cdS &#8211; O Instituto Equatorial abriu Inscri\u00e7\u00f5es para o Edital Di\u00e1logos Equatorial, que investir\u00e1 R$ 3 milh\u00f5es em projetos [&hellip;]\" \/>\n<meta property=\"og:url\" content=\"https:\/\/www.blogsoestado.com\/evandrojunior\/2024\/10\/29\/instituto-equatorial-lanca-edital-com-r-3-milhoes-para-projetos-sociais\/\" \/>\n<meta property=\"og:site_name\" content=\"Evandro Junior\" \/>\n<meta property=\"article:published_time\" content=\"2024-10-29T12:11:38+00:00\" \/>\n<meta property=\"og:image\" content=\"https:\/\/www.blogsoestado.com\/evandrojunior\/files\/2024\/10\/WhatsApp-Image-2024-10-28-at-07.53.59-891x1024.jpeg\" \/>\n<meta name=\"author\" content=\"Evandro Junior\" \/>\n<meta name=\"twitter:card\" content=\"summary_large_image\" \/>\n<meta name=\"twitter:label1\" content=\"Escrito por\" \/>\n\t<meta name=\"twitter:data1\" content=\"Evandro Junior\" \/>\n\t<meta name=\"twitter:label2\" content=\"Est. tempo de leitura\" \/>\n\t<meta name=\"twitter:data2\" content=\"2 minutos\" \/>\n<script type=\"application\/ld+json\" class=\"yoast-schema-graph\">{\"@context\":\"https:\/\/schema.org\",\"@graph\":[{\"@type\":\"WebPage\",\"@id\":\"https:\/\/www.blogsoestado.com\/evandrojunior\/2024\/10\/29\/instituto-equatorial-lanca-edital-com-r-3-milhoes-para-projetos-sociais\/\",\"url\":\"https:\/\/www.blogsoestado.com\/evandrojunior\/2024\/10\/29\/instituto-equatorial-lanca-edital-com-r-3-milhoes-para-projetos-sociais\/\",\"name\":\"Instituto Equatorial lan\u00e7a edital com R$ 3 milh\u00f5es para projetos sociais - Evandro Junior\",\"isPartOf\":{\"@id\":\"https:\/\/www.blogsoestado.com\/evandrojunior\/#website\"},\"primaryImageOfPage\":{\"@id\":\"https:\/\/www.blogsoestado.com\/evandrojunior\/2024\/10\/29\/instituto-equatorial-lanca-edital-com-r-3-milhoes-para-projetos-sociais\/#primaryimage\"},\"image\":{\"@id\":\"https:\/\/www.blogsoestado.com\/evandrojunior\/2024\/10\/29\/instituto-equatorial-lanca-edital-com-r-3-milhoes-para-projetos-sociais\/#primaryimage\"},\"thumbnailUrl\":\"https:\/\/www.blogsoestado.com\/evandrojunior\/files\/2024\/10\/WhatsApp-Image-2024-10-28-at-07.53.59-891x1024.jpeg\",\"datePublished\":\"2024-10-29T12:11:38+00:00\",\"author\":{\"@id\":\"https:\/\/www.blogsoestado.com\/evandrojunior\/#\/schema\/person\/3e6c3d8dbb740d1c6878ebc935cfb3be\"},\"breadcrumb\":{\"@id\":\"https:\/\/www.blogsoestado.com\/evandrojunior\/2024\/10\/29\/instituto-equatorial-lanca-edital-com-r-3-milhoes-para-projetos-sociais\/#breadcrumb\"},\"inLanguage\":\"pt-BR\",\"potentialAction\":[{\"@type\":\"ReadAction\",\"target\":[\"https:\/\/www.blogsoestado.com\/evandrojunior\/2024\/10\/29\/instituto-equatorial-lanca-edital-com-r-3-milhoes-para-projetos-sociais\/\"]}]},{\"@type\":\"ImageObject\",\"inLanguage\":\"pt-BR\",\"@id\":\"https:\/\/www.blogsoestado.com\/evandrojunior\/2024\/10\/29\/instituto-equatorial-lanca-edital-com-r-3-milhoes-para-projetos-sociais\/#primaryimage\",\"url\":\"https:\/\/www.blogsoestado.com\/evandrojunior\/files\/2024\/10\/WhatsApp-Image-2024-10-28-at-07.53.59-891x1024.jpeg\",\"contentUrl\":\"https:\/\/www.blogsoestado.com\/evandrojunior\/files\/2024\/10\/WhatsApp-Image-2024-10-28-at-07.53.59-891x1024.jpeg\"},{\"@type\":\"BreadcrumbList\",\"@id\":\"https:\/\/www.blogsoestado.com\/evandrojunior\/2024\/10\/29\/instituto-equatorial-lanca-edital-com-r-3-milhoes-para-projetos-sociais\/#breadcrumb\",\"itemListElement\":[{\"@type\":\"ListItem\",\"position\":1,\"name\":\"In\u00edcio\",\"item\":\"https:\/\/www.blogsoestado.com\/evandrojunior\/\"},{\"@type\":\"ListItem\",\"position\":2,\"name\":\"Instituto Equatorial lan\u00e7a edital com R$ 3 milh\u00f5es para projetos sociais\"}]},{\"@type\":\"WebSite\",\"@id\":\"https:\/\/www.blogsoestado.com\/evandrojunior\/#website\",\"url\":\"https:\/\/www.blogsoestado.com\/evandrojunior\/\",\"name\":\"Evandro Junior\",\"description\":\"\",\"potentialAction\":[{\"@type\":\"SearchAction\",\"target\":{\"@type\":\"EntryPoint\",\"urlTemplate\":\"https:\/\/www.blogsoestado.com\/evandrojunior\/?s={search_term_string}\"},\"query-input\":{\"@type\":\"PropertyValueSpecification\",\"valueRequired\":true,\"valueName\":\"search_term_string\"}}],\"inLanguage\":\"pt-BR\"},{\"@type\":\"Person\",\"@id\":\"https:\/\/www.blogsoestado.com\/evandrojunior\/#\/schema\/person\/3e6c3d8dbb740d1c6878ebc935cfb3be\",\"name\":\"Evandro Junior\",\"image\":{\"@type\":\"ImageObject\",\"inLanguage\":\"pt-BR\",\"@id\":\"https:\/\/www.blogsoestado.com\/evandrojunior\/#\/schema\/person\/image\/\",\"url\":\"https:\/\/secure.gravatar.com\/avatar\/f80a03a2294a580cd2318bfb459bf354cfa8be661ef3d95b542cf9a04af8d129?s=96&d=mm&r=g\",\"contentUrl\":\"https:\/\/secure.gravatar.com\/avatar\/f80a03a2294a580cd2318bfb459bf354cfa8be661ef3d95b542cf9a04af8d129?s=96&d=mm&r=g\",\"caption\":\"Evandro Junior\"},\"url\":\"https:\/\/www.blogsoestado.com\/evandrojunior\/author\/evandrojunior\/\"}]}<\/script>\n<!-- \/ Yoast SEO plugin. -->","yoast_head_json":{"title":"Instituto Equatorial lan\u00e7a edital com R$ 3 milh\u00f5es para projetos sociais - Evandro Junior","robots":{"index":"index","follow":"follow","max-snippet":"max-snippet:-1","max-image-preview":"max-image-preview:large","max-video-preview":"max-video-preview:-1"},"canonical":"https:\/\/www.blogsoestado.com\/evandrojunior\/2024\/10\/29\/instituto-equatorial-lanca-edital-com-r-3-milhoes-para-projetos-sociais\/","og_locale":"pt_BR","og_type":"article","og_title":"Instituto Equatorial lan\u00e7a edital com R$ 3 milh\u00f5es para projetos sociais - Evandro Junior","og_description":"S\u00c3O LU\u00cdS &#8211; O Instituto Equatorial abriu Inscri\u00e7\u00f5es para o Edital Di\u00e1logos Equatorial, que investir\u00e1 R$ 3 milh\u00f5es em projetos [&hellip;]","og_url":"https:\/\/www.blogsoestado.com\/evandrojunior\/2024\/10\/29\/instituto-equatorial-lanca-edital-com-r-3-milhoes-para-projetos-sociais\/","og_site_name":"Evandro Junior","article_published_time":"2024-10-29T12:11:38+00:00","og_image":[{"url":"https:\/\/www.blogsoestado.com\/evandrojunior\/files\/2024\/10\/WhatsApp-Image-2024-10-28-at-07.53.59-891x1024.jpeg","type":"","width":"","height":""}],"author":"Evandro Junior","twitter_card":"summary_large_image","twitter_misc":{"Escrito por":"Evandro Junior","Est. tempo de leitura":"2 minutos"},"schema":{"@context":"https:\/\/schema.org","@graph":[{"@type":"WebPage","@id":"https:\/\/www.blogsoestado.com\/evandrojunior\/2024\/10\/29\/instituto-equatorial-lanca-edital-com-r-3-milhoes-para-projetos-sociais\/","url":"https:\/\/www.blogsoestado.com\/evandrojunior\/2024\/10\/29\/instituto-equatorial-lanca-edital-com-r-3-milhoes-para-projetos-sociais\/","name":"Instituto Equatorial lan\u00e7a edital com R$ 3 milh\u00f5es para projetos sociais - Evandro Junior","isPartOf":{"@id":"https:\/\/www.blogsoestado.com\/evandrojunior\/#website"},"primaryImageOfPage":{"@id":"https:\/\/www.blogsoestado.com\/evandrojunior\/2024\/10\/29\/instituto-equatorial-lanca-edital-com-r-3-milhoes-para-projetos-sociais\/#primaryimage"},"image":{"@id":"https:\/\/www.blogsoestado.com\/evandrojunior\/2024\/10\/29\/instituto-equatorial-lanca-edital-com-r-3-milhoes-para-projetos-sociais\/#primaryimage"},"thumbnailUrl":"https:\/\/www.blogsoestado.com\/evandrojunior\/files\/2024\/10\/WhatsApp-Image-2024-10-28-at-07.53.59-891x1024.jpeg","datePublished":"2024-10-29T12:11:38+00:00","author":{"@id":"https:\/\/www.blogsoestado.com\/evandrojunior\/#\/schema\/person\/3e6c3d8dbb740d1c6878ebc935cfb3be"},"breadcrumb":{"@id":"https:\/\/www.blogsoestado.com\/evandrojunior\/2024\/10\/29\/instituto-equatorial-lanca-edital-com-r-3-milhoes-para-projetos-sociais\/#breadcrumb"},"inLanguage":"pt-BR","potentialAction":[{"@type":"ReadAction","target":["https:\/\/www.blogsoestado.com\/evandrojunior\/2024\/10\/29\/instituto-equatorial-lanca-edital-com-r-3-milhoes-para-projetos-sociais\/"]}]},{"@type":"ImageObject","inLanguage":"pt-BR","@id":"https:\/\/www.blogsoestado.com\/evandrojunior\/2024\/10\/29\/instituto-equatorial-lanca-edital-com-r-3-milhoes-para-projetos-sociais\/#primaryimage","url":"https:\/\/www.blogsoestado.com\/evandrojunior\/files\/2024\/10\/WhatsApp-Image-2024-10-28-at-07.53.59-891x1024.jpeg","contentUrl":"https:\/\/www.blogsoestado.com\/evandrojunior\/files\/2024\/10\/WhatsApp-Image-2024-10-28-at-07.53.59-891x1024.jpeg"},{"@type":"BreadcrumbList","@id":"https:\/\/www.blogsoestado.com\/evandrojunior\/2024\/10\/29\/instituto-equatorial-lanca-edital-com-r-3-milhoes-para-projetos-sociais\/#breadcrumb","itemListElement":[{"@type":"ListItem","position":1,"name":"In\u00edcio","item":"https:\/\/www.blogsoestado.com\/evandrojunior\/"},{"@type":"ListItem","position":2,"name":"Instituto Equatorial lan\u00e7a edital com R$ 3 milh\u00f5es para projetos sociais"}]},{"@type":"WebSite","@id":"https:\/\/www.blogsoestado.com\/evandrojunior\/#website","url":"https:\/\/www.blogsoestado.com\/evandrojunior\/","name":"Evandro Junior","description":"","potentialAction":[{"@type":"SearchAction","target":{"@type":"EntryPoint","urlTemplate":"https:\/\/www.blogsoestado.com\/evandrojunior\/?s={search_term_string}"},"query-input":{"@type":"PropertyValueSpecification","valueRequired":true,"valueName":"search_term_string"}}],"inLanguage":"pt-BR"},{"@type":"Person","@id":"https:\/\/www.blogsoestado.com\/evandrojunior\/#\/schema\/person\/3e6c3d8dbb740d1c6878ebc935cfb3be","name":"Evandro Junior","image":{"@type":"ImageObject","inLanguage":"pt-BR","@id":"https:\/\/www.blogsoestado.com\/evandrojunior\/#\/schema\/person\/image\/","url":"https:\/\/secure.gravatar.com\/avatar\/f80a03a2294a580cd2318bfb459bf354cfa8be661ef3d95b542cf9a04af8d129?s=96&d=mm&r=g","contentUrl":"https:\/\/secure.gravatar.com\/avatar\/f80a03a2294a580cd2318bfb459bf354cfa8be661ef3d95b542cf9a04af8d129?s=96&d=mm&r=g","caption":"Evandro Junior"},"url":"https:\/\/www.blogsoestado.com\/evandrojunior\/author\/evandrojunior\/"}]}},"jetpack_featured_media_url":"","_links":{"self":[{"href":"https:\/\/www.blogsoestado.com\/evandrojunior\/wp-json\/wp\/v2\/posts\/13429","targetHints":{"allow":["GET"]}}],"collection":[{"href":"https:\/\/www.blogsoestado.com\/evandrojunior\/wp-json\/wp\/v2\/posts"}],"about":[{"href":"https:\/\/www.blogsoestado.com\/evandrojunior\/wp-json\/wp\/v2\/types\/post"}],"author":[{"embeddable":true,"href":"https:\/\/www.blogsoestado.com\/evandrojunior\/wp-json\/wp\/v2\/users\/4"}],"replies":[{"embeddable":true,"href":"https:\/\/www.blogsoestado.com\/evandrojunior\/wp-json\/wp\/v2\/comments?post=13429"}],"version-history":[{"count":0,"href":"https:\/\/www.blogsoestado.com\/evandrojunior\/wp-json\/wp\/v2\/posts\/13429\/revisions"}],"wp:attachment":[{"href":"https:\/\/www.blogsoestado.com\/evandrojunior\/wp-json\/wp\/v2\/media?parent=13429"}],"wp:term":[{"taxonomy":"category","embeddable":true,"href":"https:\/\/www.blogsoestado.com\/evandrojunior\/wp-json\/wp\/v2\/categories?post=13429"},{"taxonomy":"post_tag","embeddable":true,"href":"https:\/\/www.blogsoestado.com\/evandrojunior\/wp-json\/wp\/v2\/tags?post=13429"}],"curies":[{"name":"wp","href":"https:\/\/api.w.org\/{rel}","templated":true}]}}