{"id":13433,"date":"2024-10-29T09:19:36","date_gmt":"2024-10-29T12:19:36","guid":{"rendered":"https:\/\/www.blogsoestado.com\/evandrojunior\/?p=13433"},"modified":"2024-10-29T09:19:36","modified_gmt":"2024-10-29T12:19:36","slug":"13433","status":"publish","type":"post","link":"https:\/\/www.blogsoestado.com\/evandrojunior\/2024\/10\/29\/13433\/","title":{"rendered":"APAE de S\u00e3o Lu\u00eds conquista cinco categorias em festival"},"content":{"rendered":"\n<div class=\"wp-block-image\"><figure class=\"aligncenter size-large is-resized\"><img fetchpriority=\"high\" decoding=\"async\" src=\"https:\/\/www.blogsoestado.com\/evandrojunior\/files\/2024\/10\/WhatsApp-Image-2024-10-29-at-09.13.34-1024x682.jpeg\" alt=\"\" class=\"wp-image-13434\" width=\"486\" height=\"323\"\/><figcaption><strong>Presidente da Apae de S\u00e3o Lu\u00eds, Arionildes Silva e Silva, o aluno Marcos Ant\u00f4nio, que conquistou o primeiro lugar na categoria Artes Liter\u00e1rias, e Nadson Barros, presidente da FEAPAES-MA<\/strong><\/figcaption><\/figure><\/div>\n\n\n\n<p><strong>S\u00c3O LU\u00cdS <\/strong>&#8211; A APAE de S\u00e3o Lu\u00eds brilhou na edi\u00e7\u00e3o estadual do XI Festival Nossa Arte, evento que celebra as express\u00f5es art\u00edsticas e culturais de pessoas com defici\u00eancia intelectual e m\u00faltipla. Realizado em S\u00e3o Lu\u00eds, o festival reuniu diversas APAEs do Maranh\u00e3o e contou com apresenta\u00e7\u00f5es de teatro, dan\u00e7a, m\u00fasica e artes visuais, promovendo a inclus\u00e3o e o protagonismo dos assistidos.<\/p>\n\n\n\n<p>A abertura oficial aconteceu no Teatro Zenira Fiquene e foi marcada por momentos emocionantes. A gestora da APAE de S\u00e3o Lu\u00eds Christiane Diniz destacou a import\u00e2ncia da cultura como uma ferramenta de inclus\u00e3o. &#8220;A arte \u00e9 uma protagonista no processo de inclus\u00e3o, uma verdadeira vitrine onde se desenvolvem aspectos cognitivos, interpessoais e de comunica\u00e7\u00e3o\u201d.<\/p>\n\n\n\n<div class=\"wp-block-image\"><figure class=\"aligncenter size-large is-resized\"><img decoding=\"async\" src=\"https:\/\/www.blogsoestado.com\/evandrojunior\/files\/2024\/10\/WhatsApp-Image-2024-10-29-at-09.13.37-1024x682.jpeg\" alt=\"\" class=\"wp-image-13435\" width=\"555\" height=\"369\"\/><figcaption><strong>Grupo de Teatro que garantiu o primeiro lugar da modalidade para a Apae de S\u00e3o Lu\u00eds<\/strong><\/figcaption><\/figure><\/div>\n\n\n\n<p>A cerim\u00f4nia tamb\u00e9m contou com uma apresenta\u00e7\u00e3o especial do Boi Mimoso da APAE de S\u00e3o Lu\u00eds, que encantou a todos com suas toadas repletas de mensagens de amizade e uni\u00e3o.<\/p>\n\n\n\n<p>No segundo dia iniciaram-se as competi\u00e7\u00f5es e a APAE de S\u00e3o Lu\u00eds j\u00e1 se destacou. Na modalidade teatro, a institui\u00e7\u00e3o apresentou a pe\u00e7a &#8220;90 Segundos para o Fim do Mundo&#8221;, abordando a a\u00e7\u00e3o humana na natureza e as possibilidades de salva\u00e7\u00e3o, recebendo elogios pela profundidade e execu\u00e7\u00e3o da performance. <\/p>\n\n\n\n<div class=\"wp-block-image\"><figure class=\"aligncenter size-large is-resized\"><img decoding=\"async\" src=\"https:\/\/www.blogsoestado.com\/evandrojunior\/files\/2024\/10\/WhatsApp-Image-2024-10-29-at-09.13.38-1024x682.jpeg\" alt=\"\" class=\"wp-image-13436\" width=\"531\" height=\"354\"\/><figcaption><strong>Apresenta\u00e7\u00e3o da Apae de S\u00e3o Lu\u00eds na modalidade &#8216;M\u00fasica&#8217;, destacando o reggae<\/strong><\/figcaption><\/figure><\/div>\n\n\n\n<p><strong>Bumba meu boi<\/strong><\/p>\n\n\n\n<p>Na sequ\u00eancia, o grupo de dan\u00e7a popular da institui\u00e7\u00e3o deu um show ao apresentar ritmos do bumba meu boi, seguido pela avalia\u00e7\u00e3o de obras de arte visuais, onde a APAE de S\u00e3o Lu\u00eds concorreu com tr\u00eas telas produzidas pelos alunos do CAEE Eney Santana.<\/p>\n\n\n\n<p>O destaque foi coroado com a vit\u00f3ria em mais tr\u00eas categorias: teatro, dan\u00e7a popular e artes visuais, garantindo vagas para a etapa nacional do Festival Nossa Arte, que acontecer\u00e1 no Rio de Janeiro entre 9 e 12 de dezembro.<\/p>\n\n\n\n<p>No terceiro dia, o evento continuou com a apresenta\u00e7\u00e3o da modalidade de artes liter\u00e1rias, em que o poeta e aluno Marcos Ant\u00f4nio emocionou o p\u00fablico com a leitura de um dos poemas de seu livro. &#8220;A mensagem \u00e9 o mais importante,&#8221; disse Marcos ao compartilhar sua expectativa sobre a competi\u00e7\u00e3o. <\/p>\n\n\n\n<p>Em seguida, a apresenta\u00e7\u00e3o de dan\u00e7a contempor\u00e2nea homenageou o rock, com uma performance inspirada na ic\u00f4nica banda Queen. Fechando as competi\u00e7\u00f5es, a APAE de S\u00e3o Lu\u00eds trouxe o reggae para o palco, representando S\u00e3o Lu\u00eds, a capital brasileira desse ritmo.<\/p>\n\n\n\n<p>O resultado foi mais uma vit\u00f3ria para a APAE de S\u00e3o Lu\u00eds, que conquistou o primeiro lugar nas categorias de artes liter\u00e1rias e dan\u00e7a contempor\u00e2nea. Embora a categoria de m\u00fasica tenha ficado com a APAE de Pinheiro, o sentimento de vit\u00f3ria foi compartilhado, pois ambasinstitui\u00e7\u00f5es representar\u00e3o o Maranh\u00e3o no Festival Nacional.<\/p>\n\n\n\n<p><strong>Orgulho<\/strong><\/p>\n\n\n\n<p>Eliseth Sarges, coordenadora do CAEE Eney Santana, expressou seu orgulho. &#8220;V\u00ea-los se apresentando dessa forma \u00e9 a resposta de todo o trabalho que realizamos. Nossos alunos deram um verdadeiro show, mostrando que todo o esfor\u00e7o valeu a pena&#8221; disse emocionada.<\/p>\n\n\n\n<p>Com um total de cinco vit\u00f3rias em seis modalidades, a APAE de S\u00e3o Lu\u00eds se prepara para o grande desafio no Rio de Janeiro. A participa\u00e7\u00e3o no Festival Nacional ser\u00e1 mais uma oportunidade para destacar os talentos art\u00edsticos e a import\u00e2ncia da inclus\u00e3o por meio da cultura, consolidando o protagonismo das pessoas com defici\u00eancia no cen\u00e1rio art\u00edstico.<\/p>\n","protected":false},"excerpt":{"rendered":"<p>S\u00c3O LU\u00cdS &#8211; A APAE de S\u00e3o Lu\u00eds brilhou na edi\u00e7\u00e3o estadual do XI Festival Nossa Arte, evento que celebra [&hellip;]<\/p>\n","protected":false},"author":4,"featured_media":0,"comment_status":"open","ping_status":"open","sticky":false,"template":"","format":"standard","meta":{"site-sidebar-layout":"default","site-content-layout":"","ast-site-content-layout":"default","site-content-style":"default","site-sidebar-style":"default","ast-global-header-display":"","ast-banner-title-visibility":"","ast-main-header-display":"","ast-hfb-above-header-display":"","ast-hfb-below-header-display":"","ast-hfb-mobile-header-display":"","site-post-title":"","ast-breadcrumbs-content":"","ast-featured-img":"","footer-sml-layout":"","ast-disable-related-posts":"","theme-transparent-header-meta":"","adv-header-id-meta":"","stick-header-meta":"","header-above-stick-meta":"","header-main-stick-meta":"","header-below-stick-meta":"","astra-migrate-meta-layouts":"default","ast-page-background-enabled":"default","ast-page-background-meta":{"desktop":{"background-color":"var(--ast-global-color-5)","background-image":"","background-repeat":"repeat","background-position":"center center","background-size":"auto","background-attachment":"scroll","background-type":"","background-media":"","overlay-type":"","overlay-color":"","overlay-opacity":"","overlay-gradient":""},"tablet":{"background-color":"","background-image":"","background-repeat":"repeat","background-position":"center center","background-size":"auto","background-attachment":"scroll","background-type":"","background-media":"","overlay-type":"","overlay-color":"","overlay-opacity":"","overlay-gradient":""},"mobile":{"background-color":"","background-image":"","background-repeat":"repeat","background-position":"center center","background-size":"auto","background-attachment":"scroll","background-type":"","background-media":"","overlay-type":"","overlay-color":"","overlay-opacity":"","overlay-gradient":""}},"ast-content-background-meta":{"desktop":{"background-color":"var(--ast-global-color-4)","background-image":"","background-repeat":"repeat","background-position":"center center","background-size":"auto","background-attachment":"scroll","background-type":"","background-media":"","overlay-type":"","overlay-color":"","overlay-opacity":"","overlay-gradient":""},"tablet":{"background-color":"var(--ast-global-color-4)","background-image":"","background-repeat":"repeat","background-position":"center center","background-size":"auto","background-attachment":"scroll","background-type":"","background-media":"","overlay-type":"","overlay-color":"","overlay-opacity":"","overlay-gradient":""},"mobile":{"background-color":"var(--ast-global-color-4)","background-image":"","background-repeat":"repeat","background-position":"center center","background-size":"auto","background-attachment":"scroll","background-type":"","background-media":"","overlay-type":"","overlay-color":"","overlay-opacity":"","overlay-gradient":""}},"footnotes":""},"categories":[1],"tags":[],"class_list":["post-13433","post","type-post","status-publish","format-standard","hentry","category-sem-categoria"],"yoast_head":"<!-- This site is optimized with the Yoast SEO plugin v26.6 - https:\/\/yoast.com\/wordpress\/plugins\/seo\/ -->\n<title>APAE de S\u00e3o Lu\u00eds conquista cinco categorias em festival - Evandro Junior<\/title>\n<meta name=\"robots\" content=\"index, follow, max-snippet:-1, max-image-preview:large, max-video-preview:-1\" \/>\n<link rel=\"canonical\" href=\"https:\/\/www.blogsoestado.com\/evandrojunior\/2024\/10\/29\/13433\/\" \/>\n<meta property=\"og:locale\" content=\"pt_BR\" \/>\n<meta property=\"og:type\" content=\"article\" \/>\n<meta property=\"og:title\" content=\"APAE de S\u00e3o Lu\u00eds conquista cinco categorias em festival - Evandro Junior\" \/>\n<meta property=\"og:description\" content=\"S\u00c3O LU\u00cdS &#8211; A APAE de S\u00e3o Lu\u00eds brilhou na edi\u00e7\u00e3o estadual do XI Festival Nossa Arte, evento que celebra [&hellip;]\" \/>\n<meta property=\"og:url\" content=\"https:\/\/www.blogsoestado.com\/evandrojunior\/2024\/10\/29\/13433\/\" \/>\n<meta property=\"og:site_name\" content=\"Evandro Junior\" \/>\n<meta property=\"article:published_time\" content=\"2024-10-29T12:19:36+00:00\" \/>\n<meta property=\"og:image\" content=\"https:\/\/www.blogsoestado.com\/evandrojunior\/files\/2024\/10\/WhatsApp-Image-2024-10-29-at-09.13.34-1024x682.jpeg\" \/>\n<meta name=\"author\" content=\"Evandro Junior\" \/>\n<meta name=\"twitter:card\" content=\"summary_large_image\" \/>\n<meta name=\"twitter:label1\" content=\"Escrito por\" \/>\n\t<meta name=\"twitter:data1\" content=\"Evandro Junior\" \/>\n\t<meta name=\"twitter:label2\" content=\"Est. tempo de leitura\" \/>\n\t<meta name=\"twitter:data2\" content=\"4 minutos\" \/>\n<script type=\"application\/ld+json\" class=\"yoast-schema-graph\">{\"@context\":\"https:\/\/schema.org\",\"@graph\":[{\"@type\":\"WebPage\",\"@id\":\"https:\/\/www.blogsoestado.com\/evandrojunior\/2024\/10\/29\/13433\/\",\"url\":\"https:\/\/www.blogsoestado.com\/evandrojunior\/2024\/10\/29\/13433\/\",\"name\":\"APAE de S\u00e3o Lu\u00eds conquista cinco categorias em festival - Evandro Junior\",\"isPartOf\":{\"@id\":\"https:\/\/www.blogsoestado.com\/evandrojunior\/#website\"},\"primaryImageOfPage\":{\"@id\":\"https:\/\/www.blogsoestado.com\/evandrojunior\/2024\/10\/29\/13433\/#primaryimage\"},\"image\":{\"@id\":\"https:\/\/www.blogsoestado.com\/evandrojunior\/2024\/10\/29\/13433\/#primaryimage\"},\"thumbnailUrl\":\"https:\/\/www.blogsoestado.com\/evandrojunior\/files\/2024\/10\/WhatsApp-Image-2024-10-29-at-09.13.34-1024x682.jpeg\",\"datePublished\":\"2024-10-29T12:19:36+00:00\",\"author\":{\"@id\":\"https:\/\/www.blogsoestado.com\/evandrojunior\/#\/schema\/person\/3e6c3d8dbb740d1c6878ebc935cfb3be\"},\"breadcrumb\":{\"@id\":\"https:\/\/www.blogsoestado.com\/evandrojunior\/2024\/10\/29\/13433\/#breadcrumb\"},\"inLanguage\":\"pt-BR\",\"potentialAction\":[{\"@type\":\"ReadAction\",\"target\":[\"https:\/\/www.blogsoestado.com\/evandrojunior\/2024\/10\/29\/13433\/\"]}]},{\"@type\":\"ImageObject\",\"inLanguage\":\"pt-BR\",\"@id\":\"https:\/\/www.blogsoestado.com\/evandrojunior\/2024\/10\/29\/13433\/#primaryimage\",\"url\":\"https:\/\/www.blogsoestado.com\/evandrojunior\/files\/2024\/10\/WhatsApp-Image-2024-10-29-at-09.13.34-1024x682.jpeg\",\"contentUrl\":\"https:\/\/www.blogsoestado.com\/evandrojunior\/files\/2024\/10\/WhatsApp-Image-2024-10-29-at-09.13.34-1024x682.jpeg\"},{\"@type\":\"BreadcrumbList\",\"@id\":\"https:\/\/www.blogsoestado.com\/evandrojunior\/2024\/10\/29\/13433\/#breadcrumb\",\"itemListElement\":[{\"@type\":\"ListItem\",\"position\":1,\"name\":\"In\u00edcio\",\"item\":\"https:\/\/www.blogsoestado.com\/evandrojunior\/\"},{\"@type\":\"ListItem\",\"position\":2,\"name\":\"APAE de S\u00e3o Lu\u00eds conquista cinco categorias em festival\"}]},{\"@type\":\"WebSite\",\"@id\":\"https:\/\/www.blogsoestado.com\/evandrojunior\/#website\",\"url\":\"https:\/\/www.blogsoestado.com\/evandrojunior\/\",\"name\":\"Evandro Junior\",\"description\":\"\",\"potentialAction\":[{\"@type\":\"SearchAction\",\"target\":{\"@type\":\"EntryPoint\",\"urlTemplate\":\"https:\/\/www.blogsoestado.com\/evandrojunior\/?s={search_term_string}\"},\"query-input\":{\"@type\":\"PropertyValueSpecification\",\"valueRequired\":true,\"valueName\":\"search_term_string\"}}],\"inLanguage\":\"pt-BR\"},{\"@type\":\"Person\",\"@id\":\"https:\/\/www.blogsoestado.com\/evandrojunior\/#\/schema\/person\/3e6c3d8dbb740d1c6878ebc935cfb3be\",\"name\":\"Evandro Junior\",\"image\":{\"@type\":\"ImageObject\",\"inLanguage\":\"pt-BR\",\"@id\":\"https:\/\/www.blogsoestado.com\/evandrojunior\/#\/schema\/person\/image\/\",\"url\":\"https:\/\/secure.gravatar.com\/avatar\/f80a03a2294a580cd2318bfb459bf354cfa8be661ef3d95b542cf9a04af8d129?s=96&d=mm&r=g\",\"contentUrl\":\"https:\/\/secure.gravatar.com\/avatar\/f80a03a2294a580cd2318bfb459bf354cfa8be661ef3d95b542cf9a04af8d129?s=96&d=mm&r=g\",\"caption\":\"Evandro Junior\"},\"url\":\"https:\/\/www.blogsoestado.com\/evandrojunior\/author\/evandrojunior\/\"}]}<\/script>\n<!-- \/ Yoast SEO plugin. -->","yoast_head_json":{"title":"APAE de S\u00e3o Lu\u00eds conquista cinco categorias em festival - Evandro Junior","robots":{"index":"index","follow":"follow","max-snippet":"max-snippet:-1","max-image-preview":"max-image-preview:large","max-video-preview":"max-video-preview:-1"},"canonical":"https:\/\/www.blogsoestado.com\/evandrojunior\/2024\/10\/29\/13433\/","og_locale":"pt_BR","og_type":"article","og_title":"APAE de S\u00e3o Lu\u00eds conquista cinco categorias em festival - Evandro Junior","og_description":"S\u00c3O LU\u00cdS &#8211; A APAE de S\u00e3o Lu\u00eds brilhou na edi\u00e7\u00e3o estadual do XI Festival Nossa Arte, evento que celebra [&hellip;]","og_url":"https:\/\/www.blogsoestado.com\/evandrojunior\/2024\/10\/29\/13433\/","og_site_name":"Evandro Junior","article_published_time":"2024-10-29T12:19:36+00:00","og_image":[{"url":"https:\/\/www.blogsoestado.com\/evandrojunior\/files\/2024\/10\/WhatsApp-Image-2024-10-29-at-09.13.34-1024x682.jpeg","type":"","width":"","height":""}],"author":"Evandro Junior","twitter_card":"summary_large_image","twitter_misc":{"Escrito por":"Evandro Junior","Est. tempo de leitura":"4 minutos"},"schema":{"@context":"https:\/\/schema.org","@graph":[{"@type":"WebPage","@id":"https:\/\/www.blogsoestado.com\/evandrojunior\/2024\/10\/29\/13433\/","url":"https:\/\/www.blogsoestado.com\/evandrojunior\/2024\/10\/29\/13433\/","name":"APAE de S\u00e3o Lu\u00eds conquista cinco categorias em festival - Evandro Junior","isPartOf":{"@id":"https:\/\/www.blogsoestado.com\/evandrojunior\/#website"},"primaryImageOfPage":{"@id":"https:\/\/www.blogsoestado.com\/evandrojunior\/2024\/10\/29\/13433\/#primaryimage"},"image":{"@id":"https:\/\/www.blogsoestado.com\/evandrojunior\/2024\/10\/29\/13433\/#primaryimage"},"thumbnailUrl":"https:\/\/www.blogsoestado.com\/evandrojunior\/files\/2024\/10\/WhatsApp-Image-2024-10-29-at-09.13.34-1024x682.jpeg","datePublished":"2024-10-29T12:19:36+00:00","author":{"@id":"https:\/\/www.blogsoestado.com\/evandrojunior\/#\/schema\/person\/3e6c3d8dbb740d1c6878ebc935cfb3be"},"breadcrumb":{"@id":"https:\/\/www.blogsoestado.com\/evandrojunior\/2024\/10\/29\/13433\/#breadcrumb"},"inLanguage":"pt-BR","potentialAction":[{"@type":"ReadAction","target":["https:\/\/www.blogsoestado.com\/evandrojunior\/2024\/10\/29\/13433\/"]}]},{"@type":"ImageObject","inLanguage":"pt-BR","@id":"https:\/\/www.blogsoestado.com\/evandrojunior\/2024\/10\/29\/13433\/#primaryimage","url":"https:\/\/www.blogsoestado.com\/evandrojunior\/files\/2024\/10\/WhatsApp-Image-2024-10-29-at-09.13.34-1024x682.jpeg","contentUrl":"https:\/\/www.blogsoestado.com\/evandrojunior\/files\/2024\/10\/WhatsApp-Image-2024-10-29-at-09.13.34-1024x682.jpeg"},{"@type":"BreadcrumbList","@id":"https:\/\/www.blogsoestado.com\/evandrojunior\/2024\/10\/29\/13433\/#breadcrumb","itemListElement":[{"@type":"ListItem","position":1,"name":"In\u00edcio","item":"https:\/\/www.blogsoestado.com\/evandrojunior\/"},{"@type":"ListItem","position":2,"name":"APAE de S\u00e3o Lu\u00eds conquista cinco categorias em festival"}]},{"@type":"WebSite","@id":"https:\/\/www.blogsoestado.com\/evandrojunior\/#website","url":"https:\/\/www.blogsoestado.com\/evandrojunior\/","name":"Evandro Junior","description":"","potentialAction":[{"@type":"SearchAction","target":{"@type":"EntryPoint","urlTemplate":"https:\/\/www.blogsoestado.com\/evandrojunior\/?s={search_term_string}"},"query-input":{"@type":"PropertyValueSpecification","valueRequired":true,"valueName":"search_term_string"}}],"inLanguage":"pt-BR"},{"@type":"Person","@id":"https:\/\/www.blogsoestado.com\/evandrojunior\/#\/schema\/person\/3e6c3d8dbb740d1c6878ebc935cfb3be","name":"Evandro Junior","image":{"@type":"ImageObject","inLanguage":"pt-BR","@id":"https:\/\/www.blogsoestado.com\/evandrojunior\/#\/schema\/person\/image\/","url":"https:\/\/secure.gravatar.com\/avatar\/f80a03a2294a580cd2318bfb459bf354cfa8be661ef3d95b542cf9a04af8d129?s=96&d=mm&r=g","contentUrl":"https:\/\/secure.gravatar.com\/avatar\/f80a03a2294a580cd2318bfb459bf354cfa8be661ef3d95b542cf9a04af8d129?s=96&d=mm&r=g","caption":"Evandro Junior"},"url":"https:\/\/www.blogsoestado.com\/evandrojunior\/author\/evandrojunior\/"}]}},"jetpack_featured_media_url":"","_links":{"self":[{"href":"https:\/\/www.blogsoestado.com\/evandrojunior\/wp-json\/wp\/v2\/posts\/13433","targetHints":{"allow":["GET"]}}],"collection":[{"href":"https:\/\/www.blogsoestado.com\/evandrojunior\/wp-json\/wp\/v2\/posts"}],"about":[{"href":"https:\/\/www.blogsoestado.com\/evandrojunior\/wp-json\/wp\/v2\/types\/post"}],"author":[{"embeddable":true,"href":"https:\/\/www.blogsoestado.com\/evandrojunior\/wp-json\/wp\/v2\/users\/4"}],"replies":[{"embeddable":true,"href":"https:\/\/www.blogsoestado.com\/evandrojunior\/wp-json\/wp\/v2\/comments?post=13433"}],"version-history":[{"count":0,"href":"https:\/\/www.blogsoestado.com\/evandrojunior\/wp-json\/wp\/v2\/posts\/13433\/revisions"}],"wp:attachment":[{"href":"https:\/\/www.blogsoestado.com\/evandrojunior\/wp-json\/wp\/v2\/media?parent=13433"}],"wp:term":[{"taxonomy":"category","embeddable":true,"href":"https:\/\/www.blogsoestado.com\/evandrojunior\/wp-json\/wp\/v2\/categories?post=13433"},{"taxonomy":"post_tag","embeddable":true,"href":"https:\/\/www.blogsoestado.com\/evandrojunior\/wp-json\/wp\/v2\/tags?post=13433"}],"curies":[{"name":"wp","href":"https:\/\/api.w.org\/{rel}","templated":true}]}}