{"id":14090,"date":"2025-01-03T20:58:26","date_gmt":"2025-01-03T23:58:26","guid":{"rendered":"https:\/\/www.blogsoestado.com\/evandrojunior\/?p=14090"},"modified":"2025-01-03T20:58:26","modified_gmt":"2025-01-03T23:58:26","slug":"psicologa-da-idiagnostica-diz-que-saude-mental-e-assunto-que-deve-ser-tratado-o-ano-inteiro","status":"publish","type":"post","link":"https:\/\/www.blogsoestado.com\/evandrojunior\/2025\/01\/03\/psicologa-da-idiagnostica-diz-que-saude-mental-e-assunto-que-deve-ser-tratado-o-ano-inteiro\/","title":{"rendered":"Psic\u00f3loga da Idiagn\u00f3stica diz que sa\u00fade mental \u00e9 assunto que deve ser tratado o ano inteiro"},"content":{"rendered":"\n<div class=\"wp-block-image\"><figure class=\"aligncenter size-large is-resized\"><img fetchpriority=\"high\" decoding=\"async\" src=\"https:\/\/www.blogsoestado.com\/evandrojunior\/files\/2025\/01\/WhatsApp-Image-2025-01-03-at-20.18.15-683x1024.jpeg\" alt=\"\" class=\"wp-image-14097\" width=\"450\" height=\"675\"\/><figcaption><strong>Aline Oliveira \u00e9 psic\u00f3loga cl\u00ednica da Idiagn\u00f3stica com p\u00f3s-gradua\u00e7\u00e3o em Psicologia Hospitalar e mestranda em Psicologia Biopsicossocial <\/strong><\/figcaption><\/figure><\/div>\n\n\n\n<p><strong>S\u00c3O LU\u00cdS<\/strong> &#8211; &#8220;Al\u00e9m das a\u00e7\u00f5es neste m\u00eas de janeiro, \u00e9 preciso falar sobre sa\u00fade mental o ano inteiro, para instalar na sociedade uma cultura acerca dessa tem\u00e1tica, pois ainda h\u00e1 muito preconceito em rela\u00e7\u00e3o a pessoas que fazem terapia, com diagn\u00f3stico de transtorno mental, ou que fa\u00e7am tratamento medicamentoso&#8221;, frisa a psic\u00f3loga cl\u00ednica Aline Oliveira (CRP 22\/04363), do quadro de profissionais da Cl\u00ednica Idiagn\u00f3stica, com unidades no Centro e Cidade Oper\u00e1ria.<\/p>\n\n\n\n<p>Segundo a psic\u00f3loga, p\u00f3s-graduada em Psicologia Hospitalar e mestranda em Psicologia Biopsicossocial, o Janeiro Branco \u00e9 uma campanha que precisaria avan\u00e7ar para os demais meses do ano. &#8220;Quanto mais a sociedade tratar essa tem\u00e1tica com naturalidade, entendendo que n\u00e3o se pode escalonar o sofrimento dos outros pelas pr\u00f3prias experi\u00eancias, estar\u00e1 contribuindo para a redu\u00e7\u00e3o do preconceito e, assim, tornando-se mais acolhedora&#8221;, diz.<\/p>\n\n\n\n<p>Com a alta incid\u00eancia de problemas de sa\u00fade mental, o Janeiro Branco tem cada vez mais relev\u00e2ncia, de acordo com a psic\u00f3loga da Idiagn\u00f3stica. Ela afirma que s\u00e3o muitos os motivos que levam a um risco elevado de adoecimento psicol\u00f3gico nos dias atuais, tais como estabelecimento de rela\u00e7\u00f5es n\u00e3o saud\u00e1veis;\u00a0excesso de exposi\u00e7\u00e3o nas redes sociais; falta de rede de apoio, maior exposi\u00e7\u00e3o ao estresse; preocupa\u00e7\u00f5es relacionadas a dificuldades financeiras;\u00a0medo de adoecer ou perder entes queridos; sedentarismo, etc. <\/p>\n\n\n\n<p>Aline Oliveira destaca que a atividade f\u00edsica \u00e9 um dos pilares mais importantes tanto para tratamento de sa\u00fade mental abalada quanto preven\u00e7\u00e3o.  &#8220;Os pilares que precisamos dar muita aten\u00e7\u00e3o, al\u00e9m da atividade f\u00edsica: uma boa noite de sono; alimenta\u00e7\u00e3o equilibrada;  terapia e rede de apoio (social e\/ou familiar). As rela\u00e7\u00f5es familiares podem ser um gerador de estresse tamb\u00e9m, mas \u00e9 preciso avaliar cada caso&#8221;, diz.<\/p>\n\n\n\n<div class=\"wp-block-image\"><figure class=\"aligncenter size-large is-resized\"><img decoding=\"async\" src=\"https:\/\/www.blogsoestado.com\/evandrojunior\/files\/2025\/01\/WhatsApp-Image-2025-01-03-at-20.18.15-1-683x1024.jpeg\" alt=\"\" class=\"wp-image-14100\" width=\"470\" height=\"705\"\/><figcaption><strong>Aline Oliveira diz que o uso de redes sociais, induz a um aumento nas compara\u00e7\u00f5es diante do recorte de vida do outro<\/strong><\/figcaption><\/figure><\/div>\n\n\n\n<p>Ela aborda, ainda, a quest\u00e3o do uso excessivo de tecnologias por todas as faixas et\u00e1rias, algo que est\u00e1 deixando os indiv\u00edduos com baixa toler\u00e2ncia \u00e0 frustra\u00e7\u00e3o, sedentarismo, aumento ou diminui\u00e7\u00e3o de apetite, problemas de vis\u00e3o, ins\u00f4nia, irritabilidades, entre outros agravantes. <\/p>\n\n\n\n<p>&#8220;Al\u00e9m disso, afeta diretamente a aten\u00e7\u00e3o, concentra\u00e7\u00e3o, mem\u00f3ria, e aumenta a dificuldade de se manter focado em atividades mais demoradas. O uso de redes sociais, por exemplo, induz a um aumento nas compara\u00e7\u00f5es diante do recorte de vida do outro, pois se inicia um processo de autocobran\u00e7a, invalida\u00e7\u00e3o da pr\u00f3pria jornada, gerando sofrimento, ansiedade, estresse, busca por outros refor\u00e7adores imediatos, podendo levar, inclusive, a uma compuls\u00e3o por compras, tecnologias, sexo, exerc\u00edcio f\u00edsico, entre outras consequ\u00eancias&#8221;, explica a psic\u00f3loga.<\/p>\n\n\n\n<p><strong>Maior exposi\u00e7\u00e3o ao estresse<\/strong><\/p>\n\n\n\n<p>O estresse n\u00e3o \u00e9 uma doen\u00e7a, mas uma rea\u00e7\u00e3o natural do organismo a situa\u00e7\u00f5es imprevistas: brigas ou insatisfa\u00e7\u00f5es no trabalho, por exemplo. Por\u00e9m, quando ele se torna cr\u00f4nico ou intenso, pode causar problemas de sa\u00fade. <\/p>\n\n\n\n<p>Estudos comprovam que o estresse ativa o\u00a0eixo hipot\u00e1lamo-hip\u00f3fise-adrenal, respons\u00e1vel pela integra\u00e7\u00e3o dos sistemas nervoso e end\u00f3crino no corpo humano. Essa ativa\u00e7\u00e3o cont\u00ednua pode levar a uma inflama\u00e7\u00e3o sist\u00eamica de baixo grau: o problema ocorre quando o sistema imunol\u00f3gico est\u00e1 constantemente ativado, levando a uma resposta inflamat\u00f3ria prolongada e aumentando o risco, por exemplo, de doen\u00e7as cardiovasculares.<\/p>\n\n\n\n<p>Doen\u00e7as de pele, g\u00e1stricas e autoimunes, ins\u00f4nia, enfraquecimento do sistema imunol\u00f3gico e transtornos psiqui\u00e1tricos, como ansiedade, depress\u00e3o e s\u00edndrome do p\u00e2nico, s\u00e3o algumas das consequ\u00eancias que podem surgir.<\/p>\n\n\n\n<p>O Janeiro Branco surgiu por ser um m\u00eas em que, de forma simb\u00f3lica, as pessoas acabam utilizando para estabelecer metas e planejamentos, o que leva a uma maior reflex\u00e3o sobre suas vidas e sentimentos. \u00c9 um m\u00eas de recome\u00e7os.<\/p>\n\n\n\n<p>A cor representativa \u00e9 o branco, em refer\u00eancia a uma folha ou tela em branco, o que refor\u00e7a a possibilidade que sempre se busca de escrever ou reescrever hist\u00f3rias de vida.\u00a0<\/p>\n","protected":false},"excerpt":{"rendered":"<p>S\u00c3O LU\u00cdS &#8211; &#8220;Al\u00e9m das a\u00e7\u00f5es neste m\u00eas de janeiro, \u00e9 preciso falar sobre sa\u00fade mental o ano inteiro, para [&hellip;]<\/p>\n","protected":false},"author":4,"featured_media":0,"comment_status":"open","ping_status":"open","sticky":false,"template":"","format":"standard","meta":{"site-sidebar-layout":"default","site-content-layout":"","ast-site-content-layout":"default","site-content-style":"default","site-sidebar-style":"default","ast-global-header-display":"","ast-banner-title-visibility":"","ast-main-header-display":"","ast-hfb-above-header-display":"","ast-hfb-below-header-display":"","ast-hfb-mobile-header-display":"","site-post-title":"","ast-breadcrumbs-content":"","ast-featured-img":"","footer-sml-layout":"","ast-disable-related-posts":"","theme-transparent-header-meta":"","adv-header-id-meta":"","stick-header-meta":"","header-above-stick-meta":"","header-main-stick-meta":"","header-below-stick-meta":"","astra-migrate-meta-layouts":"default","ast-page-background-enabled":"default","ast-page-background-meta":{"desktop":{"background-color":"var(--ast-global-color-5)","background-image":"","background-repeat":"repeat","background-position":"center center","background-size":"auto","background-attachment":"scroll","background-type":"","background-media":"","overlay-type":"","overlay-color":"","overlay-opacity":"","overlay-gradient":""},"tablet":{"background-color":"","background-image":"","background-repeat":"repeat","background-position":"center center","background-size":"auto","background-attachment":"scroll","background-type":"","background-media":"","overlay-type":"","overlay-color":"","overlay-opacity":"","overlay-gradient":""},"mobile":{"background-color":"","background-image":"","background-repeat":"repeat","background-position":"center center","background-size":"auto","background-attachment":"scroll","background-type":"","background-media":"","overlay-type":"","overlay-color":"","overlay-opacity":"","overlay-gradient":""}},"ast-content-background-meta":{"desktop":{"background-color":"var(--ast-global-color-4)","background-image":"","background-repeat":"repeat","background-position":"center center","background-size":"auto","background-attachment":"scroll","background-type":"","background-media":"","overlay-type":"","overlay-color":"","overlay-opacity":"","overlay-gradient":""},"tablet":{"background-color":"var(--ast-global-color-4)","background-image":"","background-repeat":"repeat","background-position":"center center","background-size":"auto","background-attachment":"scroll","background-type":"","background-media":"","overlay-type":"","overlay-color":"","overlay-opacity":"","overlay-gradient":""},"mobile":{"background-color":"var(--ast-global-color-4)","background-image":"","background-repeat":"repeat","background-position":"center center","background-size":"auto","background-attachment":"scroll","background-type":"","background-media":"","overlay-type":"","overlay-color":"","overlay-opacity":"","overlay-gradient":""}},"footnotes":""},"categories":[1],"tags":[],"class_list":["post-14090","post","type-post","status-publish","format-standard","hentry","category-sem-categoria"],"yoast_head":"<!-- This site is optimized with the Yoast SEO plugin v26.6 - https:\/\/yoast.com\/wordpress\/plugins\/seo\/ -->\n<title>Psic\u00f3loga da Idiagn\u00f3stica diz que sa\u00fade mental \u00e9 assunto que deve ser tratado o ano inteiro - Evandro Junior<\/title>\n<meta name=\"robots\" content=\"index, follow, max-snippet:-1, max-image-preview:large, max-video-preview:-1\" \/>\n<link rel=\"canonical\" href=\"https:\/\/www.blogsoestado.com\/evandrojunior\/2025\/01\/03\/psicologa-da-idiagnostica-diz-que-saude-mental-e-assunto-que-deve-ser-tratado-o-ano-inteiro\/\" \/>\n<meta property=\"og:locale\" content=\"pt_BR\" \/>\n<meta property=\"og:type\" content=\"article\" \/>\n<meta property=\"og:title\" content=\"Psic\u00f3loga da Idiagn\u00f3stica diz que sa\u00fade mental \u00e9 assunto que deve ser tratado o ano inteiro - Evandro Junior\" \/>\n<meta property=\"og:description\" content=\"S\u00c3O LU\u00cdS &#8211; &#8220;Al\u00e9m das a\u00e7\u00f5es neste m\u00eas de janeiro, \u00e9 preciso falar sobre sa\u00fade mental o ano inteiro, para [&hellip;]\" \/>\n<meta property=\"og:url\" content=\"https:\/\/www.blogsoestado.com\/evandrojunior\/2025\/01\/03\/psicologa-da-idiagnostica-diz-que-saude-mental-e-assunto-que-deve-ser-tratado-o-ano-inteiro\/\" \/>\n<meta property=\"og:site_name\" content=\"Evandro Junior\" \/>\n<meta property=\"article:published_time\" content=\"2025-01-03T23:58:26+00:00\" \/>\n<meta property=\"og:image\" content=\"https:\/\/www.blogsoestado.com\/evandrojunior\/files\/2025\/01\/WhatsApp-Image-2025-01-03-at-20.18.15-683x1024.jpeg\" \/>\n<meta name=\"author\" content=\"Evandro Junior\" \/>\n<meta name=\"twitter:card\" content=\"summary_large_image\" \/>\n<meta name=\"twitter:label1\" content=\"Escrito por\" \/>\n\t<meta name=\"twitter:data1\" content=\"Evandro Junior\" \/>\n\t<meta name=\"twitter:label2\" content=\"Est. tempo de leitura\" \/>\n\t<meta name=\"twitter:data2\" content=\"4 minutos\" \/>\n<script type=\"application\/ld+json\" class=\"yoast-schema-graph\">{\"@context\":\"https:\/\/schema.org\",\"@graph\":[{\"@type\":\"WebPage\",\"@id\":\"https:\/\/www.blogsoestado.com\/evandrojunior\/2025\/01\/03\/psicologa-da-idiagnostica-diz-que-saude-mental-e-assunto-que-deve-ser-tratado-o-ano-inteiro\/\",\"url\":\"https:\/\/www.blogsoestado.com\/evandrojunior\/2025\/01\/03\/psicologa-da-idiagnostica-diz-que-saude-mental-e-assunto-que-deve-ser-tratado-o-ano-inteiro\/\",\"name\":\"Psic\u00f3loga da Idiagn\u00f3stica diz que sa\u00fade mental \u00e9 assunto que deve ser tratado o ano inteiro - Evandro Junior\",\"isPartOf\":{\"@id\":\"https:\/\/www.blogsoestado.com\/evandrojunior\/#website\"},\"primaryImageOfPage\":{\"@id\":\"https:\/\/www.blogsoestado.com\/evandrojunior\/2025\/01\/03\/psicologa-da-idiagnostica-diz-que-saude-mental-e-assunto-que-deve-ser-tratado-o-ano-inteiro\/#primaryimage\"},\"image\":{\"@id\":\"https:\/\/www.blogsoestado.com\/evandrojunior\/2025\/01\/03\/psicologa-da-idiagnostica-diz-que-saude-mental-e-assunto-que-deve-ser-tratado-o-ano-inteiro\/#primaryimage\"},\"thumbnailUrl\":\"https:\/\/www.blogsoestado.com\/evandrojunior\/files\/2025\/01\/WhatsApp-Image-2025-01-03-at-20.18.15-683x1024.jpeg\",\"datePublished\":\"2025-01-03T23:58:26+00:00\",\"author\":{\"@id\":\"https:\/\/www.blogsoestado.com\/evandrojunior\/#\/schema\/person\/3e6c3d8dbb740d1c6878ebc935cfb3be\"},\"breadcrumb\":{\"@id\":\"https:\/\/www.blogsoestado.com\/evandrojunior\/2025\/01\/03\/psicologa-da-idiagnostica-diz-que-saude-mental-e-assunto-que-deve-ser-tratado-o-ano-inteiro\/#breadcrumb\"},\"inLanguage\":\"pt-BR\",\"potentialAction\":[{\"@type\":\"ReadAction\",\"target\":[\"https:\/\/www.blogsoestado.com\/evandrojunior\/2025\/01\/03\/psicologa-da-idiagnostica-diz-que-saude-mental-e-assunto-que-deve-ser-tratado-o-ano-inteiro\/\"]}]},{\"@type\":\"ImageObject\",\"inLanguage\":\"pt-BR\",\"@id\":\"https:\/\/www.blogsoestado.com\/evandrojunior\/2025\/01\/03\/psicologa-da-idiagnostica-diz-que-saude-mental-e-assunto-que-deve-ser-tratado-o-ano-inteiro\/#primaryimage\",\"url\":\"https:\/\/www.blogsoestado.com\/evandrojunior\/files\/2025\/01\/WhatsApp-Image-2025-01-03-at-20.18.15-683x1024.jpeg\",\"contentUrl\":\"https:\/\/www.blogsoestado.com\/evandrojunior\/files\/2025\/01\/WhatsApp-Image-2025-01-03-at-20.18.15-683x1024.jpeg\"},{\"@type\":\"BreadcrumbList\",\"@id\":\"https:\/\/www.blogsoestado.com\/evandrojunior\/2025\/01\/03\/psicologa-da-idiagnostica-diz-que-saude-mental-e-assunto-que-deve-ser-tratado-o-ano-inteiro\/#breadcrumb\",\"itemListElement\":[{\"@type\":\"ListItem\",\"position\":1,\"name\":\"In\u00edcio\",\"item\":\"https:\/\/www.blogsoestado.com\/evandrojunior\/\"},{\"@type\":\"ListItem\",\"position\":2,\"name\":\"Psic\u00f3loga da Idiagn\u00f3stica diz que sa\u00fade mental \u00e9 assunto que deve ser tratado o ano inteiro\"}]},{\"@type\":\"WebSite\",\"@id\":\"https:\/\/www.blogsoestado.com\/evandrojunior\/#website\",\"url\":\"https:\/\/www.blogsoestado.com\/evandrojunior\/\",\"name\":\"Evandro Junior\",\"description\":\"\",\"potentialAction\":[{\"@type\":\"SearchAction\",\"target\":{\"@type\":\"EntryPoint\",\"urlTemplate\":\"https:\/\/www.blogsoestado.com\/evandrojunior\/?s={search_term_string}\"},\"query-input\":{\"@type\":\"PropertyValueSpecification\",\"valueRequired\":true,\"valueName\":\"search_term_string\"}}],\"inLanguage\":\"pt-BR\"},{\"@type\":\"Person\",\"@id\":\"https:\/\/www.blogsoestado.com\/evandrojunior\/#\/schema\/person\/3e6c3d8dbb740d1c6878ebc935cfb3be\",\"name\":\"Evandro Junior\",\"image\":{\"@type\":\"ImageObject\",\"inLanguage\":\"pt-BR\",\"@id\":\"https:\/\/www.blogsoestado.com\/evandrojunior\/#\/schema\/person\/image\/\",\"url\":\"https:\/\/secure.gravatar.com\/avatar\/f80a03a2294a580cd2318bfb459bf354cfa8be661ef3d95b542cf9a04af8d129?s=96&d=mm&r=g\",\"contentUrl\":\"https:\/\/secure.gravatar.com\/avatar\/f80a03a2294a580cd2318bfb459bf354cfa8be661ef3d95b542cf9a04af8d129?s=96&d=mm&r=g\",\"caption\":\"Evandro Junior\"},\"url\":\"https:\/\/www.blogsoestado.com\/evandrojunior\/author\/evandrojunior\/\"}]}<\/script>\n<!-- \/ Yoast SEO plugin. -->","yoast_head_json":{"title":"Psic\u00f3loga da Idiagn\u00f3stica diz que sa\u00fade mental \u00e9 assunto que deve ser tratado o ano inteiro - Evandro Junior","robots":{"index":"index","follow":"follow","max-snippet":"max-snippet:-1","max-image-preview":"max-image-preview:large","max-video-preview":"max-video-preview:-1"},"canonical":"https:\/\/www.blogsoestado.com\/evandrojunior\/2025\/01\/03\/psicologa-da-idiagnostica-diz-que-saude-mental-e-assunto-que-deve-ser-tratado-o-ano-inteiro\/","og_locale":"pt_BR","og_type":"article","og_title":"Psic\u00f3loga da Idiagn\u00f3stica diz que sa\u00fade mental \u00e9 assunto que deve ser tratado o ano inteiro - Evandro Junior","og_description":"S\u00c3O LU\u00cdS &#8211; &#8220;Al\u00e9m das a\u00e7\u00f5es neste m\u00eas de janeiro, \u00e9 preciso falar sobre sa\u00fade mental o ano inteiro, para [&hellip;]","og_url":"https:\/\/www.blogsoestado.com\/evandrojunior\/2025\/01\/03\/psicologa-da-idiagnostica-diz-que-saude-mental-e-assunto-que-deve-ser-tratado-o-ano-inteiro\/","og_site_name":"Evandro Junior","article_published_time":"2025-01-03T23:58:26+00:00","og_image":[{"url":"https:\/\/www.blogsoestado.com\/evandrojunior\/files\/2025\/01\/WhatsApp-Image-2025-01-03-at-20.18.15-683x1024.jpeg","type":"","width":"","height":""}],"author":"Evandro Junior","twitter_card":"summary_large_image","twitter_misc":{"Escrito por":"Evandro Junior","Est. tempo de leitura":"4 minutos"},"schema":{"@context":"https:\/\/schema.org","@graph":[{"@type":"WebPage","@id":"https:\/\/www.blogsoestado.com\/evandrojunior\/2025\/01\/03\/psicologa-da-idiagnostica-diz-que-saude-mental-e-assunto-que-deve-ser-tratado-o-ano-inteiro\/","url":"https:\/\/www.blogsoestado.com\/evandrojunior\/2025\/01\/03\/psicologa-da-idiagnostica-diz-que-saude-mental-e-assunto-que-deve-ser-tratado-o-ano-inteiro\/","name":"Psic\u00f3loga da Idiagn\u00f3stica diz que sa\u00fade mental \u00e9 assunto que deve ser tratado o ano inteiro - Evandro Junior","isPartOf":{"@id":"https:\/\/www.blogsoestado.com\/evandrojunior\/#website"},"primaryImageOfPage":{"@id":"https:\/\/www.blogsoestado.com\/evandrojunior\/2025\/01\/03\/psicologa-da-idiagnostica-diz-que-saude-mental-e-assunto-que-deve-ser-tratado-o-ano-inteiro\/#primaryimage"},"image":{"@id":"https:\/\/www.blogsoestado.com\/evandrojunior\/2025\/01\/03\/psicologa-da-idiagnostica-diz-que-saude-mental-e-assunto-que-deve-ser-tratado-o-ano-inteiro\/#primaryimage"},"thumbnailUrl":"https:\/\/www.blogsoestado.com\/evandrojunior\/files\/2025\/01\/WhatsApp-Image-2025-01-03-at-20.18.15-683x1024.jpeg","datePublished":"2025-01-03T23:58:26+00:00","author":{"@id":"https:\/\/www.blogsoestado.com\/evandrojunior\/#\/schema\/person\/3e6c3d8dbb740d1c6878ebc935cfb3be"},"breadcrumb":{"@id":"https:\/\/www.blogsoestado.com\/evandrojunior\/2025\/01\/03\/psicologa-da-idiagnostica-diz-que-saude-mental-e-assunto-que-deve-ser-tratado-o-ano-inteiro\/#breadcrumb"},"inLanguage":"pt-BR","potentialAction":[{"@type":"ReadAction","target":["https:\/\/www.blogsoestado.com\/evandrojunior\/2025\/01\/03\/psicologa-da-idiagnostica-diz-que-saude-mental-e-assunto-que-deve-ser-tratado-o-ano-inteiro\/"]}]},{"@type":"ImageObject","inLanguage":"pt-BR","@id":"https:\/\/www.blogsoestado.com\/evandrojunior\/2025\/01\/03\/psicologa-da-idiagnostica-diz-que-saude-mental-e-assunto-que-deve-ser-tratado-o-ano-inteiro\/#primaryimage","url":"https:\/\/www.blogsoestado.com\/evandrojunior\/files\/2025\/01\/WhatsApp-Image-2025-01-03-at-20.18.15-683x1024.jpeg","contentUrl":"https:\/\/www.blogsoestado.com\/evandrojunior\/files\/2025\/01\/WhatsApp-Image-2025-01-03-at-20.18.15-683x1024.jpeg"},{"@type":"BreadcrumbList","@id":"https:\/\/www.blogsoestado.com\/evandrojunior\/2025\/01\/03\/psicologa-da-idiagnostica-diz-que-saude-mental-e-assunto-que-deve-ser-tratado-o-ano-inteiro\/#breadcrumb","itemListElement":[{"@type":"ListItem","position":1,"name":"In\u00edcio","item":"https:\/\/www.blogsoestado.com\/evandrojunior\/"},{"@type":"ListItem","position":2,"name":"Psic\u00f3loga da Idiagn\u00f3stica diz que sa\u00fade mental \u00e9 assunto que deve ser tratado o ano inteiro"}]},{"@type":"WebSite","@id":"https:\/\/www.blogsoestado.com\/evandrojunior\/#website","url":"https:\/\/www.blogsoestado.com\/evandrojunior\/","name":"Evandro Junior","description":"","potentialAction":[{"@type":"SearchAction","target":{"@type":"EntryPoint","urlTemplate":"https:\/\/www.blogsoestado.com\/evandrojunior\/?s={search_term_string}"},"query-input":{"@type":"PropertyValueSpecification","valueRequired":true,"valueName":"search_term_string"}}],"inLanguage":"pt-BR"},{"@type":"Person","@id":"https:\/\/www.blogsoestado.com\/evandrojunior\/#\/schema\/person\/3e6c3d8dbb740d1c6878ebc935cfb3be","name":"Evandro Junior","image":{"@type":"ImageObject","inLanguage":"pt-BR","@id":"https:\/\/www.blogsoestado.com\/evandrojunior\/#\/schema\/person\/image\/","url":"https:\/\/secure.gravatar.com\/avatar\/f80a03a2294a580cd2318bfb459bf354cfa8be661ef3d95b542cf9a04af8d129?s=96&d=mm&r=g","contentUrl":"https:\/\/secure.gravatar.com\/avatar\/f80a03a2294a580cd2318bfb459bf354cfa8be661ef3d95b542cf9a04af8d129?s=96&d=mm&r=g","caption":"Evandro Junior"},"url":"https:\/\/www.blogsoestado.com\/evandrojunior\/author\/evandrojunior\/"}]}},"jetpack_featured_media_url":"","_links":{"self":[{"href":"https:\/\/www.blogsoestado.com\/evandrojunior\/wp-json\/wp\/v2\/posts\/14090","targetHints":{"allow":["GET"]}}],"collection":[{"href":"https:\/\/www.blogsoestado.com\/evandrojunior\/wp-json\/wp\/v2\/posts"}],"about":[{"href":"https:\/\/www.blogsoestado.com\/evandrojunior\/wp-json\/wp\/v2\/types\/post"}],"author":[{"embeddable":true,"href":"https:\/\/www.blogsoestado.com\/evandrojunior\/wp-json\/wp\/v2\/users\/4"}],"replies":[{"embeddable":true,"href":"https:\/\/www.blogsoestado.com\/evandrojunior\/wp-json\/wp\/v2\/comments?post=14090"}],"version-history":[{"count":0,"href":"https:\/\/www.blogsoestado.com\/evandrojunior\/wp-json\/wp\/v2\/posts\/14090\/revisions"}],"wp:attachment":[{"href":"https:\/\/www.blogsoestado.com\/evandrojunior\/wp-json\/wp\/v2\/media?parent=14090"}],"wp:term":[{"taxonomy":"category","embeddable":true,"href":"https:\/\/www.blogsoestado.com\/evandrojunior\/wp-json\/wp\/v2\/categories?post=14090"},{"taxonomy":"post_tag","embeddable":true,"href":"https:\/\/www.blogsoestado.com\/evandrojunior\/wp-json\/wp\/v2\/tags?post=14090"}],"curies":[{"name":"wp","href":"https:\/\/api.w.org\/{rel}","templated":true}]}}