{"id":14092,"date":"2025-01-03T20:16:01","date_gmt":"2025-01-03T23:16:01","guid":{"rendered":"https:\/\/www.blogsoestado.com\/evandrojunior\/?p=14092"},"modified":"2025-01-03T20:16:01","modified_gmt":"2025-01-03T23:16:01","slug":"bloquinho-rooftop-vai-agitar-sao-luis-em-clima-de-pre-carnaval","status":"publish","type":"post","link":"https:\/\/www.blogsoestado.com\/evandrojunior\/2025\/01\/03\/bloquinho-rooftop-vai-agitar-sao-luis-em-clima-de-pre-carnaval\/","title":{"rendered":"Bloquinho Rooftop vai agitar S\u00e3o Lu\u00eds em clima de pr\u00e9-Carnaval"},"content":{"rendered":"\n<div class=\"wp-block-image\"><figure class=\"aligncenter size-large is-resized\"><img fetchpriority=\"high\" decoding=\"async\" src=\"https:\/\/www.blogsoestado.com\/evandrojunior\/files\/2025\/01\/WhatsApp-Image-2025-01-03-at-19.56.12-1-576x1024.jpeg\" alt=\"\" class=\"wp-image-14093\" width=\"386\" height=\"685\"\/><\/figure><\/div>\n\n\n\n<p><strong>S\u00c3O LU\u00cdS<\/strong> &#8211; Samba de Reis, Argumento, Pep\u00ea J\u00fanior &amp; Gargamel (com o Ax\u00e9 90), al\u00e9m do DJ The Paul, est\u00e3o escalados para o Bloquinho Rooftop, uma das festas em clima de pr\u00e9-Carnaval que v\u00e3o agitar a capital maranhense no m\u00eas de janeiro.<\/p>\n\n\n\n<p>O evento ser\u00e1 realizado no dia 11, com in\u00edcio \u00e0s 18h, na cobertura do edif\u00edcio Marcus Barbosa, na Avenida dos Holandeses, com uma vista a\u00e9rea bastante interessante para aquela regi\u00e3o da cidade. <\/p>\n\n\n\n<p>Os ingressos est\u00e3o \u00e0 venda na Bilheteria Digital e na loja Quarup do Tropical Shopping (Renascen\u00e7a II). A iniciativa \u00e9 da FDS Produtora. Mais informa\u00e7\u00f5es podem ser obtidas pelo telefone (98) 99235-2101. <\/p>\n","protected":false},"excerpt":{"rendered":"<p>S\u00c3O LU\u00cdS &#8211; Samba de Reis, Argumento, Pep\u00ea J\u00fanior &amp; Gargamel (com o Ax\u00e9 90), al\u00e9m do DJ The Paul, [&hellip;]<\/p>\n","protected":false},"author":4,"featured_media":0,"comment_status":"open","ping_status":"open","sticky":false,"template":"","format":"standard","meta":{"site-sidebar-layout":"default","site-content-layout":"","ast-site-content-layout":"default","site-content-style":"default","site-sidebar-style":"default","ast-global-header-display":"","ast-banner-title-visibility":"","ast-main-header-display":"","ast-hfb-above-header-display":"","ast-hfb-below-header-display":"","ast-hfb-mobile-header-display":"","site-post-title":"","ast-breadcrumbs-content":"","ast-featured-img":"","footer-sml-layout":"","ast-disable-related-posts":"","theme-transparent-header-meta":"","adv-header-id-meta":"","stick-header-meta":"","header-above-stick-meta":"","header-main-stick-meta":"","header-below-stick-meta":"","astra-migrate-meta-layouts":"default","ast-page-background-enabled":"default","ast-page-background-meta":{"desktop":{"background-color":"var(--ast-global-color-5)","background-image":"","background-repeat":"repeat","background-position":"center center","background-size":"auto","background-attachment":"scroll","background-type":"","background-media":"","overlay-type":"","overlay-color":"","overlay-opacity":"","overlay-gradient":""},"tablet":{"background-color":"","background-image":"","background-repeat":"repeat","background-position":"center center","background-size":"auto","background-attachment":"scroll","background-type":"","background-media":"","overlay-type":"","overlay-color":"","overlay-opacity":"","overlay-gradient":""},"mobile":{"background-color":"","background-image":"","background-repeat":"repeat","background-position":"center center","background-size":"auto","background-attachment":"scroll","background-type":"","background-media":"","overlay-type":"","overlay-color":"","overlay-opacity":"","overlay-gradient":""}},"ast-content-background-meta":{"desktop":{"background-color":"var(--ast-global-color-4)","background-image":"","background-repeat":"repeat","background-position":"center center","background-size":"auto","background-attachment":"scroll","background-type":"","background-media":"","overlay-type":"","overlay-color":"","overlay-opacity":"","overlay-gradient":""},"tablet":{"background-color":"var(--ast-global-color-4)","background-image":"","background-repeat":"repeat","background-position":"center center","background-size":"auto","background-attachment":"scroll","background-type":"","background-media":"","overlay-type":"","overlay-color":"","overlay-opacity":"","overlay-gradient":""},"mobile":{"background-color":"var(--ast-global-color-4)","background-image":"","background-repeat":"repeat","background-position":"center center","background-size":"auto","background-attachment":"scroll","background-type":"","background-media":"","overlay-type":"","overlay-color":"","overlay-opacity":"","overlay-gradient":""}},"footnotes":""},"categories":[1],"tags":[],"class_list":["post-14092","post","type-post","status-publish","format-standard","hentry","category-sem-categoria"],"yoast_head":"<!-- This site is optimized with the Yoast SEO plugin v26.6 - https:\/\/yoast.com\/wordpress\/plugins\/seo\/ -->\n<title>Bloquinho Rooftop vai agitar S\u00e3o Lu\u00eds em clima de pr\u00e9-Carnaval - Evandro Junior<\/title>\n<meta name=\"robots\" content=\"index, follow, max-snippet:-1, max-image-preview:large, max-video-preview:-1\" \/>\n<link rel=\"canonical\" href=\"https:\/\/www.blogsoestado.com\/evandrojunior\/2025\/01\/03\/bloquinho-rooftop-vai-agitar-sao-luis-em-clima-de-pre-carnaval\/\" \/>\n<meta property=\"og:locale\" content=\"pt_BR\" \/>\n<meta property=\"og:type\" content=\"article\" \/>\n<meta property=\"og:title\" content=\"Bloquinho Rooftop vai agitar S\u00e3o Lu\u00eds em clima de pr\u00e9-Carnaval - Evandro Junior\" \/>\n<meta property=\"og:description\" content=\"S\u00c3O LU\u00cdS &#8211; Samba de Reis, Argumento, Pep\u00ea J\u00fanior &amp; Gargamel (com o Ax\u00e9 90), al\u00e9m do DJ The Paul, [&hellip;]\" \/>\n<meta property=\"og:url\" content=\"https:\/\/www.blogsoestado.com\/evandrojunior\/2025\/01\/03\/bloquinho-rooftop-vai-agitar-sao-luis-em-clima-de-pre-carnaval\/\" \/>\n<meta property=\"og:site_name\" content=\"Evandro Junior\" \/>\n<meta property=\"article:published_time\" content=\"2025-01-03T23:16:01+00:00\" \/>\n<meta property=\"og:image\" content=\"https:\/\/www.blogsoestado.com\/evandrojunior\/files\/2025\/01\/WhatsApp-Image-2025-01-03-at-19.56.12-1-576x1024.jpeg\" \/>\n<meta name=\"author\" content=\"Evandro Junior\" \/>\n<meta name=\"twitter:card\" content=\"summary_large_image\" \/>\n<meta name=\"twitter:label1\" content=\"Escrito por\" \/>\n\t<meta name=\"twitter:data1\" content=\"Evandro Junior\" \/>\n\t<meta name=\"twitter:label2\" content=\"Est. tempo de leitura\" \/>\n\t<meta name=\"twitter:data2\" content=\"1 minuto\" \/>\n<script type=\"application\/ld+json\" class=\"yoast-schema-graph\">{\"@context\":\"https:\/\/schema.org\",\"@graph\":[{\"@type\":\"WebPage\",\"@id\":\"https:\/\/www.blogsoestado.com\/evandrojunior\/2025\/01\/03\/bloquinho-rooftop-vai-agitar-sao-luis-em-clima-de-pre-carnaval\/\",\"url\":\"https:\/\/www.blogsoestado.com\/evandrojunior\/2025\/01\/03\/bloquinho-rooftop-vai-agitar-sao-luis-em-clima-de-pre-carnaval\/\",\"name\":\"Bloquinho Rooftop vai agitar S\u00e3o Lu\u00eds em clima de pr\u00e9-Carnaval - Evandro Junior\",\"isPartOf\":{\"@id\":\"https:\/\/www.blogsoestado.com\/evandrojunior\/#website\"},\"primaryImageOfPage\":{\"@id\":\"https:\/\/www.blogsoestado.com\/evandrojunior\/2025\/01\/03\/bloquinho-rooftop-vai-agitar-sao-luis-em-clima-de-pre-carnaval\/#primaryimage\"},\"image\":{\"@id\":\"https:\/\/www.blogsoestado.com\/evandrojunior\/2025\/01\/03\/bloquinho-rooftop-vai-agitar-sao-luis-em-clima-de-pre-carnaval\/#primaryimage\"},\"thumbnailUrl\":\"https:\/\/www.blogsoestado.com\/evandrojunior\/files\/2025\/01\/WhatsApp-Image-2025-01-03-at-19.56.12-1-576x1024.jpeg\",\"datePublished\":\"2025-01-03T23:16:01+00:00\",\"author\":{\"@id\":\"https:\/\/www.blogsoestado.com\/evandrojunior\/#\/schema\/person\/3e6c3d8dbb740d1c6878ebc935cfb3be\"},\"breadcrumb\":{\"@id\":\"https:\/\/www.blogsoestado.com\/evandrojunior\/2025\/01\/03\/bloquinho-rooftop-vai-agitar-sao-luis-em-clima-de-pre-carnaval\/#breadcrumb\"},\"inLanguage\":\"pt-BR\",\"potentialAction\":[{\"@type\":\"ReadAction\",\"target\":[\"https:\/\/www.blogsoestado.com\/evandrojunior\/2025\/01\/03\/bloquinho-rooftop-vai-agitar-sao-luis-em-clima-de-pre-carnaval\/\"]}]},{\"@type\":\"ImageObject\",\"inLanguage\":\"pt-BR\",\"@id\":\"https:\/\/www.blogsoestado.com\/evandrojunior\/2025\/01\/03\/bloquinho-rooftop-vai-agitar-sao-luis-em-clima-de-pre-carnaval\/#primaryimage\",\"url\":\"https:\/\/www.blogsoestado.com\/evandrojunior\/files\/2025\/01\/WhatsApp-Image-2025-01-03-at-19.56.12-1-576x1024.jpeg\",\"contentUrl\":\"https:\/\/www.blogsoestado.com\/evandrojunior\/files\/2025\/01\/WhatsApp-Image-2025-01-03-at-19.56.12-1-576x1024.jpeg\"},{\"@type\":\"BreadcrumbList\",\"@id\":\"https:\/\/www.blogsoestado.com\/evandrojunior\/2025\/01\/03\/bloquinho-rooftop-vai-agitar-sao-luis-em-clima-de-pre-carnaval\/#breadcrumb\",\"itemListElement\":[{\"@type\":\"ListItem\",\"position\":1,\"name\":\"In\u00edcio\",\"item\":\"https:\/\/www.blogsoestado.com\/evandrojunior\/\"},{\"@type\":\"ListItem\",\"position\":2,\"name\":\"Bloquinho Rooftop vai agitar S\u00e3o Lu\u00eds em clima de pr\u00e9-Carnaval\"}]},{\"@type\":\"WebSite\",\"@id\":\"https:\/\/www.blogsoestado.com\/evandrojunior\/#website\",\"url\":\"https:\/\/www.blogsoestado.com\/evandrojunior\/\",\"name\":\"Evandro Junior\",\"description\":\"\",\"potentialAction\":[{\"@type\":\"SearchAction\",\"target\":{\"@type\":\"EntryPoint\",\"urlTemplate\":\"https:\/\/www.blogsoestado.com\/evandrojunior\/?s={search_term_string}\"},\"query-input\":{\"@type\":\"PropertyValueSpecification\",\"valueRequired\":true,\"valueName\":\"search_term_string\"}}],\"inLanguage\":\"pt-BR\"},{\"@type\":\"Person\",\"@id\":\"https:\/\/www.blogsoestado.com\/evandrojunior\/#\/schema\/person\/3e6c3d8dbb740d1c6878ebc935cfb3be\",\"name\":\"Evandro Junior\",\"image\":{\"@type\":\"ImageObject\",\"inLanguage\":\"pt-BR\",\"@id\":\"https:\/\/www.blogsoestado.com\/evandrojunior\/#\/schema\/person\/image\/\",\"url\":\"https:\/\/secure.gravatar.com\/avatar\/f80a03a2294a580cd2318bfb459bf354cfa8be661ef3d95b542cf9a04af8d129?s=96&d=mm&r=g\",\"contentUrl\":\"https:\/\/secure.gravatar.com\/avatar\/f80a03a2294a580cd2318bfb459bf354cfa8be661ef3d95b542cf9a04af8d129?s=96&d=mm&r=g\",\"caption\":\"Evandro Junior\"},\"url\":\"https:\/\/www.blogsoestado.com\/evandrojunior\/author\/evandrojunior\/\"}]}<\/script>\n<!-- \/ Yoast SEO plugin. -->","yoast_head_json":{"title":"Bloquinho Rooftop vai agitar S\u00e3o Lu\u00eds em clima de pr\u00e9-Carnaval - Evandro Junior","robots":{"index":"index","follow":"follow","max-snippet":"max-snippet:-1","max-image-preview":"max-image-preview:large","max-video-preview":"max-video-preview:-1"},"canonical":"https:\/\/www.blogsoestado.com\/evandrojunior\/2025\/01\/03\/bloquinho-rooftop-vai-agitar-sao-luis-em-clima-de-pre-carnaval\/","og_locale":"pt_BR","og_type":"article","og_title":"Bloquinho Rooftop vai agitar S\u00e3o Lu\u00eds em clima de pr\u00e9-Carnaval - Evandro Junior","og_description":"S\u00c3O LU\u00cdS &#8211; Samba de Reis, Argumento, Pep\u00ea J\u00fanior &amp; Gargamel (com o Ax\u00e9 90), al\u00e9m do DJ The Paul, [&hellip;]","og_url":"https:\/\/www.blogsoestado.com\/evandrojunior\/2025\/01\/03\/bloquinho-rooftop-vai-agitar-sao-luis-em-clima-de-pre-carnaval\/","og_site_name":"Evandro Junior","article_published_time":"2025-01-03T23:16:01+00:00","og_image":[{"url":"https:\/\/www.blogsoestado.com\/evandrojunior\/files\/2025\/01\/WhatsApp-Image-2025-01-03-at-19.56.12-1-576x1024.jpeg","type":"","width":"","height":""}],"author":"Evandro Junior","twitter_card":"summary_large_image","twitter_misc":{"Escrito por":"Evandro Junior","Est. tempo de leitura":"1 minuto"},"schema":{"@context":"https:\/\/schema.org","@graph":[{"@type":"WebPage","@id":"https:\/\/www.blogsoestado.com\/evandrojunior\/2025\/01\/03\/bloquinho-rooftop-vai-agitar-sao-luis-em-clima-de-pre-carnaval\/","url":"https:\/\/www.blogsoestado.com\/evandrojunior\/2025\/01\/03\/bloquinho-rooftop-vai-agitar-sao-luis-em-clima-de-pre-carnaval\/","name":"Bloquinho Rooftop vai agitar S\u00e3o Lu\u00eds em clima de pr\u00e9-Carnaval - Evandro Junior","isPartOf":{"@id":"https:\/\/www.blogsoestado.com\/evandrojunior\/#website"},"primaryImageOfPage":{"@id":"https:\/\/www.blogsoestado.com\/evandrojunior\/2025\/01\/03\/bloquinho-rooftop-vai-agitar-sao-luis-em-clima-de-pre-carnaval\/#primaryimage"},"image":{"@id":"https:\/\/www.blogsoestado.com\/evandrojunior\/2025\/01\/03\/bloquinho-rooftop-vai-agitar-sao-luis-em-clima-de-pre-carnaval\/#primaryimage"},"thumbnailUrl":"https:\/\/www.blogsoestado.com\/evandrojunior\/files\/2025\/01\/WhatsApp-Image-2025-01-03-at-19.56.12-1-576x1024.jpeg","datePublished":"2025-01-03T23:16:01+00:00","author":{"@id":"https:\/\/www.blogsoestado.com\/evandrojunior\/#\/schema\/person\/3e6c3d8dbb740d1c6878ebc935cfb3be"},"breadcrumb":{"@id":"https:\/\/www.blogsoestado.com\/evandrojunior\/2025\/01\/03\/bloquinho-rooftop-vai-agitar-sao-luis-em-clima-de-pre-carnaval\/#breadcrumb"},"inLanguage":"pt-BR","potentialAction":[{"@type":"ReadAction","target":["https:\/\/www.blogsoestado.com\/evandrojunior\/2025\/01\/03\/bloquinho-rooftop-vai-agitar-sao-luis-em-clima-de-pre-carnaval\/"]}]},{"@type":"ImageObject","inLanguage":"pt-BR","@id":"https:\/\/www.blogsoestado.com\/evandrojunior\/2025\/01\/03\/bloquinho-rooftop-vai-agitar-sao-luis-em-clima-de-pre-carnaval\/#primaryimage","url":"https:\/\/www.blogsoestado.com\/evandrojunior\/files\/2025\/01\/WhatsApp-Image-2025-01-03-at-19.56.12-1-576x1024.jpeg","contentUrl":"https:\/\/www.blogsoestado.com\/evandrojunior\/files\/2025\/01\/WhatsApp-Image-2025-01-03-at-19.56.12-1-576x1024.jpeg"},{"@type":"BreadcrumbList","@id":"https:\/\/www.blogsoestado.com\/evandrojunior\/2025\/01\/03\/bloquinho-rooftop-vai-agitar-sao-luis-em-clima-de-pre-carnaval\/#breadcrumb","itemListElement":[{"@type":"ListItem","position":1,"name":"In\u00edcio","item":"https:\/\/www.blogsoestado.com\/evandrojunior\/"},{"@type":"ListItem","position":2,"name":"Bloquinho Rooftop vai agitar S\u00e3o Lu\u00eds em clima de pr\u00e9-Carnaval"}]},{"@type":"WebSite","@id":"https:\/\/www.blogsoestado.com\/evandrojunior\/#website","url":"https:\/\/www.blogsoestado.com\/evandrojunior\/","name":"Evandro Junior","description":"","potentialAction":[{"@type":"SearchAction","target":{"@type":"EntryPoint","urlTemplate":"https:\/\/www.blogsoestado.com\/evandrojunior\/?s={search_term_string}"},"query-input":{"@type":"PropertyValueSpecification","valueRequired":true,"valueName":"search_term_string"}}],"inLanguage":"pt-BR"},{"@type":"Person","@id":"https:\/\/www.blogsoestado.com\/evandrojunior\/#\/schema\/person\/3e6c3d8dbb740d1c6878ebc935cfb3be","name":"Evandro Junior","image":{"@type":"ImageObject","inLanguage":"pt-BR","@id":"https:\/\/www.blogsoestado.com\/evandrojunior\/#\/schema\/person\/image\/","url":"https:\/\/secure.gravatar.com\/avatar\/f80a03a2294a580cd2318bfb459bf354cfa8be661ef3d95b542cf9a04af8d129?s=96&d=mm&r=g","contentUrl":"https:\/\/secure.gravatar.com\/avatar\/f80a03a2294a580cd2318bfb459bf354cfa8be661ef3d95b542cf9a04af8d129?s=96&d=mm&r=g","caption":"Evandro Junior"},"url":"https:\/\/www.blogsoestado.com\/evandrojunior\/author\/evandrojunior\/"}]}},"jetpack_featured_media_url":"","_links":{"self":[{"href":"https:\/\/www.blogsoestado.com\/evandrojunior\/wp-json\/wp\/v2\/posts\/14092","targetHints":{"allow":["GET"]}}],"collection":[{"href":"https:\/\/www.blogsoestado.com\/evandrojunior\/wp-json\/wp\/v2\/posts"}],"about":[{"href":"https:\/\/www.blogsoestado.com\/evandrojunior\/wp-json\/wp\/v2\/types\/post"}],"author":[{"embeddable":true,"href":"https:\/\/www.blogsoestado.com\/evandrojunior\/wp-json\/wp\/v2\/users\/4"}],"replies":[{"embeddable":true,"href":"https:\/\/www.blogsoestado.com\/evandrojunior\/wp-json\/wp\/v2\/comments?post=14092"}],"version-history":[{"count":0,"href":"https:\/\/www.blogsoestado.com\/evandrojunior\/wp-json\/wp\/v2\/posts\/14092\/revisions"}],"wp:attachment":[{"href":"https:\/\/www.blogsoestado.com\/evandrojunior\/wp-json\/wp\/v2\/media?parent=14092"}],"wp:term":[{"taxonomy":"category","embeddable":true,"href":"https:\/\/www.blogsoestado.com\/evandrojunior\/wp-json\/wp\/v2\/categories?post=14092"},{"taxonomy":"post_tag","embeddable":true,"href":"https:\/\/www.blogsoestado.com\/evandrojunior\/wp-json\/wp\/v2\/tags?post=14092"}],"curies":[{"name":"wp","href":"https:\/\/api.w.org\/{rel}","templated":true}]}}