{"id":14108,"date":"2025-01-04T10:24:40","date_gmt":"2025-01-04T13:24:40","guid":{"rendered":"https:\/\/www.blogsoestado.com\/evandrojunior\/?p=14108"},"modified":"2025-01-04T10:24:40","modified_gmt":"2025-01-04T13:24:40","slug":"michele-andrade-encanta-publico-na-virada-do-ano-em-sao-luis","status":"publish","type":"post","link":"https:\/\/www.blogsoestado.com\/evandrojunior\/2025\/01\/04\/michele-andrade-encanta-publico-na-virada-do-ano-em-sao-luis\/","title":{"rendered":"Michele Andrade contagia p\u00fablico na virada do ano em S\u00e3o Lu\u00eds"},"content":{"rendered":"\n<div class=\"wp-block-image\"><figure class=\"aligncenter size-large is-resized\"><img fetchpriority=\"high\" decoding=\"async\" src=\"https:\/\/www.blogsoestado.com\/evandrojunior\/files\/2025\/01\/WhatsApp-Image-2025-01-04-at-10.20.24-683x1024.jpeg\" alt=\"\" class=\"wp-image-14109\" width=\"529\" height=\"793\"\/><figcaption><strong>Michele Andrade chega mais perto dos f\u00e3s durante apresenta\u00e7\u00e3o em S\u00e3o Lu\u00eds <\/strong><\/figcaption><\/figure><\/div>\n\n\n\n<p><strong>S\u00c3O LU\u00cdS<\/strong> &#8211; A passagem de ano em S\u00e3o Lu\u00eds teve um brilho especial com a apresenta\u00e7\u00e3o contagiante da cantora Michele Andrade. Organizada pelo governo municipal, a festa de R\u00e9veillon atraiu um p\u00fablico apaixonado, ansioso para celebrar a chegada de 2025.<\/p>\n\n\n\n<p>A artista, conhecida tamb\u00e9m como \u201cA Dona da Farra\u201d, tem atingido impressionantes n\u00fameros nas redes sociais. No Instagram, seus mais de 5,9 milh\u00f5es de seguidores contribuem para o sucesso e vitaliza\u00e7\u00e3o nos seus v\u00eddeos. Em 2024 entrou no TOP 10 artistas brasileiras do Tik tok e concorreu \u00e0 pr\u00eamia\u00e7\u00e3o na WME by Billboard Brasil.<\/p>\n\n\n\n<p>A artista, que ficou mundialmente conhecida como &#8220;a cantora que gira o microfone&#8221;, faz do seu show um verdadeiro espet\u00e1culo, capaz de unir gera\u00e7\u00f5es e encantar a plateia.<\/p>\n\n\n\n<p>\u201cFoi inesquec\u00edvel, S\u00e3o Lu\u00eds! J\u00e1 t\u00f4 com saudades e n\u00e3o vejo a hora de voltar\u201d, declarou Michele em suas redes sociais, refor\u00e7ando a conex\u00e3o especial que estabeleceu com o p\u00fablico local. Os f\u00e3s, por sua vez, n\u00e3o hesitaram em expressar seu entusiasmo. O seguidor Kaike Bezerra foi um dos que fez quest\u00e3o de elogiar a apresenta\u00e7\u00e3o: \u201cFoi \u00f3timo, Michele, voc\u00ea canta demais, amei o seu show\u201d.<\/p>\n\n\n\n<p>A festa de R\u00e9veillon n\u00e3o foi apenas uma celebra\u00e7\u00e3o; foi uma demonstra\u00e7\u00e3o do poder da m\u00fasica de unir as pessoas, e Michele Andrade, com seu charme e talento, certamente deixou sua marca em S\u00e3o Lu\u00eds, prometendo um retorno emocionante em breve.<\/p>\n","protected":false},"excerpt":{"rendered":"<p>S\u00c3O LU\u00cdS &#8211; A passagem de ano em S\u00e3o Lu\u00eds teve um brilho especial com a apresenta\u00e7\u00e3o contagiante da cantora [&hellip;]<\/p>\n","protected":false},"author":4,"featured_media":0,"comment_status":"open","ping_status":"open","sticky":false,"template":"","format":"standard","meta":{"site-sidebar-layout":"default","site-content-layout":"","ast-site-content-layout":"default","site-content-style":"default","site-sidebar-style":"default","ast-global-header-display":"","ast-banner-title-visibility":"","ast-main-header-display":"","ast-hfb-above-header-display":"","ast-hfb-below-header-display":"","ast-hfb-mobile-header-display":"","site-post-title":"","ast-breadcrumbs-content":"","ast-featured-img":"","footer-sml-layout":"","ast-disable-related-posts":"","theme-transparent-header-meta":"","adv-header-id-meta":"","stick-header-meta":"","header-above-stick-meta":"","header-main-stick-meta":"","header-below-stick-meta":"","astra-migrate-meta-layouts":"default","ast-page-background-enabled":"default","ast-page-background-meta":{"desktop":{"background-color":"var(--ast-global-color-5)","background-image":"","background-repeat":"repeat","background-position":"center center","background-size":"auto","background-attachment":"scroll","background-type":"","background-media":"","overlay-type":"","overlay-color":"","overlay-opacity":"","overlay-gradient":""},"tablet":{"background-color":"","background-image":"","background-repeat":"repeat","background-position":"center center","background-size":"auto","background-attachment":"scroll","background-type":"","background-media":"","overlay-type":"","overlay-color":"","overlay-opacity":"","overlay-gradient":""},"mobile":{"background-color":"","background-image":"","background-repeat":"repeat","background-position":"center center","background-size":"auto","background-attachment":"scroll","background-type":"","background-media":"","overlay-type":"","overlay-color":"","overlay-opacity":"","overlay-gradient":""}},"ast-content-background-meta":{"desktop":{"background-color":"var(--ast-global-color-4)","background-image":"","background-repeat":"repeat","background-position":"center center","background-size":"auto","background-attachment":"scroll","background-type":"","background-media":"","overlay-type":"","overlay-color":"","overlay-opacity":"","overlay-gradient":""},"tablet":{"background-color":"var(--ast-global-color-4)","background-image":"","background-repeat":"repeat","background-position":"center center","background-size":"auto","background-attachment":"scroll","background-type":"","background-media":"","overlay-type":"","overlay-color":"","overlay-opacity":"","overlay-gradient":""},"mobile":{"background-color":"var(--ast-global-color-4)","background-image":"","background-repeat":"repeat","background-position":"center center","background-size":"auto","background-attachment":"scroll","background-type":"","background-media":"","overlay-type":"","overlay-color":"","overlay-opacity":"","overlay-gradient":""}},"footnotes":""},"categories":[1],"tags":[],"class_list":["post-14108","post","type-post","status-publish","format-standard","hentry","category-sem-categoria"],"yoast_head":"<!-- This site is optimized with the Yoast SEO plugin v26.6 - https:\/\/yoast.com\/wordpress\/plugins\/seo\/ -->\n<title>Michele Andrade contagia p\u00fablico na virada do ano em S\u00e3o Lu\u00eds - Evandro Junior<\/title>\n<meta name=\"robots\" content=\"index, follow, max-snippet:-1, max-image-preview:large, max-video-preview:-1\" \/>\n<link rel=\"canonical\" href=\"https:\/\/www.blogsoestado.com\/evandrojunior\/2025\/01\/04\/michele-andrade-encanta-publico-na-virada-do-ano-em-sao-luis\/\" \/>\n<meta property=\"og:locale\" content=\"pt_BR\" \/>\n<meta property=\"og:type\" content=\"article\" \/>\n<meta property=\"og:title\" content=\"Michele Andrade contagia p\u00fablico na virada do ano em S\u00e3o Lu\u00eds - Evandro Junior\" \/>\n<meta property=\"og:description\" content=\"S\u00c3O LU\u00cdS &#8211; A passagem de ano em S\u00e3o Lu\u00eds teve um brilho especial com a apresenta\u00e7\u00e3o contagiante da cantora [&hellip;]\" \/>\n<meta property=\"og:url\" content=\"https:\/\/www.blogsoestado.com\/evandrojunior\/2025\/01\/04\/michele-andrade-encanta-publico-na-virada-do-ano-em-sao-luis\/\" \/>\n<meta property=\"og:site_name\" content=\"Evandro Junior\" \/>\n<meta property=\"article:published_time\" content=\"2025-01-04T13:24:40+00:00\" \/>\n<meta property=\"og:image\" content=\"https:\/\/www.blogsoestado.com\/evandrojunior\/files\/2025\/01\/WhatsApp-Image-2025-01-04-at-10.20.24-683x1024.jpeg\" \/>\n<meta name=\"author\" content=\"Evandro Junior\" \/>\n<meta name=\"twitter:card\" content=\"summary_large_image\" \/>\n<meta name=\"twitter:label1\" content=\"Escrito por\" \/>\n\t<meta name=\"twitter:data1\" content=\"Evandro Junior\" \/>\n\t<meta name=\"twitter:label2\" content=\"Est. tempo de leitura\" \/>\n\t<meta name=\"twitter:data2\" content=\"2 minutos\" \/>\n<script type=\"application\/ld+json\" class=\"yoast-schema-graph\">{\"@context\":\"https:\/\/schema.org\",\"@graph\":[{\"@type\":\"WebPage\",\"@id\":\"https:\/\/www.blogsoestado.com\/evandrojunior\/2025\/01\/04\/michele-andrade-encanta-publico-na-virada-do-ano-em-sao-luis\/\",\"url\":\"https:\/\/www.blogsoestado.com\/evandrojunior\/2025\/01\/04\/michele-andrade-encanta-publico-na-virada-do-ano-em-sao-luis\/\",\"name\":\"Michele Andrade contagia p\u00fablico na virada do ano em S\u00e3o Lu\u00eds - Evandro Junior\",\"isPartOf\":{\"@id\":\"https:\/\/www.blogsoestado.com\/evandrojunior\/#website\"},\"primaryImageOfPage\":{\"@id\":\"https:\/\/www.blogsoestado.com\/evandrojunior\/2025\/01\/04\/michele-andrade-encanta-publico-na-virada-do-ano-em-sao-luis\/#primaryimage\"},\"image\":{\"@id\":\"https:\/\/www.blogsoestado.com\/evandrojunior\/2025\/01\/04\/michele-andrade-encanta-publico-na-virada-do-ano-em-sao-luis\/#primaryimage\"},\"thumbnailUrl\":\"https:\/\/www.blogsoestado.com\/evandrojunior\/files\/2025\/01\/WhatsApp-Image-2025-01-04-at-10.20.24-683x1024.jpeg\",\"datePublished\":\"2025-01-04T13:24:40+00:00\",\"author\":{\"@id\":\"https:\/\/www.blogsoestado.com\/evandrojunior\/#\/schema\/person\/3e6c3d8dbb740d1c6878ebc935cfb3be\"},\"breadcrumb\":{\"@id\":\"https:\/\/www.blogsoestado.com\/evandrojunior\/2025\/01\/04\/michele-andrade-encanta-publico-na-virada-do-ano-em-sao-luis\/#breadcrumb\"},\"inLanguage\":\"pt-BR\",\"potentialAction\":[{\"@type\":\"ReadAction\",\"target\":[\"https:\/\/www.blogsoestado.com\/evandrojunior\/2025\/01\/04\/michele-andrade-encanta-publico-na-virada-do-ano-em-sao-luis\/\"]}]},{\"@type\":\"ImageObject\",\"inLanguage\":\"pt-BR\",\"@id\":\"https:\/\/www.blogsoestado.com\/evandrojunior\/2025\/01\/04\/michele-andrade-encanta-publico-na-virada-do-ano-em-sao-luis\/#primaryimage\",\"url\":\"https:\/\/www.blogsoestado.com\/evandrojunior\/files\/2025\/01\/WhatsApp-Image-2025-01-04-at-10.20.24-683x1024.jpeg\",\"contentUrl\":\"https:\/\/www.blogsoestado.com\/evandrojunior\/files\/2025\/01\/WhatsApp-Image-2025-01-04-at-10.20.24-683x1024.jpeg\"},{\"@type\":\"BreadcrumbList\",\"@id\":\"https:\/\/www.blogsoestado.com\/evandrojunior\/2025\/01\/04\/michele-andrade-encanta-publico-na-virada-do-ano-em-sao-luis\/#breadcrumb\",\"itemListElement\":[{\"@type\":\"ListItem\",\"position\":1,\"name\":\"In\u00edcio\",\"item\":\"https:\/\/www.blogsoestado.com\/evandrojunior\/\"},{\"@type\":\"ListItem\",\"position\":2,\"name\":\"Michele Andrade contagia p\u00fablico na virada do ano em S\u00e3o Lu\u00eds\"}]},{\"@type\":\"WebSite\",\"@id\":\"https:\/\/www.blogsoestado.com\/evandrojunior\/#website\",\"url\":\"https:\/\/www.blogsoestado.com\/evandrojunior\/\",\"name\":\"Evandro Junior\",\"description\":\"\",\"potentialAction\":[{\"@type\":\"SearchAction\",\"target\":{\"@type\":\"EntryPoint\",\"urlTemplate\":\"https:\/\/www.blogsoestado.com\/evandrojunior\/?s={search_term_string}\"},\"query-input\":{\"@type\":\"PropertyValueSpecification\",\"valueRequired\":true,\"valueName\":\"search_term_string\"}}],\"inLanguage\":\"pt-BR\"},{\"@type\":\"Person\",\"@id\":\"https:\/\/www.blogsoestado.com\/evandrojunior\/#\/schema\/person\/3e6c3d8dbb740d1c6878ebc935cfb3be\",\"name\":\"Evandro Junior\",\"image\":{\"@type\":\"ImageObject\",\"inLanguage\":\"pt-BR\",\"@id\":\"https:\/\/www.blogsoestado.com\/evandrojunior\/#\/schema\/person\/image\/\",\"url\":\"https:\/\/secure.gravatar.com\/avatar\/f80a03a2294a580cd2318bfb459bf354cfa8be661ef3d95b542cf9a04af8d129?s=96&d=mm&r=g\",\"contentUrl\":\"https:\/\/secure.gravatar.com\/avatar\/f80a03a2294a580cd2318bfb459bf354cfa8be661ef3d95b542cf9a04af8d129?s=96&d=mm&r=g\",\"caption\":\"Evandro Junior\"},\"url\":\"https:\/\/www.blogsoestado.com\/evandrojunior\/author\/evandrojunior\/\"}]}<\/script>\n<!-- \/ Yoast SEO plugin. -->","yoast_head_json":{"title":"Michele Andrade contagia p\u00fablico na virada do ano em S\u00e3o Lu\u00eds - Evandro Junior","robots":{"index":"index","follow":"follow","max-snippet":"max-snippet:-1","max-image-preview":"max-image-preview:large","max-video-preview":"max-video-preview:-1"},"canonical":"https:\/\/www.blogsoestado.com\/evandrojunior\/2025\/01\/04\/michele-andrade-encanta-publico-na-virada-do-ano-em-sao-luis\/","og_locale":"pt_BR","og_type":"article","og_title":"Michele Andrade contagia p\u00fablico na virada do ano em S\u00e3o Lu\u00eds - Evandro Junior","og_description":"S\u00c3O LU\u00cdS &#8211; A passagem de ano em S\u00e3o Lu\u00eds teve um brilho especial com a apresenta\u00e7\u00e3o contagiante da cantora [&hellip;]","og_url":"https:\/\/www.blogsoestado.com\/evandrojunior\/2025\/01\/04\/michele-andrade-encanta-publico-na-virada-do-ano-em-sao-luis\/","og_site_name":"Evandro Junior","article_published_time":"2025-01-04T13:24:40+00:00","og_image":[{"url":"https:\/\/www.blogsoestado.com\/evandrojunior\/files\/2025\/01\/WhatsApp-Image-2025-01-04-at-10.20.24-683x1024.jpeg","type":"","width":"","height":""}],"author":"Evandro Junior","twitter_card":"summary_large_image","twitter_misc":{"Escrito por":"Evandro Junior","Est. tempo de leitura":"2 minutos"},"schema":{"@context":"https:\/\/schema.org","@graph":[{"@type":"WebPage","@id":"https:\/\/www.blogsoestado.com\/evandrojunior\/2025\/01\/04\/michele-andrade-encanta-publico-na-virada-do-ano-em-sao-luis\/","url":"https:\/\/www.blogsoestado.com\/evandrojunior\/2025\/01\/04\/michele-andrade-encanta-publico-na-virada-do-ano-em-sao-luis\/","name":"Michele Andrade contagia p\u00fablico na virada do ano em S\u00e3o Lu\u00eds - Evandro Junior","isPartOf":{"@id":"https:\/\/www.blogsoestado.com\/evandrojunior\/#website"},"primaryImageOfPage":{"@id":"https:\/\/www.blogsoestado.com\/evandrojunior\/2025\/01\/04\/michele-andrade-encanta-publico-na-virada-do-ano-em-sao-luis\/#primaryimage"},"image":{"@id":"https:\/\/www.blogsoestado.com\/evandrojunior\/2025\/01\/04\/michele-andrade-encanta-publico-na-virada-do-ano-em-sao-luis\/#primaryimage"},"thumbnailUrl":"https:\/\/www.blogsoestado.com\/evandrojunior\/files\/2025\/01\/WhatsApp-Image-2025-01-04-at-10.20.24-683x1024.jpeg","datePublished":"2025-01-04T13:24:40+00:00","author":{"@id":"https:\/\/www.blogsoestado.com\/evandrojunior\/#\/schema\/person\/3e6c3d8dbb740d1c6878ebc935cfb3be"},"breadcrumb":{"@id":"https:\/\/www.blogsoestado.com\/evandrojunior\/2025\/01\/04\/michele-andrade-encanta-publico-na-virada-do-ano-em-sao-luis\/#breadcrumb"},"inLanguage":"pt-BR","potentialAction":[{"@type":"ReadAction","target":["https:\/\/www.blogsoestado.com\/evandrojunior\/2025\/01\/04\/michele-andrade-encanta-publico-na-virada-do-ano-em-sao-luis\/"]}]},{"@type":"ImageObject","inLanguage":"pt-BR","@id":"https:\/\/www.blogsoestado.com\/evandrojunior\/2025\/01\/04\/michele-andrade-encanta-publico-na-virada-do-ano-em-sao-luis\/#primaryimage","url":"https:\/\/www.blogsoestado.com\/evandrojunior\/files\/2025\/01\/WhatsApp-Image-2025-01-04-at-10.20.24-683x1024.jpeg","contentUrl":"https:\/\/www.blogsoestado.com\/evandrojunior\/files\/2025\/01\/WhatsApp-Image-2025-01-04-at-10.20.24-683x1024.jpeg"},{"@type":"BreadcrumbList","@id":"https:\/\/www.blogsoestado.com\/evandrojunior\/2025\/01\/04\/michele-andrade-encanta-publico-na-virada-do-ano-em-sao-luis\/#breadcrumb","itemListElement":[{"@type":"ListItem","position":1,"name":"In\u00edcio","item":"https:\/\/www.blogsoestado.com\/evandrojunior\/"},{"@type":"ListItem","position":2,"name":"Michele Andrade contagia p\u00fablico na virada do ano em S\u00e3o Lu\u00eds"}]},{"@type":"WebSite","@id":"https:\/\/www.blogsoestado.com\/evandrojunior\/#website","url":"https:\/\/www.blogsoestado.com\/evandrojunior\/","name":"Evandro Junior","description":"","potentialAction":[{"@type":"SearchAction","target":{"@type":"EntryPoint","urlTemplate":"https:\/\/www.blogsoestado.com\/evandrojunior\/?s={search_term_string}"},"query-input":{"@type":"PropertyValueSpecification","valueRequired":true,"valueName":"search_term_string"}}],"inLanguage":"pt-BR"},{"@type":"Person","@id":"https:\/\/www.blogsoestado.com\/evandrojunior\/#\/schema\/person\/3e6c3d8dbb740d1c6878ebc935cfb3be","name":"Evandro Junior","image":{"@type":"ImageObject","inLanguage":"pt-BR","@id":"https:\/\/www.blogsoestado.com\/evandrojunior\/#\/schema\/person\/image\/","url":"https:\/\/secure.gravatar.com\/avatar\/f80a03a2294a580cd2318bfb459bf354cfa8be661ef3d95b542cf9a04af8d129?s=96&d=mm&r=g","contentUrl":"https:\/\/secure.gravatar.com\/avatar\/f80a03a2294a580cd2318bfb459bf354cfa8be661ef3d95b542cf9a04af8d129?s=96&d=mm&r=g","caption":"Evandro Junior"},"url":"https:\/\/www.blogsoestado.com\/evandrojunior\/author\/evandrojunior\/"}]}},"jetpack_featured_media_url":"","_links":{"self":[{"href":"https:\/\/www.blogsoestado.com\/evandrojunior\/wp-json\/wp\/v2\/posts\/14108","targetHints":{"allow":["GET"]}}],"collection":[{"href":"https:\/\/www.blogsoestado.com\/evandrojunior\/wp-json\/wp\/v2\/posts"}],"about":[{"href":"https:\/\/www.blogsoestado.com\/evandrojunior\/wp-json\/wp\/v2\/types\/post"}],"author":[{"embeddable":true,"href":"https:\/\/www.blogsoestado.com\/evandrojunior\/wp-json\/wp\/v2\/users\/4"}],"replies":[{"embeddable":true,"href":"https:\/\/www.blogsoestado.com\/evandrojunior\/wp-json\/wp\/v2\/comments?post=14108"}],"version-history":[{"count":0,"href":"https:\/\/www.blogsoestado.com\/evandrojunior\/wp-json\/wp\/v2\/posts\/14108\/revisions"}],"wp:attachment":[{"href":"https:\/\/www.blogsoestado.com\/evandrojunior\/wp-json\/wp\/v2\/media?parent=14108"}],"wp:term":[{"taxonomy":"category","embeddable":true,"href":"https:\/\/www.blogsoestado.com\/evandrojunior\/wp-json\/wp\/v2\/categories?post=14108"},{"taxonomy":"post_tag","embeddable":true,"href":"https:\/\/www.blogsoestado.com\/evandrojunior\/wp-json\/wp\/v2\/tags?post=14108"}],"curies":[{"name":"wp","href":"https:\/\/api.w.org\/{rel}","templated":true}]}}