{"id":14112,"date":"2025-01-04T18:20:45","date_gmt":"2025-01-04T21:20:45","guid":{"rendered":"https:\/\/www.blogsoestado.com\/evandrojunior\/?p=14112"},"modified":"2025-01-04T18:20:45","modified_gmt":"2025-01-04T21:20:45","slug":"descontracao-e-seguranca-marcaram-festa-da-virada-no-rio-poty","status":"publish","type":"post","link":"https:\/\/www.blogsoestado.com\/evandrojunior\/2025\/01\/04\/descontracao-e-seguranca-marcaram-festa-da-virada-no-rio-poty\/","title":{"rendered":"Descontra\u00e7\u00e3o e seguran\u00e7a marcaram festa da virada no Rio Poty"},"content":{"rendered":"\n<div class=\"wp-block-image\"><figure class=\"aligncenter size-large is-resized\"><img fetchpriority=\"high\" decoding=\"async\" src=\"https:\/\/www.blogsoestado.com\/evandrojunior\/files\/2025\/01\/WhatsApp-Image-2025-01-04-at-18.17.09-1024x450.jpeg\" alt=\"\" class=\"wp-image-14113\" width=\"580\" height=\"254\"\/><figcaption><strong>Festa que saudou 2025 no Rio Poty Hotel &amp; Resort foi marcada por descontra\u00e7\u00e3o, tranquilidade e seguran\u00e7a <\/strong><\/figcaption><\/figure><\/div>\n\n\n\n<p><strong>S\u00c3O LU\u00cdS<\/strong> &#8211; Um dos mais charmosos e bem localizados hot\u00e9is de S\u00e3o Lu\u00eds realizou a sua tradicional festa da virada privilegiando as fam\u00edlias. O R\u00e9veillon do Rio Poty Hotel &amp; Resort proporcionou uma noite de pura descontra\u00e7\u00e3o com seguran\u00e7a, uma vis\u00e3o privilegiada da praia e um lindo show pirot\u00e9cnico.<\/p>\n\n\n\n<p>Foram oito horas de m\u00fasica com open bar e food, \u00e1rea instagram\u00e1vel e decora\u00e7\u00e3o tem\u00e1tica. A noite no espa\u00e7o, englobando a \u00e1rea do restaurante, o amplo terra\u00e7o e o Beach Club, foi embalada pelo repert\u00f3rio ecl\u00e9tico do DJ Fernando Velho, pelo DJ Desert e pelo cantor Allyson Tavares.<\/p>\n\n\n\n<p>O p\u00fablico desfrutou de v\u00e1rias esta\u00e7\u00f5es de frios com uma diversidade de embutidos, al\u00e9m de uma ceia caprichada e um card\u00e1pio de dar \u00e1gua na boca. <\/p>\n\n\n\n<div class=\"wp-block-image\"><figure class=\"aligncenter size-large is-resized\"><img decoding=\"async\" src=\"https:\/\/www.blogsoestado.com\/evandrojunior\/files\/2025\/01\/WhatsApp-Image-2025-01-04-at-11.11.24-2-943x1024.jpeg\" alt=\"\" class=\"wp-image-14114\" width=\"429\" height=\"466\"\/><figcaption><strong>P\u00fablico se divertiu ao som do repert\u00f3rio do DJ Fernando Velho<\/strong><\/figcaption><\/figure><\/div>\n\n\n\n<p>Nas esta\u00e7\u00f5es de frios, por exemplo, mesa farta com peito de peru, salame, blanquet de frango, queijos, diferentes tipos de p\u00e3es, caponata, confite de tomate cereja, terrine de damasco e pat\u00eas variados.\u00a0 O card\u00e1pio da ceia incluiu saladas, liguinni ao molho mexicano, pennes, peixes, camar\u00e3o, fil\u00e9 e diversos complementos. Teve, ainda, sobremesa, caldos, cerveja e espumante nacional.\u00a0<\/p>\n\n\n\n<div class=\"wp-block-image\"><figure class=\"aligncenter size-large is-resized\"><img decoding=\"async\" src=\"https:\/\/www.blogsoestado.com\/evandrojunior\/files\/2025\/01\/WhatsApp-Image-2025-01-04-at-11.00.55-576x1024.jpeg\" alt=\"\" class=\"wp-image-14115\" width=\"394\" height=\"700\"\/><figcaption><strong>Um card\u00e1pio caprichado foi servido durante a festa<\/strong><\/figcaption><\/figure><\/div>\n\n\n\n<p>\u00c0 meia noite, um espet\u00e1culo pirot\u00e9cnico iluminou o c\u00e9u da Ponta d&#8217;Areia e a festa prosseguiu animada at\u00e9 o amanhecer. <\/p>\n","protected":false},"excerpt":{"rendered":"<p>S\u00c3O LU\u00cdS &#8211; Um dos mais charmosos e bem localizados hot\u00e9is de S\u00e3o Lu\u00eds realizou a sua tradicional festa da [&hellip;]<\/p>\n","protected":false},"author":4,"featured_media":0,"comment_status":"open","ping_status":"open","sticky":false,"template":"","format":"standard","meta":{"site-sidebar-layout":"default","site-content-layout":"","ast-site-content-layout":"default","site-content-style":"default","site-sidebar-style":"default","ast-global-header-display":"","ast-banner-title-visibility":"","ast-main-header-display":"","ast-hfb-above-header-display":"","ast-hfb-below-header-display":"","ast-hfb-mobile-header-display":"","site-post-title":"","ast-breadcrumbs-content":"","ast-featured-img":"","footer-sml-layout":"","ast-disable-related-posts":"","theme-transparent-header-meta":"","adv-header-id-meta":"","stick-header-meta":"","header-above-stick-meta":"","header-main-stick-meta":"","header-below-stick-meta":"","astra-migrate-meta-layouts":"default","ast-page-background-enabled":"default","ast-page-background-meta":{"desktop":{"background-color":"var(--ast-global-color-5)","background-image":"","background-repeat":"repeat","background-position":"center center","background-size":"auto","background-attachment":"scroll","background-type":"","background-media":"","overlay-type":"","overlay-color":"","overlay-opacity":"","overlay-gradient":""},"tablet":{"background-color":"","background-image":"","background-repeat":"repeat","background-position":"center center","background-size":"auto","background-attachment":"scroll","background-type":"","background-media":"","overlay-type":"","overlay-color":"","overlay-opacity":"","overlay-gradient":""},"mobile":{"background-color":"","background-image":"","background-repeat":"repeat","background-position":"center center","background-size":"auto","background-attachment":"scroll","background-type":"","background-media":"","overlay-type":"","overlay-color":"","overlay-opacity":"","overlay-gradient":""}},"ast-content-background-meta":{"desktop":{"background-color":"var(--ast-global-color-4)","background-image":"","background-repeat":"repeat","background-position":"center center","background-size":"auto","background-attachment":"scroll","background-type":"","background-media":"","overlay-type":"","overlay-color":"","overlay-opacity":"","overlay-gradient":""},"tablet":{"background-color":"var(--ast-global-color-4)","background-image":"","background-repeat":"repeat","background-position":"center center","background-size":"auto","background-attachment":"scroll","background-type":"","background-media":"","overlay-type":"","overlay-color":"","overlay-opacity":"","overlay-gradient":""},"mobile":{"background-color":"var(--ast-global-color-4)","background-image":"","background-repeat":"repeat","background-position":"center center","background-size":"auto","background-attachment":"scroll","background-type":"","background-media":"","overlay-type":"","overlay-color":"","overlay-opacity":"","overlay-gradient":""}},"footnotes":""},"categories":[1],"tags":[],"class_list":["post-14112","post","type-post","status-publish","format-standard","hentry","category-sem-categoria"],"yoast_head":"<!-- This site is optimized with the Yoast SEO plugin v26.6 - https:\/\/yoast.com\/wordpress\/plugins\/seo\/ -->\n<title>Descontra\u00e7\u00e3o e seguran\u00e7a marcaram festa da virada no Rio Poty - Evandro Junior<\/title>\n<meta name=\"robots\" content=\"index, follow, max-snippet:-1, max-image-preview:large, max-video-preview:-1\" \/>\n<link rel=\"canonical\" href=\"https:\/\/www.blogsoestado.com\/evandrojunior\/2025\/01\/04\/descontracao-e-seguranca-marcaram-festa-da-virada-no-rio-poty\/\" \/>\n<meta property=\"og:locale\" content=\"pt_BR\" \/>\n<meta property=\"og:type\" content=\"article\" \/>\n<meta property=\"og:title\" content=\"Descontra\u00e7\u00e3o e seguran\u00e7a marcaram festa da virada no Rio Poty - Evandro Junior\" \/>\n<meta property=\"og:description\" content=\"S\u00c3O LU\u00cdS &#8211; Um dos mais charmosos e bem localizados hot\u00e9is de S\u00e3o Lu\u00eds realizou a sua tradicional festa da [&hellip;]\" \/>\n<meta property=\"og:url\" content=\"https:\/\/www.blogsoestado.com\/evandrojunior\/2025\/01\/04\/descontracao-e-seguranca-marcaram-festa-da-virada-no-rio-poty\/\" \/>\n<meta property=\"og:site_name\" content=\"Evandro Junior\" \/>\n<meta property=\"article:published_time\" content=\"2025-01-04T21:20:45+00:00\" \/>\n<meta property=\"og:image\" content=\"https:\/\/www.blogsoestado.com\/evandrojunior\/files\/2025\/01\/WhatsApp-Image-2025-01-04-at-18.17.09-1024x450.jpeg\" \/>\n<meta name=\"author\" content=\"Evandro Junior\" \/>\n<meta name=\"twitter:card\" content=\"summary_large_image\" \/>\n<meta name=\"twitter:label1\" content=\"Escrito por\" \/>\n\t<meta name=\"twitter:data1\" content=\"Evandro Junior\" \/>\n\t<meta name=\"twitter:label2\" content=\"Est. tempo de leitura\" \/>\n\t<meta name=\"twitter:data2\" content=\"2 minutos\" \/>\n<script type=\"application\/ld+json\" class=\"yoast-schema-graph\">{\"@context\":\"https:\/\/schema.org\",\"@graph\":[{\"@type\":\"WebPage\",\"@id\":\"https:\/\/www.blogsoestado.com\/evandrojunior\/2025\/01\/04\/descontracao-e-seguranca-marcaram-festa-da-virada-no-rio-poty\/\",\"url\":\"https:\/\/www.blogsoestado.com\/evandrojunior\/2025\/01\/04\/descontracao-e-seguranca-marcaram-festa-da-virada-no-rio-poty\/\",\"name\":\"Descontra\u00e7\u00e3o e seguran\u00e7a marcaram festa da virada no Rio Poty - Evandro Junior\",\"isPartOf\":{\"@id\":\"https:\/\/www.blogsoestado.com\/evandrojunior\/#website\"},\"primaryImageOfPage\":{\"@id\":\"https:\/\/www.blogsoestado.com\/evandrojunior\/2025\/01\/04\/descontracao-e-seguranca-marcaram-festa-da-virada-no-rio-poty\/#primaryimage\"},\"image\":{\"@id\":\"https:\/\/www.blogsoestado.com\/evandrojunior\/2025\/01\/04\/descontracao-e-seguranca-marcaram-festa-da-virada-no-rio-poty\/#primaryimage\"},\"thumbnailUrl\":\"https:\/\/www.blogsoestado.com\/evandrojunior\/files\/2025\/01\/WhatsApp-Image-2025-01-04-at-18.17.09-1024x450.jpeg\",\"datePublished\":\"2025-01-04T21:20:45+00:00\",\"author\":{\"@id\":\"https:\/\/www.blogsoestado.com\/evandrojunior\/#\/schema\/person\/3e6c3d8dbb740d1c6878ebc935cfb3be\"},\"breadcrumb\":{\"@id\":\"https:\/\/www.blogsoestado.com\/evandrojunior\/2025\/01\/04\/descontracao-e-seguranca-marcaram-festa-da-virada-no-rio-poty\/#breadcrumb\"},\"inLanguage\":\"pt-BR\",\"potentialAction\":[{\"@type\":\"ReadAction\",\"target\":[\"https:\/\/www.blogsoestado.com\/evandrojunior\/2025\/01\/04\/descontracao-e-seguranca-marcaram-festa-da-virada-no-rio-poty\/\"]}]},{\"@type\":\"ImageObject\",\"inLanguage\":\"pt-BR\",\"@id\":\"https:\/\/www.blogsoestado.com\/evandrojunior\/2025\/01\/04\/descontracao-e-seguranca-marcaram-festa-da-virada-no-rio-poty\/#primaryimage\",\"url\":\"https:\/\/www.blogsoestado.com\/evandrojunior\/files\/2025\/01\/WhatsApp-Image-2025-01-04-at-18.17.09-1024x450.jpeg\",\"contentUrl\":\"https:\/\/www.blogsoestado.com\/evandrojunior\/files\/2025\/01\/WhatsApp-Image-2025-01-04-at-18.17.09-1024x450.jpeg\"},{\"@type\":\"BreadcrumbList\",\"@id\":\"https:\/\/www.blogsoestado.com\/evandrojunior\/2025\/01\/04\/descontracao-e-seguranca-marcaram-festa-da-virada-no-rio-poty\/#breadcrumb\",\"itemListElement\":[{\"@type\":\"ListItem\",\"position\":1,\"name\":\"In\u00edcio\",\"item\":\"https:\/\/www.blogsoestado.com\/evandrojunior\/\"},{\"@type\":\"ListItem\",\"position\":2,\"name\":\"Descontra\u00e7\u00e3o e seguran\u00e7a marcaram festa da virada no Rio Poty\"}]},{\"@type\":\"WebSite\",\"@id\":\"https:\/\/www.blogsoestado.com\/evandrojunior\/#website\",\"url\":\"https:\/\/www.blogsoestado.com\/evandrojunior\/\",\"name\":\"Evandro Junior\",\"description\":\"\",\"potentialAction\":[{\"@type\":\"SearchAction\",\"target\":{\"@type\":\"EntryPoint\",\"urlTemplate\":\"https:\/\/www.blogsoestado.com\/evandrojunior\/?s={search_term_string}\"},\"query-input\":{\"@type\":\"PropertyValueSpecification\",\"valueRequired\":true,\"valueName\":\"search_term_string\"}}],\"inLanguage\":\"pt-BR\"},{\"@type\":\"Person\",\"@id\":\"https:\/\/www.blogsoestado.com\/evandrojunior\/#\/schema\/person\/3e6c3d8dbb740d1c6878ebc935cfb3be\",\"name\":\"Evandro Junior\",\"image\":{\"@type\":\"ImageObject\",\"inLanguage\":\"pt-BR\",\"@id\":\"https:\/\/www.blogsoestado.com\/evandrojunior\/#\/schema\/person\/image\/\",\"url\":\"https:\/\/secure.gravatar.com\/avatar\/f80a03a2294a580cd2318bfb459bf354cfa8be661ef3d95b542cf9a04af8d129?s=96&d=mm&r=g\",\"contentUrl\":\"https:\/\/secure.gravatar.com\/avatar\/f80a03a2294a580cd2318bfb459bf354cfa8be661ef3d95b542cf9a04af8d129?s=96&d=mm&r=g\",\"caption\":\"Evandro Junior\"},\"url\":\"https:\/\/www.blogsoestado.com\/evandrojunior\/author\/evandrojunior\/\"}]}<\/script>\n<!-- \/ Yoast SEO plugin. -->","yoast_head_json":{"title":"Descontra\u00e7\u00e3o e seguran\u00e7a marcaram festa da virada no Rio Poty - Evandro Junior","robots":{"index":"index","follow":"follow","max-snippet":"max-snippet:-1","max-image-preview":"max-image-preview:large","max-video-preview":"max-video-preview:-1"},"canonical":"https:\/\/www.blogsoestado.com\/evandrojunior\/2025\/01\/04\/descontracao-e-seguranca-marcaram-festa-da-virada-no-rio-poty\/","og_locale":"pt_BR","og_type":"article","og_title":"Descontra\u00e7\u00e3o e seguran\u00e7a marcaram festa da virada no Rio Poty - Evandro Junior","og_description":"S\u00c3O LU\u00cdS &#8211; Um dos mais charmosos e bem localizados hot\u00e9is de S\u00e3o Lu\u00eds realizou a sua tradicional festa da [&hellip;]","og_url":"https:\/\/www.blogsoestado.com\/evandrojunior\/2025\/01\/04\/descontracao-e-seguranca-marcaram-festa-da-virada-no-rio-poty\/","og_site_name":"Evandro Junior","article_published_time":"2025-01-04T21:20:45+00:00","og_image":[{"url":"https:\/\/www.blogsoestado.com\/evandrojunior\/files\/2025\/01\/WhatsApp-Image-2025-01-04-at-18.17.09-1024x450.jpeg","type":"","width":"","height":""}],"author":"Evandro Junior","twitter_card":"summary_large_image","twitter_misc":{"Escrito por":"Evandro Junior","Est. tempo de leitura":"2 minutos"},"schema":{"@context":"https:\/\/schema.org","@graph":[{"@type":"WebPage","@id":"https:\/\/www.blogsoestado.com\/evandrojunior\/2025\/01\/04\/descontracao-e-seguranca-marcaram-festa-da-virada-no-rio-poty\/","url":"https:\/\/www.blogsoestado.com\/evandrojunior\/2025\/01\/04\/descontracao-e-seguranca-marcaram-festa-da-virada-no-rio-poty\/","name":"Descontra\u00e7\u00e3o e seguran\u00e7a marcaram festa da virada no Rio Poty - Evandro Junior","isPartOf":{"@id":"https:\/\/www.blogsoestado.com\/evandrojunior\/#website"},"primaryImageOfPage":{"@id":"https:\/\/www.blogsoestado.com\/evandrojunior\/2025\/01\/04\/descontracao-e-seguranca-marcaram-festa-da-virada-no-rio-poty\/#primaryimage"},"image":{"@id":"https:\/\/www.blogsoestado.com\/evandrojunior\/2025\/01\/04\/descontracao-e-seguranca-marcaram-festa-da-virada-no-rio-poty\/#primaryimage"},"thumbnailUrl":"https:\/\/www.blogsoestado.com\/evandrojunior\/files\/2025\/01\/WhatsApp-Image-2025-01-04-at-18.17.09-1024x450.jpeg","datePublished":"2025-01-04T21:20:45+00:00","author":{"@id":"https:\/\/www.blogsoestado.com\/evandrojunior\/#\/schema\/person\/3e6c3d8dbb740d1c6878ebc935cfb3be"},"breadcrumb":{"@id":"https:\/\/www.blogsoestado.com\/evandrojunior\/2025\/01\/04\/descontracao-e-seguranca-marcaram-festa-da-virada-no-rio-poty\/#breadcrumb"},"inLanguage":"pt-BR","potentialAction":[{"@type":"ReadAction","target":["https:\/\/www.blogsoestado.com\/evandrojunior\/2025\/01\/04\/descontracao-e-seguranca-marcaram-festa-da-virada-no-rio-poty\/"]}]},{"@type":"ImageObject","inLanguage":"pt-BR","@id":"https:\/\/www.blogsoestado.com\/evandrojunior\/2025\/01\/04\/descontracao-e-seguranca-marcaram-festa-da-virada-no-rio-poty\/#primaryimage","url":"https:\/\/www.blogsoestado.com\/evandrojunior\/files\/2025\/01\/WhatsApp-Image-2025-01-04-at-18.17.09-1024x450.jpeg","contentUrl":"https:\/\/www.blogsoestado.com\/evandrojunior\/files\/2025\/01\/WhatsApp-Image-2025-01-04-at-18.17.09-1024x450.jpeg"},{"@type":"BreadcrumbList","@id":"https:\/\/www.blogsoestado.com\/evandrojunior\/2025\/01\/04\/descontracao-e-seguranca-marcaram-festa-da-virada-no-rio-poty\/#breadcrumb","itemListElement":[{"@type":"ListItem","position":1,"name":"In\u00edcio","item":"https:\/\/www.blogsoestado.com\/evandrojunior\/"},{"@type":"ListItem","position":2,"name":"Descontra\u00e7\u00e3o e seguran\u00e7a marcaram festa da virada no Rio Poty"}]},{"@type":"WebSite","@id":"https:\/\/www.blogsoestado.com\/evandrojunior\/#website","url":"https:\/\/www.blogsoestado.com\/evandrojunior\/","name":"Evandro Junior","description":"","potentialAction":[{"@type":"SearchAction","target":{"@type":"EntryPoint","urlTemplate":"https:\/\/www.blogsoestado.com\/evandrojunior\/?s={search_term_string}"},"query-input":{"@type":"PropertyValueSpecification","valueRequired":true,"valueName":"search_term_string"}}],"inLanguage":"pt-BR"},{"@type":"Person","@id":"https:\/\/www.blogsoestado.com\/evandrojunior\/#\/schema\/person\/3e6c3d8dbb740d1c6878ebc935cfb3be","name":"Evandro Junior","image":{"@type":"ImageObject","inLanguage":"pt-BR","@id":"https:\/\/www.blogsoestado.com\/evandrojunior\/#\/schema\/person\/image\/","url":"https:\/\/secure.gravatar.com\/avatar\/f80a03a2294a580cd2318bfb459bf354cfa8be661ef3d95b542cf9a04af8d129?s=96&d=mm&r=g","contentUrl":"https:\/\/secure.gravatar.com\/avatar\/f80a03a2294a580cd2318bfb459bf354cfa8be661ef3d95b542cf9a04af8d129?s=96&d=mm&r=g","caption":"Evandro Junior"},"url":"https:\/\/www.blogsoestado.com\/evandrojunior\/author\/evandrojunior\/"}]}},"jetpack_featured_media_url":"","_links":{"self":[{"href":"https:\/\/www.blogsoestado.com\/evandrojunior\/wp-json\/wp\/v2\/posts\/14112","targetHints":{"allow":["GET"]}}],"collection":[{"href":"https:\/\/www.blogsoestado.com\/evandrojunior\/wp-json\/wp\/v2\/posts"}],"about":[{"href":"https:\/\/www.blogsoestado.com\/evandrojunior\/wp-json\/wp\/v2\/types\/post"}],"author":[{"embeddable":true,"href":"https:\/\/www.blogsoestado.com\/evandrojunior\/wp-json\/wp\/v2\/users\/4"}],"replies":[{"embeddable":true,"href":"https:\/\/www.blogsoestado.com\/evandrojunior\/wp-json\/wp\/v2\/comments?post=14112"}],"version-history":[{"count":0,"href":"https:\/\/www.blogsoestado.com\/evandrojunior\/wp-json\/wp\/v2\/posts\/14112\/revisions"}],"wp:attachment":[{"href":"https:\/\/www.blogsoestado.com\/evandrojunior\/wp-json\/wp\/v2\/media?parent=14112"}],"wp:term":[{"taxonomy":"category","embeddable":true,"href":"https:\/\/www.blogsoestado.com\/evandrojunior\/wp-json\/wp\/v2\/categories?post=14112"},{"taxonomy":"post_tag","embeddable":true,"href":"https:\/\/www.blogsoestado.com\/evandrojunior\/wp-json\/wp\/v2\/tags?post=14112"}],"curies":[{"name":"wp","href":"https:\/\/api.w.org\/{rel}","templated":true}]}}