{"id":1435,"date":"2018-11-22T13:00:47","date_gmt":"2018-11-22T15:00:47","guid":{"rendered":"https:\/\/www.blogsoestado.com\/evandrojunior\/?p=1435"},"modified":"2018-11-22T13:00:47","modified_gmt":"2018-11-22T15:00:47","slug":"samara-brauna-destaca-se-no-debate-entre-candidatos-a-presidencia-da-oab-ma","status":"publish","type":"post","link":"https:\/\/www.blogsoestado.com\/evandrojunior\/2018\/11\/22\/samara-brauna-destaca-se-no-debate-entre-candidatos-a-presidencia-da-oab-ma\/","title":{"rendered":"S\u00e2mara Bra\u00fana destaca-se no debate entre candidatos \u00e0 presid\u00eancia da OAB\/MA"},"content":{"rendered":"<figure id=\"attachment_1436\" aria-describedby=\"caption-attachment-1436\" style=\"width: 467px\" class=\"wp-caption alignnone\"><img fetchpriority=\"high\" decoding=\"async\" class=\" wp-image-1436\" src=\"https:\/\/www.blogsoestado.com\/evandrojunior\/wp-content\/uploads\/sites\/3\/2018\/11\/Brauna-225x300.jpg\" alt=\"\" width=\"467\" height=\"623\" srcset=\"https:\/\/www.blogsoestado.com\/evandrojunior\/wp-content\/uploads\/sites\/3\/2018\/11\/Brauna-225x300.jpg 225w, https:\/\/www.blogsoestado.com\/evandrojunior\/wp-content\/uploads\/sites\/3\/2018\/11\/Brauna.jpg 768w\" sizes=\"(max-width: 467px) 100vw, 467px\" \/><figcaption id=\"caption-attachment-1436\" class=\"wp-caption-text\">A candidata, antes do in\u00edcio do debate<\/figcaption><\/figure>\n<p>&nbsp;<\/p>\n<p><strong>S\u00e3o Lu\u00eds<\/strong> &#8211; Advogados e advogadas de todo o Estado puderam analisar propostas e tirar d\u00favidas sobre os quatro candidatos \u00e0 presid\u00eancia da Ordem dos Advogados do Brasil, Seccional Maranh\u00e3o, durante debate promovido pelo Programa Ponto e V\u00edrgula, transmitido nesta quarta-feira (21) pela R\u00e1dio Difusora FM (94.3). As elei\u00e7\u00f5es da OAB-MA ocorrem na sexta-feira, dia 23.<\/p>\n<p>O debate teve pouco mais de uma hora e momentos de embates diretos entre os candidatos das quatro chapas que concorrem ao pleito. A advogada S\u00e2mara Bra\u00fana, da Chapa 3, durante sua apresenta\u00e7\u00e3o, falou do tempo de carreira na advocacia e de representar um grupo que prima pela inclus\u00e3o, com 40% de composi\u00e7\u00e3o feminina, al\u00e9m de jovens advogados, profissionais idosos e caus\u00eddicos em in\u00edcio de carreira.<\/p>\n<p>O primeiro bloco teve perguntas diretas entre os candidatos. Nessa ordem, S\u00e2mara Bra\u00fana foi perguntada pelo candidato Mozart Baldez sobre como ela, caso eleita, enfrentaria a morosidade da justi\u00e7a. Em resposta objetiva e segura, a advogada disse que n\u00e3o faria uso do confronto e nem da trucul\u00eancia, mas buscaria canais de di\u00e1logo com o judici\u00e1rio. E que, se esse meio n\u00e3o mostrasse efici\u00eancia, buscaria o trabalho da corregedoria da OAB para tomadas efetivas de provid\u00eancias.<\/p>\n<p><strong>Sistema de milhagem<\/strong><\/p>\n<p>Em sua vez de perguntar, ela questionou o candidato Carlos Brissac sobre a utiliza\u00e7\u00e3o do sistema de milhagem para jovens advogados usarem em pagamentos de anuidades da OAB. O advogado disse que a pr\u00e1tica j\u00e1 se encontra ativa na OAB de Pernambuco, mas S\u00e2mara rebateu que n\u00e3o h\u00e1 garantias de que o programa traga benef\u00edcios reais para a classe e que deve ser observado com reservas.<\/p>\n<p><strong>Jovem advocacia<\/strong><\/p>\n<p>No embate com Thiago Diaz, a candidata foi questionada sobre propostas para a jovem advocacia. S\u00e2mara Bra\u00fana afirmou que a primeira coisa que pretende fazer ao assumir a Presid\u00eancia da OAB \u00e9 implementar o plano de valoriza\u00e7\u00e3o do jovem advogado, tendo como base o Plano Nacional voltado para o segmento, al\u00e9m do uso de tecnologias a favor da gest\u00e3o, com inclus\u00e3o digital, por meio da cria\u00e7\u00e3o de co-working, escrit\u00f3rios online, benef\u00edcios de gest\u00e3o de processos digitais e orienta\u00e7\u00e3o para marketing digital, al\u00e9m de capacitar o advogado para o uso dessas ferramentas.<\/p>\n<p>Por sorteio, S\u00e2mara Bra\u00fana direcionou uma quest\u00e3o ao candidato Mozart Baldez, abordando o tema &#8220;transpar\u00eancia&#8221;. Item, segundo a advogada, que n\u00e3o deveria ser adotado como proposta de campanha, mas como obriga\u00e7\u00e3o de uma gest\u00e3o comprometida com a advocacia, conforme prever o Provimento do CFOAB 185. O candidato, em resposta, disse que a primeira coisa que faria seria colocar o saldo financeiro da gest\u00e3o de Thiago Diaz no site da OAB-MA para a classe saber o valor deixado.<\/p>\n<p><strong>Perguntas dos jornalistas<\/strong><\/p>\n<p>Nas perguntas feitas por jornalistas, a candidata foi indagada pelo blogueiro John Cutrim sobre direitos humanos e atua\u00e7\u00e3o da Ordem em causas que envolvem quest\u00f5es humanit\u00e1rias e sociais. S\u00e2mara declarou que pretende resgatar o protagonismo da OAB-MA como pilar e defensora da sociedade, entretanto, para exercer tal papel, a Ordem precisa antes buscar o prest\u00edgio e a autoestima perdidos do advogado. \u00c9 preciso fortalecer o profissional para que ele tenha condi\u00e7\u00f5es efetivas de defender a si e a sociedade.<\/p>\n<p>Nas considera\u00e7\u00f5es finais do debate, a candidata pontuou que a chapa 3 traz ares de renova\u00e7\u00e3o e oxigena\u00e7\u00e3o \u00e0s atuais propostas apresentadas para a gest\u00e3o da OAB-MA. Agradeceu a Deus por ter chegado at\u00e9 a reta final da campanha com postura \u00e9tica e sem ataques pessoais a nenhum concorrente. Sendo a chapa composta por advogados e advogadas que ainda n\u00e3o tiveram vez na administra\u00e7\u00e3o da Ordem, mas que s\u00e3o cheios de entusiasmos, de sentimento de classe e com vontade de fazer um administra\u00e7\u00e3o eficiente na Seccional Maranhense, S\u00e2mara pediu para que os colegas reflitam em quem trouxe sugest\u00f5es de gest\u00e3o inovadora e que, no dia 23, escolham a Chapa 3.<\/p>\n","protected":false},"excerpt":{"rendered":"<p>&nbsp; S\u00e3o Lu\u00eds &#8211; Advogados e advogadas de todo o Estado puderam analisar propostas e tirar d\u00favidas sobre os quatro [&hellip;]<\/p>\n","protected":false},"author":4,"featured_media":0,"comment_status":"open","ping_status":"open","sticky":false,"template":"","format":"standard","meta":{"site-sidebar-layout":"default","site-content-layout":"","ast-site-content-layout":"default","site-content-style":"default","site-sidebar-style":"default","ast-global-header-display":"","ast-banner-title-visibility":"","ast-main-header-display":"","ast-hfb-above-header-display":"","ast-hfb-below-header-display":"","ast-hfb-mobile-header-display":"","site-post-title":"","ast-breadcrumbs-content":"","ast-featured-img":"","footer-sml-layout":"","ast-disable-related-posts":"","theme-transparent-header-meta":"","adv-header-id-meta":"","stick-header-meta":"","header-above-stick-meta":"","header-main-stick-meta":"","header-below-stick-meta":"","astra-migrate-meta-layouts":"default","ast-page-background-enabled":"default","ast-page-background-meta":{"desktop":{"background-color":"var(--ast-global-color-5)","background-image":"","background-repeat":"repeat","background-position":"center center","background-size":"auto","background-attachment":"scroll","background-type":"","background-media":"","overlay-type":"","overlay-color":"","overlay-opacity":"","overlay-gradient":""},"tablet":{"background-color":"","background-image":"","background-repeat":"repeat","background-position":"center center","background-size":"auto","background-attachment":"scroll","background-type":"","background-media":"","overlay-type":"","overlay-color":"","overlay-opacity":"","overlay-gradient":""},"mobile":{"background-color":"","background-image":"","background-repeat":"repeat","background-position":"center center","background-size":"auto","background-attachment":"scroll","background-type":"","background-media":"","overlay-type":"","overlay-color":"","overlay-opacity":"","overlay-gradient":""}},"ast-content-background-meta":{"desktop":{"background-color":"var(--ast-global-color-4)","background-image":"","background-repeat":"repeat","background-position":"center center","background-size":"auto","background-attachment":"scroll","background-type":"","background-media":"","overlay-type":"","overlay-color":"","overlay-opacity":"","overlay-gradient":""},"tablet":{"background-color":"var(--ast-global-color-4)","background-image":"","background-repeat":"repeat","background-position":"center center","background-size":"auto","background-attachment":"scroll","background-type":"","background-media":"","overlay-type":"","overlay-color":"","overlay-opacity":"","overlay-gradient":""},"mobile":{"background-color":"var(--ast-global-color-4)","background-image":"","background-repeat":"repeat","background-position":"center center","background-size":"auto","background-attachment":"scroll","background-type":"","background-media":"","overlay-type":"","overlay-color":"","overlay-opacity":"","overlay-gradient":""}},"footnotes":""},"categories":[1],"tags":[],"class_list":["post-1435","post","type-post","status-publish","format-standard","hentry","category-sem-categoria"],"yoast_head":"<!-- This site is optimized with the Yoast SEO plugin v26.6 - https:\/\/yoast.com\/wordpress\/plugins\/seo\/ -->\n<title>S\u00e2mara Bra\u00fana destaca-se no debate entre candidatos \u00e0 presid\u00eancia da OAB\/MA - Evandro Junior<\/title>\n<meta name=\"robots\" content=\"index, follow, max-snippet:-1, max-image-preview:large, max-video-preview:-1\" \/>\n<link rel=\"canonical\" href=\"https:\/\/www.blogsoestado.com\/evandrojunior\/2018\/11\/22\/samara-brauna-destaca-se-no-debate-entre-candidatos-a-presidencia-da-oab-ma\/\" \/>\n<meta property=\"og:locale\" content=\"pt_BR\" \/>\n<meta property=\"og:type\" content=\"article\" \/>\n<meta property=\"og:title\" content=\"S\u00e2mara Bra\u00fana destaca-se no debate entre candidatos \u00e0 presid\u00eancia da OAB\/MA - Evandro Junior\" \/>\n<meta property=\"og:description\" content=\"&nbsp; S\u00e3o Lu\u00eds &#8211; Advogados e advogadas de todo o Estado puderam analisar propostas e tirar d\u00favidas sobre os quatro [&hellip;]\" \/>\n<meta property=\"og:url\" content=\"https:\/\/www.blogsoestado.com\/evandrojunior\/2018\/11\/22\/samara-brauna-destaca-se-no-debate-entre-candidatos-a-presidencia-da-oab-ma\/\" \/>\n<meta property=\"og:site_name\" content=\"Evandro Junior\" \/>\n<meta property=\"article:published_time\" content=\"2018-11-22T15:00:47+00:00\" \/>\n<meta property=\"og:image\" content=\"https:\/\/www.blogsoestado.com\/evandrojunior\/wp-content\/uploads\/sites\/3\/2018\/11\/Brauna-225x300.jpg\" \/>\n<meta name=\"author\" content=\"Evandro Junior\" \/>\n<meta name=\"twitter:card\" content=\"summary_large_image\" \/>\n<meta name=\"twitter:label1\" content=\"Escrito por\" \/>\n\t<meta name=\"twitter:data1\" content=\"Evandro Junior\" \/>\n\t<meta name=\"twitter:label2\" content=\"Est. tempo de leitura\" \/>\n\t<meta name=\"twitter:data2\" content=\"4 minutos\" \/>\n<script type=\"application\/ld+json\" class=\"yoast-schema-graph\">{\"@context\":\"https:\/\/schema.org\",\"@graph\":[{\"@type\":\"WebPage\",\"@id\":\"https:\/\/www.blogsoestado.com\/evandrojunior\/2018\/11\/22\/samara-brauna-destaca-se-no-debate-entre-candidatos-a-presidencia-da-oab-ma\/\",\"url\":\"https:\/\/www.blogsoestado.com\/evandrojunior\/2018\/11\/22\/samara-brauna-destaca-se-no-debate-entre-candidatos-a-presidencia-da-oab-ma\/\",\"name\":\"S\u00e2mara Bra\u00fana destaca-se no debate entre candidatos \u00e0 presid\u00eancia da OAB\/MA - Evandro Junior\",\"isPartOf\":{\"@id\":\"https:\/\/www.blogsoestado.com\/evandrojunior\/#website\"},\"primaryImageOfPage\":{\"@id\":\"https:\/\/www.blogsoestado.com\/evandrojunior\/2018\/11\/22\/samara-brauna-destaca-se-no-debate-entre-candidatos-a-presidencia-da-oab-ma\/#primaryimage\"},\"image\":{\"@id\":\"https:\/\/www.blogsoestado.com\/evandrojunior\/2018\/11\/22\/samara-brauna-destaca-se-no-debate-entre-candidatos-a-presidencia-da-oab-ma\/#primaryimage\"},\"thumbnailUrl\":\"https:\/\/www.blogsoestado.com\/evandrojunior\/wp-content\/uploads\/sites\/3\/2018\/11\/Brauna-225x300.jpg\",\"datePublished\":\"2018-11-22T15:00:47+00:00\",\"author\":{\"@id\":\"https:\/\/www.blogsoestado.com\/evandrojunior\/#\/schema\/person\/3e6c3d8dbb740d1c6878ebc935cfb3be\"},\"breadcrumb\":{\"@id\":\"https:\/\/www.blogsoestado.com\/evandrojunior\/2018\/11\/22\/samara-brauna-destaca-se-no-debate-entre-candidatos-a-presidencia-da-oab-ma\/#breadcrumb\"},\"inLanguage\":\"pt-BR\",\"potentialAction\":[{\"@type\":\"ReadAction\",\"target\":[\"https:\/\/www.blogsoestado.com\/evandrojunior\/2018\/11\/22\/samara-brauna-destaca-se-no-debate-entre-candidatos-a-presidencia-da-oab-ma\/\"]}]},{\"@type\":\"ImageObject\",\"inLanguage\":\"pt-BR\",\"@id\":\"https:\/\/www.blogsoestado.com\/evandrojunior\/2018\/11\/22\/samara-brauna-destaca-se-no-debate-entre-candidatos-a-presidencia-da-oab-ma\/#primaryimage\",\"url\":\"https:\/\/www.blogsoestado.com\/evandrojunior\/wp-content\/uploads\/sites\/3\/2018\/11\/Brauna.jpg\",\"contentUrl\":\"https:\/\/www.blogsoestado.com\/evandrojunior\/wp-content\/uploads\/sites\/3\/2018\/11\/Brauna.jpg\",\"width\":768,\"height\":1024,\"caption\":\"A candidata, antes do in\u00edcio do debate\"},{\"@type\":\"BreadcrumbList\",\"@id\":\"https:\/\/www.blogsoestado.com\/evandrojunior\/2018\/11\/22\/samara-brauna-destaca-se-no-debate-entre-candidatos-a-presidencia-da-oab-ma\/#breadcrumb\",\"itemListElement\":[{\"@type\":\"ListItem\",\"position\":1,\"name\":\"In\u00edcio\",\"item\":\"https:\/\/www.blogsoestado.com\/evandrojunior\/\"},{\"@type\":\"ListItem\",\"position\":2,\"name\":\"S\u00e2mara Bra\u00fana destaca-se no debate entre candidatos \u00e0 presid\u00eancia da OAB\/MA\"}]},{\"@type\":\"WebSite\",\"@id\":\"https:\/\/www.blogsoestado.com\/evandrojunior\/#website\",\"url\":\"https:\/\/www.blogsoestado.com\/evandrojunior\/\",\"name\":\"Evandro Junior\",\"description\":\"\",\"potentialAction\":[{\"@type\":\"SearchAction\",\"target\":{\"@type\":\"EntryPoint\",\"urlTemplate\":\"https:\/\/www.blogsoestado.com\/evandrojunior\/?s={search_term_string}\"},\"query-input\":{\"@type\":\"PropertyValueSpecification\",\"valueRequired\":true,\"valueName\":\"search_term_string\"}}],\"inLanguage\":\"pt-BR\"},{\"@type\":\"Person\",\"@id\":\"https:\/\/www.blogsoestado.com\/evandrojunior\/#\/schema\/person\/3e6c3d8dbb740d1c6878ebc935cfb3be\",\"name\":\"Evandro Junior\",\"image\":{\"@type\":\"ImageObject\",\"inLanguage\":\"pt-BR\",\"@id\":\"https:\/\/www.blogsoestado.com\/evandrojunior\/#\/schema\/person\/image\/\",\"url\":\"https:\/\/secure.gravatar.com\/avatar\/f80a03a2294a580cd2318bfb459bf354cfa8be661ef3d95b542cf9a04af8d129?s=96&d=mm&r=g\",\"contentUrl\":\"https:\/\/secure.gravatar.com\/avatar\/f80a03a2294a580cd2318bfb459bf354cfa8be661ef3d95b542cf9a04af8d129?s=96&d=mm&r=g\",\"caption\":\"Evandro Junior\"},\"url\":\"https:\/\/www.blogsoestado.com\/evandrojunior\/author\/evandrojunior\/\"}]}<\/script>\n<!-- \/ Yoast SEO plugin. -->","yoast_head_json":{"title":"S\u00e2mara Bra\u00fana destaca-se no debate entre candidatos \u00e0 presid\u00eancia da OAB\/MA - Evandro Junior","robots":{"index":"index","follow":"follow","max-snippet":"max-snippet:-1","max-image-preview":"max-image-preview:large","max-video-preview":"max-video-preview:-1"},"canonical":"https:\/\/www.blogsoestado.com\/evandrojunior\/2018\/11\/22\/samara-brauna-destaca-se-no-debate-entre-candidatos-a-presidencia-da-oab-ma\/","og_locale":"pt_BR","og_type":"article","og_title":"S\u00e2mara Bra\u00fana destaca-se no debate entre candidatos \u00e0 presid\u00eancia da OAB\/MA - Evandro Junior","og_description":"&nbsp; S\u00e3o Lu\u00eds &#8211; Advogados e advogadas de todo o Estado puderam analisar propostas e tirar d\u00favidas sobre os quatro [&hellip;]","og_url":"https:\/\/www.blogsoestado.com\/evandrojunior\/2018\/11\/22\/samara-brauna-destaca-se-no-debate-entre-candidatos-a-presidencia-da-oab-ma\/","og_site_name":"Evandro Junior","article_published_time":"2018-11-22T15:00:47+00:00","og_image":[{"url":"https:\/\/www.blogsoestado.com\/evandrojunior\/wp-content\/uploads\/sites\/3\/2018\/11\/Brauna-225x300.jpg","type":"","width":"","height":""}],"author":"Evandro Junior","twitter_card":"summary_large_image","twitter_misc":{"Escrito por":"Evandro Junior","Est. tempo de leitura":"4 minutos"},"schema":{"@context":"https:\/\/schema.org","@graph":[{"@type":"WebPage","@id":"https:\/\/www.blogsoestado.com\/evandrojunior\/2018\/11\/22\/samara-brauna-destaca-se-no-debate-entre-candidatos-a-presidencia-da-oab-ma\/","url":"https:\/\/www.blogsoestado.com\/evandrojunior\/2018\/11\/22\/samara-brauna-destaca-se-no-debate-entre-candidatos-a-presidencia-da-oab-ma\/","name":"S\u00e2mara Bra\u00fana destaca-se no debate entre candidatos \u00e0 presid\u00eancia da OAB\/MA - Evandro Junior","isPartOf":{"@id":"https:\/\/www.blogsoestado.com\/evandrojunior\/#website"},"primaryImageOfPage":{"@id":"https:\/\/www.blogsoestado.com\/evandrojunior\/2018\/11\/22\/samara-brauna-destaca-se-no-debate-entre-candidatos-a-presidencia-da-oab-ma\/#primaryimage"},"image":{"@id":"https:\/\/www.blogsoestado.com\/evandrojunior\/2018\/11\/22\/samara-brauna-destaca-se-no-debate-entre-candidatos-a-presidencia-da-oab-ma\/#primaryimage"},"thumbnailUrl":"https:\/\/www.blogsoestado.com\/evandrojunior\/wp-content\/uploads\/sites\/3\/2018\/11\/Brauna-225x300.jpg","datePublished":"2018-11-22T15:00:47+00:00","author":{"@id":"https:\/\/www.blogsoestado.com\/evandrojunior\/#\/schema\/person\/3e6c3d8dbb740d1c6878ebc935cfb3be"},"breadcrumb":{"@id":"https:\/\/www.blogsoestado.com\/evandrojunior\/2018\/11\/22\/samara-brauna-destaca-se-no-debate-entre-candidatos-a-presidencia-da-oab-ma\/#breadcrumb"},"inLanguage":"pt-BR","potentialAction":[{"@type":"ReadAction","target":["https:\/\/www.blogsoestado.com\/evandrojunior\/2018\/11\/22\/samara-brauna-destaca-se-no-debate-entre-candidatos-a-presidencia-da-oab-ma\/"]}]},{"@type":"ImageObject","inLanguage":"pt-BR","@id":"https:\/\/www.blogsoestado.com\/evandrojunior\/2018\/11\/22\/samara-brauna-destaca-se-no-debate-entre-candidatos-a-presidencia-da-oab-ma\/#primaryimage","url":"https:\/\/www.blogsoestado.com\/evandrojunior\/wp-content\/uploads\/sites\/3\/2018\/11\/Brauna.jpg","contentUrl":"https:\/\/www.blogsoestado.com\/evandrojunior\/wp-content\/uploads\/sites\/3\/2018\/11\/Brauna.jpg","width":768,"height":1024,"caption":"A candidata, antes do in\u00edcio do debate"},{"@type":"BreadcrumbList","@id":"https:\/\/www.blogsoestado.com\/evandrojunior\/2018\/11\/22\/samara-brauna-destaca-se-no-debate-entre-candidatos-a-presidencia-da-oab-ma\/#breadcrumb","itemListElement":[{"@type":"ListItem","position":1,"name":"In\u00edcio","item":"https:\/\/www.blogsoestado.com\/evandrojunior\/"},{"@type":"ListItem","position":2,"name":"S\u00e2mara Bra\u00fana destaca-se no debate entre candidatos \u00e0 presid\u00eancia da OAB\/MA"}]},{"@type":"WebSite","@id":"https:\/\/www.blogsoestado.com\/evandrojunior\/#website","url":"https:\/\/www.blogsoestado.com\/evandrojunior\/","name":"Evandro Junior","description":"","potentialAction":[{"@type":"SearchAction","target":{"@type":"EntryPoint","urlTemplate":"https:\/\/www.blogsoestado.com\/evandrojunior\/?s={search_term_string}"},"query-input":{"@type":"PropertyValueSpecification","valueRequired":true,"valueName":"search_term_string"}}],"inLanguage":"pt-BR"},{"@type":"Person","@id":"https:\/\/www.blogsoestado.com\/evandrojunior\/#\/schema\/person\/3e6c3d8dbb740d1c6878ebc935cfb3be","name":"Evandro Junior","image":{"@type":"ImageObject","inLanguage":"pt-BR","@id":"https:\/\/www.blogsoestado.com\/evandrojunior\/#\/schema\/person\/image\/","url":"https:\/\/secure.gravatar.com\/avatar\/f80a03a2294a580cd2318bfb459bf354cfa8be661ef3d95b542cf9a04af8d129?s=96&d=mm&r=g","contentUrl":"https:\/\/secure.gravatar.com\/avatar\/f80a03a2294a580cd2318bfb459bf354cfa8be661ef3d95b542cf9a04af8d129?s=96&d=mm&r=g","caption":"Evandro Junior"},"url":"https:\/\/www.blogsoestado.com\/evandrojunior\/author\/evandrojunior\/"}]}},"jetpack_featured_media_url":"","_links":{"self":[{"href":"https:\/\/www.blogsoestado.com\/evandrojunior\/wp-json\/wp\/v2\/posts\/1435","targetHints":{"allow":["GET"]}}],"collection":[{"href":"https:\/\/www.blogsoestado.com\/evandrojunior\/wp-json\/wp\/v2\/posts"}],"about":[{"href":"https:\/\/www.blogsoestado.com\/evandrojunior\/wp-json\/wp\/v2\/types\/post"}],"author":[{"embeddable":true,"href":"https:\/\/www.blogsoestado.com\/evandrojunior\/wp-json\/wp\/v2\/users\/4"}],"replies":[{"embeddable":true,"href":"https:\/\/www.blogsoestado.com\/evandrojunior\/wp-json\/wp\/v2\/comments?post=1435"}],"version-history":[{"count":0,"href":"https:\/\/www.blogsoestado.com\/evandrojunior\/wp-json\/wp\/v2\/posts\/1435\/revisions"}],"wp:attachment":[{"href":"https:\/\/www.blogsoestado.com\/evandrojunior\/wp-json\/wp\/v2\/media?parent=1435"}],"wp:term":[{"taxonomy":"category","embeddable":true,"href":"https:\/\/www.blogsoestado.com\/evandrojunior\/wp-json\/wp\/v2\/categories?post=1435"},{"taxonomy":"post_tag","embeddable":true,"href":"https:\/\/www.blogsoestado.com\/evandrojunior\/wp-json\/wp\/v2\/tags?post=1435"}],"curies":[{"name":"wp","href":"https:\/\/api.w.org\/{rel}","templated":true}]}}