{"id":14383,"date":"2025-02-01T09:34:45","date_gmt":"2025-02-01T12:34:45","guid":{"rendered":"https:\/\/www.blogsoestado.com\/evandrojunior\/?p=14383"},"modified":"2025-02-01T09:34:45","modified_gmt":"2025-02-01T12:34:45","slug":"domingo-e-dia-de-bloquinho-no-beira-dumar","status":"publish","type":"post","link":"https:\/\/www.blogsoestado.com\/evandrojunior\/2025\/02\/01\/domingo-e-dia-de-bloquinho-no-beira-dumar\/","title":{"rendered":"Domingo \u00e9 dia de Bloquinho no Beira Dumar"},"content":{"rendered":"\n<div class=\"wp-block-image\"><figure class=\"aligncenter size-large is-resized\"><img fetchpriority=\"high\" decoding=\"async\" src=\"https:\/\/www.blogsoestado.com\/evandrojunior\/files\/2025\/02\/image.png\" alt=\"\" class=\"wp-image-14384\" width=\"551\" height=\"276\"\/><figcaption><strong>\u00c1lvaro Neto e Thiaguin agitam o Beira Dumar neste domingo <\/strong>(2)<\/figcaption><\/figure><\/div>\n\n\n\n<p><strong>S\u00c3O LU\u00cdS<\/strong> &#8211; Neste domingo (2), \u00e0s 16h, o Beira Dumar, mais prestigiado espa\u00e7o musical do Centro Hist\u00f3rico de S\u00e3o Lu\u00eds, recebe os cantores \u00c1lvaro Neto e Thiaguin, direto de Teresina, para a festa Conex\u00e3o THE, que tamb\u00e9m inclui outros artistas, bandas e DJs. Os ingressos est\u00e3o dispon\u00edveis na Bilheteria Digital.<\/p>\n\n\n\n<p>O evento d\u00e1 continuidade \u00e0s pr\u00e9vias carnavalescas realizadas aos domingos no Beira Dumar, mas desta vez reunindo dois artistas j\u00e1 carimbados na programa\u00e7\u00e3o de Teresina (PI), como convidados especiais do produtor cultural Ricardo Pororoca.<\/p>\n\n\n\n<p>\u201c\u00c9 uma forma de diversificar a nossa programa\u00e7\u00e3o de pr\u00e9-Carnaval, trazendo artistas que movimentam a agenda cultural no Piau\u00ed e que chegam para fazer esse interc\u00e2mbio musical na nossa domingueira. Nossa inten\u00e7\u00e3o \u00e9 tornar cada vez mais animado o nosso per\u00edodo que antecede a folia momesca\u201d, frisou Ricardo Pororoca.<\/p>\n\n\n\n<p>O cantor, m\u00fasico e compositor \u00c1lvaro Neto, por exemplo, j\u00e1 cantou em diversas cidades do Nordeste e tem v\u00e1rias m\u00fasicas no portf\u00f3lio, entre elas, \u201cN\u00e3o faz Assim\u201d, \u201cBotad\u00e3o\u201d, \u201cVermelhinho\u201d, \u201cSequ\u00eancia de botada\u201d, \u201cInsuper\u00e1vel\u201d e \u201cTouro Mec\u00e2nico\u201d.<\/p>\n\n\n\n<p>Thiaguinho tamb\u00e9m j\u00e1 se apresentou em S\u00e3o Lu\u00eds e vai levar sua jovialidade e a descontra\u00e7\u00e3o com as quais costuma animar os melhores eventos na capital piauiense.<\/p>\n\n\n\n<p>A programa\u00e7\u00e3o, no entanto, n\u00e3o fica por a\u00ed. J\u00e1 confirmaram presen\u00e7a, tamb\u00e9m, os grupos CDC e Os Par\u00e7as. A participa\u00e7\u00e3o especial ser\u00e1 o cantor L\u00e9o Fera. Os DJs Ars\u00eanio Filho, Amanda e Razuk completam o lineup. Al\u00e9m disso, haver\u00e1 transmiss\u00e3o, em tel\u00e3o, da final da Super Copa, com o duelo entre Flamengo e Botafogo.<\/p>\n\n\n\n<p>O Casar\u00e3o Beira Dumar fez muito sucesso em 2024 e est\u00e1 repetindo a dose no in\u00edcio de 2025. O espa\u00e7o agrada pela estrutura diferenciada, com&nbsp; dois pisos, palco 360 graus e diferentes setores.<\/p>\n","protected":false},"excerpt":{"rendered":"<p>S\u00c3O LU\u00cdS &#8211; Neste domingo (2), \u00e0s 16h, o Beira Dumar, mais prestigiado espa\u00e7o musical do Centro Hist\u00f3rico de S\u00e3o [&hellip;]<\/p>\n","protected":false},"author":4,"featured_media":0,"comment_status":"open","ping_status":"open","sticky":false,"template":"","format":"standard","meta":{"site-sidebar-layout":"default","site-content-layout":"","ast-site-content-layout":"default","site-content-style":"default","site-sidebar-style":"default","ast-global-header-display":"","ast-banner-title-visibility":"","ast-main-header-display":"","ast-hfb-above-header-display":"","ast-hfb-below-header-display":"","ast-hfb-mobile-header-display":"","site-post-title":"","ast-breadcrumbs-content":"","ast-featured-img":"","footer-sml-layout":"","ast-disable-related-posts":"","theme-transparent-header-meta":"","adv-header-id-meta":"","stick-header-meta":"","header-above-stick-meta":"","header-main-stick-meta":"","header-below-stick-meta":"","astra-migrate-meta-layouts":"default","ast-page-background-enabled":"default","ast-page-background-meta":{"desktop":{"background-color":"var(--ast-global-color-5)","background-image":"","background-repeat":"repeat","background-position":"center center","background-size":"auto","background-attachment":"scroll","background-type":"","background-media":"","overlay-type":"","overlay-color":"","overlay-opacity":"","overlay-gradient":""},"tablet":{"background-color":"","background-image":"","background-repeat":"repeat","background-position":"center center","background-size":"auto","background-attachment":"scroll","background-type":"","background-media":"","overlay-type":"","overlay-color":"","overlay-opacity":"","overlay-gradient":""},"mobile":{"background-color":"","background-image":"","background-repeat":"repeat","background-position":"center center","background-size":"auto","background-attachment":"scroll","background-type":"","background-media":"","overlay-type":"","overlay-color":"","overlay-opacity":"","overlay-gradient":""}},"ast-content-background-meta":{"desktop":{"background-color":"var(--ast-global-color-4)","background-image":"","background-repeat":"repeat","background-position":"center center","background-size":"auto","background-attachment":"scroll","background-type":"","background-media":"","overlay-type":"","overlay-color":"","overlay-opacity":"","overlay-gradient":""},"tablet":{"background-color":"var(--ast-global-color-4)","background-image":"","background-repeat":"repeat","background-position":"center center","background-size":"auto","background-attachment":"scroll","background-type":"","background-media":"","overlay-type":"","overlay-color":"","overlay-opacity":"","overlay-gradient":""},"mobile":{"background-color":"var(--ast-global-color-4)","background-image":"","background-repeat":"repeat","background-position":"center center","background-size":"auto","background-attachment":"scroll","background-type":"","background-media":"","overlay-type":"","overlay-color":"","overlay-opacity":"","overlay-gradient":""}},"footnotes":""},"categories":[1],"tags":[],"class_list":["post-14383","post","type-post","status-publish","format-standard","hentry","category-sem-categoria"],"yoast_head":"<!-- This site is optimized with the Yoast SEO plugin v26.6 - https:\/\/yoast.com\/wordpress\/plugins\/seo\/ -->\n<title>Domingo \u00e9 dia de Bloquinho no Beira Dumar - Evandro Junior<\/title>\n<meta name=\"robots\" content=\"index, follow, max-snippet:-1, max-image-preview:large, max-video-preview:-1\" \/>\n<link rel=\"canonical\" href=\"https:\/\/www.blogsoestado.com\/evandrojunior\/2025\/02\/01\/domingo-e-dia-de-bloquinho-no-beira-dumar\/\" \/>\n<meta property=\"og:locale\" content=\"pt_BR\" \/>\n<meta property=\"og:type\" content=\"article\" \/>\n<meta property=\"og:title\" content=\"Domingo \u00e9 dia de Bloquinho no Beira Dumar - Evandro Junior\" \/>\n<meta property=\"og:description\" content=\"S\u00c3O LU\u00cdS &#8211; Neste domingo (2), \u00e0s 16h, o Beira Dumar, mais prestigiado espa\u00e7o musical do Centro Hist\u00f3rico de S\u00e3o [&hellip;]\" \/>\n<meta property=\"og:url\" content=\"https:\/\/www.blogsoestado.com\/evandrojunior\/2025\/02\/01\/domingo-e-dia-de-bloquinho-no-beira-dumar\/\" \/>\n<meta property=\"og:site_name\" content=\"Evandro Junior\" \/>\n<meta property=\"article:published_time\" content=\"2025-02-01T12:34:45+00:00\" \/>\n<meta property=\"og:image\" content=\"https:\/\/www.blogsoestado.com\/evandrojunior\/files\/2025\/02\/image.png\" \/>\n<meta name=\"author\" content=\"Evandro Junior\" \/>\n<meta name=\"twitter:card\" content=\"summary_large_image\" \/>\n<meta name=\"twitter:label1\" content=\"Escrito por\" \/>\n\t<meta name=\"twitter:data1\" content=\"Evandro Junior\" \/>\n\t<meta name=\"twitter:label2\" content=\"Est. tempo de leitura\" \/>\n\t<meta name=\"twitter:data2\" content=\"2 minutos\" \/>\n<script type=\"application\/ld+json\" class=\"yoast-schema-graph\">{\"@context\":\"https:\/\/schema.org\",\"@graph\":[{\"@type\":\"WebPage\",\"@id\":\"https:\/\/www.blogsoestado.com\/evandrojunior\/2025\/02\/01\/domingo-e-dia-de-bloquinho-no-beira-dumar\/\",\"url\":\"https:\/\/www.blogsoestado.com\/evandrojunior\/2025\/02\/01\/domingo-e-dia-de-bloquinho-no-beira-dumar\/\",\"name\":\"Domingo \u00e9 dia de Bloquinho no Beira Dumar - Evandro Junior\",\"isPartOf\":{\"@id\":\"https:\/\/www.blogsoestado.com\/evandrojunior\/#website\"},\"primaryImageOfPage\":{\"@id\":\"https:\/\/www.blogsoestado.com\/evandrojunior\/2025\/02\/01\/domingo-e-dia-de-bloquinho-no-beira-dumar\/#primaryimage\"},\"image\":{\"@id\":\"https:\/\/www.blogsoestado.com\/evandrojunior\/2025\/02\/01\/domingo-e-dia-de-bloquinho-no-beira-dumar\/#primaryimage\"},\"thumbnailUrl\":\"https:\/\/www.blogsoestado.com\/evandrojunior\/files\/2025\/02\/image.png\",\"datePublished\":\"2025-02-01T12:34:45+00:00\",\"author\":{\"@id\":\"https:\/\/www.blogsoestado.com\/evandrojunior\/#\/schema\/person\/3e6c3d8dbb740d1c6878ebc935cfb3be\"},\"breadcrumb\":{\"@id\":\"https:\/\/www.blogsoestado.com\/evandrojunior\/2025\/02\/01\/domingo-e-dia-de-bloquinho-no-beira-dumar\/#breadcrumb\"},\"inLanguage\":\"pt-BR\",\"potentialAction\":[{\"@type\":\"ReadAction\",\"target\":[\"https:\/\/www.blogsoestado.com\/evandrojunior\/2025\/02\/01\/domingo-e-dia-de-bloquinho-no-beira-dumar\/\"]}]},{\"@type\":\"ImageObject\",\"inLanguage\":\"pt-BR\",\"@id\":\"https:\/\/www.blogsoestado.com\/evandrojunior\/2025\/02\/01\/domingo-e-dia-de-bloquinho-no-beira-dumar\/#primaryimage\",\"url\":\"https:\/\/www.blogsoestado.com\/evandrojunior\/files\/2025\/02\/image.png\",\"contentUrl\":\"https:\/\/www.blogsoestado.com\/evandrojunior\/files\/2025\/02\/image.png\"},{\"@type\":\"BreadcrumbList\",\"@id\":\"https:\/\/www.blogsoestado.com\/evandrojunior\/2025\/02\/01\/domingo-e-dia-de-bloquinho-no-beira-dumar\/#breadcrumb\",\"itemListElement\":[{\"@type\":\"ListItem\",\"position\":1,\"name\":\"In\u00edcio\",\"item\":\"https:\/\/www.blogsoestado.com\/evandrojunior\/\"},{\"@type\":\"ListItem\",\"position\":2,\"name\":\"Domingo \u00e9 dia de Bloquinho no Beira Dumar\"}]},{\"@type\":\"WebSite\",\"@id\":\"https:\/\/www.blogsoestado.com\/evandrojunior\/#website\",\"url\":\"https:\/\/www.blogsoestado.com\/evandrojunior\/\",\"name\":\"Evandro Junior\",\"description\":\"\",\"potentialAction\":[{\"@type\":\"SearchAction\",\"target\":{\"@type\":\"EntryPoint\",\"urlTemplate\":\"https:\/\/www.blogsoestado.com\/evandrojunior\/?s={search_term_string}\"},\"query-input\":{\"@type\":\"PropertyValueSpecification\",\"valueRequired\":true,\"valueName\":\"search_term_string\"}}],\"inLanguage\":\"pt-BR\"},{\"@type\":\"Person\",\"@id\":\"https:\/\/www.blogsoestado.com\/evandrojunior\/#\/schema\/person\/3e6c3d8dbb740d1c6878ebc935cfb3be\",\"name\":\"Evandro Junior\",\"image\":{\"@type\":\"ImageObject\",\"inLanguage\":\"pt-BR\",\"@id\":\"https:\/\/www.blogsoestado.com\/evandrojunior\/#\/schema\/person\/image\/\",\"url\":\"https:\/\/secure.gravatar.com\/avatar\/f80a03a2294a580cd2318bfb459bf354cfa8be661ef3d95b542cf9a04af8d129?s=96&d=mm&r=g\",\"contentUrl\":\"https:\/\/secure.gravatar.com\/avatar\/f80a03a2294a580cd2318bfb459bf354cfa8be661ef3d95b542cf9a04af8d129?s=96&d=mm&r=g\",\"caption\":\"Evandro Junior\"},\"url\":\"https:\/\/www.blogsoestado.com\/evandrojunior\/author\/evandrojunior\/\"}]}<\/script>\n<!-- \/ Yoast SEO plugin. -->","yoast_head_json":{"title":"Domingo \u00e9 dia de Bloquinho no Beira Dumar - Evandro Junior","robots":{"index":"index","follow":"follow","max-snippet":"max-snippet:-1","max-image-preview":"max-image-preview:large","max-video-preview":"max-video-preview:-1"},"canonical":"https:\/\/www.blogsoestado.com\/evandrojunior\/2025\/02\/01\/domingo-e-dia-de-bloquinho-no-beira-dumar\/","og_locale":"pt_BR","og_type":"article","og_title":"Domingo \u00e9 dia de Bloquinho no Beira Dumar - Evandro Junior","og_description":"S\u00c3O LU\u00cdS &#8211; Neste domingo (2), \u00e0s 16h, o Beira Dumar, mais prestigiado espa\u00e7o musical do Centro Hist\u00f3rico de S\u00e3o [&hellip;]","og_url":"https:\/\/www.blogsoestado.com\/evandrojunior\/2025\/02\/01\/domingo-e-dia-de-bloquinho-no-beira-dumar\/","og_site_name":"Evandro Junior","article_published_time":"2025-02-01T12:34:45+00:00","og_image":[{"url":"https:\/\/www.blogsoestado.com\/evandrojunior\/files\/2025\/02\/image.png","type":"","width":"","height":""}],"author":"Evandro Junior","twitter_card":"summary_large_image","twitter_misc":{"Escrito por":"Evandro Junior","Est. tempo de leitura":"2 minutos"},"schema":{"@context":"https:\/\/schema.org","@graph":[{"@type":"WebPage","@id":"https:\/\/www.blogsoestado.com\/evandrojunior\/2025\/02\/01\/domingo-e-dia-de-bloquinho-no-beira-dumar\/","url":"https:\/\/www.blogsoestado.com\/evandrojunior\/2025\/02\/01\/domingo-e-dia-de-bloquinho-no-beira-dumar\/","name":"Domingo \u00e9 dia de Bloquinho no Beira Dumar - Evandro Junior","isPartOf":{"@id":"https:\/\/www.blogsoestado.com\/evandrojunior\/#website"},"primaryImageOfPage":{"@id":"https:\/\/www.blogsoestado.com\/evandrojunior\/2025\/02\/01\/domingo-e-dia-de-bloquinho-no-beira-dumar\/#primaryimage"},"image":{"@id":"https:\/\/www.blogsoestado.com\/evandrojunior\/2025\/02\/01\/domingo-e-dia-de-bloquinho-no-beira-dumar\/#primaryimage"},"thumbnailUrl":"https:\/\/www.blogsoestado.com\/evandrojunior\/files\/2025\/02\/image.png","datePublished":"2025-02-01T12:34:45+00:00","author":{"@id":"https:\/\/www.blogsoestado.com\/evandrojunior\/#\/schema\/person\/3e6c3d8dbb740d1c6878ebc935cfb3be"},"breadcrumb":{"@id":"https:\/\/www.blogsoestado.com\/evandrojunior\/2025\/02\/01\/domingo-e-dia-de-bloquinho-no-beira-dumar\/#breadcrumb"},"inLanguage":"pt-BR","potentialAction":[{"@type":"ReadAction","target":["https:\/\/www.blogsoestado.com\/evandrojunior\/2025\/02\/01\/domingo-e-dia-de-bloquinho-no-beira-dumar\/"]}]},{"@type":"ImageObject","inLanguage":"pt-BR","@id":"https:\/\/www.blogsoestado.com\/evandrojunior\/2025\/02\/01\/domingo-e-dia-de-bloquinho-no-beira-dumar\/#primaryimage","url":"https:\/\/www.blogsoestado.com\/evandrojunior\/files\/2025\/02\/image.png","contentUrl":"https:\/\/www.blogsoestado.com\/evandrojunior\/files\/2025\/02\/image.png"},{"@type":"BreadcrumbList","@id":"https:\/\/www.blogsoestado.com\/evandrojunior\/2025\/02\/01\/domingo-e-dia-de-bloquinho-no-beira-dumar\/#breadcrumb","itemListElement":[{"@type":"ListItem","position":1,"name":"In\u00edcio","item":"https:\/\/www.blogsoestado.com\/evandrojunior\/"},{"@type":"ListItem","position":2,"name":"Domingo \u00e9 dia de Bloquinho no Beira Dumar"}]},{"@type":"WebSite","@id":"https:\/\/www.blogsoestado.com\/evandrojunior\/#website","url":"https:\/\/www.blogsoestado.com\/evandrojunior\/","name":"Evandro Junior","description":"","potentialAction":[{"@type":"SearchAction","target":{"@type":"EntryPoint","urlTemplate":"https:\/\/www.blogsoestado.com\/evandrojunior\/?s={search_term_string}"},"query-input":{"@type":"PropertyValueSpecification","valueRequired":true,"valueName":"search_term_string"}}],"inLanguage":"pt-BR"},{"@type":"Person","@id":"https:\/\/www.blogsoestado.com\/evandrojunior\/#\/schema\/person\/3e6c3d8dbb740d1c6878ebc935cfb3be","name":"Evandro Junior","image":{"@type":"ImageObject","inLanguage":"pt-BR","@id":"https:\/\/www.blogsoestado.com\/evandrojunior\/#\/schema\/person\/image\/","url":"https:\/\/secure.gravatar.com\/avatar\/f80a03a2294a580cd2318bfb459bf354cfa8be661ef3d95b542cf9a04af8d129?s=96&d=mm&r=g","contentUrl":"https:\/\/secure.gravatar.com\/avatar\/f80a03a2294a580cd2318bfb459bf354cfa8be661ef3d95b542cf9a04af8d129?s=96&d=mm&r=g","caption":"Evandro Junior"},"url":"https:\/\/www.blogsoestado.com\/evandrojunior\/author\/evandrojunior\/"}]}},"jetpack_featured_media_url":"","_links":{"self":[{"href":"https:\/\/www.blogsoestado.com\/evandrojunior\/wp-json\/wp\/v2\/posts\/14383","targetHints":{"allow":["GET"]}}],"collection":[{"href":"https:\/\/www.blogsoestado.com\/evandrojunior\/wp-json\/wp\/v2\/posts"}],"about":[{"href":"https:\/\/www.blogsoestado.com\/evandrojunior\/wp-json\/wp\/v2\/types\/post"}],"author":[{"embeddable":true,"href":"https:\/\/www.blogsoestado.com\/evandrojunior\/wp-json\/wp\/v2\/users\/4"}],"replies":[{"embeddable":true,"href":"https:\/\/www.blogsoestado.com\/evandrojunior\/wp-json\/wp\/v2\/comments?post=14383"}],"version-history":[{"count":0,"href":"https:\/\/www.blogsoestado.com\/evandrojunior\/wp-json\/wp\/v2\/posts\/14383\/revisions"}],"wp:attachment":[{"href":"https:\/\/www.blogsoestado.com\/evandrojunior\/wp-json\/wp\/v2\/media?parent=14383"}],"wp:term":[{"taxonomy":"category","embeddable":true,"href":"https:\/\/www.blogsoestado.com\/evandrojunior\/wp-json\/wp\/v2\/categories?post=14383"},{"taxonomy":"post_tag","embeddable":true,"href":"https:\/\/www.blogsoestado.com\/evandrojunior\/wp-json\/wp\/v2\/tags?post=14383"}],"curies":[{"name":"wp","href":"https:\/\/api.w.org\/{rel}","templated":true}]}}