{"id":14489,"date":"2025-02-10T16:13:42","date_gmt":"2025-02-10T19:13:42","guid":{"rendered":"https:\/\/www.blogsoestado.com\/evandrojunior\/?p=14489"},"modified":"2025-02-10T16:13:42","modified_gmt":"2025-02-10T19:13:42","slug":"camarote-ilha-esta-bombando-no-circuito-litoranea","status":"publish","type":"post","link":"https:\/\/www.blogsoestado.com\/evandrojunior\/2025\/02\/10\/camarote-ilha-esta-bombando-no-circuito-litoranea\/","title":{"rendered":"Camarote Ilha est\u00e1 agitando o Circuito Litor\u00e2nea"},"content":{"rendered":"\n<div class=\"wp-block-image\"><figure class=\"aligncenter size-large is-resized\"><img fetchpriority=\"high\" decoding=\"async\" src=\"https:\/\/www.blogsoestado.com\/evandrojunior\/files\/2025\/02\/DSC02900-683x1024.jpeg\" alt=\"\" class=\"wp-image-14504\" width=\"346\" height=\"519\"\/><figcaption>P\u00fablico prestigia programa\u00e7\u00e3o do Camarote Ilha<\/figcaption><\/figure><\/div>\n\n\n\n<p><strong>S\u00c3O LU\u00cdS<\/strong> &#8211; A folia est\u00e1 correndo solta no Circuito Vem Pro Mar, na Avenida Litor\u00e2nea. Al\u00e9m da pipoca, os camarotes garantem mais conforto aos foli\u00f5es que querem assistam \u00e0 passagem dos trios el\u00e9tricos e acompanhar a movimenta\u00e7\u00e3o no corredor da folia com mais tranquilidade. <\/p>\n\n\n\n<p>Al\u00e9m disso, h\u00e1 palcos montados dentro desses espa\u00e7os, onde se apresentam diversos artistas, garantindo divers\u00e3o independente dos trios el\u00e9tricos. Ou seja, a festa come\u00e7a antes e sempre termina depois. Al\u00e9m disso, os artistas e bandas seguram a peteca nos intervalos da passagem dos trios.<\/p>\n\n\n\n<div class=\"wp-block-image\"><figure class=\"aligncenter size-large is-resized\"><img decoding=\"async\" src=\"https:\/\/www.blogsoestado.com\/evandrojunior\/files\/2025\/02\/DSC03143-683x1024.jpeg\" alt=\"\" class=\"wp-image-14490\" width=\"365\" height=\"548\"\/><figcaption><strong><strong>Camarote Ilha \u00e9 um dos espa\u00e7os disputados no Circuito Litor\u00e2nea<\/strong><\/strong><\/figcaption><\/figure><\/div>\n\n\n\n<div class=\"wp-block-image\"><figure class=\"aligncenter size-large is-resized\"><img decoding=\"async\" src=\"https:\/\/www.blogsoestado.com\/evandrojunior\/files\/2025\/02\/DSC03181-683x1024.jpeg\" alt=\"\" class=\"wp-image-14491\" width=\"369\" height=\"554\"\/><figcaption><strong>Par\u00e1 Figueiredo e Paula no Camarote Ilha, que tem atra\u00eddo as aten\u00e7\u00f5es de p\u00fablico animado no circuito de pr\u00e9-Carnaval na Avenida Litor\u00e2nea<\/strong><\/figcaption><\/figure><\/div>\n\n\n\n<div class=\"wp-block-image\"><figure class=\"aligncenter size-large is-resized\"><img loading=\"lazy\" decoding=\"async\" src=\"https:\/\/www.blogsoestado.com\/evandrojunior\/files\/2025\/02\/DSC03193-740x1024.jpeg\" alt=\"\" class=\"wp-image-14492\" width=\"375\" height=\"519\"\/><figcaption><strong>Espa\u00e7o re\u00fane turma animada, de bem com a vida e que n\u00e3o dispensa um pr\u00e9-Carnaval <\/strong><\/figcaption><\/figure><\/div>\n\n\n\n<p>Um dos que est\u00e1 dando o que falar \u00e9 o Camarote Ilha, gerenciado pela Acontece Produ\u00e7\u00f5es, reunindo Reprise e RC Eventos. O espa\u00e7o atrai p\u00fablico de todas as idades e est\u00e1 bem localizado no circuito. <\/p>\n\n\n\n<div class=\"wp-block-image\"><figure class=\"aligncenter size-large is-resized\"><img loading=\"lazy\" decoding=\"async\" src=\"https:\/\/www.blogsoestado.com\/evandrojunior\/files\/2025\/02\/DSC03246-683x1024.jpeg\" alt=\"\" class=\"wp-image-14493\" width=\"381\" height=\"571\"\/><figcaption><strong>Folionas marcam presen\u00e7a no Camarote Ilha <\/strong><\/figcaption><\/figure><\/div>\n\n\n\n<div class=\"wp-block-image\"><figure class=\"aligncenter size-large is-resized\"><img loading=\"lazy\" decoding=\"async\" src=\"https:\/\/www.blogsoestado.com\/evandrojunior\/files\/2025\/02\/DSC03280-683x1024.jpeg\" alt=\"\" class=\"wp-image-14494\" width=\"389\" height=\"584\"\/><figcaption><strong>Kazuo, Paiz\u00e3o, Renato e Luan Jorge, da equipe de produ\u00e7\u00e3o do espa\u00e7o<\/strong><\/figcaption><\/figure><\/div>\n\n\n\n<div class=\"wp-block-image\"><figure class=\"aligncenter size-large is-resized\"><img loading=\"lazy\" decoding=\"async\" src=\"https:\/\/www.blogsoestado.com\/evandrojunior\/files\/2025\/02\/DSC03023-683x1024.jpeg\" alt=\"\" class=\"wp-image-14495\" width=\"398\" height=\"597\"\/><figcaption><strong>O cantor Gustavo Ribeiro animou o p\u00fablico do Camarote Ilha<\/strong><\/figcaption><\/figure><\/div>\n\n\n\n<p>Segundo o produtor Luan Jorge, no pr\u00f3ximo domingo (16), quando se apresentam M\u00e1quina de Descascar\u2019Alho, Nanda Furtado, Bruno Shinoda, Nuzio e Banda Eva, o Camarote Ilha receber\u00e1 Allyson Tavares e Eli cantor, dos artistas bastante conhecidos na cidade e que v\u00e3o elevar a temperatura do espa\u00e7o.<\/p>\n\n\n\n<div class=\"wp-block-image\"><figure class=\"aligncenter size-large is-resized\"><img loading=\"lazy\" decoding=\"async\" src=\"https:\/\/www.blogsoestado.com\/evandrojunior\/files\/2025\/02\/DSC03082-683x1024.jpeg\" alt=\"\" class=\"wp-image-14496\" width=\"407\" height=\"611\"\/><figcaption><strong>A descontra\u00e7\u00e3o de quem marca presen\u00e7a no Camarote Ilha<\/strong><\/figcaption><\/figure><\/div>\n\n\n\n<div class=\"wp-block-image\"><figure class=\"aligncenter size-large is-resized\"><img loading=\"lazy\" decoding=\"async\" src=\"https:\/\/www.blogsoestado.com\/evandrojunior\/files\/2025\/02\/DSC03542-683x1024.jpeg\" alt=\"\" class=\"wp-image-14497\" width=\"402\" height=\"603\"\/><figcaption><strong>Grupo animado de amigas faz a festa dentro do camarote<\/strong><\/figcaption><\/figure><\/div>\n\n\n\n<div class=\"wp-block-image\"><figure class=\"aligncenter size-large is-resized\"><img loading=\"lazy\" decoding=\"async\" src=\"https:\/\/www.blogsoestado.com\/evandrojunior\/files\/2025\/02\/DSC04085-683x1024.jpeg\" alt=\"\" class=\"wp-image-14501\" width=\"408\" height=\"612\"\/><figcaption><strong>Ala feminina marca presen\u00e7a em peso no Camarote Ilha<\/strong><\/figcaption><\/figure><\/div>\n","protected":false},"excerpt":{"rendered":"<p>S\u00c3O LU\u00cdS &#8211; A folia est\u00e1 correndo solta no Circuito Vem Pro Mar, na Avenida Litor\u00e2nea. Al\u00e9m da pipoca, os [&hellip;]<\/p>\n","protected":false},"author":4,"featured_media":0,"comment_status":"open","ping_status":"open","sticky":false,"template":"","format":"standard","meta":{"site-sidebar-layout":"default","site-content-layout":"","ast-site-content-layout":"default","site-content-style":"default","site-sidebar-style":"default","ast-global-header-display":"","ast-banner-title-visibility":"","ast-main-header-display":"","ast-hfb-above-header-display":"","ast-hfb-below-header-display":"","ast-hfb-mobile-header-display":"","site-post-title":"","ast-breadcrumbs-content":"","ast-featured-img":"","footer-sml-layout":"","ast-disable-related-posts":"","theme-transparent-header-meta":"","adv-header-id-meta":"","stick-header-meta":"","header-above-stick-meta":"","header-main-stick-meta":"","header-below-stick-meta":"","astra-migrate-meta-layouts":"default","ast-page-background-enabled":"default","ast-page-background-meta":{"desktop":{"background-color":"var(--ast-global-color-5)","background-image":"","background-repeat":"repeat","background-position":"center center","background-size":"auto","background-attachment":"scroll","background-type":"","background-media":"","overlay-type":"","overlay-color":"","overlay-opacity":"","overlay-gradient":""},"tablet":{"background-color":"","background-image":"","background-repeat":"repeat","background-position":"center center","background-size":"auto","background-attachment":"scroll","background-type":"","background-media":"","overlay-type":"","overlay-color":"","overlay-opacity":"","overlay-gradient":""},"mobile":{"background-color":"","background-image":"","background-repeat":"repeat","background-position":"center center","background-size":"auto","background-attachment":"scroll","background-type":"","background-media":"","overlay-type":"","overlay-color":"","overlay-opacity":"","overlay-gradient":""}},"ast-content-background-meta":{"desktop":{"background-color":"var(--ast-global-color-4)","background-image":"","background-repeat":"repeat","background-position":"center center","background-size":"auto","background-attachment":"scroll","background-type":"","background-media":"","overlay-type":"","overlay-color":"","overlay-opacity":"","overlay-gradient":""},"tablet":{"background-color":"var(--ast-global-color-4)","background-image":"","background-repeat":"repeat","background-position":"center center","background-size":"auto","background-attachment":"scroll","background-type":"","background-media":"","overlay-type":"","overlay-color":"","overlay-opacity":"","overlay-gradient":""},"mobile":{"background-color":"var(--ast-global-color-4)","background-image":"","background-repeat":"repeat","background-position":"center center","background-size":"auto","background-attachment":"scroll","background-type":"","background-media":"","overlay-type":"","overlay-color":"","overlay-opacity":"","overlay-gradient":""}},"footnotes":""},"categories":[1],"tags":[],"class_list":["post-14489","post","type-post","status-publish","format-standard","hentry","category-sem-categoria"],"yoast_head":"<!-- This site is optimized with the Yoast SEO plugin v26.6 - https:\/\/yoast.com\/wordpress\/plugins\/seo\/ -->\n<title>Camarote Ilha est\u00e1 agitando o Circuito Litor\u00e2nea - Evandro Junior<\/title>\n<meta name=\"robots\" content=\"index, follow, max-snippet:-1, max-image-preview:large, max-video-preview:-1\" \/>\n<link rel=\"canonical\" href=\"https:\/\/www.blogsoestado.com\/evandrojunior\/2025\/02\/10\/camarote-ilha-esta-bombando-no-circuito-litoranea\/\" \/>\n<meta property=\"og:locale\" content=\"pt_BR\" \/>\n<meta property=\"og:type\" content=\"article\" \/>\n<meta property=\"og:title\" content=\"Camarote Ilha est\u00e1 agitando o Circuito Litor\u00e2nea - Evandro Junior\" \/>\n<meta property=\"og:description\" content=\"S\u00c3O LU\u00cdS &#8211; A folia est\u00e1 correndo solta no Circuito Vem Pro Mar, na Avenida Litor\u00e2nea. Al\u00e9m da pipoca, os [&hellip;]\" \/>\n<meta property=\"og:url\" content=\"https:\/\/www.blogsoestado.com\/evandrojunior\/2025\/02\/10\/camarote-ilha-esta-bombando-no-circuito-litoranea\/\" \/>\n<meta property=\"og:site_name\" content=\"Evandro Junior\" \/>\n<meta property=\"article:published_time\" content=\"2025-02-10T19:13:42+00:00\" \/>\n<meta property=\"og:image\" content=\"https:\/\/www.blogsoestado.com\/evandrojunior\/files\/2025\/02\/DSC02900-683x1024.jpeg\" \/>\n<meta name=\"author\" content=\"Evandro Junior\" \/>\n<meta name=\"twitter:card\" content=\"summary_large_image\" \/>\n<meta name=\"twitter:label1\" content=\"Escrito por\" \/>\n\t<meta name=\"twitter:data1\" content=\"Evandro Junior\" \/>\n\t<meta name=\"twitter:label2\" content=\"Est. tempo de leitura\" \/>\n\t<meta name=\"twitter:data2\" content=\"4 minutos\" \/>\n<script type=\"application\/ld+json\" class=\"yoast-schema-graph\">{\"@context\":\"https:\/\/schema.org\",\"@graph\":[{\"@type\":\"WebPage\",\"@id\":\"https:\/\/www.blogsoestado.com\/evandrojunior\/2025\/02\/10\/camarote-ilha-esta-bombando-no-circuito-litoranea\/\",\"url\":\"https:\/\/www.blogsoestado.com\/evandrojunior\/2025\/02\/10\/camarote-ilha-esta-bombando-no-circuito-litoranea\/\",\"name\":\"Camarote Ilha est\u00e1 agitando o Circuito Litor\u00e2nea - Evandro Junior\",\"isPartOf\":{\"@id\":\"https:\/\/www.blogsoestado.com\/evandrojunior\/#website\"},\"primaryImageOfPage\":{\"@id\":\"https:\/\/www.blogsoestado.com\/evandrojunior\/2025\/02\/10\/camarote-ilha-esta-bombando-no-circuito-litoranea\/#primaryimage\"},\"image\":{\"@id\":\"https:\/\/www.blogsoestado.com\/evandrojunior\/2025\/02\/10\/camarote-ilha-esta-bombando-no-circuito-litoranea\/#primaryimage\"},\"thumbnailUrl\":\"https:\/\/www.blogsoestado.com\/evandrojunior\/files\/2025\/02\/DSC02900-683x1024.jpeg\",\"datePublished\":\"2025-02-10T19:13:42+00:00\",\"author\":{\"@id\":\"https:\/\/www.blogsoestado.com\/evandrojunior\/#\/schema\/person\/3e6c3d8dbb740d1c6878ebc935cfb3be\"},\"breadcrumb\":{\"@id\":\"https:\/\/www.blogsoestado.com\/evandrojunior\/2025\/02\/10\/camarote-ilha-esta-bombando-no-circuito-litoranea\/#breadcrumb\"},\"inLanguage\":\"pt-BR\",\"potentialAction\":[{\"@type\":\"ReadAction\",\"target\":[\"https:\/\/www.blogsoestado.com\/evandrojunior\/2025\/02\/10\/camarote-ilha-esta-bombando-no-circuito-litoranea\/\"]}]},{\"@type\":\"ImageObject\",\"inLanguage\":\"pt-BR\",\"@id\":\"https:\/\/www.blogsoestado.com\/evandrojunior\/2025\/02\/10\/camarote-ilha-esta-bombando-no-circuito-litoranea\/#primaryimage\",\"url\":\"https:\/\/www.blogsoestado.com\/evandrojunior\/files\/2025\/02\/DSC02900-683x1024.jpeg\",\"contentUrl\":\"https:\/\/www.blogsoestado.com\/evandrojunior\/files\/2025\/02\/DSC02900-683x1024.jpeg\"},{\"@type\":\"BreadcrumbList\",\"@id\":\"https:\/\/www.blogsoestado.com\/evandrojunior\/2025\/02\/10\/camarote-ilha-esta-bombando-no-circuito-litoranea\/#breadcrumb\",\"itemListElement\":[{\"@type\":\"ListItem\",\"position\":1,\"name\":\"In\u00edcio\",\"item\":\"https:\/\/www.blogsoestado.com\/evandrojunior\/\"},{\"@type\":\"ListItem\",\"position\":2,\"name\":\"Camarote Ilha est\u00e1 agitando o Circuito Litor\u00e2nea\"}]},{\"@type\":\"WebSite\",\"@id\":\"https:\/\/www.blogsoestado.com\/evandrojunior\/#website\",\"url\":\"https:\/\/www.blogsoestado.com\/evandrojunior\/\",\"name\":\"Evandro Junior\",\"description\":\"\",\"potentialAction\":[{\"@type\":\"SearchAction\",\"target\":{\"@type\":\"EntryPoint\",\"urlTemplate\":\"https:\/\/www.blogsoestado.com\/evandrojunior\/?s={search_term_string}\"},\"query-input\":{\"@type\":\"PropertyValueSpecification\",\"valueRequired\":true,\"valueName\":\"search_term_string\"}}],\"inLanguage\":\"pt-BR\"},{\"@type\":\"Person\",\"@id\":\"https:\/\/www.blogsoestado.com\/evandrojunior\/#\/schema\/person\/3e6c3d8dbb740d1c6878ebc935cfb3be\",\"name\":\"Evandro Junior\",\"image\":{\"@type\":\"ImageObject\",\"inLanguage\":\"pt-BR\",\"@id\":\"https:\/\/www.blogsoestado.com\/evandrojunior\/#\/schema\/person\/image\/\",\"url\":\"https:\/\/secure.gravatar.com\/avatar\/f80a03a2294a580cd2318bfb459bf354cfa8be661ef3d95b542cf9a04af8d129?s=96&d=mm&r=g\",\"contentUrl\":\"https:\/\/secure.gravatar.com\/avatar\/f80a03a2294a580cd2318bfb459bf354cfa8be661ef3d95b542cf9a04af8d129?s=96&d=mm&r=g\",\"caption\":\"Evandro Junior\"},\"url\":\"https:\/\/www.blogsoestado.com\/evandrojunior\/author\/evandrojunior\/\"}]}<\/script>\n<!-- \/ Yoast SEO plugin. -->","yoast_head_json":{"title":"Camarote Ilha est\u00e1 agitando o Circuito Litor\u00e2nea - Evandro Junior","robots":{"index":"index","follow":"follow","max-snippet":"max-snippet:-1","max-image-preview":"max-image-preview:large","max-video-preview":"max-video-preview:-1"},"canonical":"https:\/\/www.blogsoestado.com\/evandrojunior\/2025\/02\/10\/camarote-ilha-esta-bombando-no-circuito-litoranea\/","og_locale":"pt_BR","og_type":"article","og_title":"Camarote Ilha est\u00e1 agitando o Circuito Litor\u00e2nea - Evandro Junior","og_description":"S\u00c3O LU\u00cdS &#8211; A folia est\u00e1 correndo solta no Circuito Vem Pro Mar, na Avenida Litor\u00e2nea. Al\u00e9m da pipoca, os [&hellip;]","og_url":"https:\/\/www.blogsoestado.com\/evandrojunior\/2025\/02\/10\/camarote-ilha-esta-bombando-no-circuito-litoranea\/","og_site_name":"Evandro Junior","article_published_time":"2025-02-10T19:13:42+00:00","og_image":[{"url":"https:\/\/www.blogsoestado.com\/evandrojunior\/files\/2025\/02\/DSC02900-683x1024.jpeg","type":"","width":"","height":""}],"author":"Evandro Junior","twitter_card":"summary_large_image","twitter_misc":{"Escrito por":"Evandro Junior","Est. tempo de leitura":"4 minutos"},"schema":{"@context":"https:\/\/schema.org","@graph":[{"@type":"WebPage","@id":"https:\/\/www.blogsoestado.com\/evandrojunior\/2025\/02\/10\/camarote-ilha-esta-bombando-no-circuito-litoranea\/","url":"https:\/\/www.blogsoestado.com\/evandrojunior\/2025\/02\/10\/camarote-ilha-esta-bombando-no-circuito-litoranea\/","name":"Camarote Ilha est\u00e1 agitando o Circuito Litor\u00e2nea - Evandro Junior","isPartOf":{"@id":"https:\/\/www.blogsoestado.com\/evandrojunior\/#website"},"primaryImageOfPage":{"@id":"https:\/\/www.blogsoestado.com\/evandrojunior\/2025\/02\/10\/camarote-ilha-esta-bombando-no-circuito-litoranea\/#primaryimage"},"image":{"@id":"https:\/\/www.blogsoestado.com\/evandrojunior\/2025\/02\/10\/camarote-ilha-esta-bombando-no-circuito-litoranea\/#primaryimage"},"thumbnailUrl":"https:\/\/www.blogsoestado.com\/evandrojunior\/files\/2025\/02\/DSC02900-683x1024.jpeg","datePublished":"2025-02-10T19:13:42+00:00","author":{"@id":"https:\/\/www.blogsoestado.com\/evandrojunior\/#\/schema\/person\/3e6c3d8dbb740d1c6878ebc935cfb3be"},"breadcrumb":{"@id":"https:\/\/www.blogsoestado.com\/evandrojunior\/2025\/02\/10\/camarote-ilha-esta-bombando-no-circuito-litoranea\/#breadcrumb"},"inLanguage":"pt-BR","potentialAction":[{"@type":"ReadAction","target":["https:\/\/www.blogsoestado.com\/evandrojunior\/2025\/02\/10\/camarote-ilha-esta-bombando-no-circuito-litoranea\/"]}]},{"@type":"ImageObject","inLanguage":"pt-BR","@id":"https:\/\/www.blogsoestado.com\/evandrojunior\/2025\/02\/10\/camarote-ilha-esta-bombando-no-circuito-litoranea\/#primaryimage","url":"https:\/\/www.blogsoestado.com\/evandrojunior\/files\/2025\/02\/DSC02900-683x1024.jpeg","contentUrl":"https:\/\/www.blogsoestado.com\/evandrojunior\/files\/2025\/02\/DSC02900-683x1024.jpeg"},{"@type":"BreadcrumbList","@id":"https:\/\/www.blogsoestado.com\/evandrojunior\/2025\/02\/10\/camarote-ilha-esta-bombando-no-circuito-litoranea\/#breadcrumb","itemListElement":[{"@type":"ListItem","position":1,"name":"In\u00edcio","item":"https:\/\/www.blogsoestado.com\/evandrojunior\/"},{"@type":"ListItem","position":2,"name":"Camarote Ilha est\u00e1 agitando o Circuito Litor\u00e2nea"}]},{"@type":"WebSite","@id":"https:\/\/www.blogsoestado.com\/evandrojunior\/#website","url":"https:\/\/www.blogsoestado.com\/evandrojunior\/","name":"Evandro Junior","description":"","potentialAction":[{"@type":"SearchAction","target":{"@type":"EntryPoint","urlTemplate":"https:\/\/www.blogsoestado.com\/evandrojunior\/?s={search_term_string}"},"query-input":{"@type":"PropertyValueSpecification","valueRequired":true,"valueName":"search_term_string"}}],"inLanguage":"pt-BR"},{"@type":"Person","@id":"https:\/\/www.blogsoestado.com\/evandrojunior\/#\/schema\/person\/3e6c3d8dbb740d1c6878ebc935cfb3be","name":"Evandro Junior","image":{"@type":"ImageObject","inLanguage":"pt-BR","@id":"https:\/\/www.blogsoestado.com\/evandrojunior\/#\/schema\/person\/image\/","url":"https:\/\/secure.gravatar.com\/avatar\/f80a03a2294a580cd2318bfb459bf354cfa8be661ef3d95b542cf9a04af8d129?s=96&d=mm&r=g","contentUrl":"https:\/\/secure.gravatar.com\/avatar\/f80a03a2294a580cd2318bfb459bf354cfa8be661ef3d95b542cf9a04af8d129?s=96&d=mm&r=g","caption":"Evandro Junior"},"url":"https:\/\/www.blogsoestado.com\/evandrojunior\/author\/evandrojunior\/"}]}},"jetpack_featured_media_url":"","_links":{"self":[{"href":"https:\/\/www.blogsoestado.com\/evandrojunior\/wp-json\/wp\/v2\/posts\/14489","targetHints":{"allow":["GET"]}}],"collection":[{"href":"https:\/\/www.blogsoestado.com\/evandrojunior\/wp-json\/wp\/v2\/posts"}],"about":[{"href":"https:\/\/www.blogsoestado.com\/evandrojunior\/wp-json\/wp\/v2\/types\/post"}],"author":[{"embeddable":true,"href":"https:\/\/www.blogsoestado.com\/evandrojunior\/wp-json\/wp\/v2\/users\/4"}],"replies":[{"embeddable":true,"href":"https:\/\/www.blogsoestado.com\/evandrojunior\/wp-json\/wp\/v2\/comments?post=14489"}],"version-history":[{"count":0,"href":"https:\/\/www.blogsoestado.com\/evandrojunior\/wp-json\/wp\/v2\/posts\/14489\/revisions"}],"wp:attachment":[{"href":"https:\/\/www.blogsoestado.com\/evandrojunior\/wp-json\/wp\/v2\/media?parent=14489"}],"wp:term":[{"taxonomy":"category","embeddable":true,"href":"https:\/\/www.blogsoestado.com\/evandrojunior\/wp-json\/wp\/v2\/categories?post=14489"},{"taxonomy":"post_tag","embeddable":true,"href":"https:\/\/www.blogsoestado.com\/evandrojunior\/wp-json\/wp\/v2\/tags?post=14489"}],"curies":[{"name":"wp","href":"https:\/\/api.w.org\/{rel}","templated":true}]}}