{"id":14507,"date":"2025-02-10T16:32:10","date_gmt":"2025-02-10T19:32:10","guid":{"rendered":"https:\/\/www.blogsoestado.com\/evandrojunior\/?p=14507"},"modified":"2025-02-10T16:32:10","modified_gmt":"2025-02-10T19:32:10","slug":"set-afirma-que-acionara-justica-para-garantir-circulacao-dos-onibus-na-ilha-de-sao-luis","status":"publish","type":"post","link":"https:\/\/www.blogsoestado.com\/evandrojunior\/2025\/02\/10\/set-afirma-que-acionara-justica-para-garantir-circulacao-dos-onibus-na-ilha-de-sao-luis\/","title":{"rendered":"SET afirma que acionar\u00e1 Justi\u00e7a para garantir circula\u00e7\u00e3o dos \u00f4nibus na Ilha de S\u00e3o Lu\u00eds"},"content":{"rendered":"\n<div class=\"wp-block-image\"><figure class=\"aligncenter size-large is-resized\"><img fetchpriority=\"high\" decoding=\"async\" src=\"https:\/\/www.blogsoestado.com\/evandrojunior\/files\/2025\/02\/WhatsApp-Image-2025-02-10-at-16.13.27-1024x768.jpeg\" alt=\"\" class=\"wp-image-14508\" width=\"522\" height=\"392\"\/><figcaption><strong>Audi\u00eancia foi realizada no Minist\u00e9rio P\u00fablico do Trabalho<\/strong><\/figcaption><\/figure><\/div>\n\n\n\n<p><strong>S\u00c3O LU\u00cdS <\/strong>&#8211; O Sindicato das Empresas de Transporte de Passageiros de S\u00e3o Lu\u00eds ( SET) reafirmou, nesta segunda-feira (10), durante audi\u00eancia no Minist\u00e9rio P\u00fablico do Trabalho ( MPT), que n\u00e3o foram disponibilizadas pela Prefeitura e o Estado condi\u00e7\u00f5es para arcar o reajuste salarial dos rodovi\u00e1rios. <\/p>\n\n\n\n<p>A audi\u00eancia contou com a participa\u00e7\u00e3o do Sindicato dos Trabalhadores no Transporte Rodovi\u00e1rio de S\u00e3o Lu\u00eds e de representantes de cons\u00f3rcios urbanos, da Ag\u00eancia Estadual de Mobilidade Urbana ( MOB) e da Prefeitura de S\u00e3o Lu\u00eds. A media\u00e7\u00e3o foi feita pelo procurador do Trabalho Marcos Ant\u00f4nio de Souza Rosa.<\/p>\n\n\n\n<p>\u201cO que est\u00e1 em jogo n\u00e3o \u00e9 somente o reajuste salarial dos trabalhadores. Esse \u00e9 s\u00f3 um item da nossa planilha de custos do sistema, ent\u00e3o, n\u00e3o podemos nos comprometer e conceder o reajuste sem que haja a garantia de que teremos como cobrir todos os custos do sistema. Hoje j\u00e1 estamos tendo dificuldades para cobrir os custos e com mais um item reajustado, ficar\u00e1 ainda mais complicado para as empresas. Gostar\u00edamos de poder conceder o reajuste salarial, mas diante do atual cen\u00e1rio, n\u00e3o podemos fazer isso e p\u00f4r em risco a sobreviv\u00eancia do pr\u00f3prio sistema\u201d, afirmou o diretor executivo do SET, Paulo Pires.<\/p>\n\n\n\n<p>Para garantir a continuidade da presta\u00e7\u00e3o de servi\u00e7os de transporte urbano e semiurbano \u00e0 popula\u00e7\u00e3o, o SET recorrer\u00e1 \u00e0 Justi\u00e7a para que os \u00f4nibus continuem circulando, caso o Sindicato dos Rodovi\u00e1rios leve \u00e0 frente a amea\u00e7a de greve.<br>\u201cTomaremos todas as provid\u00eancias judiciais cab\u00edveis para que os \u00f4nibus continuem circulando e a popula\u00e7\u00e3o n\u00e3o seja prejudicada\u201d, adiantou Paulo Pires.<\/p>\n\n\n\n<p>O diretor executivo do SET reafirmou que \u00e9 necess\u00e1rio discutir a situa\u00e7\u00e3o com o poder p\u00fablico. \u201cTemos v\u00e1rias necessidades e custos e o reajuste dos rodovi\u00e1rios \u00e9 s\u00f3 um deles. Ent\u00e3o, \u00e9 necess\u00e1rio que se fa\u00e7a um debate com a Prefeitura e o Estado sobre a recomposi\u00e7\u00e3o da tarifa e os itens que s\u00e3o importantes serem observados, como, por exemplo, o valor do diesel, pois os custos do setor s\u00e3o galopantes. Sem revermos isso fica imposs\u00edvel fazermos qualquer proposta de reajuste salarial. \u00c9 como querer construir uma casa pagando somente a m\u00e3o de obra&#8221;, disse Paulo Pires.<\/p>\n\n\n\n<p>Paulo Pires informou que, na audi\u00eancia, n\u00e3o houve avan\u00e7os. &#8220;Pois tanto a Prefeitura quanto o Estado procuraram apenas resolver um ponto de uma estrutura enorme, de um servi\u00e7o complexo, ent\u00e3o, estamos aqui apelando aos rodovi\u00e1rios que nos deem mais um prazo para chegarmos a uma solu\u00e7\u00e3o, que n\u00e3o depende s\u00f3 de n\u00f3s. Ent\u00e3o, como a negocia\u00e7\u00e3o n\u00e3o est\u00e1 encerrada, vamos insistir at\u00e9 o \u00faltimo momento para que a popula\u00e7\u00e3o continue a ter o servi\u00e7o e isso n\u00e3o seja empecilho inclusive nas negocia\u00e7\u00f5es, pois, quando h\u00e1 greve, fica muito dif\u00edcil, pois a pr\u00f3pria popula\u00e7\u00e3o fica muito pressionada. O Minist\u00e9rio P\u00fablico do Trabalho est\u00e1 fazendo a sua parte em trazer esse debate e tentar solucionar a quest\u00e3o de uma maneira vi\u00e1vel, levando em considera\u00e7\u00e3o as quest\u00f5es t\u00e9cnicas, o que \u00e9 extremamente necess\u00e1rio para que a situa\u00e7\u00e3o seja resolvida de forma adequada para todos \u201c, analisou Paulo Pires.<\/p>\n","protected":false},"excerpt":{"rendered":"<p>S\u00c3O LU\u00cdS &#8211; O Sindicato das Empresas de Transporte de Passageiros de S\u00e3o Lu\u00eds ( SET) reafirmou, nesta segunda-feira (10), [&hellip;]<\/p>\n","protected":false},"author":4,"featured_media":0,"comment_status":"open","ping_status":"open","sticky":false,"template":"","format":"standard","meta":{"site-sidebar-layout":"default","site-content-layout":"","ast-site-content-layout":"default","site-content-style":"default","site-sidebar-style":"default","ast-global-header-display":"","ast-banner-title-visibility":"","ast-main-header-display":"","ast-hfb-above-header-display":"","ast-hfb-below-header-display":"","ast-hfb-mobile-header-display":"","site-post-title":"","ast-breadcrumbs-content":"","ast-featured-img":"","footer-sml-layout":"","ast-disable-related-posts":"","theme-transparent-header-meta":"","adv-header-id-meta":"","stick-header-meta":"","header-above-stick-meta":"","header-main-stick-meta":"","header-below-stick-meta":"","astra-migrate-meta-layouts":"default","ast-page-background-enabled":"default","ast-page-background-meta":{"desktop":{"background-color":"var(--ast-global-color-5)","background-image":"","background-repeat":"repeat","background-position":"center center","background-size":"auto","background-attachment":"scroll","background-type":"","background-media":"","overlay-type":"","overlay-color":"","overlay-opacity":"","overlay-gradient":""},"tablet":{"background-color":"","background-image":"","background-repeat":"repeat","background-position":"center center","background-size":"auto","background-attachment":"scroll","background-type":"","background-media":"","overlay-type":"","overlay-color":"","overlay-opacity":"","overlay-gradient":""},"mobile":{"background-color":"","background-image":"","background-repeat":"repeat","background-position":"center center","background-size":"auto","background-attachment":"scroll","background-type":"","background-media":"","overlay-type":"","overlay-color":"","overlay-opacity":"","overlay-gradient":""}},"ast-content-background-meta":{"desktop":{"background-color":"var(--ast-global-color-4)","background-image":"","background-repeat":"repeat","background-position":"center center","background-size":"auto","background-attachment":"scroll","background-type":"","background-media":"","overlay-type":"","overlay-color":"","overlay-opacity":"","overlay-gradient":""},"tablet":{"background-color":"var(--ast-global-color-4)","background-image":"","background-repeat":"repeat","background-position":"center center","background-size":"auto","background-attachment":"scroll","background-type":"","background-media":"","overlay-type":"","overlay-color":"","overlay-opacity":"","overlay-gradient":""},"mobile":{"background-color":"var(--ast-global-color-4)","background-image":"","background-repeat":"repeat","background-position":"center center","background-size":"auto","background-attachment":"scroll","background-type":"","background-media":"","overlay-type":"","overlay-color":"","overlay-opacity":"","overlay-gradient":""}},"footnotes":""},"categories":[1],"tags":[],"class_list":["post-14507","post","type-post","status-publish","format-standard","hentry","category-sem-categoria"],"yoast_head":"<!-- This site is optimized with the Yoast SEO plugin v26.6 - https:\/\/yoast.com\/wordpress\/plugins\/seo\/ -->\n<title>SET afirma que acionar\u00e1 Justi\u00e7a para garantir circula\u00e7\u00e3o dos \u00f4nibus na Ilha de S\u00e3o Lu\u00eds - Evandro Junior<\/title>\n<meta name=\"robots\" content=\"index, follow, max-snippet:-1, max-image-preview:large, max-video-preview:-1\" \/>\n<link rel=\"canonical\" href=\"https:\/\/www.blogsoestado.com\/evandrojunior\/2025\/02\/10\/set-afirma-que-acionara-justica-para-garantir-circulacao-dos-onibus-na-ilha-de-sao-luis\/\" \/>\n<meta property=\"og:locale\" content=\"pt_BR\" \/>\n<meta property=\"og:type\" content=\"article\" \/>\n<meta property=\"og:title\" content=\"SET afirma que acionar\u00e1 Justi\u00e7a para garantir circula\u00e7\u00e3o dos \u00f4nibus na Ilha de S\u00e3o Lu\u00eds - Evandro Junior\" \/>\n<meta property=\"og:description\" content=\"S\u00c3O LU\u00cdS &#8211; O Sindicato das Empresas de Transporte de Passageiros de S\u00e3o Lu\u00eds ( SET) reafirmou, nesta segunda-feira (10), [&hellip;]\" \/>\n<meta property=\"og:url\" content=\"https:\/\/www.blogsoestado.com\/evandrojunior\/2025\/02\/10\/set-afirma-que-acionara-justica-para-garantir-circulacao-dos-onibus-na-ilha-de-sao-luis\/\" \/>\n<meta property=\"og:site_name\" content=\"Evandro Junior\" \/>\n<meta property=\"article:published_time\" content=\"2025-02-10T19:32:10+00:00\" \/>\n<meta property=\"og:image\" content=\"https:\/\/www.blogsoestado.com\/evandrojunior\/files\/2025\/02\/WhatsApp-Image-2025-02-10-at-16.13.27-1024x768.jpeg\" \/>\n<meta name=\"author\" content=\"Evandro Junior\" \/>\n<meta name=\"twitter:card\" content=\"summary_large_image\" \/>\n<meta name=\"twitter:label1\" content=\"Escrito por\" \/>\n\t<meta name=\"twitter:data1\" content=\"Evandro Junior\" \/>\n\t<meta name=\"twitter:label2\" content=\"Est. tempo de leitura\" \/>\n\t<meta name=\"twitter:data2\" content=\"3 minutos\" \/>\n<script type=\"application\/ld+json\" class=\"yoast-schema-graph\">{\"@context\":\"https:\/\/schema.org\",\"@graph\":[{\"@type\":\"WebPage\",\"@id\":\"https:\/\/www.blogsoestado.com\/evandrojunior\/2025\/02\/10\/set-afirma-que-acionara-justica-para-garantir-circulacao-dos-onibus-na-ilha-de-sao-luis\/\",\"url\":\"https:\/\/www.blogsoestado.com\/evandrojunior\/2025\/02\/10\/set-afirma-que-acionara-justica-para-garantir-circulacao-dos-onibus-na-ilha-de-sao-luis\/\",\"name\":\"SET afirma que acionar\u00e1 Justi\u00e7a para garantir circula\u00e7\u00e3o dos \u00f4nibus na Ilha de S\u00e3o Lu\u00eds - Evandro Junior\",\"isPartOf\":{\"@id\":\"https:\/\/www.blogsoestado.com\/evandrojunior\/#website\"},\"primaryImageOfPage\":{\"@id\":\"https:\/\/www.blogsoestado.com\/evandrojunior\/2025\/02\/10\/set-afirma-que-acionara-justica-para-garantir-circulacao-dos-onibus-na-ilha-de-sao-luis\/#primaryimage\"},\"image\":{\"@id\":\"https:\/\/www.blogsoestado.com\/evandrojunior\/2025\/02\/10\/set-afirma-que-acionara-justica-para-garantir-circulacao-dos-onibus-na-ilha-de-sao-luis\/#primaryimage\"},\"thumbnailUrl\":\"https:\/\/www.blogsoestado.com\/evandrojunior\/files\/2025\/02\/WhatsApp-Image-2025-02-10-at-16.13.27-1024x768.jpeg\",\"datePublished\":\"2025-02-10T19:32:10+00:00\",\"author\":{\"@id\":\"https:\/\/www.blogsoestado.com\/evandrojunior\/#\/schema\/person\/3e6c3d8dbb740d1c6878ebc935cfb3be\"},\"breadcrumb\":{\"@id\":\"https:\/\/www.blogsoestado.com\/evandrojunior\/2025\/02\/10\/set-afirma-que-acionara-justica-para-garantir-circulacao-dos-onibus-na-ilha-de-sao-luis\/#breadcrumb\"},\"inLanguage\":\"pt-BR\",\"potentialAction\":[{\"@type\":\"ReadAction\",\"target\":[\"https:\/\/www.blogsoestado.com\/evandrojunior\/2025\/02\/10\/set-afirma-que-acionara-justica-para-garantir-circulacao-dos-onibus-na-ilha-de-sao-luis\/\"]}]},{\"@type\":\"ImageObject\",\"inLanguage\":\"pt-BR\",\"@id\":\"https:\/\/www.blogsoestado.com\/evandrojunior\/2025\/02\/10\/set-afirma-que-acionara-justica-para-garantir-circulacao-dos-onibus-na-ilha-de-sao-luis\/#primaryimage\",\"url\":\"https:\/\/www.blogsoestado.com\/evandrojunior\/files\/2025\/02\/WhatsApp-Image-2025-02-10-at-16.13.27-1024x768.jpeg\",\"contentUrl\":\"https:\/\/www.blogsoestado.com\/evandrojunior\/files\/2025\/02\/WhatsApp-Image-2025-02-10-at-16.13.27-1024x768.jpeg\"},{\"@type\":\"BreadcrumbList\",\"@id\":\"https:\/\/www.blogsoestado.com\/evandrojunior\/2025\/02\/10\/set-afirma-que-acionara-justica-para-garantir-circulacao-dos-onibus-na-ilha-de-sao-luis\/#breadcrumb\",\"itemListElement\":[{\"@type\":\"ListItem\",\"position\":1,\"name\":\"In\u00edcio\",\"item\":\"https:\/\/www.blogsoestado.com\/evandrojunior\/\"},{\"@type\":\"ListItem\",\"position\":2,\"name\":\"SET afirma que acionar\u00e1 Justi\u00e7a para garantir circula\u00e7\u00e3o dos \u00f4nibus na Ilha de S\u00e3o Lu\u00eds\"}]},{\"@type\":\"WebSite\",\"@id\":\"https:\/\/www.blogsoestado.com\/evandrojunior\/#website\",\"url\":\"https:\/\/www.blogsoestado.com\/evandrojunior\/\",\"name\":\"Evandro Junior\",\"description\":\"\",\"potentialAction\":[{\"@type\":\"SearchAction\",\"target\":{\"@type\":\"EntryPoint\",\"urlTemplate\":\"https:\/\/www.blogsoestado.com\/evandrojunior\/?s={search_term_string}\"},\"query-input\":{\"@type\":\"PropertyValueSpecification\",\"valueRequired\":true,\"valueName\":\"search_term_string\"}}],\"inLanguage\":\"pt-BR\"},{\"@type\":\"Person\",\"@id\":\"https:\/\/www.blogsoestado.com\/evandrojunior\/#\/schema\/person\/3e6c3d8dbb740d1c6878ebc935cfb3be\",\"name\":\"Evandro Junior\",\"image\":{\"@type\":\"ImageObject\",\"inLanguage\":\"pt-BR\",\"@id\":\"https:\/\/www.blogsoestado.com\/evandrojunior\/#\/schema\/person\/image\/\",\"url\":\"https:\/\/secure.gravatar.com\/avatar\/f80a03a2294a580cd2318bfb459bf354cfa8be661ef3d95b542cf9a04af8d129?s=96&d=mm&r=g\",\"contentUrl\":\"https:\/\/secure.gravatar.com\/avatar\/f80a03a2294a580cd2318bfb459bf354cfa8be661ef3d95b542cf9a04af8d129?s=96&d=mm&r=g\",\"caption\":\"Evandro Junior\"},\"url\":\"https:\/\/www.blogsoestado.com\/evandrojunior\/author\/evandrojunior\/\"}]}<\/script>\n<!-- \/ Yoast SEO plugin. -->","yoast_head_json":{"title":"SET afirma que acionar\u00e1 Justi\u00e7a para garantir circula\u00e7\u00e3o dos \u00f4nibus na Ilha de S\u00e3o Lu\u00eds - Evandro Junior","robots":{"index":"index","follow":"follow","max-snippet":"max-snippet:-1","max-image-preview":"max-image-preview:large","max-video-preview":"max-video-preview:-1"},"canonical":"https:\/\/www.blogsoestado.com\/evandrojunior\/2025\/02\/10\/set-afirma-que-acionara-justica-para-garantir-circulacao-dos-onibus-na-ilha-de-sao-luis\/","og_locale":"pt_BR","og_type":"article","og_title":"SET afirma que acionar\u00e1 Justi\u00e7a para garantir circula\u00e7\u00e3o dos \u00f4nibus na Ilha de S\u00e3o Lu\u00eds - Evandro Junior","og_description":"S\u00c3O LU\u00cdS &#8211; O Sindicato das Empresas de Transporte de Passageiros de S\u00e3o Lu\u00eds ( SET) reafirmou, nesta segunda-feira (10), [&hellip;]","og_url":"https:\/\/www.blogsoestado.com\/evandrojunior\/2025\/02\/10\/set-afirma-que-acionara-justica-para-garantir-circulacao-dos-onibus-na-ilha-de-sao-luis\/","og_site_name":"Evandro Junior","article_published_time":"2025-02-10T19:32:10+00:00","og_image":[{"url":"https:\/\/www.blogsoestado.com\/evandrojunior\/files\/2025\/02\/WhatsApp-Image-2025-02-10-at-16.13.27-1024x768.jpeg","type":"","width":"","height":""}],"author":"Evandro Junior","twitter_card":"summary_large_image","twitter_misc":{"Escrito por":"Evandro Junior","Est. tempo de leitura":"3 minutos"},"schema":{"@context":"https:\/\/schema.org","@graph":[{"@type":"WebPage","@id":"https:\/\/www.blogsoestado.com\/evandrojunior\/2025\/02\/10\/set-afirma-que-acionara-justica-para-garantir-circulacao-dos-onibus-na-ilha-de-sao-luis\/","url":"https:\/\/www.blogsoestado.com\/evandrojunior\/2025\/02\/10\/set-afirma-que-acionara-justica-para-garantir-circulacao-dos-onibus-na-ilha-de-sao-luis\/","name":"SET afirma que acionar\u00e1 Justi\u00e7a para garantir circula\u00e7\u00e3o dos \u00f4nibus na Ilha de S\u00e3o Lu\u00eds - Evandro Junior","isPartOf":{"@id":"https:\/\/www.blogsoestado.com\/evandrojunior\/#website"},"primaryImageOfPage":{"@id":"https:\/\/www.blogsoestado.com\/evandrojunior\/2025\/02\/10\/set-afirma-que-acionara-justica-para-garantir-circulacao-dos-onibus-na-ilha-de-sao-luis\/#primaryimage"},"image":{"@id":"https:\/\/www.blogsoestado.com\/evandrojunior\/2025\/02\/10\/set-afirma-que-acionara-justica-para-garantir-circulacao-dos-onibus-na-ilha-de-sao-luis\/#primaryimage"},"thumbnailUrl":"https:\/\/www.blogsoestado.com\/evandrojunior\/files\/2025\/02\/WhatsApp-Image-2025-02-10-at-16.13.27-1024x768.jpeg","datePublished":"2025-02-10T19:32:10+00:00","author":{"@id":"https:\/\/www.blogsoestado.com\/evandrojunior\/#\/schema\/person\/3e6c3d8dbb740d1c6878ebc935cfb3be"},"breadcrumb":{"@id":"https:\/\/www.blogsoestado.com\/evandrojunior\/2025\/02\/10\/set-afirma-que-acionara-justica-para-garantir-circulacao-dos-onibus-na-ilha-de-sao-luis\/#breadcrumb"},"inLanguage":"pt-BR","potentialAction":[{"@type":"ReadAction","target":["https:\/\/www.blogsoestado.com\/evandrojunior\/2025\/02\/10\/set-afirma-que-acionara-justica-para-garantir-circulacao-dos-onibus-na-ilha-de-sao-luis\/"]}]},{"@type":"ImageObject","inLanguage":"pt-BR","@id":"https:\/\/www.blogsoestado.com\/evandrojunior\/2025\/02\/10\/set-afirma-que-acionara-justica-para-garantir-circulacao-dos-onibus-na-ilha-de-sao-luis\/#primaryimage","url":"https:\/\/www.blogsoestado.com\/evandrojunior\/files\/2025\/02\/WhatsApp-Image-2025-02-10-at-16.13.27-1024x768.jpeg","contentUrl":"https:\/\/www.blogsoestado.com\/evandrojunior\/files\/2025\/02\/WhatsApp-Image-2025-02-10-at-16.13.27-1024x768.jpeg"},{"@type":"BreadcrumbList","@id":"https:\/\/www.blogsoestado.com\/evandrojunior\/2025\/02\/10\/set-afirma-que-acionara-justica-para-garantir-circulacao-dos-onibus-na-ilha-de-sao-luis\/#breadcrumb","itemListElement":[{"@type":"ListItem","position":1,"name":"In\u00edcio","item":"https:\/\/www.blogsoestado.com\/evandrojunior\/"},{"@type":"ListItem","position":2,"name":"SET afirma que acionar\u00e1 Justi\u00e7a para garantir circula\u00e7\u00e3o dos \u00f4nibus na Ilha de S\u00e3o Lu\u00eds"}]},{"@type":"WebSite","@id":"https:\/\/www.blogsoestado.com\/evandrojunior\/#website","url":"https:\/\/www.blogsoestado.com\/evandrojunior\/","name":"Evandro Junior","description":"","potentialAction":[{"@type":"SearchAction","target":{"@type":"EntryPoint","urlTemplate":"https:\/\/www.blogsoestado.com\/evandrojunior\/?s={search_term_string}"},"query-input":{"@type":"PropertyValueSpecification","valueRequired":true,"valueName":"search_term_string"}}],"inLanguage":"pt-BR"},{"@type":"Person","@id":"https:\/\/www.blogsoestado.com\/evandrojunior\/#\/schema\/person\/3e6c3d8dbb740d1c6878ebc935cfb3be","name":"Evandro Junior","image":{"@type":"ImageObject","inLanguage":"pt-BR","@id":"https:\/\/www.blogsoestado.com\/evandrojunior\/#\/schema\/person\/image\/","url":"https:\/\/secure.gravatar.com\/avatar\/f80a03a2294a580cd2318bfb459bf354cfa8be661ef3d95b542cf9a04af8d129?s=96&d=mm&r=g","contentUrl":"https:\/\/secure.gravatar.com\/avatar\/f80a03a2294a580cd2318bfb459bf354cfa8be661ef3d95b542cf9a04af8d129?s=96&d=mm&r=g","caption":"Evandro Junior"},"url":"https:\/\/www.blogsoestado.com\/evandrojunior\/author\/evandrojunior\/"}]}},"jetpack_featured_media_url":"","_links":{"self":[{"href":"https:\/\/www.blogsoestado.com\/evandrojunior\/wp-json\/wp\/v2\/posts\/14507","targetHints":{"allow":["GET"]}}],"collection":[{"href":"https:\/\/www.blogsoestado.com\/evandrojunior\/wp-json\/wp\/v2\/posts"}],"about":[{"href":"https:\/\/www.blogsoestado.com\/evandrojunior\/wp-json\/wp\/v2\/types\/post"}],"author":[{"embeddable":true,"href":"https:\/\/www.blogsoestado.com\/evandrojunior\/wp-json\/wp\/v2\/users\/4"}],"replies":[{"embeddable":true,"href":"https:\/\/www.blogsoestado.com\/evandrojunior\/wp-json\/wp\/v2\/comments?post=14507"}],"version-history":[{"count":0,"href":"https:\/\/www.blogsoestado.com\/evandrojunior\/wp-json\/wp\/v2\/posts\/14507\/revisions"}],"wp:attachment":[{"href":"https:\/\/www.blogsoestado.com\/evandrojunior\/wp-json\/wp\/v2\/media?parent=14507"}],"wp:term":[{"taxonomy":"category","embeddable":true,"href":"https:\/\/www.blogsoestado.com\/evandrojunior\/wp-json\/wp\/v2\/categories?post=14507"},{"taxonomy":"post_tag","embeddable":true,"href":"https:\/\/www.blogsoestado.com\/evandrojunior\/wp-json\/wp\/v2\/tags?post=14507"}],"curies":[{"name":"wp","href":"https:\/\/api.w.org\/{rel}","templated":true}]}}