{"id":1452,"date":"2018-11-22T20:04:22","date_gmt":"2018-11-22T22:04:22","guid":{"rendered":"https:\/\/www.blogsoestado.com\/evandrojunior\/?p=1452"},"modified":"2018-11-22T20:04:22","modified_gmt":"2018-11-22T22:04:22","slug":"samara-brauna-surpreende-no-debate-e-pode-ser-a-grande-vitoriosa-das-eleicoes-da-oab","status":"publish","type":"post","link":"https:\/\/www.blogsoestado.com\/evandrojunior\/2018\/11\/22\/samara-brauna-surpreende-no-debate-e-pode-ser-a-grande-vitoriosa-das-eleicoes-da-oab\/","title":{"rendered":"S\u00e2mara Bra\u00fana surpreende no debate e pode ser a grande vitoriosa das elei\u00e7\u00f5es da OAB"},"content":{"rendered":"<figure id=\"attachment_1453\" aria-describedby=\"caption-attachment-1453\" style=\"width: 474px\" class=\"wp-caption alignnone\"><img fetchpriority=\"high\" decoding=\"async\" class=\" wp-image-1453\" src=\"https:\/\/www.blogsoestado.com\/evandrojunior\/wp-content\/uploads\/sites\/3\/2018\/11\/WhatsApp-Image-2018-11-22-at-19.51.49-1-300x200.jpeg\" alt=\"\" width=\"474\" height=\"316\" srcset=\"https:\/\/www.blogsoestado.com\/evandrojunior\/wp-content\/uploads\/sites\/3\/2018\/11\/WhatsApp-Image-2018-11-22-at-19.51.49-1-300x200.jpeg 300w, https:\/\/www.blogsoestado.com\/evandrojunior\/wp-content\/uploads\/sites\/3\/2018\/11\/WhatsApp-Image-2018-11-22-at-19.51.49-1.jpeg 650w\" sizes=\"(max-width: 474px) 100vw, 474px\" \/><figcaption id=\"caption-attachment-1453\" class=\"wp-caption-text\">S\u00e2mara Bra\u00fana saiu-se bem no debate<\/figcaption><\/figure>\n<p>&nbsp;<\/p>\n<p><strong>S\u00e3o Lu\u00eds<\/strong> &#8211; Quem assistiu ao debate de ontem entre os candidatos \u00e0 Presid\u00eancia da Ordem dos Advogados do Brasil no Maranh\u00e3o (OAB\/MA) foi surpreendido com o desempenho da candidata S\u00e2mara Bra\u00fana. Firme e destemida, a \u00fanica mulher na disputa tem tudo para ser a grande vencedora das elei\u00e7\u00f5es desta sexta-feira (23).<\/p>\n<p>De todos os candidatos, S\u00e2mara Bra\u00fana foi a mais serena e equilibrada. Demonstrou maturidade para a disputa e seriedade nas suas propostas. E foi mais adiante, mostrando seu lado destemido ao responder uma provoca\u00e7\u00e3o do candidato Mozart Baldez.<\/p>\n<p>As cr\u00edticas \u00e0 gest\u00e3o de Thiago Diaz permearam boa parte do debate. Mozart Baldez n\u00e3o poupou a administra\u00e7\u00e3o do atual presidente da OAB, criticando a gest\u00e3o e as alian\u00e7as pol\u00edticas realizadas por Diaz.<\/p>\n<p>Carlos Brissac, ao fazer cr\u00edticas \u00e0 gest\u00e3o de Diaz, foi fraco em suas coloca\u00e7\u00f5es, repetindo bord\u00f5es que pautam sua campanha. Contudo, o pior momento enfrentado por Brissac ocorreu ao ser questionado por S\u00e2mara Bra\u00fana acerca da proposta de redu\u00e7\u00e3o da anuidade para zero.<\/p>\n<p>S\u00e2mara, citando a legisla\u00e7\u00e3o da OAB, demonstrou que a proposta de Brissac, al\u00e9m de eleitoreira, era incompat\u00edvel com a legisla\u00e7\u00e3o editada pelo Conselho Federal da OAB. S\u00e2mara demonstrou preparo e extremo conhecimento da legisla\u00e7\u00e3o da OAB. J\u00e1 Brissac se embananou na resposta, deixando a impress\u00e3o de que n\u00e3o conhecia a legisla\u00e7\u00e3o citada por S\u00e2mara e que n\u00e3o sabia que a proposta acerca das anuidades era incompat\u00edvel com a legisla\u00e7\u00e3o da OAB.<\/p>\n<p>Thiago Diaz conta com o apoio da m\u00e1quina da OAB e de recursos de campanha. Brissac, o mais ameno no debate, tamb\u00e9m realiza uma campanha de altos custos. Diaz e Brissac, ali\u00e1s, disputam para saber quem faz as maiores e melhores festas para os advogados. Parecem querer conquistar o eleitor pela barriga.<\/p>\n<p>Baldez e S\u00e2mara realizam campanhas mais modestas do ponto de vista financeiro. Baldez focado em cr\u00edticas ao Poder Judici\u00e1rio. E S\u00e2mara em propostas para melhorar a situa\u00e7\u00e3o da advocacia maranhense.<\/p>\n<p>A depender do debate de ontem, tudo indica que a disputa da elei\u00e7\u00e3o ser\u00e1 polarizada entre Thiago Diaz e S\u00e2mara Bra\u00fana. Thiago ser\u00e1 a op\u00e7\u00e3o daqueles que querem a continua\u00e7\u00e3o do que est\u00e1 a\u00ed. S\u00e2mara Bra\u00fana coloca-se como a melhor candidata para aqueles que sentem exclu\u00eddos e para os insatisfeitos com a atual gest\u00e3o da OAB.<\/p>\n<p>Agora \u00e9 aguardar o resultado das urnas e torcer para que os advogados maranhenses saibam fazer a melhor escolha.<\/p>\n","protected":false},"excerpt":{"rendered":"<p>&nbsp; S\u00e3o Lu\u00eds &#8211; Quem assistiu ao debate de ontem entre os candidatos \u00e0 Presid\u00eancia da Ordem dos Advogados do [&hellip;]<\/p>\n","protected":false},"author":4,"featured_media":0,"comment_status":"open","ping_status":"open","sticky":false,"template":"","format":"standard","meta":{"site-sidebar-layout":"default","site-content-layout":"","ast-site-content-layout":"default","site-content-style":"default","site-sidebar-style":"default","ast-global-header-display":"","ast-banner-title-visibility":"","ast-main-header-display":"","ast-hfb-above-header-display":"","ast-hfb-below-header-display":"","ast-hfb-mobile-header-display":"","site-post-title":"","ast-breadcrumbs-content":"","ast-featured-img":"","footer-sml-layout":"","ast-disable-related-posts":"","theme-transparent-header-meta":"","adv-header-id-meta":"","stick-header-meta":"","header-above-stick-meta":"","header-main-stick-meta":"","header-below-stick-meta":"","astra-migrate-meta-layouts":"default","ast-page-background-enabled":"default","ast-page-background-meta":{"desktop":{"background-color":"var(--ast-global-color-5)","background-image":"","background-repeat":"repeat","background-position":"center center","background-size":"auto","background-attachment":"scroll","background-type":"","background-media":"","overlay-type":"","overlay-color":"","overlay-opacity":"","overlay-gradient":""},"tablet":{"background-color":"","background-image":"","background-repeat":"repeat","background-position":"center center","background-size":"auto","background-attachment":"scroll","background-type":"","background-media":"","overlay-type":"","overlay-color":"","overlay-opacity":"","overlay-gradient":""},"mobile":{"background-color":"","background-image":"","background-repeat":"repeat","background-position":"center center","background-size":"auto","background-attachment":"scroll","background-type":"","background-media":"","overlay-type":"","overlay-color":"","overlay-opacity":"","overlay-gradient":""}},"ast-content-background-meta":{"desktop":{"background-color":"var(--ast-global-color-4)","background-image":"","background-repeat":"repeat","background-position":"center center","background-size":"auto","background-attachment":"scroll","background-type":"","background-media":"","overlay-type":"","overlay-color":"","overlay-opacity":"","overlay-gradient":""},"tablet":{"background-color":"var(--ast-global-color-4)","background-image":"","background-repeat":"repeat","background-position":"center center","background-size":"auto","background-attachment":"scroll","background-type":"","background-media":"","overlay-type":"","overlay-color":"","overlay-opacity":"","overlay-gradient":""},"mobile":{"background-color":"var(--ast-global-color-4)","background-image":"","background-repeat":"repeat","background-position":"center center","background-size":"auto","background-attachment":"scroll","background-type":"","background-media":"","overlay-type":"","overlay-color":"","overlay-opacity":"","overlay-gradient":""}},"footnotes":""},"categories":[1],"tags":[],"class_list":["post-1452","post","type-post","status-publish","format-standard","hentry","category-sem-categoria"],"yoast_head":"<!-- This site is optimized with the Yoast SEO plugin v26.6 - https:\/\/yoast.com\/wordpress\/plugins\/seo\/ -->\n<title>S\u00e2mara Bra\u00fana surpreende no debate e pode ser a grande vitoriosa das elei\u00e7\u00f5es da OAB - Evandro Junior<\/title>\n<meta name=\"robots\" content=\"index, follow, max-snippet:-1, max-image-preview:large, max-video-preview:-1\" \/>\n<link rel=\"canonical\" href=\"https:\/\/www.blogsoestado.com\/evandrojunior\/2018\/11\/22\/samara-brauna-surpreende-no-debate-e-pode-ser-a-grande-vitoriosa-das-eleicoes-da-oab\/\" \/>\n<meta property=\"og:locale\" content=\"pt_BR\" \/>\n<meta property=\"og:type\" content=\"article\" \/>\n<meta property=\"og:title\" content=\"S\u00e2mara Bra\u00fana surpreende no debate e pode ser a grande vitoriosa das elei\u00e7\u00f5es da OAB - Evandro Junior\" \/>\n<meta property=\"og:description\" content=\"&nbsp; S\u00e3o Lu\u00eds &#8211; Quem assistiu ao debate de ontem entre os candidatos \u00e0 Presid\u00eancia da Ordem dos Advogados do [&hellip;]\" \/>\n<meta property=\"og:url\" content=\"https:\/\/www.blogsoestado.com\/evandrojunior\/2018\/11\/22\/samara-brauna-surpreende-no-debate-e-pode-ser-a-grande-vitoriosa-das-eleicoes-da-oab\/\" \/>\n<meta property=\"og:site_name\" content=\"Evandro Junior\" \/>\n<meta property=\"article:published_time\" content=\"2018-11-22T22:04:22+00:00\" \/>\n<meta property=\"og:image\" content=\"https:\/\/www.blogsoestado.com\/evandrojunior\/wp-content\/uploads\/sites\/3\/2018\/11\/WhatsApp-Image-2018-11-22-at-19.51.49-1-300x200.jpeg\" \/>\n<meta name=\"author\" content=\"Evandro Junior\" \/>\n<meta name=\"twitter:card\" content=\"summary_large_image\" \/>\n<meta name=\"twitter:label1\" content=\"Escrito por\" \/>\n\t<meta name=\"twitter:data1\" content=\"Evandro Junior\" \/>\n\t<meta name=\"twitter:label2\" content=\"Est. tempo de leitura\" \/>\n\t<meta name=\"twitter:data2\" content=\"2 minutos\" \/>\n<script type=\"application\/ld+json\" class=\"yoast-schema-graph\">{\"@context\":\"https:\/\/schema.org\",\"@graph\":[{\"@type\":\"WebPage\",\"@id\":\"https:\/\/www.blogsoestado.com\/evandrojunior\/2018\/11\/22\/samara-brauna-surpreende-no-debate-e-pode-ser-a-grande-vitoriosa-das-eleicoes-da-oab\/\",\"url\":\"https:\/\/www.blogsoestado.com\/evandrojunior\/2018\/11\/22\/samara-brauna-surpreende-no-debate-e-pode-ser-a-grande-vitoriosa-das-eleicoes-da-oab\/\",\"name\":\"S\u00e2mara Bra\u00fana surpreende no debate e pode ser a grande vitoriosa das elei\u00e7\u00f5es da OAB - Evandro Junior\",\"isPartOf\":{\"@id\":\"https:\/\/www.blogsoestado.com\/evandrojunior\/#website\"},\"primaryImageOfPage\":{\"@id\":\"https:\/\/www.blogsoestado.com\/evandrojunior\/2018\/11\/22\/samara-brauna-surpreende-no-debate-e-pode-ser-a-grande-vitoriosa-das-eleicoes-da-oab\/#primaryimage\"},\"image\":{\"@id\":\"https:\/\/www.blogsoestado.com\/evandrojunior\/2018\/11\/22\/samara-brauna-surpreende-no-debate-e-pode-ser-a-grande-vitoriosa-das-eleicoes-da-oab\/#primaryimage\"},\"thumbnailUrl\":\"https:\/\/www.blogsoestado.com\/evandrojunior\/wp-content\/uploads\/sites\/3\/2018\/11\/WhatsApp-Image-2018-11-22-at-19.51.49-1-300x200.jpeg\",\"datePublished\":\"2018-11-22T22:04:22+00:00\",\"author\":{\"@id\":\"https:\/\/www.blogsoestado.com\/evandrojunior\/#\/schema\/person\/3e6c3d8dbb740d1c6878ebc935cfb3be\"},\"breadcrumb\":{\"@id\":\"https:\/\/www.blogsoestado.com\/evandrojunior\/2018\/11\/22\/samara-brauna-surpreende-no-debate-e-pode-ser-a-grande-vitoriosa-das-eleicoes-da-oab\/#breadcrumb\"},\"inLanguage\":\"pt-BR\",\"potentialAction\":[{\"@type\":\"ReadAction\",\"target\":[\"https:\/\/www.blogsoestado.com\/evandrojunior\/2018\/11\/22\/samara-brauna-surpreende-no-debate-e-pode-ser-a-grande-vitoriosa-das-eleicoes-da-oab\/\"]}]},{\"@type\":\"ImageObject\",\"inLanguage\":\"pt-BR\",\"@id\":\"https:\/\/www.blogsoestado.com\/evandrojunior\/2018\/11\/22\/samara-brauna-surpreende-no-debate-e-pode-ser-a-grande-vitoriosa-das-eleicoes-da-oab\/#primaryimage\",\"url\":\"https:\/\/www.blogsoestado.com\/evandrojunior\/wp-content\/uploads\/sites\/3\/2018\/11\/WhatsApp-Image-2018-11-22-at-19.51.49-1-300x200.jpeg\",\"contentUrl\":\"https:\/\/www.blogsoestado.com\/evandrojunior\/wp-content\/uploads\/sites\/3\/2018\/11\/WhatsApp-Image-2018-11-22-at-19.51.49-1-300x200.jpeg\"},{\"@type\":\"BreadcrumbList\",\"@id\":\"https:\/\/www.blogsoestado.com\/evandrojunior\/2018\/11\/22\/samara-brauna-surpreende-no-debate-e-pode-ser-a-grande-vitoriosa-das-eleicoes-da-oab\/#breadcrumb\",\"itemListElement\":[{\"@type\":\"ListItem\",\"position\":1,\"name\":\"In\u00edcio\",\"item\":\"https:\/\/www.blogsoestado.com\/evandrojunior\/\"},{\"@type\":\"ListItem\",\"position\":2,\"name\":\"S\u00e2mara Bra\u00fana surpreende no debate e pode ser a grande vitoriosa das elei\u00e7\u00f5es da OAB\"}]},{\"@type\":\"WebSite\",\"@id\":\"https:\/\/www.blogsoestado.com\/evandrojunior\/#website\",\"url\":\"https:\/\/www.blogsoestado.com\/evandrojunior\/\",\"name\":\"Evandro Junior\",\"description\":\"\",\"potentialAction\":[{\"@type\":\"SearchAction\",\"target\":{\"@type\":\"EntryPoint\",\"urlTemplate\":\"https:\/\/www.blogsoestado.com\/evandrojunior\/?s={search_term_string}\"},\"query-input\":{\"@type\":\"PropertyValueSpecification\",\"valueRequired\":true,\"valueName\":\"search_term_string\"}}],\"inLanguage\":\"pt-BR\"},{\"@type\":\"Person\",\"@id\":\"https:\/\/www.blogsoestado.com\/evandrojunior\/#\/schema\/person\/3e6c3d8dbb740d1c6878ebc935cfb3be\",\"name\":\"Evandro Junior\",\"image\":{\"@type\":\"ImageObject\",\"inLanguage\":\"pt-BR\",\"@id\":\"https:\/\/www.blogsoestado.com\/evandrojunior\/#\/schema\/person\/image\/\",\"url\":\"https:\/\/secure.gravatar.com\/avatar\/f80a03a2294a580cd2318bfb459bf354cfa8be661ef3d95b542cf9a04af8d129?s=96&d=mm&r=g\",\"contentUrl\":\"https:\/\/secure.gravatar.com\/avatar\/f80a03a2294a580cd2318bfb459bf354cfa8be661ef3d95b542cf9a04af8d129?s=96&d=mm&r=g\",\"caption\":\"Evandro Junior\"},\"url\":\"https:\/\/www.blogsoestado.com\/evandrojunior\/author\/evandrojunior\/\"}]}<\/script>\n<!-- \/ Yoast SEO plugin. -->","yoast_head_json":{"title":"S\u00e2mara Bra\u00fana surpreende no debate e pode ser a grande vitoriosa das elei\u00e7\u00f5es da OAB - Evandro Junior","robots":{"index":"index","follow":"follow","max-snippet":"max-snippet:-1","max-image-preview":"max-image-preview:large","max-video-preview":"max-video-preview:-1"},"canonical":"https:\/\/www.blogsoestado.com\/evandrojunior\/2018\/11\/22\/samara-brauna-surpreende-no-debate-e-pode-ser-a-grande-vitoriosa-das-eleicoes-da-oab\/","og_locale":"pt_BR","og_type":"article","og_title":"S\u00e2mara Bra\u00fana surpreende no debate e pode ser a grande vitoriosa das elei\u00e7\u00f5es da OAB - Evandro Junior","og_description":"&nbsp; S\u00e3o Lu\u00eds &#8211; Quem assistiu ao debate de ontem entre os candidatos \u00e0 Presid\u00eancia da Ordem dos Advogados do [&hellip;]","og_url":"https:\/\/www.blogsoestado.com\/evandrojunior\/2018\/11\/22\/samara-brauna-surpreende-no-debate-e-pode-ser-a-grande-vitoriosa-das-eleicoes-da-oab\/","og_site_name":"Evandro Junior","article_published_time":"2018-11-22T22:04:22+00:00","og_image":[{"url":"https:\/\/www.blogsoestado.com\/evandrojunior\/wp-content\/uploads\/sites\/3\/2018\/11\/WhatsApp-Image-2018-11-22-at-19.51.49-1-300x200.jpeg","type":"","width":"","height":""}],"author":"Evandro Junior","twitter_card":"summary_large_image","twitter_misc":{"Escrito por":"Evandro Junior","Est. tempo de leitura":"2 minutos"},"schema":{"@context":"https:\/\/schema.org","@graph":[{"@type":"WebPage","@id":"https:\/\/www.blogsoestado.com\/evandrojunior\/2018\/11\/22\/samara-brauna-surpreende-no-debate-e-pode-ser-a-grande-vitoriosa-das-eleicoes-da-oab\/","url":"https:\/\/www.blogsoestado.com\/evandrojunior\/2018\/11\/22\/samara-brauna-surpreende-no-debate-e-pode-ser-a-grande-vitoriosa-das-eleicoes-da-oab\/","name":"S\u00e2mara Bra\u00fana surpreende no debate e pode ser a grande vitoriosa das elei\u00e7\u00f5es da OAB - Evandro Junior","isPartOf":{"@id":"https:\/\/www.blogsoestado.com\/evandrojunior\/#website"},"primaryImageOfPage":{"@id":"https:\/\/www.blogsoestado.com\/evandrojunior\/2018\/11\/22\/samara-brauna-surpreende-no-debate-e-pode-ser-a-grande-vitoriosa-das-eleicoes-da-oab\/#primaryimage"},"image":{"@id":"https:\/\/www.blogsoestado.com\/evandrojunior\/2018\/11\/22\/samara-brauna-surpreende-no-debate-e-pode-ser-a-grande-vitoriosa-das-eleicoes-da-oab\/#primaryimage"},"thumbnailUrl":"https:\/\/www.blogsoestado.com\/evandrojunior\/wp-content\/uploads\/sites\/3\/2018\/11\/WhatsApp-Image-2018-11-22-at-19.51.49-1-300x200.jpeg","datePublished":"2018-11-22T22:04:22+00:00","author":{"@id":"https:\/\/www.blogsoestado.com\/evandrojunior\/#\/schema\/person\/3e6c3d8dbb740d1c6878ebc935cfb3be"},"breadcrumb":{"@id":"https:\/\/www.blogsoestado.com\/evandrojunior\/2018\/11\/22\/samara-brauna-surpreende-no-debate-e-pode-ser-a-grande-vitoriosa-das-eleicoes-da-oab\/#breadcrumb"},"inLanguage":"pt-BR","potentialAction":[{"@type":"ReadAction","target":["https:\/\/www.blogsoestado.com\/evandrojunior\/2018\/11\/22\/samara-brauna-surpreende-no-debate-e-pode-ser-a-grande-vitoriosa-das-eleicoes-da-oab\/"]}]},{"@type":"ImageObject","inLanguage":"pt-BR","@id":"https:\/\/www.blogsoestado.com\/evandrojunior\/2018\/11\/22\/samara-brauna-surpreende-no-debate-e-pode-ser-a-grande-vitoriosa-das-eleicoes-da-oab\/#primaryimage","url":"https:\/\/www.blogsoestado.com\/evandrojunior\/wp-content\/uploads\/sites\/3\/2018\/11\/WhatsApp-Image-2018-11-22-at-19.51.49-1-300x200.jpeg","contentUrl":"https:\/\/www.blogsoestado.com\/evandrojunior\/wp-content\/uploads\/sites\/3\/2018\/11\/WhatsApp-Image-2018-11-22-at-19.51.49-1-300x200.jpeg"},{"@type":"BreadcrumbList","@id":"https:\/\/www.blogsoestado.com\/evandrojunior\/2018\/11\/22\/samara-brauna-surpreende-no-debate-e-pode-ser-a-grande-vitoriosa-das-eleicoes-da-oab\/#breadcrumb","itemListElement":[{"@type":"ListItem","position":1,"name":"In\u00edcio","item":"https:\/\/www.blogsoestado.com\/evandrojunior\/"},{"@type":"ListItem","position":2,"name":"S\u00e2mara Bra\u00fana surpreende no debate e pode ser a grande vitoriosa das elei\u00e7\u00f5es da OAB"}]},{"@type":"WebSite","@id":"https:\/\/www.blogsoestado.com\/evandrojunior\/#website","url":"https:\/\/www.blogsoestado.com\/evandrojunior\/","name":"Evandro Junior","description":"","potentialAction":[{"@type":"SearchAction","target":{"@type":"EntryPoint","urlTemplate":"https:\/\/www.blogsoestado.com\/evandrojunior\/?s={search_term_string}"},"query-input":{"@type":"PropertyValueSpecification","valueRequired":true,"valueName":"search_term_string"}}],"inLanguage":"pt-BR"},{"@type":"Person","@id":"https:\/\/www.blogsoestado.com\/evandrojunior\/#\/schema\/person\/3e6c3d8dbb740d1c6878ebc935cfb3be","name":"Evandro Junior","image":{"@type":"ImageObject","inLanguage":"pt-BR","@id":"https:\/\/www.blogsoestado.com\/evandrojunior\/#\/schema\/person\/image\/","url":"https:\/\/secure.gravatar.com\/avatar\/f80a03a2294a580cd2318bfb459bf354cfa8be661ef3d95b542cf9a04af8d129?s=96&d=mm&r=g","contentUrl":"https:\/\/secure.gravatar.com\/avatar\/f80a03a2294a580cd2318bfb459bf354cfa8be661ef3d95b542cf9a04af8d129?s=96&d=mm&r=g","caption":"Evandro Junior"},"url":"https:\/\/www.blogsoestado.com\/evandrojunior\/author\/evandrojunior\/"}]}},"jetpack_featured_media_url":"","_links":{"self":[{"href":"https:\/\/www.blogsoestado.com\/evandrojunior\/wp-json\/wp\/v2\/posts\/1452","targetHints":{"allow":["GET"]}}],"collection":[{"href":"https:\/\/www.blogsoestado.com\/evandrojunior\/wp-json\/wp\/v2\/posts"}],"about":[{"href":"https:\/\/www.blogsoestado.com\/evandrojunior\/wp-json\/wp\/v2\/types\/post"}],"author":[{"embeddable":true,"href":"https:\/\/www.blogsoestado.com\/evandrojunior\/wp-json\/wp\/v2\/users\/4"}],"replies":[{"embeddable":true,"href":"https:\/\/www.blogsoestado.com\/evandrojunior\/wp-json\/wp\/v2\/comments?post=1452"}],"version-history":[{"count":0,"href":"https:\/\/www.blogsoestado.com\/evandrojunior\/wp-json\/wp\/v2\/posts\/1452\/revisions"}],"wp:attachment":[{"href":"https:\/\/www.blogsoestado.com\/evandrojunior\/wp-json\/wp\/v2\/media?parent=1452"}],"wp:term":[{"taxonomy":"category","embeddable":true,"href":"https:\/\/www.blogsoestado.com\/evandrojunior\/wp-json\/wp\/v2\/categories?post=1452"},{"taxonomy":"post_tag","embeddable":true,"href":"https:\/\/www.blogsoestado.com\/evandrojunior\/wp-json\/wp\/v2\/tags?post=1452"}],"curies":[{"name":"wp","href":"https:\/\/api.w.org\/{rel}","templated":true}]}}