{"id":14530,"date":"2025-02-12T15:44:35","date_gmt":"2025-02-12T18:44:35","guid":{"rendered":"https:\/\/www.blogsoestado.com\/evandrojunior\/?p=14530"},"modified":"2025-02-12T15:44:35","modified_gmt":"2025-02-12T18:44:35","slug":"set-garante-na-justica-circulacao-de-80-da-frota-de-onibus-durante-greve-dos-rodoviarios","status":"publish","type":"post","link":"https:\/\/www.blogsoestado.com\/evandrojunior\/2025\/02\/12\/set-garante-na-justica-circulacao-de-80-da-frota-de-onibus-durante-greve-dos-rodoviarios\/","title":{"rendered":"SET garante na Justi\u00e7a circula\u00e7\u00e3o de 80% da frota de \u00f4nibus durante greve dos rodovi\u00e1rios"},"content":{"rendered":"\n<div class=\"wp-block-image\"><figure class=\"aligncenter size-large is-resized\"><img fetchpriority=\"high\" decoding=\"async\" src=\"https:\/\/www.blogsoestado.com\/evandrojunior\/files\/2025\/02\/WhatsApp-Image-2025-02-12-at-15.28.24-1024x937.jpeg\" alt=\"\" class=\"wp-image-14531\" width=\"493\" height=\"450\"\/><figcaption><strong>Greve dos rodovi\u00e1rio est\u00e1 prevista para a pr\u00f3xima segunda-feira (17)<\/strong><\/figcaption><\/figure><\/div>\n\n\n\n<p><strong>S\u00c3O LU\u00cdS<\/strong> &#8211; O Sindicato das Empresas de Transporte de Passageiros de S\u00e3o Lu\u00eds (SET) obteve na Justi\u00e7a, nesta quarta-feira (12), liminar determinando que 80% da frota do transporte coletivo de S\u00e3o Lu\u00eds circule durante a greve anunciada pelo Sindicato dos Trabalhadores em Transporte Rodovi\u00e1rio do Estado do Maranh\u00e3o (STTREMA), prevista para come\u00e7ar na pr\u00f3xima segunda-feira (17). <\/p>\n\n\n\n<p>A liminar judicial fixa ao Sindicato dos Rodovi\u00e1rios multa de R$ 100 mil por dia de paralisa\u00e7\u00e3o em caso de descumprimento da determina\u00e7\u00e3o. O acionamento da Justi\u00e7a pelo SET tem como objetivo garantir que a popula\u00e7\u00e3o n\u00e3o seja prejudicada com a greve dos rodovi\u00e1rios.<\/p>\n\n\n\n<p>A liminar judicial determina, tamb\u00e9m, que o Sindicato dos Rodovi\u00e1rios se abstenha de praticar atos de vandalismo e medidas de protesto alternativo, como opera\u00e7\u00f5es catraca livre (opera\u00e7\u00e3o dos \u00f4nibus sem cobran\u00e7a de passagem), tartaruga (opera\u00e7\u00e3o propositadamente lenta para forma\u00e7\u00e3o de longos engarrafamentos) e piquete (barricadas nas portas das garagens das empresas para impedir a sa\u00edda dos \u00f4nibus) ou qualquer outro meio para tornar sem efeito ou minimizar a decis\u00e3o judicial.<\/p>\n\n\n\n<p>De acordo com o diretor Executivo do SET, Paulo Pires, o acionamento da Justi\u00e7a \u00e9 uma medida preventiva e de prote\u00e7\u00e3o de preju\u00edzos \u00e0 popula\u00e7\u00e3o e \u00e0s empresas. \u201cA popula\u00e7\u00e3o n\u00e3o pode ser prejudicada por uma decis\u00e3o dos trabalhadores rodovi\u00e1rios de parar a circula\u00e7\u00e3o dos \u00f4nibus, pois isso provoca preju\u00edzos incalcul\u00e1veis a toda a cidade. Sem \u00f4nibus n\u00e3o funcionam o com\u00e9rcio, as escolas, as empresas prestadoras de servi\u00e7os, \u00f3rg\u00e3os p\u00fablicos e empresas. A cidade n\u00e3o pode parar, ent\u00e3o, recorremos \u00e0 Justi\u00e7a com o an\u00fancio da greve pelos rodovi\u00e1rios para evitar tantos preju\u00edzos\u201d, justifica Paulo Pires.<\/p>\n\n\n\n<p>Pires informa que a paralisa\u00e7\u00e3o \u00e9 uma estrat\u00e9gia dos rodovi\u00e1rios para for\u00e7ar o reajuste salarial. Entretanto, apesar das v\u00e1rias tentativas de acordo, inclusive no Minist\u00e9rio P\u00fablico do Trabalho, onde j\u00e1 foram realizadas duas audi\u00eancias de concilia\u00e7\u00e3o, n\u00e3o se chegou a um consenso. <\/p>\n\n\n\n<p>\u201cAt\u00e9 o momento, n\u00e3o nos foi dada pela Prefeitura de S\u00e3o Lu\u00eds e Governo do Estado nenhuma condi\u00e7\u00e3o de fazer alguma contraproposta aos rodovi\u00e1rios, pois n\u00e3o se trata somente de reajuste salarial. As empresas de transporte p\u00fablico t\u00eam uma s\u00e9rie de itens em sua planilha de custo mensal, como o pre\u00e7o do \u00f3leo diesel, que s\u00f3 aumenta, e precisa ser levada em considera\u00e7\u00e3o no momento de fechar um acordo coletivo. S\u00f3 que n\u00e3o \u00e9 o que est\u00e1 ocorrendo, ent\u00e3o, n\u00e3o podemos apresentar contraproposta de reajuste salarial da m\u00e3o de obra, que, inclusive \u00e9 um dos itens que tem grande peso na planilha, sem que seja indicada a fonte de custeio, pois assim poderemos comprometer todo o funcionamento do sistema de transporte\u201d, explica o diretor Executivo do SET.<\/p>\n\n\n\n<p>O SET destaca, al\u00e9m da omiss\u00e3o do Estado e Munic\u00edpio sobre a sustentabilidade do sistema de transporte, que presta servi\u00e7os essenciais \u00e0 popula\u00e7\u00e3o, o fato de o Sindicato dos Rodovi\u00e1rios n\u00e3o ter enviado comunicado formal ao sindicato patronal sobre a realiza\u00e7\u00e3o da greve. <\/p>\n\n\n\n<p>O SET soube da poss\u00edvel paralisa\u00e7\u00e3o somente por meio de mat\u00e9rias publicadas pela imprensa demonstrando que o objetivo \u00e9 tornar tensa a rela\u00e7\u00e3o entre patr\u00f5es, empregados e o Poder P\u00fablico e desestabilizar e criar p\u00e2nico na popula\u00e7\u00e3o, demonstrando abuso na deflagra\u00e7\u00e3o da greve.<\/p>\n","protected":false},"excerpt":{"rendered":"<p>S\u00c3O LU\u00cdS &#8211; O Sindicato das Empresas de Transporte de Passageiros de S\u00e3o Lu\u00eds (SET) obteve na Justi\u00e7a, nesta quarta-feira [&hellip;]<\/p>\n","protected":false},"author":4,"featured_media":0,"comment_status":"open","ping_status":"open","sticky":false,"template":"","format":"standard","meta":{"site-sidebar-layout":"default","site-content-layout":"","ast-site-content-layout":"default","site-content-style":"default","site-sidebar-style":"default","ast-global-header-display":"","ast-banner-title-visibility":"","ast-main-header-display":"","ast-hfb-above-header-display":"","ast-hfb-below-header-display":"","ast-hfb-mobile-header-display":"","site-post-title":"","ast-breadcrumbs-content":"","ast-featured-img":"","footer-sml-layout":"","ast-disable-related-posts":"","theme-transparent-header-meta":"","adv-header-id-meta":"","stick-header-meta":"","header-above-stick-meta":"","header-main-stick-meta":"","header-below-stick-meta":"","astra-migrate-meta-layouts":"default","ast-page-background-enabled":"default","ast-page-background-meta":{"desktop":{"background-color":"var(--ast-global-color-5)","background-image":"","background-repeat":"repeat","background-position":"center center","background-size":"auto","background-attachment":"scroll","background-type":"","background-media":"","overlay-type":"","overlay-color":"","overlay-opacity":"","overlay-gradient":""},"tablet":{"background-color":"","background-image":"","background-repeat":"repeat","background-position":"center center","background-size":"auto","background-attachment":"scroll","background-type":"","background-media":"","overlay-type":"","overlay-color":"","overlay-opacity":"","overlay-gradient":""},"mobile":{"background-color":"","background-image":"","background-repeat":"repeat","background-position":"center center","background-size":"auto","background-attachment":"scroll","background-type":"","background-media":"","overlay-type":"","overlay-color":"","overlay-opacity":"","overlay-gradient":""}},"ast-content-background-meta":{"desktop":{"background-color":"var(--ast-global-color-4)","background-image":"","background-repeat":"repeat","background-position":"center center","background-size":"auto","background-attachment":"scroll","background-type":"","background-media":"","overlay-type":"","overlay-color":"","overlay-opacity":"","overlay-gradient":""},"tablet":{"background-color":"var(--ast-global-color-4)","background-image":"","background-repeat":"repeat","background-position":"center center","background-size":"auto","background-attachment":"scroll","background-type":"","background-media":"","overlay-type":"","overlay-color":"","overlay-opacity":"","overlay-gradient":""},"mobile":{"background-color":"var(--ast-global-color-4)","background-image":"","background-repeat":"repeat","background-position":"center center","background-size":"auto","background-attachment":"scroll","background-type":"","background-media":"","overlay-type":"","overlay-color":"","overlay-opacity":"","overlay-gradient":""}},"footnotes":""},"categories":[1],"tags":[],"class_list":["post-14530","post","type-post","status-publish","format-standard","hentry","category-sem-categoria"],"yoast_head":"<!-- This site is optimized with the Yoast SEO plugin v26.6 - https:\/\/yoast.com\/wordpress\/plugins\/seo\/ -->\n<title>SET garante na Justi\u00e7a circula\u00e7\u00e3o de 80% da frota de \u00f4nibus durante greve dos rodovi\u00e1rios - Evandro Junior<\/title>\n<meta name=\"robots\" content=\"index, follow, max-snippet:-1, max-image-preview:large, max-video-preview:-1\" \/>\n<link rel=\"canonical\" href=\"https:\/\/www.blogsoestado.com\/evandrojunior\/2025\/02\/12\/set-garante-na-justica-circulacao-de-80-da-frota-de-onibus-durante-greve-dos-rodoviarios\/\" \/>\n<meta property=\"og:locale\" content=\"pt_BR\" \/>\n<meta property=\"og:type\" content=\"article\" \/>\n<meta property=\"og:title\" content=\"SET garante na Justi\u00e7a circula\u00e7\u00e3o de 80% da frota de \u00f4nibus durante greve dos rodovi\u00e1rios - Evandro Junior\" \/>\n<meta property=\"og:description\" content=\"S\u00c3O LU\u00cdS &#8211; O Sindicato das Empresas de Transporte de Passageiros de S\u00e3o Lu\u00eds (SET) obteve na Justi\u00e7a, nesta quarta-feira [&hellip;]\" \/>\n<meta property=\"og:url\" content=\"https:\/\/www.blogsoestado.com\/evandrojunior\/2025\/02\/12\/set-garante-na-justica-circulacao-de-80-da-frota-de-onibus-durante-greve-dos-rodoviarios\/\" \/>\n<meta property=\"og:site_name\" content=\"Evandro Junior\" \/>\n<meta property=\"article:published_time\" content=\"2025-02-12T18:44:35+00:00\" \/>\n<meta property=\"og:image\" content=\"https:\/\/www.blogsoestado.com\/evandrojunior\/files\/2025\/02\/WhatsApp-Image-2025-02-12-at-15.28.24-1024x937.jpeg\" \/>\n<meta name=\"author\" content=\"Evandro Junior\" \/>\n<meta name=\"twitter:card\" content=\"summary_large_image\" \/>\n<meta name=\"twitter:label1\" content=\"Escrito por\" \/>\n\t<meta name=\"twitter:data1\" content=\"Evandro Junior\" \/>\n\t<meta name=\"twitter:label2\" content=\"Est. tempo de leitura\" \/>\n\t<meta name=\"twitter:data2\" content=\"3 minutos\" \/>\n<script type=\"application\/ld+json\" class=\"yoast-schema-graph\">{\"@context\":\"https:\/\/schema.org\",\"@graph\":[{\"@type\":\"WebPage\",\"@id\":\"https:\/\/www.blogsoestado.com\/evandrojunior\/2025\/02\/12\/set-garante-na-justica-circulacao-de-80-da-frota-de-onibus-durante-greve-dos-rodoviarios\/\",\"url\":\"https:\/\/www.blogsoestado.com\/evandrojunior\/2025\/02\/12\/set-garante-na-justica-circulacao-de-80-da-frota-de-onibus-durante-greve-dos-rodoviarios\/\",\"name\":\"SET garante na Justi\u00e7a circula\u00e7\u00e3o de 80% da frota de \u00f4nibus durante greve dos rodovi\u00e1rios - Evandro Junior\",\"isPartOf\":{\"@id\":\"https:\/\/www.blogsoestado.com\/evandrojunior\/#website\"},\"primaryImageOfPage\":{\"@id\":\"https:\/\/www.blogsoestado.com\/evandrojunior\/2025\/02\/12\/set-garante-na-justica-circulacao-de-80-da-frota-de-onibus-durante-greve-dos-rodoviarios\/#primaryimage\"},\"image\":{\"@id\":\"https:\/\/www.blogsoestado.com\/evandrojunior\/2025\/02\/12\/set-garante-na-justica-circulacao-de-80-da-frota-de-onibus-durante-greve-dos-rodoviarios\/#primaryimage\"},\"thumbnailUrl\":\"https:\/\/www.blogsoestado.com\/evandrojunior\/files\/2025\/02\/WhatsApp-Image-2025-02-12-at-15.28.24-1024x937.jpeg\",\"datePublished\":\"2025-02-12T18:44:35+00:00\",\"author\":{\"@id\":\"https:\/\/www.blogsoestado.com\/evandrojunior\/#\/schema\/person\/3e6c3d8dbb740d1c6878ebc935cfb3be\"},\"breadcrumb\":{\"@id\":\"https:\/\/www.blogsoestado.com\/evandrojunior\/2025\/02\/12\/set-garante-na-justica-circulacao-de-80-da-frota-de-onibus-durante-greve-dos-rodoviarios\/#breadcrumb\"},\"inLanguage\":\"pt-BR\",\"potentialAction\":[{\"@type\":\"ReadAction\",\"target\":[\"https:\/\/www.blogsoestado.com\/evandrojunior\/2025\/02\/12\/set-garante-na-justica-circulacao-de-80-da-frota-de-onibus-durante-greve-dos-rodoviarios\/\"]}]},{\"@type\":\"ImageObject\",\"inLanguage\":\"pt-BR\",\"@id\":\"https:\/\/www.blogsoestado.com\/evandrojunior\/2025\/02\/12\/set-garante-na-justica-circulacao-de-80-da-frota-de-onibus-durante-greve-dos-rodoviarios\/#primaryimage\",\"url\":\"https:\/\/www.blogsoestado.com\/evandrojunior\/files\/2025\/02\/WhatsApp-Image-2025-02-12-at-15.28.24-1024x937.jpeg\",\"contentUrl\":\"https:\/\/www.blogsoestado.com\/evandrojunior\/files\/2025\/02\/WhatsApp-Image-2025-02-12-at-15.28.24-1024x937.jpeg\"},{\"@type\":\"BreadcrumbList\",\"@id\":\"https:\/\/www.blogsoestado.com\/evandrojunior\/2025\/02\/12\/set-garante-na-justica-circulacao-de-80-da-frota-de-onibus-durante-greve-dos-rodoviarios\/#breadcrumb\",\"itemListElement\":[{\"@type\":\"ListItem\",\"position\":1,\"name\":\"In\u00edcio\",\"item\":\"https:\/\/www.blogsoestado.com\/evandrojunior\/\"},{\"@type\":\"ListItem\",\"position\":2,\"name\":\"SET garante na Justi\u00e7a circula\u00e7\u00e3o de 80% da frota de \u00f4nibus durante greve dos rodovi\u00e1rios\"}]},{\"@type\":\"WebSite\",\"@id\":\"https:\/\/www.blogsoestado.com\/evandrojunior\/#website\",\"url\":\"https:\/\/www.blogsoestado.com\/evandrojunior\/\",\"name\":\"Evandro Junior\",\"description\":\"\",\"potentialAction\":[{\"@type\":\"SearchAction\",\"target\":{\"@type\":\"EntryPoint\",\"urlTemplate\":\"https:\/\/www.blogsoestado.com\/evandrojunior\/?s={search_term_string}\"},\"query-input\":{\"@type\":\"PropertyValueSpecification\",\"valueRequired\":true,\"valueName\":\"search_term_string\"}}],\"inLanguage\":\"pt-BR\"},{\"@type\":\"Person\",\"@id\":\"https:\/\/www.blogsoestado.com\/evandrojunior\/#\/schema\/person\/3e6c3d8dbb740d1c6878ebc935cfb3be\",\"name\":\"Evandro Junior\",\"image\":{\"@type\":\"ImageObject\",\"inLanguage\":\"pt-BR\",\"@id\":\"https:\/\/www.blogsoestado.com\/evandrojunior\/#\/schema\/person\/image\/\",\"url\":\"https:\/\/secure.gravatar.com\/avatar\/f80a03a2294a580cd2318bfb459bf354cfa8be661ef3d95b542cf9a04af8d129?s=96&d=mm&r=g\",\"contentUrl\":\"https:\/\/secure.gravatar.com\/avatar\/f80a03a2294a580cd2318bfb459bf354cfa8be661ef3d95b542cf9a04af8d129?s=96&d=mm&r=g\",\"caption\":\"Evandro Junior\"},\"url\":\"https:\/\/www.blogsoestado.com\/evandrojunior\/author\/evandrojunior\/\"}]}<\/script>\n<!-- \/ Yoast SEO plugin. -->","yoast_head_json":{"title":"SET garante na Justi\u00e7a circula\u00e7\u00e3o de 80% da frota de \u00f4nibus durante greve dos rodovi\u00e1rios - Evandro Junior","robots":{"index":"index","follow":"follow","max-snippet":"max-snippet:-1","max-image-preview":"max-image-preview:large","max-video-preview":"max-video-preview:-1"},"canonical":"https:\/\/www.blogsoestado.com\/evandrojunior\/2025\/02\/12\/set-garante-na-justica-circulacao-de-80-da-frota-de-onibus-durante-greve-dos-rodoviarios\/","og_locale":"pt_BR","og_type":"article","og_title":"SET garante na Justi\u00e7a circula\u00e7\u00e3o de 80% da frota de \u00f4nibus durante greve dos rodovi\u00e1rios - Evandro Junior","og_description":"S\u00c3O LU\u00cdS &#8211; O Sindicato das Empresas de Transporte de Passageiros de S\u00e3o Lu\u00eds (SET) obteve na Justi\u00e7a, nesta quarta-feira [&hellip;]","og_url":"https:\/\/www.blogsoestado.com\/evandrojunior\/2025\/02\/12\/set-garante-na-justica-circulacao-de-80-da-frota-de-onibus-durante-greve-dos-rodoviarios\/","og_site_name":"Evandro Junior","article_published_time":"2025-02-12T18:44:35+00:00","og_image":[{"url":"https:\/\/www.blogsoestado.com\/evandrojunior\/files\/2025\/02\/WhatsApp-Image-2025-02-12-at-15.28.24-1024x937.jpeg","type":"","width":"","height":""}],"author":"Evandro Junior","twitter_card":"summary_large_image","twitter_misc":{"Escrito por":"Evandro Junior","Est. tempo de leitura":"3 minutos"},"schema":{"@context":"https:\/\/schema.org","@graph":[{"@type":"WebPage","@id":"https:\/\/www.blogsoestado.com\/evandrojunior\/2025\/02\/12\/set-garante-na-justica-circulacao-de-80-da-frota-de-onibus-durante-greve-dos-rodoviarios\/","url":"https:\/\/www.blogsoestado.com\/evandrojunior\/2025\/02\/12\/set-garante-na-justica-circulacao-de-80-da-frota-de-onibus-durante-greve-dos-rodoviarios\/","name":"SET garante na Justi\u00e7a circula\u00e7\u00e3o de 80% da frota de \u00f4nibus durante greve dos rodovi\u00e1rios - Evandro Junior","isPartOf":{"@id":"https:\/\/www.blogsoestado.com\/evandrojunior\/#website"},"primaryImageOfPage":{"@id":"https:\/\/www.blogsoestado.com\/evandrojunior\/2025\/02\/12\/set-garante-na-justica-circulacao-de-80-da-frota-de-onibus-durante-greve-dos-rodoviarios\/#primaryimage"},"image":{"@id":"https:\/\/www.blogsoestado.com\/evandrojunior\/2025\/02\/12\/set-garante-na-justica-circulacao-de-80-da-frota-de-onibus-durante-greve-dos-rodoviarios\/#primaryimage"},"thumbnailUrl":"https:\/\/www.blogsoestado.com\/evandrojunior\/files\/2025\/02\/WhatsApp-Image-2025-02-12-at-15.28.24-1024x937.jpeg","datePublished":"2025-02-12T18:44:35+00:00","author":{"@id":"https:\/\/www.blogsoestado.com\/evandrojunior\/#\/schema\/person\/3e6c3d8dbb740d1c6878ebc935cfb3be"},"breadcrumb":{"@id":"https:\/\/www.blogsoestado.com\/evandrojunior\/2025\/02\/12\/set-garante-na-justica-circulacao-de-80-da-frota-de-onibus-durante-greve-dos-rodoviarios\/#breadcrumb"},"inLanguage":"pt-BR","potentialAction":[{"@type":"ReadAction","target":["https:\/\/www.blogsoestado.com\/evandrojunior\/2025\/02\/12\/set-garante-na-justica-circulacao-de-80-da-frota-de-onibus-durante-greve-dos-rodoviarios\/"]}]},{"@type":"ImageObject","inLanguage":"pt-BR","@id":"https:\/\/www.blogsoestado.com\/evandrojunior\/2025\/02\/12\/set-garante-na-justica-circulacao-de-80-da-frota-de-onibus-durante-greve-dos-rodoviarios\/#primaryimage","url":"https:\/\/www.blogsoestado.com\/evandrojunior\/files\/2025\/02\/WhatsApp-Image-2025-02-12-at-15.28.24-1024x937.jpeg","contentUrl":"https:\/\/www.blogsoestado.com\/evandrojunior\/files\/2025\/02\/WhatsApp-Image-2025-02-12-at-15.28.24-1024x937.jpeg"},{"@type":"BreadcrumbList","@id":"https:\/\/www.blogsoestado.com\/evandrojunior\/2025\/02\/12\/set-garante-na-justica-circulacao-de-80-da-frota-de-onibus-durante-greve-dos-rodoviarios\/#breadcrumb","itemListElement":[{"@type":"ListItem","position":1,"name":"In\u00edcio","item":"https:\/\/www.blogsoestado.com\/evandrojunior\/"},{"@type":"ListItem","position":2,"name":"SET garante na Justi\u00e7a circula\u00e7\u00e3o de 80% da frota de \u00f4nibus durante greve dos rodovi\u00e1rios"}]},{"@type":"WebSite","@id":"https:\/\/www.blogsoestado.com\/evandrojunior\/#website","url":"https:\/\/www.blogsoestado.com\/evandrojunior\/","name":"Evandro Junior","description":"","potentialAction":[{"@type":"SearchAction","target":{"@type":"EntryPoint","urlTemplate":"https:\/\/www.blogsoestado.com\/evandrojunior\/?s={search_term_string}"},"query-input":{"@type":"PropertyValueSpecification","valueRequired":true,"valueName":"search_term_string"}}],"inLanguage":"pt-BR"},{"@type":"Person","@id":"https:\/\/www.blogsoestado.com\/evandrojunior\/#\/schema\/person\/3e6c3d8dbb740d1c6878ebc935cfb3be","name":"Evandro Junior","image":{"@type":"ImageObject","inLanguage":"pt-BR","@id":"https:\/\/www.blogsoestado.com\/evandrojunior\/#\/schema\/person\/image\/","url":"https:\/\/secure.gravatar.com\/avatar\/f80a03a2294a580cd2318bfb459bf354cfa8be661ef3d95b542cf9a04af8d129?s=96&d=mm&r=g","contentUrl":"https:\/\/secure.gravatar.com\/avatar\/f80a03a2294a580cd2318bfb459bf354cfa8be661ef3d95b542cf9a04af8d129?s=96&d=mm&r=g","caption":"Evandro Junior"},"url":"https:\/\/www.blogsoestado.com\/evandrojunior\/author\/evandrojunior\/"}]}},"jetpack_featured_media_url":"","_links":{"self":[{"href":"https:\/\/www.blogsoestado.com\/evandrojunior\/wp-json\/wp\/v2\/posts\/14530","targetHints":{"allow":["GET"]}}],"collection":[{"href":"https:\/\/www.blogsoestado.com\/evandrojunior\/wp-json\/wp\/v2\/posts"}],"about":[{"href":"https:\/\/www.blogsoestado.com\/evandrojunior\/wp-json\/wp\/v2\/types\/post"}],"author":[{"embeddable":true,"href":"https:\/\/www.blogsoestado.com\/evandrojunior\/wp-json\/wp\/v2\/users\/4"}],"replies":[{"embeddable":true,"href":"https:\/\/www.blogsoestado.com\/evandrojunior\/wp-json\/wp\/v2\/comments?post=14530"}],"version-history":[{"count":0,"href":"https:\/\/www.blogsoestado.com\/evandrojunior\/wp-json\/wp\/v2\/posts\/14530\/revisions"}],"wp:attachment":[{"href":"https:\/\/www.blogsoestado.com\/evandrojunior\/wp-json\/wp\/v2\/media?parent=14530"}],"wp:term":[{"taxonomy":"category","embeddable":true,"href":"https:\/\/www.blogsoestado.com\/evandrojunior\/wp-json\/wp\/v2\/categories?post=14530"},{"taxonomy":"post_tag","embeddable":true,"href":"https:\/\/www.blogsoestado.com\/evandrojunior\/wp-json\/wp\/v2\/tags?post=14530"}],"curies":[{"name":"wp","href":"https:\/\/api.w.org\/{rel}","templated":true}]}}