{"id":14536,"date":"2025-02-12T16:17:22","date_gmt":"2025-02-12T19:17:22","guid":{"rendered":"https:\/\/www.blogsoestado.com\/evandrojunior\/?p=14536"},"modified":"2025-02-12T16:17:22","modified_gmt":"2025-02-12T19:17:22","slug":"ministro-juscelino-filho-lanca-programa-carreta-digital-nesta-sexta-feira","status":"publish","type":"post","link":"https:\/\/www.blogsoestado.com\/evandrojunior\/2025\/02\/12\/ministro-juscelino-filho-lanca-programa-carreta-digital-nesta-sexta-feira\/","title":{"rendered":"Ministro Juscelino Filho lan\u00e7a programa &#8216;Carreta Digital&#8217; nesta sexta-feira"},"content":{"rendered":"\n<div class=\"wp-block-image\"><figure class=\"aligncenter size-large is-resized\"><img fetchpriority=\"high\" decoding=\"async\" src=\"https:\/\/www.blogsoestado.com\/evandrojunior\/files\/2025\/02\/WhatsApp-Image-2025-02-12-at-16.14.32.jpeg\" alt=\"\" class=\"wp-image-14537\" width=\"536\" height=\"278\"\/><figcaption><strong>Carreta Digital \u00e9 uma a\u00e7\u00e3o de forma\u00e7\u00e3o itinerante que percorrer\u00e1 v\u00e1rias escolas da rede p\u00fablica na capital e em munic\u00edpios do interior do Maranh\u00e3o<\/strong><\/figcaption><\/figure><\/div>\n\n\n\n<p><strong>S\u00c3O LU\u00cdS<\/strong> &#8211;  O ministro das Comunica\u00e7\u00f5es, Juscelino Filho, lan\u00e7a, nesta sexta-feira (14), em S\u00e3o Lu\u00eds (MA), o programa Carreta Digital, voltado para capacitar jovens com a oferta de cursos profissionalizantes. A solenidade oficial est\u00e1 marcada para as 10h, no Centro Educacional C\u00f4nego Ribamar Carvalho, localizado na rua Severiano Azevedo, na Cohab Anil III. Estar\u00e3o presentes autoridades do poder legislativo, governo estadual e da comunidade estudantil.<\/p>\n\n\n\n<p>Na oportunidade, o ministro far\u00e1, tamb\u00e9m, a inaugura\u00e7\u00e3o de um laborat\u00f3rio de inform\u00e1tica com a doa\u00e7\u00e3o de 20 computadores pelo Centro de Recondicionamento de Computadores (CRC) do Instituto Federal do Maranh\u00e3o (IFMA) em parceria com o Minist\u00e9rio das Comunica\u00e7\u00f5es (MCom), por meio do programa Computadores para Inclus\u00e3o.<\/p>\n\n\n\n<p>O projeto Carreta Digital \u00e9 uma a\u00e7\u00e3o de forma\u00e7\u00e3o itinerante que percorrer\u00e1 v\u00e1rias escolas da rede p\u00fablica na capital e em munic\u00edpios do interior do Maranh\u00e3o, ofertando capacita\u00e7\u00e3o a crian\u00e7as e adolescentes em Cursos de Inclus\u00e3o Digital.<\/p>\n\n\n\n<p>Cerca de tr\u00eas mil estudantes devem ser certificados no estado at\u00e9 o final do projeto, em dezembro deste ano. As turmas v\u00e3o aprender rob\u00f3tica, montagem e configura\u00e7\u00e3o de computadores de alto desempenho (PC Gamer) e manuten\u00e7\u00e3o de celulares.<\/p>\n\n\n\n<p><strong>Sobre o projeto<\/strong><\/p>\n\n\n\n<p>As aulas do Carreta Digital come\u00e7aram em setembro de 2024, no Distrito Federal, atendendo a sete escolas. Estados de Mato Grosso do Sul e de Santa Catarina tamb\u00e9m j\u00e1 participam do projeto. Ao todo, j\u00e1 s\u00e3o quase tr\u00eas mil alunos certificados. Nesta primeira etapa, a iniciativa vai beneficiar, tamb\u00e9m, Roraima e Rio Grande do Sul.<\/p>\n\n\n\n<p>A Carreta Digital tem o objetivo de certificar 15 mil alunos, nesses estados e no Distrito Federal, promovendo a inclus\u00e3o e a capacita\u00e7\u00e3o profissional itinerante de estudantes, utilizando habilidades e oportunidades de um futuro melhor para os jovens atrav\u00e9s das tecnologias. <\/p>\n\n\n\n<p>Ao final das aulas, todos recebem um certificado que, no futuro, pode ser o pontap\u00e9 inicial para uma carreira na \u00e1rea de tecnologia. A iniciativa conta com a parceria da Rede Brasileira de Certifica\u00e7\u00e3o, Pesquisa e Inova\u00e7\u00e3o (RBCIP).<\/p>\n","protected":false},"excerpt":{"rendered":"<p>S\u00c3O LU\u00cdS &#8211; O ministro das Comunica\u00e7\u00f5es, Juscelino Filho, lan\u00e7a, nesta sexta-feira (14), em S\u00e3o Lu\u00eds (MA), o programa Carreta [&hellip;]<\/p>\n","protected":false},"author":4,"featured_media":0,"comment_status":"open","ping_status":"open","sticky":false,"template":"","format":"standard","meta":{"site-sidebar-layout":"default","site-content-layout":"","ast-site-content-layout":"default","site-content-style":"default","site-sidebar-style":"default","ast-global-header-display":"","ast-banner-title-visibility":"","ast-main-header-display":"","ast-hfb-above-header-display":"","ast-hfb-below-header-display":"","ast-hfb-mobile-header-display":"","site-post-title":"","ast-breadcrumbs-content":"","ast-featured-img":"","footer-sml-layout":"","ast-disable-related-posts":"","theme-transparent-header-meta":"","adv-header-id-meta":"","stick-header-meta":"","header-above-stick-meta":"","header-main-stick-meta":"","header-below-stick-meta":"","astra-migrate-meta-layouts":"default","ast-page-background-enabled":"default","ast-page-background-meta":{"desktop":{"background-color":"var(--ast-global-color-5)","background-image":"","background-repeat":"repeat","background-position":"center center","background-size":"auto","background-attachment":"scroll","background-type":"","background-media":"","overlay-type":"","overlay-color":"","overlay-opacity":"","overlay-gradient":""},"tablet":{"background-color":"","background-image":"","background-repeat":"repeat","background-position":"center center","background-size":"auto","background-attachment":"scroll","background-type":"","background-media":"","overlay-type":"","overlay-color":"","overlay-opacity":"","overlay-gradient":""},"mobile":{"background-color":"","background-image":"","background-repeat":"repeat","background-position":"center center","background-size":"auto","background-attachment":"scroll","background-type":"","background-media":"","overlay-type":"","overlay-color":"","overlay-opacity":"","overlay-gradient":""}},"ast-content-background-meta":{"desktop":{"background-color":"var(--ast-global-color-4)","background-image":"","background-repeat":"repeat","background-position":"center center","background-size":"auto","background-attachment":"scroll","background-type":"","background-media":"","overlay-type":"","overlay-color":"","overlay-opacity":"","overlay-gradient":""},"tablet":{"background-color":"var(--ast-global-color-4)","background-image":"","background-repeat":"repeat","background-position":"center center","background-size":"auto","background-attachment":"scroll","background-type":"","background-media":"","overlay-type":"","overlay-color":"","overlay-opacity":"","overlay-gradient":""},"mobile":{"background-color":"var(--ast-global-color-4)","background-image":"","background-repeat":"repeat","background-position":"center center","background-size":"auto","background-attachment":"scroll","background-type":"","background-media":"","overlay-type":"","overlay-color":"","overlay-opacity":"","overlay-gradient":""}},"footnotes":""},"categories":[1],"tags":[],"class_list":["post-14536","post","type-post","status-publish","format-standard","hentry","category-sem-categoria"],"yoast_head":"<!-- This site is optimized with the Yoast SEO plugin v26.6 - https:\/\/yoast.com\/wordpress\/plugins\/seo\/ -->\n<title>Ministro Juscelino Filho lan\u00e7a programa &#039;Carreta Digital&#039; nesta sexta-feira - Evandro Junior<\/title>\n<meta name=\"robots\" content=\"index, follow, max-snippet:-1, max-image-preview:large, max-video-preview:-1\" \/>\n<link rel=\"canonical\" href=\"https:\/\/www.blogsoestado.com\/evandrojunior\/2025\/02\/12\/ministro-juscelino-filho-lanca-programa-carreta-digital-nesta-sexta-feira\/\" \/>\n<meta property=\"og:locale\" content=\"pt_BR\" \/>\n<meta property=\"og:type\" content=\"article\" \/>\n<meta property=\"og:title\" content=\"Ministro Juscelino Filho lan\u00e7a programa &#039;Carreta Digital&#039; nesta sexta-feira - Evandro Junior\" \/>\n<meta property=\"og:description\" content=\"S\u00c3O LU\u00cdS &#8211; O ministro das Comunica\u00e7\u00f5es, Juscelino Filho, lan\u00e7a, nesta sexta-feira (14), em S\u00e3o Lu\u00eds (MA), o programa Carreta [&hellip;]\" \/>\n<meta property=\"og:url\" content=\"https:\/\/www.blogsoestado.com\/evandrojunior\/2025\/02\/12\/ministro-juscelino-filho-lanca-programa-carreta-digital-nesta-sexta-feira\/\" \/>\n<meta property=\"og:site_name\" content=\"Evandro Junior\" \/>\n<meta property=\"article:published_time\" content=\"2025-02-12T19:17:22+00:00\" \/>\n<meta property=\"og:image\" content=\"https:\/\/www.blogsoestado.com\/evandrojunior\/files\/2025\/02\/WhatsApp-Image-2025-02-12-at-16.14.32.jpeg\" \/>\n<meta name=\"author\" content=\"Evandro Junior\" \/>\n<meta name=\"twitter:card\" content=\"summary_large_image\" \/>\n<meta name=\"twitter:label1\" content=\"Escrito por\" \/>\n\t<meta name=\"twitter:data1\" content=\"Evandro Junior\" \/>\n\t<meta name=\"twitter:label2\" content=\"Est. tempo de leitura\" \/>\n\t<meta name=\"twitter:data2\" content=\"2 minutos\" \/>\n<script type=\"application\/ld+json\" class=\"yoast-schema-graph\">{\"@context\":\"https:\/\/schema.org\",\"@graph\":[{\"@type\":\"WebPage\",\"@id\":\"https:\/\/www.blogsoestado.com\/evandrojunior\/2025\/02\/12\/ministro-juscelino-filho-lanca-programa-carreta-digital-nesta-sexta-feira\/\",\"url\":\"https:\/\/www.blogsoestado.com\/evandrojunior\/2025\/02\/12\/ministro-juscelino-filho-lanca-programa-carreta-digital-nesta-sexta-feira\/\",\"name\":\"Ministro Juscelino Filho lan\u00e7a programa 'Carreta Digital' nesta sexta-feira - Evandro Junior\",\"isPartOf\":{\"@id\":\"https:\/\/www.blogsoestado.com\/evandrojunior\/#website\"},\"primaryImageOfPage\":{\"@id\":\"https:\/\/www.blogsoestado.com\/evandrojunior\/2025\/02\/12\/ministro-juscelino-filho-lanca-programa-carreta-digital-nesta-sexta-feira\/#primaryimage\"},\"image\":{\"@id\":\"https:\/\/www.blogsoestado.com\/evandrojunior\/2025\/02\/12\/ministro-juscelino-filho-lanca-programa-carreta-digital-nesta-sexta-feira\/#primaryimage\"},\"thumbnailUrl\":\"https:\/\/www.blogsoestado.com\/evandrojunior\/files\/2025\/02\/WhatsApp-Image-2025-02-12-at-16.14.32.jpeg\",\"datePublished\":\"2025-02-12T19:17:22+00:00\",\"author\":{\"@id\":\"https:\/\/www.blogsoestado.com\/evandrojunior\/#\/schema\/person\/3e6c3d8dbb740d1c6878ebc935cfb3be\"},\"breadcrumb\":{\"@id\":\"https:\/\/www.blogsoestado.com\/evandrojunior\/2025\/02\/12\/ministro-juscelino-filho-lanca-programa-carreta-digital-nesta-sexta-feira\/#breadcrumb\"},\"inLanguage\":\"pt-BR\",\"potentialAction\":[{\"@type\":\"ReadAction\",\"target\":[\"https:\/\/www.blogsoestado.com\/evandrojunior\/2025\/02\/12\/ministro-juscelino-filho-lanca-programa-carreta-digital-nesta-sexta-feira\/\"]}]},{\"@type\":\"ImageObject\",\"inLanguage\":\"pt-BR\",\"@id\":\"https:\/\/www.blogsoestado.com\/evandrojunior\/2025\/02\/12\/ministro-juscelino-filho-lanca-programa-carreta-digital-nesta-sexta-feira\/#primaryimage\",\"url\":\"https:\/\/www.blogsoestado.com\/evandrojunior\/files\/2025\/02\/WhatsApp-Image-2025-02-12-at-16.14.32.jpeg\",\"contentUrl\":\"https:\/\/www.blogsoestado.com\/evandrojunior\/files\/2025\/02\/WhatsApp-Image-2025-02-12-at-16.14.32.jpeg\"},{\"@type\":\"BreadcrumbList\",\"@id\":\"https:\/\/www.blogsoestado.com\/evandrojunior\/2025\/02\/12\/ministro-juscelino-filho-lanca-programa-carreta-digital-nesta-sexta-feira\/#breadcrumb\",\"itemListElement\":[{\"@type\":\"ListItem\",\"position\":1,\"name\":\"In\u00edcio\",\"item\":\"https:\/\/www.blogsoestado.com\/evandrojunior\/\"},{\"@type\":\"ListItem\",\"position\":2,\"name\":\"Ministro Juscelino Filho lan\u00e7a programa &#8216;Carreta Digital&#8217; nesta sexta-feira\"}]},{\"@type\":\"WebSite\",\"@id\":\"https:\/\/www.blogsoestado.com\/evandrojunior\/#website\",\"url\":\"https:\/\/www.blogsoestado.com\/evandrojunior\/\",\"name\":\"Evandro Junior\",\"description\":\"\",\"potentialAction\":[{\"@type\":\"SearchAction\",\"target\":{\"@type\":\"EntryPoint\",\"urlTemplate\":\"https:\/\/www.blogsoestado.com\/evandrojunior\/?s={search_term_string}\"},\"query-input\":{\"@type\":\"PropertyValueSpecification\",\"valueRequired\":true,\"valueName\":\"search_term_string\"}}],\"inLanguage\":\"pt-BR\"},{\"@type\":\"Person\",\"@id\":\"https:\/\/www.blogsoestado.com\/evandrojunior\/#\/schema\/person\/3e6c3d8dbb740d1c6878ebc935cfb3be\",\"name\":\"Evandro Junior\",\"image\":{\"@type\":\"ImageObject\",\"inLanguage\":\"pt-BR\",\"@id\":\"https:\/\/www.blogsoestado.com\/evandrojunior\/#\/schema\/person\/image\/\",\"url\":\"https:\/\/secure.gravatar.com\/avatar\/f80a03a2294a580cd2318bfb459bf354cfa8be661ef3d95b542cf9a04af8d129?s=96&d=mm&r=g\",\"contentUrl\":\"https:\/\/secure.gravatar.com\/avatar\/f80a03a2294a580cd2318bfb459bf354cfa8be661ef3d95b542cf9a04af8d129?s=96&d=mm&r=g\",\"caption\":\"Evandro Junior\"},\"url\":\"https:\/\/www.blogsoestado.com\/evandrojunior\/author\/evandrojunior\/\"}]}<\/script>\n<!-- \/ Yoast SEO plugin. -->","yoast_head_json":{"title":"Ministro Juscelino Filho lan\u00e7a programa 'Carreta Digital' nesta sexta-feira - Evandro Junior","robots":{"index":"index","follow":"follow","max-snippet":"max-snippet:-1","max-image-preview":"max-image-preview:large","max-video-preview":"max-video-preview:-1"},"canonical":"https:\/\/www.blogsoestado.com\/evandrojunior\/2025\/02\/12\/ministro-juscelino-filho-lanca-programa-carreta-digital-nesta-sexta-feira\/","og_locale":"pt_BR","og_type":"article","og_title":"Ministro Juscelino Filho lan\u00e7a programa 'Carreta Digital' nesta sexta-feira - Evandro Junior","og_description":"S\u00c3O LU\u00cdS &#8211; O ministro das Comunica\u00e7\u00f5es, Juscelino Filho, lan\u00e7a, nesta sexta-feira (14), em S\u00e3o Lu\u00eds (MA), o programa Carreta [&hellip;]","og_url":"https:\/\/www.blogsoestado.com\/evandrojunior\/2025\/02\/12\/ministro-juscelino-filho-lanca-programa-carreta-digital-nesta-sexta-feira\/","og_site_name":"Evandro Junior","article_published_time":"2025-02-12T19:17:22+00:00","og_image":[{"url":"https:\/\/www.blogsoestado.com\/evandrojunior\/files\/2025\/02\/WhatsApp-Image-2025-02-12-at-16.14.32.jpeg","type":"","width":"","height":""}],"author":"Evandro Junior","twitter_card":"summary_large_image","twitter_misc":{"Escrito por":"Evandro Junior","Est. tempo de leitura":"2 minutos"},"schema":{"@context":"https:\/\/schema.org","@graph":[{"@type":"WebPage","@id":"https:\/\/www.blogsoestado.com\/evandrojunior\/2025\/02\/12\/ministro-juscelino-filho-lanca-programa-carreta-digital-nesta-sexta-feira\/","url":"https:\/\/www.blogsoestado.com\/evandrojunior\/2025\/02\/12\/ministro-juscelino-filho-lanca-programa-carreta-digital-nesta-sexta-feira\/","name":"Ministro Juscelino Filho lan\u00e7a programa 'Carreta Digital' nesta sexta-feira - Evandro Junior","isPartOf":{"@id":"https:\/\/www.blogsoestado.com\/evandrojunior\/#website"},"primaryImageOfPage":{"@id":"https:\/\/www.blogsoestado.com\/evandrojunior\/2025\/02\/12\/ministro-juscelino-filho-lanca-programa-carreta-digital-nesta-sexta-feira\/#primaryimage"},"image":{"@id":"https:\/\/www.blogsoestado.com\/evandrojunior\/2025\/02\/12\/ministro-juscelino-filho-lanca-programa-carreta-digital-nesta-sexta-feira\/#primaryimage"},"thumbnailUrl":"https:\/\/www.blogsoestado.com\/evandrojunior\/files\/2025\/02\/WhatsApp-Image-2025-02-12-at-16.14.32.jpeg","datePublished":"2025-02-12T19:17:22+00:00","author":{"@id":"https:\/\/www.blogsoestado.com\/evandrojunior\/#\/schema\/person\/3e6c3d8dbb740d1c6878ebc935cfb3be"},"breadcrumb":{"@id":"https:\/\/www.blogsoestado.com\/evandrojunior\/2025\/02\/12\/ministro-juscelino-filho-lanca-programa-carreta-digital-nesta-sexta-feira\/#breadcrumb"},"inLanguage":"pt-BR","potentialAction":[{"@type":"ReadAction","target":["https:\/\/www.blogsoestado.com\/evandrojunior\/2025\/02\/12\/ministro-juscelino-filho-lanca-programa-carreta-digital-nesta-sexta-feira\/"]}]},{"@type":"ImageObject","inLanguage":"pt-BR","@id":"https:\/\/www.blogsoestado.com\/evandrojunior\/2025\/02\/12\/ministro-juscelino-filho-lanca-programa-carreta-digital-nesta-sexta-feira\/#primaryimage","url":"https:\/\/www.blogsoestado.com\/evandrojunior\/files\/2025\/02\/WhatsApp-Image-2025-02-12-at-16.14.32.jpeg","contentUrl":"https:\/\/www.blogsoestado.com\/evandrojunior\/files\/2025\/02\/WhatsApp-Image-2025-02-12-at-16.14.32.jpeg"},{"@type":"BreadcrumbList","@id":"https:\/\/www.blogsoestado.com\/evandrojunior\/2025\/02\/12\/ministro-juscelino-filho-lanca-programa-carreta-digital-nesta-sexta-feira\/#breadcrumb","itemListElement":[{"@type":"ListItem","position":1,"name":"In\u00edcio","item":"https:\/\/www.blogsoestado.com\/evandrojunior\/"},{"@type":"ListItem","position":2,"name":"Ministro Juscelino Filho lan\u00e7a programa &#8216;Carreta Digital&#8217; nesta sexta-feira"}]},{"@type":"WebSite","@id":"https:\/\/www.blogsoestado.com\/evandrojunior\/#website","url":"https:\/\/www.blogsoestado.com\/evandrojunior\/","name":"Evandro Junior","description":"","potentialAction":[{"@type":"SearchAction","target":{"@type":"EntryPoint","urlTemplate":"https:\/\/www.blogsoestado.com\/evandrojunior\/?s={search_term_string}"},"query-input":{"@type":"PropertyValueSpecification","valueRequired":true,"valueName":"search_term_string"}}],"inLanguage":"pt-BR"},{"@type":"Person","@id":"https:\/\/www.blogsoestado.com\/evandrojunior\/#\/schema\/person\/3e6c3d8dbb740d1c6878ebc935cfb3be","name":"Evandro Junior","image":{"@type":"ImageObject","inLanguage":"pt-BR","@id":"https:\/\/www.blogsoestado.com\/evandrojunior\/#\/schema\/person\/image\/","url":"https:\/\/secure.gravatar.com\/avatar\/f80a03a2294a580cd2318bfb459bf354cfa8be661ef3d95b542cf9a04af8d129?s=96&d=mm&r=g","contentUrl":"https:\/\/secure.gravatar.com\/avatar\/f80a03a2294a580cd2318bfb459bf354cfa8be661ef3d95b542cf9a04af8d129?s=96&d=mm&r=g","caption":"Evandro Junior"},"url":"https:\/\/www.blogsoestado.com\/evandrojunior\/author\/evandrojunior\/"}]}},"jetpack_featured_media_url":"","_links":{"self":[{"href":"https:\/\/www.blogsoestado.com\/evandrojunior\/wp-json\/wp\/v2\/posts\/14536","targetHints":{"allow":["GET"]}}],"collection":[{"href":"https:\/\/www.blogsoestado.com\/evandrojunior\/wp-json\/wp\/v2\/posts"}],"about":[{"href":"https:\/\/www.blogsoestado.com\/evandrojunior\/wp-json\/wp\/v2\/types\/post"}],"author":[{"embeddable":true,"href":"https:\/\/www.blogsoestado.com\/evandrojunior\/wp-json\/wp\/v2\/users\/4"}],"replies":[{"embeddable":true,"href":"https:\/\/www.blogsoestado.com\/evandrojunior\/wp-json\/wp\/v2\/comments?post=14536"}],"version-history":[{"count":0,"href":"https:\/\/www.blogsoestado.com\/evandrojunior\/wp-json\/wp\/v2\/posts\/14536\/revisions"}],"wp:attachment":[{"href":"https:\/\/www.blogsoestado.com\/evandrojunior\/wp-json\/wp\/v2\/media?parent=14536"}],"wp:term":[{"taxonomy":"category","embeddable":true,"href":"https:\/\/www.blogsoestado.com\/evandrojunior\/wp-json\/wp\/v2\/categories?post=14536"},{"taxonomy":"post_tag","embeddable":true,"href":"https:\/\/www.blogsoestado.com\/evandrojunior\/wp-json\/wp\/v2\/tags?post=14536"}],"curies":[{"name":"wp","href":"https:\/\/api.w.org\/{rel}","templated":true}]}}