{"id":1460,"date":"2018-11-26T18:04:29","date_gmt":"2018-11-26T20:04:29","guid":{"rendered":"https:\/\/www.blogsoestado.com\/evandrojunior\/?p=1460"},"modified":"2018-11-26T18:04:29","modified_gmt":"2018-11-26T20:04:29","slug":"hospedagem-na-rede-blue-tree-tambem-esta-no-black-friday","status":"publish","type":"post","link":"https:\/\/www.blogsoestado.com\/evandrojunior\/2018\/11\/26\/hospedagem-na-rede-blue-tree-tambem-esta-no-black-friday\/","title":{"rendered":"Hospedagem na Rede Blue Tree tamb\u00e9m est\u00e1 no Black Friday"},"content":{"rendered":"<p><img fetchpriority=\"high\" decoding=\"async\" class=\"wp-image-1461 aligncenter\" src=\"https:\/\/www.blogsoestado.com\/evandrojunior\/wp-content\/uploads\/sites\/3\/2018\/11\/bLUE-1-300x180.jpg\" alt=\"\" width=\"552\" height=\"331\" srcset=\"https:\/\/www.blogsoestado.com\/evandrojunior\/wp-content\/uploads\/sites\/3\/2018\/11\/bLUE-1-300x180.jpg 300w, https:\/\/www.blogsoestado.com\/evandrojunior\/wp-content\/uploads\/sites\/3\/2018\/11\/bLUE-1-1024x615.jpg 1024w, https:\/\/www.blogsoestado.com\/evandrojunior\/wp-content\/uploads\/sites\/3\/2018\/11\/bLUE-1-768x461.jpg 768w, https:\/\/www.blogsoestado.com\/evandrojunior\/wp-content\/uploads\/sites\/3\/2018\/11\/bLUE-1.jpg 1104w\" sizes=\"(max-width: 552px) 100vw, 552px\" \/><\/p>\n<p style=\"font-weight: 400;\"><strong>S\u00c3O LU\u00cdS<\/strong> &#8211; A Rede Hoteleira Blue Tree tamb\u00e9m aderiu ao Black Friday, realizado no m\u00eas de novembro, quando s\u00e3o oferecidos grandes promo\u00e7\u00f5es em produtos e servi\u00e7os e o evento representa uma \u00f3tima oportunidade para economizar. A oferta de hospedagem no Blue Tree\u00a0\u00e9\u00a0v\u00e1lida somente para reservas realizadas online no site\u00a0<a href=\"http:\/\/www.bluetree.com.br\/\" data-saferedirecturl=\"https:\/\/www.google.com\/url?q=http:\/\/www.bluetree.com.br&amp;source=gmail&amp;ust=1543339948493000&amp;usg=AFQjCNFkJbeTqcYbihDxWyZlL4nMMuXNIw\">www.bluetree.com.br<\/a>. Os descontos chegam at\u00e9 25% e valem para 22 hot\u00e9is da rede.<\/p>\n<p style=\"font-weight: 400;\">O per\u00edodo de compra estende-SE at\u00e9 30 desde m\u00eas e a hospedagem \u00e9 v\u00e1lida at\u00e9 31 de mar\u00e7o de 2019. A oferta tamb\u00e9m est\u00e1 sujeita A condi\u00e7\u00f5es e disponibilidade dos hot\u00e9is e datas selecionadas.<\/p>\n<p style=\"font-weight: 400;\">Entre as servi\u00e7os dispon\u00edveis para entretenimento est\u00e1 o Blue Bar, localizado pr\u00f3ximo as piscinas, e que, aos s\u00e1bados, recebe discotecagem do DJ convidado, al\u00e9m de barman com uma sele\u00e7\u00e3o de drinks exclusivos.<\/p>\n<p style=\"font-weight: 400;\">Na parte gastron\u00f4mica, destaque para o card\u00e1pio assinado pelos chefs M\u00e1rcio Moraes e Rilson Tiburtino. Aos s\u00e1bados, tem a tradicional feijoada embalada pelo samba de raiz do Grupo Espinha de Bacalhau, e aos domingos, o Blue Tree realiza o almo\u00e7o brasileir\u00edssimo, com o melhor da gastronomia nacional.<\/p>\n<p style=\"font-weight: 400;\">J\u00e1 para as crian\u00e7as, o hotel oferece o Espa\u00e7o Kids com uma s\u00e9rie de brinquedos para os pequenos, al\u00e9m de ter a extensa \u00e1rea verde, ideal para atividades ao ar livre com a fam\u00edlia.<\/p>\n<p style=\"font-weight: 400;\">\n","protected":false},"excerpt":{"rendered":"<p>S\u00c3O LU\u00cdS &#8211; A Rede Hoteleira Blue Tree tamb\u00e9m aderiu ao Black Friday, realizado no m\u00eas de novembro, quando s\u00e3o [&hellip;]<\/p>\n","protected":false},"author":4,"featured_media":0,"comment_status":"open","ping_status":"open","sticky":false,"template":"","format":"standard","meta":{"site-sidebar-layout":"default","site-content-layout":"","ast-site-content-layout":"default","site-content-style":"default","site-sidebar-style":"default","ast-global-header-display":"","ast-banner-title-visibility":"","ast-main-header-display":"","ast-hfb-above-header-display":"","ast-hfb-below-header-display":"","ast-hfb-mobile-header-display":"","site-post-title":"","ast-breadcrumbs-content":"","ast-featured-img":"","footer-sml-layout":"","ast-disable-related-posts":"","theme-transparent-header-meta":"","adv-header-id-meta":"","stick-header-meta":"","header-above-stick-meta":"","header-main-stick-meta":"","header-below-stick-meta":"","astra-migrate-meta-layouts":"default","ast-page-background-enabled":"default","ast-page-background-meta":{"desktop":{"background-color":"var(--ast-global-color-5)","background-image":"","background-repeat":"repeat","background-position":"center center","background-size":"auto","background-attachment":"scroll","background-type":"","background-media":"","overlay-type":"","overlay-color":"","overlay-opacity":"","overlay-gradient":""},"tablet":{"background-color":"","background-image":"","background-repeat":"repeat","background-position":"center center","background-size":"auto","background-attachment":"scroll","background-type":"","background-media":"","overlay-type":"","overlay-color":"","overlay-opacity":"","overlay-gradient":""},"mobile":{"background-color":"","background-image":"","background-repeat":"repeat","background-position":"center center","background-size":"auto","background-attachment":"scroll","background-type":"","background-media":"","overlay-type":"","overlay-color":"","overlay-opacity":"","overlay-gradient":""}},"ast-content-background-meta":{"desktop":{"background-color":"var(--ast-global-color-4)","background-image":"","background-repeat":"repeat","background-position":"center center","background-size":"auto","background-attachment":"scroll","background-type":"","background-media":"","overlay-type":"","overlay-color":"","overlay-opacity":"","overlay-gradient":""},"tablet":{"background-color":"var(--ast-global-color-4)","background-image":"","background-repeat":"repeat","background-position":"center center","background-size":"auto","background-attachment":"scroll","background-type":"","background-media":"","overlay-type":"","overlay-color":"","overlay-opacity":"","overlay-gradient":""},"mobile":{"background-color":"var(--ast-global-color-4)","background-image":"","background-repeat":"repeat","background-position":"center center","background-size":"auto","background-attachment":"scroll","background-type":"","background-media":"","overlay-type":"","overlay-color":"","overlay-opacity":"","overlay-gradient":""}},"footnotes":""},"categories":[1],"tags":[],"class_list":["post-1460","post","type-post","status-publish","format-standard","hentry","category-sem-categoria"],"yoast_head":"<!-- This site is optimized with the Yoast SEO plugin v26.6 - https:\/\/yoast.com\/wordpress\/plugins\/seo\/ -->\n<title>Hospedagem na Rede Blue Tree tamb\u00e9m est\u00e1 no Black Friday - Evandro Junior<\/title>\n<meta name=\"robots\" content=\"index, follow, max-snippet:-1, max-image-preview:large, max-video-preview:-1\" \/>\n<link rel=\"canonical\" href=\"https:\/\/www.blogsoestado.com\/evandrojunior\/2018\/11\/26\/hospedagem-na-rede-blue-tree-tambem-esta-no-black-friday\/\" \/>\n<meta property=\"og:locale\" content=\"pt_BR\" \/>\n<meta property=\"og:type\" content=\"article\" \/>\n<meta property=\"og:title\" content=\"Hospedagem na Rede Blue Tree tamb\u00e9m est\u00e1 no Black Friday - Evandro Junior\" \/>\n<meta property=\"og:description\" content=\"S\u00c3O LU\u00cdS &#8211; A Rede Hoteleira Blue Tree tamb\u00e9m aderiu ao Black Friday, realizado no m\u00eas de novembro, quando s\u00e3o [&hellip;]\" \/>\n<meta property=\"og:url\" content=\"https:\/\/www.blogsoestado.com\/evandrojunior\/2018\/11\/26\/hospedagem-na-rede-blue-tree-tambem-esta-no-black-friday\/\" \/>\n<meta property=\"og:site_name\" content=\"Evandro Junior\" \/>\n<meta property=\"article:published_time\" content=\"2018-11-26T20:04:29+00:00\" \/>\n<meta property=\"og:image\" content=\"https:\/\/www.blogsoestado.com\/evandrojunior\/wp-content\/uploads\/sites\/3\/2018\/11\/bLUE-1-300x180.jpg\" \/>\n<meta name=\"author\" content=\"Evandro Junior\" \/>\n<meta name=\"twitter:card\" content=\"summary_large_image\" \/>\n<meta name=\"twitter:label1\" content=\"Escrito por\" \/>\n\t<meta name=\"twitter:data1\" content=\"Evandro Junior\" \/>\n\t<meta name=\"twitter:label2\" content=\"Est. tempo de leitura\" \/>\n\t<meta name=\"twitter:data2\" content=\"1 minuto\" \/>\n<script type=\"application\/ld+json\" class=\"yoast-schema-graph\">{\"@context\":\"https:\/\/schema.org\",\"@graph\":[{\"@type\":\"WebPage\",\"@id\":\"https:\/\/www.blogsoestado.com\/evandrojunior\/2018\/11\/26\/hospedagem-na-rede-blue-tree-tambem-esta-no-black-friday\/\",\"url\":\"https:\/\/www.blogsoestado.com\/evandrojunior\/2018\/11\/26\/hospedagem-na-rede-blue-tree-tambem-esta-no-black-friday\/\",\"name\":\"Hospedagem na Rede Blue Tree tamb\u00e9m est\u00e1 no Black Friday - Evandro Junior\",\"isPartOf\":{\"@id\":\"https:\/\/www.blogsoestado.com\/evandrojunior\/#website\"},\"primaryImageOfPage\":{\"@id\":\"https:\/\/www.blogsoestado.com\/evandrojunior\/2018\/11\/26\/hospedagem-na-rede-blue-tree-tambem-esta-no-black-friday\/#primaryimage\"},\"image\":{\"@id\":\"https:\/\/www.blogsoestado.com\/evandrojunior\/2018\/11\/26\/hospedagem-na-rede-blue-tree-tambem-esta-no-black-friday\/#primaryimage\"},\"thumbnailUrl\":\"https:\/\/www.blogsoestado.com\/evandrojunior\/wp-content\/uploads\/sites\/3\/2018\/11\/bLUE-1-300x180.jpg\",\"datePublished\":\"2018-11-26T20:04:29+00:00\",\"author\":{\"@id\":\"https:\/\/www.blogsoestado.com\/evandrojunior\/#\/schema\/person\/3e6c3d8dbb740d1c6878ebc935cfb3be\"},\"breadcrumb\":{\"@id\":\"https:\/\/www.blogsoestado.com\/evandrojunior\/2018\/11\/26\/hospedagem-na-rede-blue-tree-tambem-esta-no-black-friday\/#breadcrumb\"},\"inLanguage\":\"pt-BR\",\"potentialAction\":[{\"@type\":\"ReadAction\",\"target\":[\"https:\/\/www.blogsoestado.com\/evandrojunior\/2018\/11\/26\/hospedagem-na-rede-blue-tree-tambem-esta-no-black-friday\/\"]}]},{\"@type\":\"ImageObject\",\"inLanguage\":\"pt-BR\",\"@id\":\"https:\/\/www.blogsoestado.com\/evandrojunior\/2018\/11\/26\/hospedagem-na-rede-blue-tree-tambem-esta-no-black-friday\/#primaryimage\",\"url\":\"https:\/\/www.blogsoestado.com\/evandrojunior\/wp-content\/uploads\/sites\/3\/2018\/11\/bLUE-1.jpg\",\"contentUrl\":\"https:\/\/www.blogsoestado.com\/evandrojunior\/wp-content\/uploads\/sites\/3\/2018\/11\/bLUE-1.jpg\",\"width\":1104,\"height\":663},{\"@type\":\"BreadcrumbList\",\"@id\":\"https:\/\/www.blogsoestado.com\/evandrojunior\/2018\/11\/26\/hospedagem-na-rede-blue-tree-tambem-esta-no-black-friday\/#breadcrumb\",\"itemListElement\":[{\"@type\":\"ListItem\",\"position\":1,\"name\":\"In\u00edcio\",\"item\":\"https:\/\/www.blogsoestado.com\/evandrojunior\/\"},{\"@type\":\"ListItem\",\"position\":2,\"name\":\"Hospedagem na Rede Blue Tree tamb\u00e9m est\u00e1 no Black Friday\"}]},{\"@type\":\"WebSite\",\"@id\":\"https:\/\/www.blogsoestado.com\/evandrojunior\/#website\",\"url\":\"https:\/\/www.blogsoestado.com\/evandrojunior\/\",\"name\":\"Evandro Junior\",\"description\":\"\",\"potentialAction\":[{\"@type\":\"SearchAction\",\"target\":{\"@type\":\"EntryPoint\",\"urlTemplate\":\"https:\/\/www.blogsoestado.com\/evandrojunior\/?s={search_term_string}\"},\"query-input\":{\"@type\":\"PropertyValueSpecification\",\"valueRequired\":true,\"valueName\":\"search_term_string\"}}],\"inLanguage\":\"pt-BR\"},{\"@type\":\"Person\",\"@id\":\"https:\/\/www.blogsoestado.com\/evandrojunior\/#\/schema\/person\/3e6c3d8dbb740d1c6878ebc935cfb3be\",\"name\":\"Evandro Junior\",\"image\":{\"@type\":\"ImageObject\",\"inLanguage\":\"pt-BR\",\"@id\":\"https:\/\/www.blogsoestado.com\/evandrojunior\/#\/schema\/person\/image\/\",\"url\":\"https:\/\/secure.gravatar.com\/avatar\/f80a03a2294a580cd2318bfb459bf354cfa8be661ef3d95b542cf9a04af8d129?s=96&d=mm&r=g\",\"contentUrl\":\"https:\/\/secure.gravatar.com\/avatar\/f80a03a2294a580cd2318bfb459bf354cfa8be661ef3d95b542cf9a04af8d129?s=96&d=mm&r=g\",\"caption\":\"Evandro Junior\"},\"url\":\"https:\/\/www.blogsoestado.com\/evandrojunior\/author\/evandrojunior\/\"}]}<\/script>\n<!-- \/ Yoast SEO plugin. -->","yoast_head_json":{"title":"Hospedagem na Rede Blue Tree tamb\u00e9m est\u00e1 no Black Friday - Evandro Junior","robots":{"index":"index","follow":"follow","max-snippet":"max-snippet:-1","max-image-preview":"max-image-preview:large","max-video-preview":"max-video-preview:-1"},"canonical":"https:\/\/www.blogsoestado.com\/evandrojunior\/2018\/11\/26\/hospedagem-na-rede-blue-tree-tambem-esta-no-black-friday\/","og_locale":"pt_BR","og_type":"article","og_title":"Hospedagem na Rede Blue Tree tamb\u00e9m est\u00e1 no Black Friday - Evandro Junior","og_description":"S\u00c3O LU\u00cdS &#8211; A Rede Hoteleira Blue Tree tamb\u00e9m aderiu ao Black Friday, realizado no m\u00eas de novembro, quando s\u00e3o [&hellip;]","og_url":"https:\/\/www.blogsoestado.com\/evandrojunior\/2018\/11\/26\/hospedagem-na-rede-blue-tree-tambem-esta-no-black-friday\/","og_site_name":"Evandro Junior","article_published_time":"2018-11-26T20:04:29+00:00","og_image":[{"url":"https:\/\/www.blogsoestado.com\/evandrojunior\/wp-content\/uploads\/sites\/3\/2018\/11\/bLUE-1-300x180.jpg","type":"","width":"","height":""}],"author":"Evandro Junior","twitter_card":"summary_large_image","twitter_misc":{"Escrito por":"Evandro Junior","Est. tempo de leitura":"1 minuto"},"schema":{"@context":"https:\/\/schema.org","@graph":[{"@type":"WebPage","@id":"https:\/\/www.blogsoestado.com\/evandrojunior\/2018\/11\/26\/hospedagem-na-rede-blue-tree-tambem-esta-no-black-friday\/","url":"https:\/\/www.blogsoestado.com\/evandrojunior\/2018\/11\/26\/hospedagem-na-rede-blue-tree-tambem-esta-no-black-friday\/","name":"Hospedagem na Rede Blue Tree tamb\u00e9m est\u00e1 no Black Friday - Evandro Junior","isPartOf":{"@id":"https:\/\/www.blogsoestado.com\/evandrojunior\/#website"},"primaryImageOfPage":{"@id":"https:\/\/www.blogsoestado.com\/evandrojunior\/2018\/11\/26\/hospedagem-na-rede-blue-tree-tambem-esta-no-black-friday\/#primaryimage"},"image":{"@id":"https:\/\/www.blogsoestado.com\/evandrojunior\/2018\/11\/26\/hospedagem-na-rede-blue-tree-tambem-esta-no-black-friday\/#primaryimage"},"thumbnailUrl":"https:\/\/www.blogsoestado.com\/evandrojunior\/wp-content\/uploads\/sites\/3\/2018\/11\/bLUE-1-300x180.jpg","datePublished":"2018-11-26T20:04:29+00:00","author":{"@id":"https:\/\/www.blogsoestado.com\/evandrojunior\/#\/schema\/person\/3e6c3d8dbb740d1c6878ebc935cfb3be"},"breadcrumb":{"@id":"https:\/\/www.blogsoestado.com\/evandrojunior\/2018\/11\/26\/hospedagem-na-rede-blue-tree-tambem-esta-no-black-friday\/#breadcrumb"},"inLanguage":"pt-BR","potentialAction":[{"@type":"ReadAction","target":["https:\/\/www.blogsoestado.com\/evandrojunior\/2018\/11\/26\/hospedagem-na-rede-blue-tree-tambem-esta-no-black-friday\/"]}]},{"@type":"ImageObject","inLanguage":"pt-BR","@id":"https:\/\/www.blogsoestado.com\/evandrojunior\/2018\/11\/26\/hospedagem-na-rede-blue-tree-tambem-esta-no-black-friday\/#primaryimage","url":"https:\/\/www.blogsoestado.com\/evandrojunior\/wp-content\/uploads\/sites\/3\/2018\/11\/bLUE-1.jpg","contentUrl":"https:\/\/www.blogsoestado.com\/evandrojunior\/wp-content\/uploads\/sites\/3\/2018\/11\/bLUE-1.jpg","width":1104,"height":663},{"@type":"BreadcrumbList","@id":"https:\/\/www.blogsoestado.com\/evandrojunior\/2018\/11\/26\/hospedagem-na-rede-blue-tree-tambem-esta-no-black-friday\/#breadcrumb","itemListElement":[{"@type":"ListItem","position":1,"name":"In\u00edcio","item":"https:\/\/www.blogsoestado.com\/evandrojunior\/"},{"@type":"ListItem","position":2,"name":"Hospedagem na Rede Blue Tree tamb\u00e9m est\u00e1 no Black Friday"}]},{"@type":"WebSite","@id":"https:\/\/www.blogsoestado.com\/evandrojunior\/#website","url":"https:\/\/www.blogsoestado.com\/evandrojunior\/","name":"Evandro Junior","description":"","potentialAction":[{"@type":"SearchAction","target":{"@type":"EntryPoint","urlTemplate":"https:\/\/www.blogsoestado.com\/evandrojunior\/?s={search_term_string}"},"query-input":{"@type":"PropertyValueSpecification","valueRequired":true,"valueName":"search_term_string"}}],"inLanguage":"pt-BR"},{"@type":"Person","@id":"https:\/\/www.blogsoestado.com\/evandrojunior\/#\/schema\/person\/3e6c3d8dbb740d1c6878ebc935cfb3be","name":"Evandro Junior","image":{"@type":"ImageObject","inLanguage":"pt-BR","@id":"https:\/\/www.blogsoestado.com\/evandrojunior\/#\/schema\/person\/image\/","url":"https:\/\/secure.gravatar.com\/avatar\/f80a03a2294a580cd2318bfb459bf354cfa8be661ef3d95b542cf9a04af8d129?s=96&d=mm&r=g","contentUrl":"https:\/\/secure.gravatar.com\/avatar\/f80a03a2294a580cd2318bfb459bf354cfa8be661ef3d95b542cf9a04af8d129?s=96&d=mm&r=g","caption":"Evandro Junior"},"url":"https:\/\/www.blogsoestado.com\/evandrojunior\/author\/evandrojunior\/"}]}},"jetpack_featured_media_url":"","_links":{"self":[{"href":"https:\/\/www.blogsoestado.com\/evandrojunior\/wp-json\/wp\/v2\/posts\/1460","targetHints":{"allow":["GET"]}}],"collection":[{"href":"https:\/\/www.blogsoestado.com\/evandrojunior\/wp-json\/wp\/v2\/posts"}],"about":[{"href":"https:\/\/www.blogsoestado.com\/evandrojunior\/wp-json\/wp\/v2\/types\/post"}],"author":[{"embeddable":true,"href":"https:\/\/www.blogsoestado.com\/evandrojunior\/wp-json\/wp\/v2\/users\/4"}],"replies":[{"embeddable":true,"href":"https:\/\/www.blogsoestado.com\/evandrojunior\/wp-json\/wp\/v2\/comments?post=1460"}],"version-history":[{"count":0,"href":"https:\/\/www.blogsoestado.com\/evandrojunior\/wp-json\/wp\/v2\/posts\/1460\/revisions"}],"wp:attachment":[{"href":"https:\/\/www.blogsoestado.com\/evandrojunior\/wp-json\/wp\/v2\/media?parent=1460"}],"wp:term":[{"taxonomy":"category","embeddable":true,"href":"https:\/\/www.blogsoestado.com\/evandrojunior\/wp-json\/wp\/v2\/categories?post=1460"},{"taxonomy":"post_tag","embeddable":true,"href":"https:\/\/www.blogsoestado.com\/evandrojunior\/wp-json\/wp\/v2\/tags?post=1460"}],"curies":[{"name":"wp","href":"https:\/\/api.w.org\/{rel}","templated":true}]}}