{"id":14813,"date":"2025-03-10T15:12:51","date_gmt":"2025-03-10T18:12:51","guid":{"rendered":"https:\/\/www.blogsoestado.com\/evandrojunior\/?p=14800"},"modified":"2025-03-10T15:12:51","modified_gmt":"2025-03-10T18:12:51","slug":"deputado-dalton-arruda-e-homenageado-pela-pmma","status":"publish","type":"post","link":"https:\/\/www.blogsoestado.com\/evandrojunior\/2025\/03\/10\/deputado-dalton-arruda-e-homenageado-pela-pmma\/","title":{"rendered":"Deputado Dalton Arruda \u00e9 homenageado pela PMMA"},"content":{"rendered":"\n<div class=\"wp-block-image\"><figure class=\"aligncenter size-large is-resized\"><img fetchpriority=\"high\" decoding=\"async\" src=\"https:\/\/www.blogsoestado.com\/evandrojunior\/wp-content\/uploads\/sites\/3\/2025\/03\/WhatsApp-Image-2025-03-10-at-12.44.11-768x1024.jpeg\" alt=\"\" class=\"wp-image-14801\" width=\"496\" height=\"662\"\/><figcaption><strong>Dalton Arruda com o tenente-coronel Onildo Sampaio, durante a solenidade<\/strong><\/figcaption><\/figure><\/div>\n\n\n\n<p><strong>S\u00c3O LU\u00cdS <\/strong>&#8211; O deputado estadual Dalton Arruda (PSD) foi homenageado, na manh\u00e3 desta segunda-feira (10), no Pal\u00e1cio Henrique de La Rocque, pela Pol\u00edcia Militar do Maranh\u00e3o (PMMA), durante a solenidade de abertura do primeiro treinamento do ano da Rotam (Rondas Ostensivas T\u00e1ticas Metropolitanas). A homenagem foi prestada pelo Batalh\u00e3o de Rondas Ostensivas T\u00e1ticas Metropolitanas (Rotam).<\/p>\n\n\n\n<p>O evento contou com a presen\u00e7a do secret\u00e1rio de Estado da Seguran\u00e7a P\u00fablica, Maur\u00edcio Martins, e do comandante geral da PMMA, coronel Pit\u00e1goras Mendes Nunes. Tamb\u00e9m estavam presentes o subcomandante geral da PMMA, coronel Wellington, e o comandante do Corpo de Bombeiros Militar do Maranh\u00e3o (CBMMA), coronel C\u00e9lio Roberto, entre outros.\u00a0<\/p>\n\n\n\n<div class=\"wp-block-image\"><figure class=\"aligncenter size-large is-resized\"><img decoding=\"async\" src=\"https:\/\/www.blogsoestado.com\/evandrojunior\/wp-content\/uploads\/sites\/3\/2025\/03\/WhatsApp-Image-2025-03-10-at-12.44.11-1-768x1024.jpeg\" alt=\"\" class=\"wp-image-14802\" width=\"492\" height=\"656\"\/><figcaption><strong>Deputado Dalton Arruda na solenidade realizada no Pal\u00e1cio Henrique de La Rocque<\/strong><\/figcaption><\/figure><\/div>\n\n\n\n<p>O parlamentar foi homenageado pelo seu apoio \u00e0 seguran\u00e7a p\u00fablica, incentivando a realiza\u00e7\u00e3o de cursos de capacita\u00e7\u00e3o e moderniza\u00e7\u00e3o. A honraria foi entregue pelo tenente-coronel Onildo Sampaio, comandante das Miss\u00f5es Especiais da PMMA.<\/p>\n\n\n\n<p>Durante o evento, Dalton Arruda parabenizo o comandante-geral, coronel Pit\u00e1goras, o subcomandante, coronel Wellington, e o secret\u00e1rio de Seguran\u00e7a, Maur\u00edcio Martins, pelo compromisso com a moderniza\u00e7\u00e3o e capacita\u00e7\u00e3o da pol\u00edcia maranhense. &#8220;Seguran\u00e7a p\u00fablica eficiente se faz com investimento e preparo, e n\u00f3s continuaremos defendendo essa causa. Reafirmou seu compromisso como deputado estadual, colocando-me sempre \u00e0 disposi\u00e7\u00e3o para fortalecer e valorizar aqueles que diariamente dedicam suas vidas a proteger a sociedade&#8221;, disse o parlamentar.<\/p>\n\n\n\n<div class=\"wp-block-image\"><figure class=\"aligncenter size-large is-resized\"><img decoding=\"async\" src=\"https:\/\/www.blogsoestado.com\/evandrojunior\/wp-content\/uploads\/sites\/3\/2025\/03\/WhatsApp-Image-2025-03-10-at-12.44.12-768x1024.jpeg\" alt=\"\" class=\"wp-image-14803\" width=\"486\" height=\"648\"\/><figcaption><strong>Dalton Arruda refor\u00e7ou seu compromisso de defender a causa da seguran\u00e7a p\u00fablica na Assembleia Legislativa do Maranh\u00e3o<\/strong><\/figcaption><\/figure><\/div>\n\n\n\n<p>Danton Arruda aproveitou a oportunidade para refor\u00e7ar a import\u00e2ncia dos investimentos e a\u00e7\u00f5es concretas na \u00e1rea da seguran\u00e7a p\u00fablica no estado. &#8220;Seguiremos juntos trabalhando por um Maranh\u00e3o mais seguro para todos&#8221;, finalizou.<\/p>\n","protected":false},"excerpt":{"rendered":"<p>S\u00c3O LU\u00cdS &#8211; O deputado estadual Dalton Arruda (PSD) foi homenageado, na manh\u00e3 desta segunda-feira (10), no Pal\u00e1cio Henrique de [&hellip;]<\/p>\n","protected":false},"author":4,"featured_media":0,"comment_status":"open","ping_status":"open","sticky":false,"template":"","format":"standard","meta":{"site-sidebar-layout":"default","site-content-layout":"","ast-site-content-layout":"default","site-content-style":"default","site-sidebar-style":"default","ast-global-header-display":"","ast-banner-title-visibility":"","ast-main-header-display":"","ast-hfb-above-header-display":"","ast-hfb-below-header-display":"","ast-hfb-mobile-header-display":"","site-post-title":"","ast-breadcrumbs-content":"","ast-featured-img":"","footer-sml-layout":"","ast-disable-related-posts":"","theme-transparent-header-meta":"","adv-header-id-meta":"","stick-header-meta":"","header-above-stick-meta":"","header-main-stick-meta":"","header-below-stick-meta":"","astra-migrate-meta-layouts":"default","ast-page-background-enabled":"default","ast-page-background-meta":{"desktop":{"background-color":"var(--ast-global-color-5)","background-image":"","background-repeat":"repeat","background-position":"center center","background-size":"auto","background-attachment":"scroll","background-type":"","background-media":"","overlay-type":"","overlay-color":"","overlay-opacity":"","overlay-gradient":""},"tablet":{"background-color":"","background-image":"","background-repeat":"repeat","background-position":"center center","background-size":"auto","background-attachment":"scroll","background-type":"","background-media":"","overlay-type":"","overlay-color":"","overlay-opacity":"","overlay-gradient":""},"mobile":{"background-color":"","background-image":"","background-repeat":"repeat","background-position":"center center","background-size":"auto","background-attachment":"scroll","background-type":"","background-media":"","overlay-type":"","overlay-color":"","overlay-opacity":"","overlay-gradient":""}},"ast-content-background-meta":{"desktop":{"background-color":"var(--ast-global-color-4)","background-image":"","background-repeat":"repeat","background-position":"center center","background-size":"auto","background-attachment":"scroll","background-type":"","background-media":"","overlay-type":"","overlay-color":"","overlay-opacity":"","overlay-gradient":""},"tablet":{"background-color":"var(--ast-global-color-4)","background-image":"","background-repeat":"repeat","background-position":"center center","background-size":"auto","background-attachment":"scroll","background-type":"","background-media":"","overlay-type":"","overlay-color":"","overlay-opacity":"","overlay-gradient":""},"mobile":{"background-color":"var(--ast-global-color-4)","background-image":"","background-repeat":"repeat","background-position":"center center","background-size":"auto","background-attachment":"scroll","background-type":"","background-media":"","overlay-type":"","overlay-color":"","overlay-opacity":"","overlay-gradient":""}},"footnotes":""},"categories":[1],"tags":[],"class_list":["post-14813","post","type-post","status-publish","format-standard","hentry","category-sem-categoria"],"yoast_head":"<!-- This site is optimized with the Yoast SEO plugin v26.6 - https:\/\/yoast.com\/wordpress\/plugins\/seo\/ -->\n<title>Deputado Dalton Arruda \u00e9 homenageado pela PMMA - Evandro Junior<\/title>\n<meta name=\"robots\" content=\"index, follow, max-snippet:-1, max-image-preview:large, max-video-preview:-1\" \/>\n<link rel=\"canonical\" href=\"https:\/\/www.blogsoestado.com\/evandrojunior\/2025\/03\/10\/deputado-dalton-arruda-e-homenageado-pela-pmma\/\" \/>\n<meta property=\"og:locale\" content=\"pt_BR\" \/>\n<meta property=\"og:type\" content=\"article\" \/>\n<meta property=\"og:title\" content=\"Deputado Dalton Arruda \u00e9 homenageado pela PMMA - Evandro Junior\" \/>\n<meta property=\"og:description\" content=\"S\u00c3O LU\u00cdS &#8211; O deputado estadual Dalton Arruda (PSD) foi homenageado, na manh\u00e3 desta segunda-feira (10), no Pal\u00e1cio Henrique de [&hellip;]\" \/>\n<meta property=\"og:url\" content=\"https:\/\/www.blogsoestado.com\/evandrojunior\/2025\/03\/10\/deputado-dalton-arruda-e-homenageado-pela-pmma\/\" \/>\n<meta property=\"og:site_name\" content=\"Evandro Junior\" \/>\n<meta property=\"article:published_time\" content=\"2025-03-10T18:12:51+00:00\" \/>\n<meta property=\"og:image\" content=\"https:\/\/www.blogsoestado.com\/evandrojunior\/wp-content\/uploads\/sites\/3\/2025\/03\/WhatsApp-Image-2025-03-10-at-12.44.11-768x1024.jpeg\" \/>\n<meta name=\"author\" content=\"Evandro Junior\" \/>\n<meta name=\"twitter:card\" content=\"summary_large_image\" \/>\n<meta name=\"twitter:label1\" content=\"Escrito por\" \/>\n\t<meta name=\"twitter:data1\" content=\"Evandro Junior\" \/>\n\t<meta name=\"twitter:label2\" content=\"Est. tempo de leitura\" \/>\n\t<meta name=\"twitter:data2\" content=\"2 minutos\" \/>\n<script type=\"application\/ld+json\" class=\"yoast-schema-graph\">{\"@context\":\"https:\/\/schema.org\",\"@graph\":[{\"@type\":\"WebPage\",\"@id\":\"https:\/\/www.blogsoestado.com\/evandrojunior\/2025\/03\/10\/deputado-dalton-arruda-e-homenageado-pela-pmma\/\",\"url\":\"https:\/\/www.blogsoestado.com\/evandrojunior\/2025\/03\/10\/deputado-dalton-arruda-e-homenageado-pela-pmma\/\",\"name\":\"Deputado Dalton Arruda \u00e9 homenageado pela PMMA - Evandro Junior\",\"isPartOf\":{\"@id\":\"https:\/\/www.blogsoestado.com\/evandrojunior\/#website\"},\"primaryImageOfPage\":{\"@id\":\"https:\/\/www.blogsoestado.com\/evandrojunior\/2025\/03\/10\/deputado-dalton-arruda-e-homenageado-pela-pmma\/#primaryimage\"},\"image\":{\"@id\":\"https:\/\/www.blogsoestado.com\/evandrojunior\/2025\/03\/10\/deputado-dalton-arruda-e-homenageado-pela-pmma\/#primaryimage\"},\"thumbnailUrl\":\"https:\/\/www.blogsoestado.com\/evandrojunior\/wp-content\/uploads\/sites\/3\/2025\/03\/WhatsApp-Image-2025-03-10-at-12.44.11-768x1024.jpeg\",\"datePublished\":\"2025-03-10T18:12:51+00:00\",\"author\":{\"@id\":\"https:\/\/www.blogsoestado.com\/evandrojunior\/#\/schema\/person\/3e6c3d8dbb740d1c6878ebc935cfb3be\"},\"breadcrumb\":{\"@id\":\"https:\/\/www.blogsoestado.com\/evandrojunior\/2025\/03\/10\/deputado-dalton-arruda-e-homenageado-pela-pmma\/#breadcrumb\"},\"inLanguage\":\"pt-BR\",\"potentialAction\":[{\"@type\":\"ReadAction\",\"target\":[\"https:\/\/www.blogsoestado.com\/evandrojunior\/2025\/03\/10\/deputado-dalton-arruda-e-homenageado-pela-pmma\/\"]}]},{\"@type\":\"ImageObject\",\"inLanguage\":\"pt-BR\",\"@id\":\"https:\/\/www.blogsoestado.com\/evandrojunior\/2025\/03\/10\/deputado-dalton-arruda-e-homenageado-pela-pmma\/#primaryimage\",\"url\":\"\",\"contentUrl\":\"\"},{\"@type\":\"BreadcrumbList\",\"@id\":\"https:\/\/www.blogsoestado.com\/evandrojunior\/2025\/03\/10\/deputado-dalton-arruda-e-homenageado-pela-pmma\/#breadcrumb\",\"itemListElement\":[{\"@type\":\"ListItem\",\"position\":1,\"name\":\"In\u00edcio\",\"item\":\"https:\/\/www.blogsoestado.com\/evandrojunior\/\"},{\"@type\":\"ListItem\",\"position\":2,\"name\":\"Deputado Dalton Arruda \u00e9 homenageado pela PMMA\"}]},{\"@type\":\"WebSite\",\"@id\":\"https:\/\/www.blogsoestado.com\/evandrojunior\/#website\",\"url\":\"https:\/\/www.blogsoestado.com\/evandrojunior\/\",\"name\":\"Evandro Junior\",\"description\":\"\",\"potentialAction\":[{\"@type\":\"SearchAction\",\"target\":{\"@type\":\"EntryPoint\",\"urlTemplate\":\"https:\/\/www.blogsoestado.com\/evandrojunior\/?s={search_term_string}\"},\"query-input\":{\"@type\":\"PropertyValueSpecification\",\"valueRequired\":true,\"valueName\":\"search_term_string\"}}],\"inLanguage\":\"pt-BR\"},{\"@type\":\"Person\",\"@id\":\"https:\/\/www.blogsoestado.com\/evandrojunior\/#\/schema\/person\/3e6c3d8dbb740d1c6878ebc935cfb3be\",\"name\":\"Evandro Junior\",\"image\":{\"@type\":\"ImageObject\",\"inLanguage\":\"pt-BR\",\"@id\":\"https:\/\/www.blogsoestado.com\/evandrojunior\/#\/schema\/person\/image\/\",\"url\":\"https:\/\/secure.gravatar.com\/avatar\/f80a03a2294a580cd2318bfb459bf354cfa8be661ef3d95b542cf9a04af8d129?s=96&d=mm&r=g\",\"contentUrl\":\"https:\/\/secure.gravatar.com\/avatar\/f80a03a2294a580cd2318bfb459bf354cfa8be661ef3d95b542cf9a04af8d129?s=96&d=mm&r=g\",\"caption\":\"Evandro Junior\"},\"url\":\"https:\/\/www.blogsoestado.com\/evandrojunior\/author\/evandrojunior\/\"}]}<\/script>\n<!-- \/ Yoast SEO plugin. -->","yoast_head_json":{"title":"Deputado Dalton Arruda \u00e9 homenageado pela PMMA - Evandro Junior","robots":{"index":"index","follow":"follow","max-snippet":"max-snippet:-1","max-image-preview":"max-image-preview:large","max-video-preview":"max-video-preview:-1"},"canonical":"https:\/\/www.blogsoestado.com\/evandrojunior\/2025\/03\/10\/deputado-dalton-arruda-e-homenageado-pela-pmma\/","og_locale":"pt_BR","og_type":"article","og_title":"Deputado Dalton Arruda \u00e9 homenageado pela PMMA - Evandro Junior","og_description":"S\u00c3O LU\u00cdS &#8211; O deputado estadual Dalton Arruda (PSD) foi homenageado, na manh\u00e3 desta segunda-feira (10), no Pal\u00e1cio Henrique de [&hellip;]","og_url":"https:\/\/www.blogsoestado.com\/evandrojunior\/2025\/03\/10\/deputado-dalton-arruda-e-homenageado-pela-pmma\/","og_site_name":"Evandro Junior","article_published_time":"2025-03-10T18:12:51+00:00","og_image":[{"url":"https:\/\/www.blogsoestado.com\/evandrojunior\/wp-content\/uploads\/sites\/3\/2025\/03\/WhatsApp-Image-2025-03-10-at-12.44.11-768x1024.jpeg","type":"","width":"","height":""}],"author":"Evandro Junior","twitter_card":"summary_large_image","twitter_misc":{"Escrito por":"Evandro Junior","Est. tempo de leitura":"2 minutos"},"schema":{"@context":"https:\/\/schema.org","@graph":[{"@type":"WebPage","@id":"https:\/\/www.blogsoestado.com\/evandrojunior\/2025\/03\/10\/deputado-dalton-arruda-e-homenageado-pela-pmma\/","url":"https:\/\/www.blogsoestado.com\/evandrojunior\/2025\/03\/10\/deputado-dalton-arruda-e-homenageado-pela-pmma\/","name":"Deputado Dalton Arruda \u00e9 homenageado pela PMMA - Evandro Junior","isPartOf":{"@id":"https:\/\/www.blogsoestado.com\/evandrojunior\/#website"},"primaryImageOfPage":{"@id":"https:\/\/www.blogsoestado.com\/evandrojunior\/2025\/03\/10\/deputado-dalton-arruda-e-homenageado-pela-pmma\/#primaryimage"},"image":{"@id":"https:\/\/www.blogsoestado.com\/evandrojunior\/2025\/03\/10\/deputado-dalton-arruda-e-homenageado-pela-pmma\/#primaryimage"},"thumbnailUrl":"https:\/\/www.blogsoestado.com\/evandrojunior\/wp-content\/uploads\/sites\/3\/2025\/03\/WhatsApp-Image-2025-03-10-at-12.44.11-768x1024.jpeg","datePublished":"2025-03-10T18:12:51+00:00","author":{"@id":"https:\/\/www.blogsoestado.com\/evandrojunior\/#\/schema\/person\/3e6c3d8dbb740d1c6878ebc935cfb3be"},"breadcrumb":{"@id":"https:\/\/www.blogsoestado.com\/evandrojunior\/2025\/03\/10\/deputado-dalton-arruda-e-homenageado-pela-pmma\/#breadcrumb"},"inLanguage":"pt-BR","potentialAction":[{"@type":"ReadAction","target":["https:\/\/www.blogsoestado.com\/evandrojunior\/2025\/03\/10\/deputado-dalton-arruda-e-homenageado-pela-pmma\/"]}]},{"@type":"ImageObject","inLanguage":"pt-BR","@id":"https:\/\/www.blogsoestado.com\/evandrojunior\/2025\/03\/10\/deputado-dalton-arruda-e-homenageado-pela-pmma\/#primaryimage","url":"","contentUrl":""},{"@type":"BreadcrumbList","@id":"https:\/\/www.blogsoestado.com\/evandrojunior\/2025\/03\/10\/deputado-dalton-arruda-e-homenageado-pela-pmma\/#breadcrumb","itemListElement":[{"@type":"ListItem","position":1,"name":"In\u00edcio","item":"https:\/\/www.blogsoestado.com\/evandrojunior\/"},{"@type":"ListItem","position":2,"name":"Deputado Dalton Arruda \u00e9 homenageado pela PMMA"}]},{"@type":"WebSite","@id":"https:\/\/www.blogsoestado.com\/evandrojunior\/#website","url":"https:\/\/www.blogsoestado.com\/evandrojunior\/","name":"Evandro Junior","description":"","potentialAction":[{"@type":"SearchAction","target":{"@type":"EntryPoint","urlTemplate":"https:\/\/www.blogsoestado.com\/evandrojunior\/?s={search_term_string}"},"query-input":{"@type":"PropertyValueSpecification","valueRequired":true,"valueName":"search_term_string"}}],"inLanguage":"pt-BR"},{"@type":"Person","@id":"https:\/\/www.blogsoestado.com\/evandrojunior\/#\/schema\/person\/3e6c3d8dbb740d1c6878ebc935cfb3be","name":"Evandro Junior","image":{"@type":"ImageObject","inLanguage":"pt-BR","@id":"https:\/\/www.blogsoestado.com\/evandrojunior\/#\/schema\/person\/image\/","url":"https:\/\/secure.gravatar.com\/avatar\/f80a03a2294a580cd2318bfb459bf354cfa8be661ef3d95b542cf9a04af8d129?s=96&d=mm&r=g","contentUrl":"https:\/\/secure.gravatar.com\/avatar\/f80a03a2294a580cd2318bfb459bf354cfa8be661ef3d95b542cf9a04af8d129?s=96&d=mm&r=g","caption":"Evandro Junior"},"url":"https:\/\/www.blogsoestado.com\/evandrojunior\/author\/evandrojunior\/"}]}},"jetpack_featured_media_url":"","_links":{"self":[{"href":"https:\/\/www.blogsoestado.com\/evandrojunior\/wp-json\/wp\/v2\/posts\/14813","targetHints":{"allow":["GET"]}}],"collection":[{"href":"https:\/\/www.blogsoestado.com\/evandrojunior\/wp-json\/wp\/v2\/posts"}],"about":[{"href":"https:\/\/www.blogsoestado.com\/evandrojunior\/wp-json\/wp\/v2\/types\/post"}],"author":[{"embeddable":true,"href":"https:\/\/www.blogsoestado.com\/evandrojunior\/wp-json\/wp\/v2\/users\/4"}],"replies":[{"embeddable":true,"href":"https:\/\/www.blogsoestado.com\/evandrojunior\/wp-json\/wp\/v2\/comments?post=14813"}],"version-history":[{"count":0,"href":"https:\/\/www.blogsoestado.com\/evandrojunior\/wp-json\/wp\/v2\/posts\/14813\/revisions"}],"wp:attachment":[{"href":"https:\/\/www.blogsoestado.com\/evandrojunior\/wp-json\/wp\/v2\/media?parent=14813"}],"wp:term":[{"taxonomy":"category","embeddable":true,"href":"https:\/\/www.blogsoestado.com\/evandrojunior\/wp-json\/wp\/v2\/categories?post=14813"},{"taxonomy":"post_tag","embeddable":true,"href":"https:\/\/www.blogsoestado.com\/evandrojunior\/wp-json\/wp\/v2\/tags?post=14813"}],"curies":[{"name":"wp","href":"https:\/\/api.w.org\/{rel}","templated":true}]}}