{"id":14816,"date":"2025-03-12T10:21:52","date_gmt":"2025-03-12T13:21:52","guid":{"rendered":"https:\/\/www.blogsoestado.com\/evandrojunior\/?p=14815"},"modified":"2025-03-12T10:21:52","modified_gmt":"2025-03-12T13:21:52","slug":"conceicao-rolim-assume-reitoria-do-cest","status":"publish","type":"post","link":"https:\/\/www.blogsoestado.com\/evandrojunior\/2025\/03\/12\/conceicao-rolim-assume-reitoria-do-cest\/","title":{"rendered":"Concei\u00e7\u00e3o Rolim assume Reitoria do CEST"},"content":{"rendered":"\n<div class=\"wp-block-image\"><figure class=\"aligncenter size-large is-resized\"><img fetchpriority=\"high\" decoding=\"async\" src=\"https:\/\/www.blogsoestado.com\/evandrojunior\/wp-content\/uploads\/sites\/3\/2025\/03\/WhatsApp-Image-2025-03-12-at-09.36.08-566x1024.jpeg\" alt=\"\" class=\"wp-image-14816\" width=\"445\" height=\"805\"\/><figcaption><strong>Profa. Ma. Maria da Concei\u00e7\u00e3o Lima Melo Rolim \u00e9 a nova reitora do Centro Universit\u00e1rio Santa Terezinha (CEST)<\/strong><\/figcaption><\/figure><\/div>\n\n\n\n<p><strong>S\u00c3O LU\u00cdS <\/strong>&#8211; O Centro Universit\u00e1rio Santa Terezinha (CEST) inicia um novo ciclo institucional com a transi\u00e7\u00e3o da Reitoria, agora sob a lideran\u00e7a da Profa. Ma. Maria da Concei\u00e7\u00e3o Lima Melo Rolim, que j\u00e1 atuava como assessora jur\u00eddica do CEST desde a implanta\u00e7\u00e3o da institui\u00e7\u00e3o.<\/p>\n\n\n\n<p>Filha do fundador do CEST, Expedito Alves de Melo, ela assume o cargo com a miss\u00e3o de dar continuidade ao legado de excel\u00eancia acad\u00eamica e compromisso social que sempre marcaram a trajet\u00f3ria do CEST.<\/p>\n\n\n\n<p>Graduada em Direito pela Universidade Federal do Maranh\u00e3o &#8211; UFMA (1992), Maria da Concei\u00e7\u00e3o tem uma s\u00f3lida forma\u00e7\u00e3o acad\u00eamica, sendo p\u00f3s-graduada em Direito Processual Civil pela AUDF Bras\u00edlia (1994), mestra e doutoranda em Direito Empresarial e Cidadania pela UNICURITIBA. <\/p>\n\n\n\n<p>Como pesquisadora, \u00e9 associada ao Conselho Nacional de Pesquisa e P\u00f3s-Gradua\u00e7\u00e3o em Direito, autora de v\u00e1rias colet\u00e2neas, livros, anais e publica\u00e7\u00f5es em revistas nacionais e internacionais. Al\u00e9m da atua\u00e7\u00e3o acad\u00eamica e jur\u00eddica, a nova reitora possui vasta experi\u00eancia no \u00e2mbito do Direito Privado, sendo s\u00f3cia-propriet\u00e1ria do Escrit\u00f3rio de Advocacia Melo Rolim e Advogados Associados, onde atua h\u00e1 32 anos nas \u00e1reas c\u00edvel, trabalhista, empresarial, comercial e educacional.<\/p>\n\n\n\n<p>No CEST, Concei\u00e7\u00e3o Rolim tamb\u00e9m integra o Conselho Superior, o Comit\u00ea Gestor do Acervo Acad\u00eamico Digital e a Comiss\u00e3o Permanente de Sele\u00e7\u00e3o e Acompanhamento de Bolsas de Estudo, al\u00e9m do Comit\u00ea de Ensino e Pesquisa. Sua dedica\u00e7\u00e3o ao terceiro setor \u00e9 evidente pela trajet\u00f3ria ao longo dos 53 anos de implanta\u00e7\u00e3o da APAE de S\u00e3o Lu\u00eds, entidade que assessora e para a qual desenvolve projetos que garantem sustentabilidade e desenvolvimento institucional.<\/p>\n\n\n\n<p>A Profa. Maria da Concei\u00e7\u00e3o destaca seu compromisso com a Institui\u00e7\u00e3o e a educa\u00e7\u00e3o de qualidade. \u201cAssumir a Reitoria do Centro Universit\u00e1rio Santa Terezinha \u00e9 uma honra e uma grande responsabilidade, e receber esta miss\u00e3o de dar continuidade ao legado \u00e9 mais do que um reconhecimento. \u00c9 um chamado ao compromisso, \u00e0 inova\u00e7\u00e3o e \u00e0 excel\u00eancia que esta institui\u00e7\u00e3o merece. Reconhe\u00e7o a import\u00e2ncia do CEST para a sociedade maranhense e sua origem vision\u00e1ria para suprir a necessidade de profissionais na \u00e1rea da reabilita\u00e7\u00e3o, trazendo o pioneiro na cria\u00e7\u00e3o desses cursos de gradua\u00e7\u00e3o, consolidando como refer\u00eancia em ensino superior, alcan\u00e7ando o status de Centro Universit\u00e1rio em 2023\u201d destacou.<\/p>\n\n\n\n<p>A nova reitora destacou seu compromisso em continuar a trajet\u00f3ria de excel\u00eancia e inova\u00e7\u00e3o, garantindo oportunidades para os alunos egressos e fortalecendo a miss\u00e3o educacional da institui\u00e7\u00e3o. \u201cFaremos uma gest\u00e3o inovadora, respons\u00e1vel pela defini\u00e7\u00e3o de estrat\u00e9gias e pol\u00edticas que dar\u00e3o o formato institucional e acad\u00eamico, sempre pautadas em um planejamento estrat\u00e9gico avan\u00e7ado voltado para o crescimento e fortalecimento do CEST e de sua mantenedora APAE de S\u00e3o Lu\u00eds&#8221;.<\/p>\n\n\n\n<p><\/p>\n","protected":false},"excerpt":{"rendered":"<p>S\u00c3O LU\u00cdS &#8211; O Centro Universit\u00e1rio Santa Terezinha (CEST) inicia um novo ciclo institucional com a transi\u00e7\u00e3o da Reitoria, agora [&hellip;]<\/p>\n","protected":false},"author":4,"featured_media":0,"comment_status":"open","ping_status":"open","sticky":false,"template":"","format":"standard","meta":{"site-sidebar-layout":"default","site-content-layout":"","ast-site-content-layout":"default","site-content-style":"default","site-sidebar-style":"default","ast-global-header-display":"","ast-banner-title-visibility":"","ast-main-header-display":"","ast-hfb-above-header-display":"","ast-hfb-below-header-display":"","ast-hfb-mobile-header-display":"","site-post-title":"","ast-breadcrumbs-content":"","ast-featured-img":"","footer-sml-layout":"","ast-disable-related-posts":"","theme-transparent-header-meta":"","adv-header-id-meta":"","stick-header-meta":"","header-above-stick-meta":"","header-main-stick-meta":"","header-below-stick-meta":"","astra-migrate-meta-layouts":"default","ast-page-background-enabled":"default","ast-page-background-meta":{"desktop":{"background-color":"var(--ast-global-color-5)","background-image":"","background-repeat":"repeat","background-position":"center center","background-size":"auto","background-attachment":"scroll","background-type":"","background-media":"","overlay-type":"","overlay-color":"","overlay-opacity":"","overlay-gradient":""},"tablet":{"background-color":"","background-image":"","background-repeat":"repeat","background-position":"center center","background-size":"auto","background-attachment":"scroll","background-type":"","background-media":"","overlay-type":"","overlay-color":"","overlay-opacity":"","overlay-gradient":""},"mobile":{"background-color":"","background-image":"","background-repeat":"repeat","background-position":"center center","background-size":"auto","background-attachment":"scroll","background-type":"","background-media":"","overlay-type":"","overlay-color":"","overlay-opacity":"","overlay-gradient":""}},"ast-content-background-meta":{"desktop":{"background-color":"var(--ast-global-color-4)","background-image":"","background-repeat":"repeat","background-position":"center center","background-size":"auto","background-attachment":"scroll","background-type":"","background-media":"","overlay-type":"","overlay-color":"","overlay-opacity":"","overlay-gradient":""},"tablet":{"background-color":"var(--ast-global-color-4)","background-image":"","background-repeat":"repeat","background-position":"center center","background-size":"auto","background-attachment":"scroll","background-type":"","background-media":"","overlay-type":"","overlay-color":"","overlay-opacity":"","overlay-gradient":""},"mobile":{"background-color":"var(--ast-global-color-4)","background-image":"","background-repeat":"repeat","background-position":"center center","background-size":"auto","background-attachment":"scroll","background-type":"","background-media":"","overlay-type":"","overlay-color":"","overlay-opacity":"","overlay-gradient":""}},"footnotes":""},"categories":[1],"tags":[],"class_list":["post-14816","post","type-post","status-publish","format-standard","hentry","category-sem-categoria"],"yoast_head":"<!-- This site is optimized with the Yoast SEO plugin v26.6 - https:\/\/yoast.com\/wordpress\/plugins\/seo\/ -->\n<title>Concei\u00e7\u00e3o Rolim assume Reitoria do CEST - Evandro Junior<\/title>\n<meta name=\"robots\" content=\"index, follow, max-snippet:-1, max-image-preview:large, max-video-preview:-1\" \/>\n<link rel=\"canonical\" href=\"https:\/\/www.blogsoestado.com\/evandrojunior\/2025\/03\/12\/conceicao-rolim-assume-reitoria-do-cest\/\" \/>\n<meta property=\"og:locale\" content=\"pt_BR\" \/>\n<meta property=\"og:type\" content=\"article\" \/>\n<meta property=\"og:title\" content=\"Concei\u00e7\u00e3o Rolim assume Reitoria do CEST - Evandro Junior\" \/>\n<meta property=\"og:description\" content=\"S\u00c3O LU\u00cdS &#8211; O Centro Universit\u00e1rio Santa Terezinha (CEST) inicia um novo ciclo institucional com a transi\u00e7\u00e3o da Reitoria, agora [&hellip;]\" \/>\n<meta property=\"og:url\" content=\"https:\/\/www.blogsoestado.com\/evandrojunior\/2025\/03\/12\/conceicao-rolim-assume-reitoria-do-cest\/\" \/>\n<meta property=\"og:site_name\" content=\"Evandro Junior\" \/>\n<meta property=\"article:published_time\" content=\"2025-03-12T13:21:52+00:00\" \/>\n<meta property=\"og:image\" content=\"https:\/\/www.blogsoestado.com\/evandrojunior\/wp-content\/uploads\/sites\/3\/2025\/03\/WhatsApp-Image-2025-03-12-at-09.36.08-566x1024.jpeg\" \/>\n<meta name=\"author\" content=\"Evandro Junior\" \/>\n<meta name=\"twitter:card\" content=\"summary_large_image\" \/>\n<meta name=\"twitter:label1\" content=\"Escrito por\" \/>\n\t<meta name=\"twitter:data1\" content=\"Evandro Junior\" \/>\n\t<meta name=\"twitter:label2\" content=\"Est. tempo de leitura\" \/>\n\t<meta name=\"twitter:data2\" content=\"3 minutos\" \/>\n<script type=\"application\/ld+json\" class=\"yoast-schema-graph\">{\"@context\":\"https:\/\/schema.org\",\"@graph\":[{\"@type\":\"WebPage\",\"@id\":\"https:\/\/www.blogsoestado.com\/evandrojunior\/2025\/03\/12\/conceicao-rolim-assume-reitoria-do-cest\/\",\"url\":\"https:\/\/www.blogsoestado.com\/evandrojunior\/2025\/03\/12\/conceicao-rolim-assume-reitoria-do-cest\/\",\"name\":\"Concei\u00e7\u00e3o Rolim assume Reitoria do CEST - Evandro Junior\",\"isPartOf\":{\"@id\":\"https:\/\/www.blogsoestado.com\/evandrojunior\/#website\"},\"primaryImageOfPage\":{\"@id\":\"https:\/\/www.blogsoestado.com\/evandrojunior\/2025\/03\/12\/conceicao-rolim-assume-reitoria-do-cest\/#primaryimage\"},\"image\":{\"@id\":\"https:\/\/www.blogsoestado.com\/evandrojunior\/2025\/03\/12\/conceicao-rolim-assume-reitoria-do-cest\/#primaryimage\"},\"thumbnailUrl\":\"https:\/\/www.blogsoestado.com\/evandrojunior\/wp-content\/uploads\/sites\/3\/2025\/03\/WhatsApp-Image-2025-03-12-at-09.36.08-566x1024.jpeg\",\"datePublished\":\"2025-03-12T13:21:52+00:00\",\"author\":{\"@id\":\"https:\/\/www.blogsoestado.com\/evandrojunior\/#\/schema\/person\/3e6c3d8dbb740d1c6878ebc935cfb3be\"},\"breadcrumb\":{\"@id\":\"https:\/\/www.blogsoestado.com\/evandrojunior\/2025\/03\/12\/conceicao-rolim-assume-reitoria-do-cest\/#breadcrumb\"},\"inLanguage\":\"pt-BR\",\"potentialAction\":[{\"@type\":\"ReadAction\",\"target\":[\"https:\/\/www.blogsoestado.com\/evandrojunior\/2025\/03\/12\/conceicao-rolim-assume-reitoria-do-cest\/\"]}]},{\"@type\":\"ImageObject\",\"inLanguage\":\"pt-BR\",\"@id\":\"https:\/\/www.blogsoestado.com\/evandrojunior\/2025\/03\/12\/conceicao-rolim-assume-reitoria-do-cest\/#primaryimage\",\"url\":\"\",\"contentUrl\":\"\"},{\"@type\":\"BreadcrumbList\",\"@id\":\"https:\/\/www.blogsoestado.com\/evandrojunior\/2025\/03\/12\/conceicao-rolim-assume-reitoria-do-cest\/#breadcrumb\",\"itemListElement\":[{\"@type\":\"ListItem\",\"position\":1,\"name\":\"In\u00edcio\",\"item\":\"https:\/\/www.blogsoestado.com\/evandrojunior\/\"},{\"@type\":\"ListItem\",\"position\":2,\"name\":\"Concei\u00e7\u00e3o Rolim assume Reitoria do CEST\"}]},{\"@type\":\"WebSite\",\"@id\":\"https:\/\/www.blogsoestado.com\/evandrojunior\/#website\",\"url\":\"https:\/\/www.blogsoestado.com\/evandrojunior\/\",\"name\":\"Evandro Junior\",\"description\":\"\",\"potentialAction\":[{\"@type\":\"SearchAction\",\"target\":{\"@type\":\"EntryPoint\",\"urlTemplate\":\"https:\/\/www.blogsoestado.com\/evandrojunior\/?s={search_term_string}\"},\"query-input\":{\"@type\":\"PropertyValueSpecification\",\"valueRequired\":true,\"valueName\":\"search_term_string\"}}],\"inLanguage\":\"pt-BR\"},{\"@type\":\"Person\",\"@id\":\"https:\/\/www.blogsoestado.com\/evandrojunior\/#\/schema\/person\/3e6c3d8dbb740d1c6878ebc935cfb3be\",\"name\":\"Evandro Junior\",\"image\":{\"@type\":\"ImageObject\",\"inLanguage\":\"pt-BR\",\"@id\":\"https:\/\/www.blogsoestado.com\/evandrojunior\/#\/schema\/person\/image\/\",\"url\":\"https:\/\/secure.gravatar.com\/avatar\/f80a03a2294a580cd2318bfb459bf354cfa8be661ef3d95b542cf9a04af8d129?s=96&d=mm&r=g\",\"contentUrl\":\"https:\/\/secure.gravatar.com\/avatar\/f80a03a2294a580cd2318bfb459bf354cfa8be661ef3d95b542cf9a04af8d129?s=96&d=mm&r=g\",\"caption\":\"Evandro Junior\"},\"url\":\"https:\/\/www.blogsoestado.com\/evandrojunior\/author\/evandrojunior\/\"}]}<\/script>\n<!-- \/ Yoast SEO plugin. -->","yoast_head_json":{"title":"Concei\u00e7\u00e3o Rolim assume Reitoria do CEST - Evandro Junior","robots":{"index":"index","follow":"follow","max-snippet":"max-snippet:-1","max-image-preview":"max-image-preview:large","max-video-preview":"max-video-preview:-1"},"canonical":"https:\/\/www.blogsoestado.com\/evandrojunior\/2025\/03\/12\/conceicao-rolim-assume-reitoria-do-cest\/","og_locale":"pt_BR","og_type":"article","og_title":"Concei\u00e7\u00e3o Rolim assume Reitoria do CEST - Evandro Junior","og_description":"S\u00c3O LU\u00cdS &#8211; O Centro Universit\u00e1rio Santa Terezinha (CEST) inicia um novo ciclo institucional com a transi\u00e7\u00e3o da Reitoria, agora [&hellip;]","og_url":"https:\/\/www.blogsoestado.com\/evandrojunior\/2025\/03\/12\/conceicao-rolim-assume-reitoria-do-cest\/","og_site_name":"Evandro Junior","article_published_time":"2025-03-12T13:21:52+00:00","og_image":[{"url":"https:\/\/www.blogsoestado.com\/evandrojunior\/wp-content\/uploads\/sites\/3\/2025\/03\/WhatsApp-Image-2025-03-12-at-09.36.08-566x1024.jpeg","type":"","width":"","height":""}],"author":"Evandro Junior","twitter_card":"summary_large_image","twitter_misc":{"Escrito por":"Evandro Junior","Est. tempo de leitura":"3 minutos"},"schema":{"@context":"https:\/\/schema.org","@graph":[{"@type":"WebPage","@id":"https:\/\/www.blogsoestado.com\/evandrojunior\/2025\/03\/12\/conceicao-rolim-assume-reitoria-do-cest\/","url":"https:\/\/www.blogsoestado.com\/evandrojunior\/2025\/03\/12\/conceicao-rolim-assume-reitoria-do-cest\/","name":"Concei\u00e7\u00e3o Rolim assume Reitoria do CEST - Evandro Junior","isPartOf":{"@id":"https:\/\/www.blogsoestado.com\/evandrojunior\/#website"},"primaryImageOfPage":{"@id":"https:\/\/www.blogsoestado.com\/evandrojunior\/2025\/03\/12\/conceicao-rolim-assume-reitoria-do-cest\/#primaryimage"},"image":{"@id":"https:\/\/www.blogsoestado.com\/evandrojunior\/2025\/03\/12\/conceicao-rolim-assume-reitoria-do-cest\/#primaryimage"},"thumbnailUrl":"https:\/\/www.blogsoestado.com\/evandrojunior\/wp-content\/uploads\/sites\/3\/2025\/03\/WhatsApp-Image-2025-03-12-at-09.36.08-566x1024.jpeg","datePublished":"2025-03-12T13:21:52+00:00","author":{"@id":"https:\/\/www.blogsoestado.com\/evandrojunior\/#\/schema\/person\/3e6c3d8dbb740d1c6878ebc935cfb3be"},"breadcrumb":{"@id":"https:\/\/www.blogsoestado.com\/evandrojunior\/2025\/03\/12\/conceicao-rolim-assume-reitoria-do-cest\/#breadcrumb"},"inLanguage":"pt-BR","potentialAction":[{"@type":"ReadAction","target":["https:\/\/www.blogsoestado.com\/evandrojunior\/2025\/03\/12\/conceicao-rolim-assume-reitoria-do-cest\/"]}]},{"@type":"ImageObject","inLanguage":"pt-BR","@id":"https:\/\/www.blogsoestado.com\/evandrojunior\/2025\/03\/12\/conceicao-rolim-assume-reitoria-do-cest\/#primaryimage","url":"","contentUrl":""},{"@type":"BreadcrumbList","@id":"https:\/\/www.blogsoestado.com\/evandrojunior\/2025\/03\/12\/conceicao-rolim-assume-reitoria-do-cest\/#breadcrumb","itemListElement":[{"@type":"ListItem","position":1,"name":"In\u00edcio","item":"https:\/\/www.blogsoestado.com\/evandrojunior\/"},{"@type":"ListItem","position":2,"name":"Concei\u00e7\u00e3o Rolim assume Reitoria do CEST"}]},{"@type":"WebSite","@id":"https:\/\/www.blogsoestado.com\/evandrojunior\/#website","url":"https:\/\/www.blogsoestado.com\/evandrojunior\/","name":"Evandro Junior","description":"","potentialAction":[{"@type":"SearchAction","target":{"@type":"EntryPoint","urlTemplate":"https:\/\/www.blogsoestado.com\/evandrojunior\/?s={search_term_string}"},"query-input":{"@type":"PropertyValueSpecification","valueRequired":true,"valueName":"search_term_string"}}],"inLanguage":"pt-BR"},{"@type":"Person","@id":"https:\/\/www.blogsoestado.com\/evandrojunior\/#\/schema\/person\/3e6c3d8dbb740d1c6878ebc935cfb3be","name":"Evandro Junior","image":{"@type":"ImageObject","inLanguage":"pt-BR","@id":"https:\/\/www.blogsoestado.com\/evandrojunior\/#\/schema\/person\/image\/","url":"https:\/\/secure.gravatar.com\/avatar\/f80a03a2294a580cd2318bfb459bf354cfa8be661ef3d95b542cf9a04af8d129?s=96&d=mm&r=g","contentUrl":"https:\/\/secure.gravatar.com\/avatar\/f80a03a2294a580cd2318bfb459bf354cfa8be661ef3d95b542cf9a04af8d129?s=96&d=mm&r=g","caption":"Evandro Junior"},"url":"https:\/\/www.blogsoestado.com\/evandrojunior\/author\/evandrojunior\/"}]}},"jetpack_featured_media_url":"","_links":{"self":[{"href":"https:\/\/www.blogsoestado.com\/evandrojunior\/wp-json\/wp\/v2\/posts\/14816","targetHints":{"allow":["GET"]}}],"collection":[{"href":"https:\/\/www.blogsoestado.com\/evandrojunior\/wp-json\/wp\/v2\/posts"}],"about":[{"href":"https:\/\/www.blogsoestado.com\/evandrojunior\/wp-json\/wp\/v2\/types\/post"}],"author":[{"embeddable":true,"href":"https:\/\/www.blogsoestado.com\/evandrojunior\/wp-json\/wp\/v2\/users\/4"}],"replies":[{"embeddable":true,"href":"https:\/\/www.blogsoestado.com\/evandrojunior\/wp-json\/wp\/v2\/comments?post=14816"}],"version-history":[{"count":0,"href":"https:\/\/www.blogsoestado.com\/evandrojunior\/wp-json\/wp\/v2\/posts\/14816\/revisions"}],"wp:attachment":[{"href":"https:\/\/www.blogsoestado.com\/evandrojunior\/wp-json\/wp\/v2\/media?parent=14816"}],"wp:term":[{"taxonomy":"category","embeddable":true,"href":"https:\/\/www.blogsoestado.com\/evandrojunior\/wp-json\/wp\/v2\/categories?post=14816"},{"taxonomy":"post_tag","embeddable":true,"href":"https:\/\/www.blogsoestado.com\/evandrojunior\/wp-json\/wp\/v2\/tags?post=14816"}],"curies":[{"name":"wp","href":"https:\/\/api.w.org\/{rel}","templated":true}]}}