{"id":14864,"date":"2025-03-17T15:40:41","date_gmt":"2025-03-17T18:40:41","guid":{"rendered":"https:\/\/www.blogsoestado.com\/evandrojunior\/?p=14864"},"modified":"2025-03-17T15:40:41","modified_gmt":"2025-03-17T18:40:41","slug":"amovinho-empresaria-bem-sucedida-guga-fernandes-vai-palestrar-no-tpm","status":"publish","type":"post","link":"https:\/\/www.blogsoestado.com\/evandrojunior\/2025\/03\/17\/amovinho-empresaria-bem-sucedida-guga-fernandes-vai-palestrar-no-tpm\/","title":{"rendered":"AmoVinho: Guga Fernandes vai palestrar no &#8216;TPM&#8217;"},"content":{"rendered":"\n<div class=\"wp-block-image\"><figure class=\"aligncenter size-large is-resized\"><img fetchpriority=\"high\" decoding=\"async\" src=\"https:\/\/www.blogsoestado.com\/evandrojunior\/wp-content\/uploads\/sites\/3\/2025\/03\/WhatsApp-Image-2025-03-17-at-09.28.10-916x1024.jpeg\" alt=\"\" class=\"wp-image-14865\" width=\"494\" height=\"552\" srcset=\"https:\/\/www.blogsoestado.com\/evandrojunior\/wp-content\/uploads\/sites\/3\/2025\/03\/WhatsApp-Image-2025-03-17-at-09.28.10-916x1024.jpeg 916w, https:\/\/www.blogsoestado.com\/evandrojunior\/wp-content\/uploads\/sites\/3\/2025\/03\/WhatsApp-Image-2025-03-17-at-09.28.10-268x300.jpeg 268w, https:\/\/www.blogsoestado.com\/evandrojunior\/wp-content\/uploads\/sites\/3\/2025\/03\/WhatsApp-Image-2025-03-17-at-09.28.10-768x858.jpeg 768w, https:\/\/www.blogsoestado.com\/evandrojunior\/wp-content\/uploads\/sites\/3\/2025\/03\/WhatsApp-Image-2025-03-17-at-09.28.10.jpeg 1099w\" sizes=\"(max-width: 494px) 100vw, 494px\" \/><figcaption><strong>Guga Fernandes \u00e9 a convidada especial da AmoVinho nesta &#8216;Ter\u00e7a para Mulheres&#8217;<\/strong><\/figcaption><\/figure><\/div>\n\n\n\n<p><strong>S\u00c3O LU\u00cdS <\/strong>&#8211; Uma das mais bem sucedidas empres\u00e1rias de S\u00e3o Lu\u00eds, Guga Fernandes estar\u00e1 na AmoVinho Bistr\u00f4 &amp; Adega (Parque Shalon) para uma palestra especial nesta ter\u00e7a-feira (18). Ela \u00e9 a convidada especial do &#8216;Ter\u00e7a para Mulheres&#8217; (TPM), que come\u00e7a \u00e0s 19h.<\/p>\n\n\n\n<p>Guga, que recebeu o convite das m\u00e3os de Dalva R\u00eago, curadora do &#8216;TPM&#8217;, falando em nome dos propriet\u00e1rios da casa, Almistron, C\u00e9lia e Calheiro Marinho, vai abordar o tema &#8220;Lideran\u00e7a e oportunidades: o segredo das l\u00edderes de sucesso&#8221;.<\/p>\n\n\n\n<p>Ela \u00e9 diretora da Consultoria e Assessoria Real Contabilidade, CEO da empresa Guga Fernandes Beauty e embaixadora da BMW Original em S\u00e3o Lu\u00eds.<\/p>\n\n\n\n<div class=\"wp-block-image\"><figure class=\"aligncenter size-large is-resized\"><img decoding=\"async\" src=\"https:\/\/www.blogsoestado.com\/evandrojunior\/files\/2025\/03\/WhatsApp-Image-2025-03-17-at-09.27.56-768x1024.jpeg\" alt=\"\" class=\"wp-image-14866\" width=\"477\" height=\"636\"\/><figcaption><strong>Em nome dos propriet\u00e1rios da AmoVinho, Dalva R\u00eago fez o convite oficial a Guga Fernandes, que aceitou participar do &#8216;TPM&#8217;<\/strong><\/figcaption><\/figure><\/div>\n\n\n\n<p>Comunicativa, antenada e batalhadora, Guga sempre tem uma dica para as mulheres que querem empreender, uma vez que o empreendedorismo \u00e9 uma das \u00e1reas que domina. <\/p>\n\n\n\n<p>A empres\u00e1ria tamb\u00e9m responde pela Revista Deluxe, publica\u00e7\u00e3o que contou muitas hist\u00f3rias de mulheres e homens que cresceram nos mais variados nichos de neg\u00f3cio.  <\/p>\n\n\n\n<p>As reservas para uma mesa no bistr\u00f4 podem ser feitas pelo WhatsApp para (98) 98295-0010. O jantar executivo com entrada, prato principal, sobremesa e uma ta\u00e7a de vinho sai por apenas R$95.<\/p>\n","protected":false},"excerpt":{"rendered":"<p>S\u00c3O LU\u00cdS &#8211; Uma das mais bem sucedidas empres\u00e1rias de S\u00e3o Lu\u00eds, Guga Fernandes estar\u00e1 na AmoVinho Bistr\u00f4 &amp; Adega [&hellip;]<\/p>\n","protected":false},"author":4,"featured_media":0,"comment_status":"open","ping_status":"open","sticky":false,"template":"","format":"standard","meta":{"site-sidebar-layout":"default","site-content-layout":"","ast-site-content-layout":"default","site-content-style":"default","site-sidebar-style":"default","ast-global-header-display":"","ast-banner-title-visibility":"","ast-main-header-display":"","ast-hfb-above-header-display":"","ast-hfb-below-header-display":"","ast-hfb-mobile-header-display":"","site-post-title":"","ast-breadcrumbs-content":"","ast-featured-img":"","footer-sml-layout":"","ast-disable-related-posts":"","theme-transparent-header-meta":"","adv-header-id-meta":"","stick-header-meta":"","header-above-stick-meta":"","header-main-stick-meta":"","header-below-stick-meta":"","astra-migrate-meta-layouts":"default","ast-page-background-enabled":"default","ast-page-background-meta":{"desktop":{"background-color":"var(--ast-global-color-5)","background-image":"","background-repeat":"repeat","background-position":"center center","background-size":"auto","background-attachment":"scroll","background-type":"","background-media":"","overlay-type":"","overlay-color":"","overlay-opacity":"","overlay-gradient":""},"tablet":{"background-color":"","background-image":"","background-repeat":"repeat","background-position":"center center","background-size":"auto","background-attachment":"scroll","background-type":"","background-media":"","overlay-type":"","overlay-color":"","overlay-opacity":"","overlay-gradient":""},"mobile":{"background-color":"","background-image":"","background-repeat":"repeat","background-position":"center center","background-size":"auto","background-attachment":"scroll","background-type":"","background-media":"","overlay-type":"","overlay-color":"","overlay-opacity":"","overlay-gradient":""}},"ast-content-background-meta":{"desktop":{"background-color":"var(--ast-global-color-4)","background-image":"","background-repeat":"repeat","background-position":"center center","background-size":"auto","background-attachment":"scroll","background-type":"","background-media":"","overlay-type":"","overlay-color":"","overlay-opacity":"","overlay-gradient":""},"tablet":{"background-color":"var(--ast-global-color-4)","background-image":"","background-repeat":"repeat","background-position":"center center","background-size":"auto","background-attachment":"scroll","background-type":"","background-media":"","overlay-type":"","overlay-color":"","overlay-opacity":"","overlay-gradient":""},"mobile":{"background-color":"var(--ast-global-color-4)","background-image":"","background-repeat":"repeat","background-position":"center center","background-size":"auto","background-attachment":"scroll","background-type":"","background-media":"","overlay-type":"","overlay-color":"","overlay-opacity":"","overlay-gradient":""}},"footnotes":""},"categories":[1],"tags":[],"class_list":["post-14864","post","type-post","status-publish","format-standard","hentry","category-sem-categoria"],"yoast_head":"<!-- This site is optimized with the Yoast SEO plugin v26.6 - https:\/\/yoast.com\/wordpress\/plugins\/seo\/ -->\n<title>AmoVinho: Guga Fernandes vai palestrar no &#039;TPM&#039; - Evandro Junior<\/title>\n<meta name=\"robots\" content=\"index, follow, max-snippet:-1, max-image-preview:large, max-video-preview:-1\" \/>\n<link rel=\"canonical\" href=\"https:\/\/www.blogsoestado.com\/evandrojunior\/2025\/03\/17\/amovinho-empresaria-bem-sucedida-guga-fernandes-vai-palestrar-no-tpm\/\" \/>\n<meta property=\"og:locale\" content=\"pt_BR\" \/>\n<meta property=\"og:type\" content=\"article\" \/>\n<meta property=\"og:title\" content=\"AmoVinho: Guga Fernandes vai palestrar no &#039;TPM&#039; - Evandro Junior\" \/>\n<meta property=\"og:description\" content=\"S\u00c3O LU\u00cdS &#8211; Uma das mais bem sucedidas empres\u00e1rias de S\u00e3o Lu\u00eds, Guga Fernandes estar\u00e1 na AmoVinho Bistr\u00f4 &amp; Adega [&hellip;]\" \/>\n<meta property=\"og:url\" content=\"https:\/\/www.blogsoestado.com\/evandrojunior\/2025\/03\/17\/amovinho-empresaria-bem-sucedida-guga-fernandes-vai-palestrar-no-tpm\/\" \/>\n<meta property=\"og:site_name\" content=\"Evandro Junior\" \/>\n<meta property=\"article:published_time\" content=\"2025-03-17T18:40:41+00:00\" \/>\n<meta property=\"og:image\" content=\"https:\/\/www.blogsoestado.com\/evandrojunior\/wp-content\/uploads\/sites\/3\/2025\/03\/WhatsApp-Image-2025-03-17-at-09.28.10-916x1024.jpeg\" \/>\n<meta name=\"author\" content=\"Evandro Junior\" \/>\n<meta name=\"twitter:card\" content=\"summary_large_image\" \/>\n<meta name=\"twitter:label1\" content=\"Escrito por\" \/>\n\t<meta name=\"twitter:data1\" content=\"Evandro Junior\" \/>\n\t<meta name=\"twitter:label2\" content=\"Est. tempo de leitura\" \/>\n\t<meta name=\"twitter:data2\" content=\"2 minutos\" \/>\n<script type=\"application\/ld+json\" class=\"yoast-schema-graph\">{\"@context\":\"https:\/\/schema.org\",\"@graph\":[{\"@type\":\"WebPage\",\"@id\":\"https:\/\/www.blogsoestado.com\/evandrojunior\/2025\/03\/17\/amovinho-empresaria-bem-sucedida-guga-fernandes-vai-palestrar-no-tpm\/\",\"url\":\"https:\/\/www.blogsoestado.com\/evandrojunior\/2025\/03\/17\/amovinho-empresaria-bem-sucedida-guga-fernandes-vai-palestrar-no-tpm\/\",\"name\":\"AmoVinho: Guga Fernandes vai palestrar no 'TPM' - Evandro Junior\",\"isPartOf\":{\"@id\":\"https:\/\/www.blogsoestado.com\/evandrojunior\/#website\"},\"primaryImageOfPage\":{\"@id\":\"https:\/\/www.blogsoestado.com\/evandrojunior\/2025\/03\/17\/amovinho-empresaria-bem-sucedida-guga-fernandes-vai-palestrar-no-tpm\/#primaryimage\"},\"image\":{\"@id\":\"https:\/\/www.blogsoestado.com\/evandrojunior\/2025\/03\/17\/amovinho-empresaria-bem-sucedida-guga-fernandes-vai-palestrar-no-tpm\/#primaryimage\"},\"thumbnailUrl\":\"https:\/\/www.blogsoestado.com\/evandrojunior\/wp-content\/uploads\/sites\/3\/2025\/03\/WhatsApp-Image-2025-03-17-at-09.28.10-916x1024.jpeg\",\"datePublished\":\"2025-03-17T18:40:41+00:00\",\"author\":{\"@id\":\"https:\/\/www.blogsoestado.com\/evandrojunior\/#\/schema\/person\/3e6c3d8dbb740d1c6878ebc935cfb3be\"},\"breadcrumb\":{\"@id\":\"https:\/\/www.blogsoestado.com\/evandrojunior\/2025\/03\/17\/amovinho-empresaria-bem-sucedida-guga-fernandes-vai-palestrar-no-tpm\/#breadcrumb\"},\"inLanguage\":\"pt-BR\",\"potentialAction\":[{\"@type\":\"ReadAction\",\"target\":[\"https:\/\/www.blogsoestado.com\/evandrojunior\/2025\/03\/17\/amovinho-empresaria-bem-sucedida-guga-fernandes-vai-palestrar-no-tpm\/\"]}]},{\"@type\":\"ImageObject\",\"inLanguage\":\"pt-BR\",\"@id\":\"https:\/\/www.blogsoestado.com\/evandrojunior\/2025\/03\/17\/amovinho-empresaria-bem-sucedida-guga-fernandes-vai-palestrar-no-tpm\/#primaryimage\",\"url\":\"https:\/\/www.blogsoestado.com\/evandrojunior\/wp-content\/uploads\/sites\/3\/2025\/03\/WhatsApp-Image-2025-03-17-at-09.28.10.jpeg\",\"contentUrl\":\"https:\/\/www.blogsoestado.com\/evandrojunior\/wp-content\/uploads\/sites\/3\/2025\/03\/WhatsApp-Image-2025-03-17-at-09.28.10.jpeg\",\"width\":1099,\"height\":1228},{\"@type\":\"BreadcrumbList\",\"@id\":\"https:\/\/www.blogsoestado.com\/evandrojunior\/2025\/03\/17\/amovinho-empresaria-bem-sucedida-guga-fernandes-vai-palestrar-no-tpm\/#breadcrumb\",\"itemListElement\":[{\"@type\":\"ListItem\",\"position\":1,\"name\":\"In\u00edcio\",\"item\":\"https:\/\/www.blogsoestado.com\/evandrojunior\/\"},{\"@type\":\"ListItem\",\"position\":2,\"name\":\"AmoVinho: Guga Fernandes vai palestrar no &#8216;TPM&#8217;\"}]},{\"@type\":\"WebSite\",\"@id\":\"https:\/\/www.blogsoestado.com\/evandrojunior\/#website\",\"url\":\"https:\/\/www.blogsoestado.com\/evandrojunior\/\",\"name\":\"Evandro Junior\",\"description\":\"\",\"potentialAction\":[{\"@type\":\"SearchAction\",\"target\":{\"@type\":\"EntryPoint\",\"urlTemplate\":\"https:\/\/www.blogsoestado.com\/evandrojunior\/?s={search_term_string}\"},\"query-input\":{\"@type\":\"PropertyValueSpecification\",\"valueRequired\":true,\"valueName\":\"search_term_string\"}}],\"inLanguage\":\"pt-BR\"},{\"@type\":\"Person\",\"@id\":\"https:\/\/www.blogsoestado.com\/evandrojunior\/#\/schema\/person\/3e6c3d8dbb740d1c6878ebc935cfb3be\",\"name\":\"Evandro Junior\",\"image\":{\"@type\":\"ImageObject\",\"inLanguage\":\"pt-BR\",\"@id\":\"https:\/\/www.blogsoestado.com\/evandrojunior\/#\/schema\/person\/image\/\",\"url\":\"https:\/\/secure.gravatar.com\/avatar\/f80a03a2294a580cd2318bfb459bf354cfa8be661ef3d95b542cf9a04af8d129?s=96&d=mm&r=g\",\"contentUrl\":\"https:\/\/secure.gravatar.com\/avatar\/f80a03a2294a580cd2318bfb459bf354cfa8be661ef3d95b542cf9a04af8d129?s=96&d=mm&r=g\",\"caption\":\"Evandro Junior\"},\"url\":\"https:\/\/www.blogsoestado.com\/evandrojunior\/author\/evandrojunior\/\"}]}<\/script>\n<!-- \/ Yoast SEO plugin. -->","yoast_head_json":{"title":"AmoVinho: Guga Fernandes vai palestrar no 'TPM' - Evandro Junior","robots":{"index":"index","follow":"follow","max-snippet":"max-snippet:-1","max-image-preview":"max-image-preview:large","max-video-preview":"max-video-preview:-1"},"canonical":"https:\/\/www.blogsoestado.com\/evandrojunior\/2025\/03\/17\/amovinho-empresaria-bem-sucedida-guga-fernandes-vai-palestrar-no-tpm\/","og_locale":"pt_BR","og_type":"article","og_title":"AmoVinho: Guga Fernandes vai palestrar no 'TPM' - Evandro Junior","og_description":"S\u00c3O LU\u00cdS &#8211; Uma das mais bem sucedidas empres\u00e1rias de S\u00e3o Lu\u00eds, Guga Fernandes estar\u00e1 na AmoVinho Bistr\u00f4 &amp; Adega [&hellip;]","og_url":"https:\/\/www.blogsoestado.com\/evandrojunior\/2025\/03\/17\/amovinho-empresaria-bem-sucedida-guga-fernandes-vai-palestrar-no-tpm\/","og_site_name":"Evandro Junior","article_published_time":"2025-03-17T18:40:41+00:00","og_image":[{"url":"https:\/\/www.blogsoestado.com\/evandrojunior\/wp-content\/uploads\/sites\/3\/2025\/03\/WhatsApp-Image-2025-03-17-at-09.28.10-916x1024.jpeg","type":"","width":"","height":""}],"author":"Evandro Junior","twitter_card":"summary_large_image","twitter_misc":{"Escrito por":"Evandro Junior","Est. tempo de leitura":"2 minutos"},"schema":{"@context":"https:\/\/schema.org","@graph":[{"@type":"WebPage","@id":"https:\/\/www.blogsoestado.com\/evandrojunior\/2025\/03\/17\/amovinho-empresaria-bem-sucedida-guga-fernandes-vai-palestrar-no-tpm\/","url":"https:\/\/www.blogsoestado.com\/evandrojunior\/2025\/03\/17\/amovinho-empresaria-bem-sucedida-guga-fernandes-vai-palestrar-no-tpm\/","name":"AmoVinho: Guga Fernandes vai palestrar no 'TPM' - Evandro Junior","isPartOf":{"@id":"https:\/\/www.blogsoestado.com\/evandrojunior\/#website"},"primaryImageOfPage":{"@id":"https:\/\/www.blogsoestado.com\/evandrojunior\/2025\/03\/17\/amovinho-empresaria-bem-sucedida-guga-fernandes-vai-palestrar-no-tpm\/#primaryimage"},"image":{"@id":"https:\/\/www.blogsoestado.com\/evandrojunior\/2025\/03\/17\/amovinho-empresaria-bem-sucedida-guga-fernandes-vai-palestrar-no-tpm\/#primaryimage"},"thumbnailUrl":"https:\/\/www.blogsoestado.com\/evandrojunior\/wp-content\/uploads\/sites\/3\/2025\/03\/WhatsApp-Image-2025-03-17-at-09.28.10-916x1024.jpeg","datePublished":"2025-03-17T18:40:41+00:00","author":{"@id":"https:\/\/www.blogsoestado.com\/evandrojunior\/#\/schema\/person\/3e6c3d8dbb740d1c6878ebc935cfb3be"},"breadcrumb":{"@id":"https:\/\/www.blogsoestado.com\/evandrojunior\/2025\/03\/17\/amovinho-empresaria-bem-sucedida-guga-fernandes-vai-palestrar-no-tpm\/#breadcrumb"},"inLanguage":"pt-BR","potentialAction":[{"@type":"ReadAction","target":["https:\/\/www.blogsoestado.com\/evandrojunior\/2025\/03\/17\/amovinho-empresaria-bem-sucedida-guga-fernandes-vai-palestrar-no-tpm\/"]}]},{"@type":"ImageObject","inLanguage":"pt-BR","@id":"https:\/\/www.blogsoestado.com\/evandrojunior\/2025\/03\/17\/amovinho-empresaria-bem-sucedida-guga-fernandes-vai-palestrar-no-tpm\/#primaryimage","url":"https:\/\/www.blogsoestado.com\/evandrojunior\/wp-content\/uploads\/sites\/3\/2025\/03\/WhatsApp-Image-2025-03-17-at-09.28.10.jpeg","contentUrl":"https:\/\/www.blogsoestado.com\/evandrojunior\/wp-content\/uploads\/sites\/3\/2025\/03\/WhatsApp-Image-2025-03-17-at-09.28.10.jpeg","width":1099,"height":1228},{"@type":"BreadcrumbList","@id":"https:\/\/www.blogsoestado.com\/evandrojunior\/2025\/03\/17\/amovinho-empresaria-bem-sucedida-guga-fernandes-vai-palestrar-no-tpm\/#breadcrumb","itemListElement":[{"@type":"ListItem","position":1,"name":"In\u00edcio","item":"https:\/\/www.blogsoestado.com\/evandrojunior\/"},{"@type":"ListItem","position":2,"name":"AmoVinho: Guga Fernandes vai palestrar no &#8216;TPM&#8217;"}]},{"@type":"WebSite","@id":"https:\/\/www.blogsoestado.com\/evandrojunior\/#website","url":"https:\/\/www.blogsoestado.com\/evandrojunior\/","name":"Evandro Junior","description":"","potentialAction":[{"@type":"SearchAction","target":{"@type":"EntryPoint","urlTemplate":"https:\/\/www.blogsoestado.com\/evandrojunior\/?s={search_term_string}"},"query-input":{"@type":"PropertyValueSpecification","valueRequired":true,"valueName":"search_term_string"}}],"inLanguage":"pt-BR"},{"@type":"Person","@id":"https:\/\/www.blogsoestado.com\/evandrojunior\/#\/schema\/person\/3e6c3d8dbb740d1c6878ebc935cfb3be","name":"Evandro Junior","image":{"@type":"ImageObject","inLanguage":"pt-BR","@id":"https:\/\/www.blogsoestado.com\/evandrojunior\/#\/schema\/person\/image\/","url":"https:\/\/secure.gravatar.com\/avatar\/f80a03a2294a580cd2318bfb459bf354cfa8be661ef3d95b542cf9a04af8d129?s=96&d=mm&r=g","contentUrl":"https:\/\/secure.gravatar.com\/avatar\/f80a03a2294a580cd2318bfb459bf354cfa8be661ef3d95b542cf9a04af8d129?s=96&d=mm&r=g","caption":"Evandro Junior"},"url":"https:\/\/www.blogsoestado.com\/evandrojunior\/author\/evandrojunior\/"}]}},"jetpack_featured_media_url":"","_links":{"self":[{"href":"https:\/\/www.blogsoestado.com\/evandrojunior\/wp-json\/wp\/v2\/posts\/14864","targetHints":{"allow":["GET"]}}],"collection":[{"href":"https:\/\/www.blogsoestado.com\/evandrojunior\/wp-json\/wp\/v2\/posts"}],"about":[{"href":"https:\/\/www.blogsoestado.com\/evandrojunior\/wp-json\/wp\/v2\/types\/post"}],"author":[{"embeddable":true,"href":"https:\/\/www.blogsoestado.com\/evandrojunior\/wp-json\/wp\/v2\/users\/4"}],"replies":[{"embeddable":true,"href":"https:\/\/www.blogsoestado.com\/evandrojunior\/wp-json\/wp\/v2\/comments?post=14864"}],"version-history":[{"count":0,"href":"https:\/\/www.blogsoestado.com\/evandrojunior\/wp-json\/wp\/v2\/posts\/14864\/revisions"}],"wp:attachment":[{"href":"https:\/\/www.blogsoestado.com\/evandrojunior\/wp-json\/wp\/v2\/media?parent=14864"}],"wp:term":[{"taxonomy":"category","embeddable":true,"href":"https:\/\/www.blogsoestado.com\/evandrojunior\/wp-json\/wp\/v2\/categories?post=14864"},{"taxonomy":"post_tag","embeddable":true,"href":"https:\/\/www.blogsoestado.com\/evandrojunior\/wp-json\/wp\/v2\/tags?post=14864"}],"curies":[{"name":"wp","href":"https:\/\/api.w.org\/{rel}","templated":true}]}}