{"id":14873,"date":"2025-03-18T11:21:07","date_gmt":"2025-03-18T14:21:07","guid":{"rendered":"https:\/\/www.blogsoestado.com\/evandrojunior\/?p=14873"},"modified":"2025-03-18T11:21:07","modified_gmt":"2025-03-18T14:21:07","slug":"enacomp-debate-importancia-de-gestao-publica-mais-transparente-moderna-e-eficaz","status":"publish","type":"post","link":"https:\/\/www.blogsoestado.com\/evandrojunior\/2025\/03\/18\/enacomp-debate-importancia-de-gestao-publica-mais-transparente-moderna-e-eficaz\/","title":{"rendered":"ENACOMP debate import\u00e2ncia de gest\u00e3o p\u00fablica mais transparente, moderna e eficaz"},"content":{"rendered":"\n<div class=\"wp-block-image\"><figure class=\"aligncenter size-large is-resized\"><img fetchpriority=\"high\" decoding=\"async\" src=\"https:\/\/www.blogsoestado.com\/evandrojunior\/wp-content\/uploads\/sites\/3\/2025\/03\/enacomp-edicao-2024-1024x683.jpg\" alt=\"\" class=\"wp-image-14874\" width=\"653\" height=\"435\" srcset=\"https:\/\/www.blogsoestado.com\/evandrojunior\/wp-content\/uploads\/sites\/3\/2025\/03\/enacomp-edicao-2024-1024x683.jpg 1024w, https:\/\/www.blogsoestado.com\/evandrojunior\/wp-content\/uploads\/sites\/3\/2025\/03\/enacomp-edicao-2024-300x200.jpg 300w, https:\/\/www.blogsoestado.com\/evandrojunior\/wp-content\/uploads\/sites\/3\/2025\/03\/enacomp-edicao-2024-768x512.jpg 768w, https:\/\/www.blogsoestado.com\/evandrojunior\/wp-content\/uploads\/sites\/3\/2025\/03\/enacomp-edicao-2024-1536x1024.jpg 1536w, https:\/\/www.blogsoestado.com\/evandrojunior\/wp-content\/uploads\/sites\/3\/2025\/03\/enacomp-edicao-2024-2048x1366.jpg 2048w\" sizes=\"(max-width: 653px) 100vw, 653px\" \/><figcaption><strong>Encontro oferecer\u00e1 palestras, pain\u00e9is e workshops que abordar\u00e3o temas como transpar\u00eancia<\/strong><\/figcaption><\/figure><\/div>\n\n\n\n<p><strong>S\u00c3O LU\u00cdS<\/strong> &#8211; Qualificar agentes das \u00e1reas de compras p\u00fablicas para pr\u00e1ticas eficientes, inovadores e sustent\u00e1veis no setor, contribuindo para a moderniza\u00e7\u00e3o da gest\u00e3o p\u00fablica, \u00e9 o objetivo da segunda edi\u00e7\u00e3o do Encontro Nacional de Compras P\u00fablicas (ENACOMP) \u00a0que acontece nos dias 14, 15 e 16 de abril no Multicenter Sebrae, em S\u00e3o Lu\u00eds. \u00a0\u00a0A ideia \u00e9 oferecer um espa\u00e7o de discuss\u00e3o que contribua diretamente para a profissionaliza\u00e7\u00e3o e aprimoramento da gest\u00e3o p\u00fablica, tornando os gestores mais capacitados para conduzir compras eficientes e transparentes.<\/p>\n\n\n\n<p>Com a presen\u00e7a de especialistas, autoridades, representantes de \u00f3rg\u00e3os de controle e servidores p\u00fablicos em geral, o encontro oferecer\u00e1 palestras, pain\u00e9is e workshops que abordar\u00e3o temas como transpar\u00eancia, efici\u00eancia nas licita\u00e7\u00f5es. Entre os temas abordados est\u00e3o as inova\u00e7\u00f5es trazidas pela nova legisla\u00e7\u00e3o, a transpar\u00eancia nos processos licitat\u00f3rios, a capacita\u00e7\u00e3o dos gestores p\u00fablicos, o uso da intelig\u00eancia artificial nas contrata\u00e7\u00f5es e as melhores pr\u00e1ticas para garantir efici\u00eancia e economicidade nas contrata\u00e7\u00f5es. Um dos destaques do evento \u00e9 a nova Lei de Licita\u00e7\u00f5es (Lei 14.133\/2021), que imp\u00f5e desafios e oportunidades para a administra\u00e7\u00e3o p\u00fablica em todas as esferas de governo.<\/p>\n\n\n\n<p>Para o coordenador cient\u00edfico do evento, professor Ronny Charles, o conhecimento sobre compras p\u00fablicas \u00e9 um dos pilares fundamentais para garantir transpar\u00eancia, efici\u00eancia e boa gest\u00e3o dos recursos p\u00fablicos.<\/p>\n\n\n\n<p>\u201cQuando os gestores p\u00fablicos dominam a legisla\u00e7\u00e3o e as boas pr\u00e1ticas de contrata\u00e7\u00e3o, os benef\u00edcios s\u00e3o in\u00fameros tais como &nbsp;redu\u00e7\u00e3o de irregularidades, com processos bem conduzidos evitam erros, fraudes e desperd\u00edcios; aprimoramento do planejamento, o que permite uma melhor previs\u00e3o or\u00e7ament\u00e1ria e adequa\u00e7\u00e3o das contrata\u00e7\u00f5es \u00e0s reais necessidades da administra\u00e7\u00e3o p\u00fablica; maior controle social, pois a transpar\u00eancia nas licita\u00e7\u00f5es permite que a sociedade e \u00f3rg\u00e3os de controle fiscalizem os gastos p\u00fablicos e fortalecimento da competitividade com a &nbsp;ado\u00e7\u00e3o de processos eletr\u00f4nicos e maior divulga\u00e7\u00e3o das compras p\u00fablicas favorecem a participa\u00e7\u00e3o de mais fornecedores, reduzindo pre\u00e7os e aumentando a qualidade das contrata\u00e7\u00f5es\u201d, pontua.<\/p>\n\n\n\n<p>Al\u00e9m da atualiza\u00e7\u00e3o sobre a legisla\u00e7\u00e3o, a programa\u00e7\u00e3o incluir\u00e1 estudos de casos bem-sucedidos e orienta\u00e7\u00f5es pr\u00e1ticas para a implementa\u00e7\u00e3o de estrat\u00e9gias que otimizem o uso dos recursos p\u00fablicos. A capacita\u00e7\u00e3o dos gestores \u00e9 um passo essencial para garantir mais economia, agilidade e seguran\u00e7a jur\u00eddica nas aquisi\u00e7\u00f5es realizadas pelos munic\u00edpios, estados e Uni\u00e3o.<\/p>\n\n\n\n<p>\u201cO ENACOMP 2025 desempenha um papel essencial nesse processo, promovendo a capacita\u00e7\u00e3o dos gestores e incentivando a ado\u00e7\u00e3o de boas pr\u00e1ticas, inova\u00e7\u00e3o e transpar\u00eancia na administra\u00e7\u00e3o p\u00fablica\u201d, explica Ronny Charles.&nbsp; Para ele, gestores preparados garantem uma administra\u00e7\u00e3o mais eficiente e transparente.<\/p>\n\n\n\n<p><strong>Expocompras &#8211; Feira de Neg\u00f3cios&nbsp; 4.0&nbsp;<\/strong><strong><\/strong><\/p>\n\n\n\n<p>A edi\u00e7\u00e3o deste ano da Expocompras&nbsp; &#8211; Feira de Neg\u00f3cios que acontece simultaneamente ao evento &#8211; vem com muitas novidades e diferenciais em rela\u00e7\u00e3o a 2024.&nbsp;Al\u00e9m de mais expositores e setores representados, a feira incluir\u00e1 espa\u00e7os interativos aprimorados para demonstra\u00e7\u00f5es de produtos e servi\u00e7os ao vivo, proporcionando uma experi\u00eancia ainda mais imersiva. Haver\u00e1 tamb\u00e9m novas \u00e1reas de conviv\u00eancia e networking, pensadas para facilitar as trocas de contato e a cria\u00e7\u00e3o de parcerias comerciais. A expectativa \u00e9 que o ambiente presencial intensifique as oportunidades de neg\u00f3cios e promova uma experi\u00eancia \u00fanica enriquecedora para todos os participantes.<\/p>\n\n\n\n<p><strong>Nomes confirmados&nbsp;<\/strong><strong><\/strong><\/p>\n\n\n\n<p>Para esta edi\u00e7\u00e3o, est\u00e3o confirmados como palestrantes o ministro do TCU, Benjamin Zymler, a subsecret\u00e1ria de Compras P\u00fablicas &#8211; SEPLAG\/MG, Virg\u00ednia Bracarense, a Conselheira do Tribunal de Contas do Estado do Maranh\u00e3o, Fl\u00e1via Gonzales, o professor da Escola Nacional de Administra\u00e7\u00e3o P\u00fablica, Ronaldo Corr\u00eaa, o auditor federal de finan\u00e7as e controle da Controladoria Geral da Uni\u00e3o, Nilo Cruz Neto, o auditor federal do Tribunal de Contas da Uni\u00e3o, Fabr\u00edcio Mareco, o presidente Corr\u00eaa da Companhia Brasileira de Governan\u00e7a, Paulo Alves, o advogado e procurador do estado (ES), Anderson Pedra,a advogada e professora em licita\u00e7\u00f5es e contratos, Priscilla&nbsp; VIeira, auditor do Tribunal de Contas da Uni\u00e3o, Sandro Bernardes,&nbsp; o professor, palestrante e instrutor em licita\u00e7\u00f5es e contratos, Jammil Manasfi, e o conselheiro do Tribunal de Contas de Pernambuco, Marcos N\u00f3brega.&nbsp;<\/p>\n","protected":false},"excerpt":{"rendered":"<p>S\u00c3O LU\u00cdS &#8211; Qualificar agentes das \u00e1reas de compras p\u00fablicas para pr\u00e1ticas eficientes, inovadores e sustent\u00e1veis no setor, contribuindo para [&hellip;]<\/p>\n","protected":false},"author":4,"featured_media":0,"comment_status":"open","ping_status":"open","sticky":false,"template":"","format":"standard","meta":{"site-sidebar-layout":"default","site-content-layout":"","ast-site-content-layout":"default","site-content-style":"default","site-sidebar-style":"default","ast-global-header-display":"","ast-banner-title-visibility":"","ast-main-header-display":"","ast-hfb-above-header-display":"","ast-hfb-below-header-display":"","ast-hfb-mobile-header-display":"","site-post-title":"","ast-breadcrumbs-content":"","ast-featured-img":"","footer-sml-layout":"","ast-disable-related-posts":"","theme-transparent-header-meta":"","adv-header-id-meta":"","stick-header-meta":"","header-above-stick-meta":"","header-main-stick-meta":"","header-below-stick-meta":"","astra-migrate-meta-layouts":"default","ast-page-background-enabled":"default","ast-page-background-meta":{"desktop":{"background-color":"var(--ast-global-color-5)","background-image":"","background-repeat":"repeat","background-position":"center center","background-size":"auto","background-attachment":"scroll","background-type":"","background-media":"","overlay-type":"","overlay-color":"","overlay-opacity":"","overlay-gradient":""},"tablet":{"background-color":"","background-image":"","background-repeat":"repeat","background-position":"center center","background-size":"auto","background-attachment":"scroll","background-type":"","background-media":"","overlay-type":"","overlay-color":"","overlay-opacity":"","overlay-gradient":""},"mobile":{"background-color":"","background-image":"","background-repeat":"repeat","background-position":"center center","background-size":"auto","background-attachment":"scroll","background-type":"","background-media":"","overlay-type":"","overlay-color":"","overlay-opacity":"","overlay-gradient":""}},"ast-content-background-meta":{"desktop":{"background-color":"var(--ast-global-color-4)","background-image":"","background-repeat":"repeat","background-position":"center center","background-size":"auto","background-attachment":"scroll","background-type":"","background-media":"","overlay-type":"","overlay-color":"","overlay-opacity":"","overlay-gradient":""},"tablet":{"background-color":"var(--ast-global-color-4)","background-image":"","background-repeat":"repeat","background-position":"center center","background-size":"auto","background-attachment":"scroll","background-type":"","background-media":"","overlay-type":"","overlay-color":"","overlay-opacity":"","overlay-gradient":""},"mobile":{"background-color":"var(--ast-global-color-4)","background-image":"","background-repeat":"repeat","background-position":"center center","background-size":"auto","background-attachment":"scroll","background-type":"","background-media":"","overlay-type":"","overlay-color":"","overlay-opacity":"","overlay-gradient":""}},"footnotes":""},"categories":[1],"tags":[],"class_list":["post-14873","post","type-post","status-publish","format-standard","hentry","category-sem-categoria"],"yoast_head":"<!-- This site is optimized with the Yoast SEO plugin v26.6 - https:\/\/yoast.com\/wordpress\/plugins\/seo\/ -->\n<title>ENACOMP debate import\u00e2ncia de gest\u00e3o p\u00fablica mais transparente, moderna e eficaz - Evandro Junior<\/title>\n<meta name=\"robots\" content=\"index, follow, max-snippet:-1, max-image-preview:large, max-video-preview:-1\" \/>\n<link rel=\"canonical\" href=\"https:\/\/www.blogsoestado.com\/evandrojunior\/2025\/03\/18\/enacomp-debate-importancia-de-gestao-publica-mais-transparente-moderna-e-eficaz\/\" \/>\n<meta property=\"og:locale\" content=\"pt_BR\" \/>\n<meta property=\"og:type\" content=\"article\" \/>\n<meta property=\"og:title\" content=\"ENACOMP debate import\u00e2ncia de gest\u00e3o p\u00fablica mais transparente, moderna e eficaz - Evandro Junior\" \/>\n<meta property=\"og:description\" content=\"S\u00c3O LU\u00cdS &#8211; Qualificar agentes das \u00e1reas de compras p\u00fablicas para pr\u00e1ticas eficientes, inovadores e sustent\u00e1veis no setor, contribuindo para [&hellip;]\" \/>\n<meta property=\"og:url\" content=\"https:\/\/www.blogsoestado.com\/evandrojunior\/2025\/03\/18\/enacomp-debate-importancia-de-gestao-publica-mais-transparente-moderna-e-eficaz\/\" \/>\n<meta property=\"og:site_name\" content=\"Evandro Junior\" \/>\n<meta property=\"article:published_time\" content=\"2025-03-18T14:21:07+00:00\" \/>\n<meta property=\"og:image\" content=\"https:\/\/www.blogsoestado.com\/evandrojunior\/wp-content\/uploads\/sites\/3\/2025\/03\/enacomp-edicao-2024-1024x683.jpg\" \/>\n<meta name=\"author\" content=\"Evandro Junior\" \/>\n<meta name=\"twitter:card\" content=\"summary_large_image\" \/>\n<meta name=\"twitter:label1\" content=\"Escrito por\" \/>\n\t<meta name=\"twitter:data1\" content=\"Evandro Junior\" \/>\n\t<meta name=\"twitter:label2\" content=\"Est. tempo de leitura\" \/>\n\t<meta name=\"twitter:data2\" content=\"4 minutos\" \/>\n<script type=\"application\/ld+json\" class=\"yoast-schema-graph\">{\"@context\":\"https:\/\/schema.org\",\"@graph\":[{\"@type\":\"WebPage\",\"@id\":\"https:\/\/www.blogsoestado.com\/evandrojunior\/2025\/03\/18\/enacomp-debate-importancia-de-gestao-publica-mais-transparente-moderna-e-eficaz\/\",\"url\":\"https:\/\/www.blogsoestado.com\/evandrojunior\/2025\/03\/18\/enacomp-debate-importancia-de-gestao-publica-mais-transparente-moderna-e-eficaz\/\",\"name\":\"ENACOMP debate import\u00e2ncia de gest\u00e3o p\u00fablica mais transparente, moderna e eficaz - Evandro Junior\",\"isPartOf\":{\"@id\":\"https:\/\/www.blogsoestado.com\/evandrojunior\/#website\"},\"primaryImageOfPage\":{\"@id\":\"https:\/\/www.blogsoestado.com\/evandrojunior\/2025\/03\/18\/enacomp-debate-importancia-de-gestao-publica-mais-transparente-moderna-e-eficaz\/#primaryimage\"},\"image\":{\"@id\":\"https:\/\/www.blogsoestado.com\/evandrojunior\/2025\/03\/18\/enacomp-debate-importancia-de-gestao-publica-mais-transparente-moderna-e-eficaz\/#primaryimage\"},\"thumbnailUrl\":\"https:\/\/www.blogsoestado.com\/evandrojunior\/wp-content\/uploads\/sites\/3\/2025\/03\/enacomp-edicao-2024-1024x683.jpg\",\"datePublished\":\"2025-03-18T14:21:07+00:00\",\"author\":{\"@id\":\"https:\/\/www.blogsoestado.com\/evandrojunior\/#\/schema\/person\/3e6c3d8dbb740d1c6878ebc935cfb3be\"},\"breadcrumb\":{\"@id\":\"https:\/\/www.blogsoestado.com\/evandrojunior\/2025\/03\/18\/enacomp-debate-importancia-de-gestao-publica-mais-transparente-moderna-e-eficaz\/#breadcrumb\"},\"inLanguage\":\"pt-BR\",\"potentialAction\":[{\"@type\":\"ReadAction\",\"target\":[\"https:\/\/www.blogsoestado.com\/evandrojunior\/2025\/03\/18\/enacomp-debate-importancia-de-gestao-publica-mais-transparente-moderna-e-eficaz\/\"]}]},{\"@type\":\"ImageObject\",\"inLanguage\":\"pt-BR\",\"@id\":\"https:\/\/www.blogsoestado.com\/evandrojunior\/2025\/03\/18\/enacomp-debate-importancia-de-gestao-publica-mais-transparente-moderna-e-eficaz\/#primaryimage\",\"url\":\"https:\/\/www.blogsoestado.com\/evandrojunior\/wp-content\/uploads\/sites\/3\/2025\/03\/enacomp-edicao-2024.jpg\",\"contentUrl\":\"https:\/\/www.blogsoestado.com\/evandrojunior\/wp-content\/uploads\/sites\/3\/2025\/03\/enacomp-edicao-2024.jpg\",\"width\":2560,\"height\":1707},{\"@type\":\"BreadcrumbList\",\"@id\":\"https:\/\/www.blogsoestado.com\/evandrojunior\/2025\/03\/18\/enacomp-debate-importancia-de-gestao-publica-mais-transparente-moderna-e-eficaz\/#breadcrumb\",\"itemListElement\":[{\"@type\":\"ListItem\",\"position\":1,\"name\":\"In\u00edcio\",\"item\":\"https:\/\/www.blogsoestado.com\/evandrojunior\/\"},{\"@type\":\"ListItem\",\"position\":2,\"name\":\"ENACOMP debate import\u00e2ncia de gest\u00e3o p\u00fablica mais transparente, moderna e eficaz\"}]},{\"@type\":\"WebSite\",\"@id\":\"https:\/\/www.blogsoestado.com\/evandrojunior\/#website\",\"url\":\"https:\/\/www.blogsoestado.com\/evandrojunior\/\",\"name\":\"Evandro Junior\",\"description\":\"\",\"potentialAction\":[{\"@type\":\"SearchAction\",\"target\":{\"@type\":\"EntryPoint\",\"urlTemplate\":\"https:\/\/www.blogsoestado.com\/evandrojunior\/?s={search_term_string}\"},\"query-input\":{\"@type\":\"PropertyValueSpecification\",\"valueRequired\":true,\"valueName\":\"search_term_string\"}}],\"inLanguage\":\"pt-BR\"},{\"@type\":\"Person\",\"@id\":\"https:\/\/www.blogsoestado.com\/evandrojunior\/#\/schema\/person\/3e6c3d8dbb740d1c6878ebc935cfb3be\",\"name\":\"Evandro Junior\",\"image\":{\"@type\":\"ImageObject\",\"inLanguage\":\"pt-BR\",\"@id\":\"https:\/\/www.blogsoestado.com\/evandrojunior\/#\/schema\/person\/image\/\",\"url\":\"https:\/\/secure.gravatar.com\/avatar\/f80a03a2294a580cd2318bfb459bf354cfa8be661ef3d95b542cf9a04af8d129?s=96&d=mm&r=g\",\"contentUrl\":\"https:\/\/secure.gravatar.com\/avatar\/f80a03a2294a580cd2318bfb459bf354cfa8be661ef3d95b542cf9a04af8d129?s=96&d=mm&r=g\",\"caption\":\"Evandro Junior\"},\"url\":\"https:\/\/www.blogsoestado.com\/evandrojunior\/author\/evandrojunior\/\"}]}<\/script>\n<!-- \/ Yoast SEO plugin. -->","yoast_head_json":{"title":"ENACOMP debate import\u00e2ncia de gest\u00e3o p\u00fablica mais transparente, moderna e eficaz - Evandro Junior","robots":{"index":"index","follow":"follow","max-snippet":"max-snippet:-1","max-image-preview":"max-image-preview:large","max-video-preview":"max-video-preview:-1"},"canonical":"https:\/\/www.blogsoestado.com\/evandrojunior\/2025\/03\/18\/enacomp-debate-importancia-de-gestao-publica-mais-transparente-moderna-e-eficaz\/","og_locale":"pt_BR","og_type":"article","og_title":"ENACOMP debate import\u00e2ncia de gest\u00e3o p\u00fablica mais transparente, moderna e eficaz - Evandro Junior","og_description":"S\u00c3O LU\u00cdS &#8211; Qualificar agentes das \u00e1reas de compras p\u00fablicas para pr\u00e1ticas eficientes, inovadores e sustent\u00e1veis no setor, contribuindo para [&hellip;]","og_url":"https:\/\/www.blogsoestado.com\/evandrojunior\/2025\/03\/18\/enacomp-debate-importancia-de-gestao-publica-mais-transparente-moderna-e-eficaz\/","og_site_name":"Evandro Junior","article_published_time":"2025-03-18T14:21:07+00:00","og_image":[{"url":"https:\/\/www.blogsoestado.com\/evandrojunior\/wp-content\/uploads\/sites\/3\/2025\/03\/enacomp-edicao-2024-1024x683.jpg","type":"","width":"","height":""}],"author":"Evandro Junior","twitter_card":"summary_large_image","twitter_misc":{"Escrito por":"Evandro Junior","Est. tempo de leitura":"4 minutos"},"schema":{"@context":"https:\/\/schema.org","@graph":[{"@type":"WebPage","@id":"https:\/\/www.blogsoestado.com\/evandrojunior\/2025\/03\/18\/enacomp-debate-importancia-de-gestao-publica-mais-transparente-moderna-e-eficaz\/","url":"https:\/\/www.blogsoestado.com\/evandrojunior\/2025\/03\/18\/enacomp-debate-importancia-de-gestao-publica-mais-transparente-moderna-e-eficaz\/","name":"ENACOMP debate import\u00e2ncia de gest\u00e3o p\u00fablica mais transparente, moderna e eficaz - Evandro Junior","isPartOf":{"@id":"https:\/\/www.blogsoestado.com\/evandrojunior\/#website"},"primaryImageOfPage":{"@id":"https:\/\/www.blogsoestado.com\/evandrojunior\/2025\/03\/18\/enacomp-debate-importancia-de-gestao-publica-mais-transparente-moderna-e-eficaz\/#primaryimage"},"image":{"@id":"https:\/\/www.blogsoestado.com\/evandrojunior\/2025\/03\/18\/enacomp-debate-importancia-de-gestao-publica-mais-transparente-moderna-e-eficaz\/#primaryimage"},"thumbnailUrl":"https:\/\/www.blogsoestado.com\/evandrojunior\/wp-content\/uploads\/sites\/3\/2025\/03\/enacomp-edicao-2024-1024x683.jpg","datePublished":"2025-03-18T14:21:07+00:00","author":{"@id":"https:\/\/www.blogsoestado.com\/evandrojunior\/#\/schema\/person\/3e6c3d8dbb740d1c6878ebc935cfb3be"},"breadcrumb":{"@id":"https:\/\/www.blogsoestado.com\/evandrojunior\/2025\/03\/18\/enacomp-debate-importancia-de-gestao-publica-mais-transparente-moderna-e-eficaz\/#breadcrumb"},"inLanguage":"pt-BR","potentialAction":[{"@type":"ReadAction","target":["https:\/\/www.blogsoestado.com\/evandrojunior\/2025\/03\/18\/enacomp-debate-importancia-de-gestao-publica-mais-transparente-moderna-e-eficaz\/"]}]},{"@type":"ImageObject","inLanguage":"pt-BR","@id":"https:\/\/www.blogsoestado.com\/evandrojunior\/2025\/03\/18\/enacomp-debate-importancia-de-gestao-publica-mais-transparente-moderna-e-eficaz\/#primaryimage","url":"https:\/\/www.blogsoestado.com\/evandrojunior\/wp-content\/uploads\/sites\/3\/2025\/03\/enacomp-edicao-2024.jpg","contentUrl":"https:\/\/www.blogsoestado.com\/evandrojunior\/wp-content\/uploads\/sites\/3\/2025\/03\/enacomp-edicao-2024.jpg","width":2560,"height":1707},{"@type":"BreadcrumbList","@id":"https:\/\/www.blogsoestado.com\/evandrojunior\/2025\/03\/18\/enacomp-debate-importancia-de-gestao-publica-mais-transparente-moderna-e-eficaz\/#breadcrumb","itemListElement":[{"@type":"ListItem","position":1,"name":"In\u00edcio","item":"https:\/\/www.blogsoestado.com\/evandrojunior\/"},{"@type":"ListItem","position":2,"name":"ENACOMP debate import\u00e2ncia de gest\u00e3o p\u00fablica mais transparente, moderna e eficaz"}]},{"@type":"WebSite","@id":"https:\/\/www.blogsoestado.com\/evandrojunior\/#website","url":"https:\/\/www.blogsoestado.com\/evandrojunior\/","name":"Evandro Junior","description":"","potentialAction":[{"@type":"SearchAction","target":{"@type":"EntryPoint","urlTemplate":"https:\/\/www.blogsoestado.com\/evandrojunior\/?s={search_term_string}"},"query-input":{"@type":"PropertyValueSpecification","valueRequired":true,"valueName":"search_term_string"}}],"inLanguage":"pt-BR"},{"@type":"Person","@id":"https:\/\/www.blogsoestado.com\/evandrojunior\/#\/schema\/person\/3e6c3d8dbb740d1c6878ebc935cfb3be","name":"Evandro Junior","image":{"@type":"ImageObject","inLanguage":"pt-BR","@id":"https:\/\/www.blogsoestado.com\/evandrojunior\/#\/schema\/person\/image\/","url":"https:\/\/secure.gravatar.com\/avatar\/f80a03a2294a580cd2318bfb459bf354cfa8be661ef3d95b542cf9a04af8d129?s=96&d=mm&r=g","contentUrl":"https:\/\/secure.gravatar.com\/avatar\/f80a03a2294a580cd2318bfb459bf354cfa8be661ef3d95b542cf9a04af8d129?s=96&d=mm&r=g","caption":"Evandro Junior"},"url":"https:\/\/www.blogsoestado.com\/evandrojunior\/author\/evandrojunior\/"}]}},"jetpack_featured_media_url":"","_links":{"self":[{"href":"https:\/\/www.blogsoestado.com\/evandrojunior\/wp-json\/wp\/v2\/posts\/14873","targetHints":{"allow":["GET"]}}],"collection":[{"href":"https:\/\/www.blogsoestado.com\/evandrojunior\/wp-json\/wp\/v2\/posts"}],"about":[{"href":"https:\/\/www.blogsoestado.com\/evandrojunior\/wp-json\/wp\/v2\/types\/post"}],"author":[{"embeddable":true,"href":"https:\/\/www.blogsoestado.com\/evandrojunior\/wp-json\/wp\/v2\/users\/4"}],"replies":[{"embeddable":true,"href":"https:\/\/www.blogsoestado.com\/evandrojunior\/wp-json\/wp\/v2\/comments?post=14873"}],"version-history":[{"count":0,"href":"https:\/\/www.blogsoestado.com\/evandrojunior\/wp-json\/wp\/v2\/posts\/14873\/revisions"}],"wp:attachment":[{"href":"https:\/\/www.blogsoestado.com\/evandrojunior\/wp-json\/wp\/v2\/media?parent=14873"}],"wp:term":[{"taxonomy":"category","embeddable":true,"href":"https:\/\/www.blogsoestado.com\/evandrojunior\/wp-json\/wp\/v2\/categories?post=14873"},{"taxonomy":"post_tag","embeddable":true,"href":"https:\/\/www.blogsoestado.com\/evandrojunior\/wp-json\/wp\/v2\/tags?post=14873"}],"curies":[{"name":"wp","href":"https:\/\/api.w.org\/{rel}","templated":true}]}}