{"id":14880,"date":"2025-03-19T10:48:42","date_gmt":"2025-03-19T13:48:42","guid":{"rendered":"https:\/\/www.blogsoestado.com\/evandrojunior\/?p=14880"},"modified":"2025-03-19T10:48:42","modified_gmt":"2025-03-19T13:48:42","slug":"empresario-criou-rotulo-de-vinho-apos-enfrentar-depressao","status":"publish","type":"post","link":"https:\/\/www.blogsoestado.com\/evandrojunior\/2025\/03\/19\/empresario-criou-rotulo-de-vinho-apos-enfrentar-depressao\/","title":{"rendered":"Empres\u00e1rio criou r\u00f3tulo de vinho ap\u00f3s enfrentar depress\u00e3o"},"content":{"rendered":"\n<div class=\"wp-block-image\"><figure class=\"aligncenter size-large is-resized\"><img fetchpriority=\"high\" decoding=\"async\" src=\"https:\/\/www.blogsoestado.com\/evandrojunior\/files\/2025\/03\/WhatsApp-Image-2025-03-19-at-10.12.21-576x1024.jpeg\" alt=\"\" class=\"wp-image-14881\" width=\"497\" height=\"884\"\/><figcaption><strong>Almistron Marinho tem muita hist\u00f3ria para contar e na \u00faltima ter\u00e7a-feira (18) festejou seus 55 anos de idade <\/strong><\/figcaption><\/figure><\/div>\n\n\n\n<p><strong>S\u00c3O LU\u00cdS<\/strong> &#8211; Um dos r\u00f3tulos autorais da AmoVinho Bistr\u00f4 &amp; Adega (Parque Shalon) nasceu de uma hist\u00f3ria de supera\u00e7\u00e3o. \u00c9 que o vinho batizado de Alma Gratid\u00e3o \u00e9 uma refer\u00eancia aos desdobramentos positivos de uma fase dif\u00edcil por que passou o propriet\u00e1rio da casa, empres\u00e1rio Almistron Marinho.<\/p>\n\n\n\n<p>Ele conta que, ap\u00f3s enfrentar um per\u00edodo de quase 7 anos com depress\u00e3o, intervalo de tempo em que tentou suic\u00eddio tr\u00eas vezes, foi aben\u00e7oado por Deus com um novo cap\u00edtulo de sua hist\u00f3ria. <\/p>\n\n\n\n<p>Depois de atravessar um mar de turbul\u00eancias e provas, conseguiu erguer uma ta\u00e7a de vinho para festejar a vit\u00f3ria de ter se curado desse mal que assola milh\u00f5es de pessoas em todo o mundo, servindo de exemplo de que a f\u00e9 move montanhas e transforma energias. <\/p>\n\n\n\n<div class=\"wp-block-image\"><figure class=\"aligncenter size-large is-resized\"><img decoding=\"async\" src=\"https:\/\/www.blogsoestado.com\/evandrojunior\/files\/2025\/03\/WhatsApp-Image-2025-03-19-at-10.17.30-576x1024.jpeg\" alt=\"\" class=\"wp-image-14882\" width=\"421\" height=\"748\"\/><figcaption><strong>Almistron Marinho com a esposa, C\u00e9lia Marinho, e os filhos Robson e Luana<\/strong><\/figcaption><\/figure><\/div>\n\n\n\n<p>&#8220;Foi a\u00ed que nasceu o vinho Alma Gratid\u00e3o. A palavra alma, se observarmos, \u00e9 uma justaposi\u00e7\u00e3o das iniciais do meu nome e sobrenome, pois sou um homem eternamente grato aos milagres de Deus. Eu acho que todas as pessoas do mundo s\u00e3o gratas a algo na vida, seja por coisas materiais ou realiza\u00e7\u00f5es pessoais. Eu sou grato por ter me curado e me livrado da depress\u00e3o&#8221;, enfatiza Almistron Marinho.   <\/p>\n\n\n\n<p>Uma gratid\u00e3o transubstanciada em um sabor sofisticado e na medida certa, conforme o empres\u00e1rio. &#8220;Alma Gratid\u00e3o \u00e9 um vinho, em v\u00e1rias vers\u00f5es, que carrega a ess\u00eancia do que realmente importa, ou seja, celebrar a vida e os momentos especiais&#8221;, diz Almistron Marinho. <\/p>\n\n\n\n<div class=\"wp-block-image\"><figure class=\"aligncenter size-large is-resized\"><img decoding=\"async\" src=\"https:\/\/www.blogsoestado.com\/evandrojunior\/wp-content\/uploads\/sites\/3\/2025\/03\/WhatsApp-Image-2025-03-19-at-10.12.22-768x1024.jpeg\" alt=\"\" class=\"wp-image-14883\" width=\"469\" height=\"625\" srcset=\"https:\/\/www.blogsoestado.com\/evandrojunior\/wp-content\/uploads\/sites\/3\/2025\/03\/WhatsApp-Image-2025-03-19-at-10.12.22-768x1024.jpeg 768w, https:\/\/www.blogsoestado.com\/evandrojunior\/wp-content\/uploads\/sites\/3\/2025\/03\/WhatsApp-Image-2025-03-19-at-10.12.22-225x300.jpeg 225w, https:\/\/www.blogsoestado.com\/evandrojunior\/wp-content\/uploads\/sites\/3\/2025\/03\/WhatsApp-Image-2025-03-19-at-10.12.22-1152x1536.jpeg 1152w, https:\/\/www.blogsoestado.com\/evandrojunior\/wp-content\/uploads\/sites\/3\/2025\/03\/WhatsApp-Image-2025-03-19-at-10.12.22.jpeg 1200w\" sizes=\"(max-width: 469px) 100vw, 469px\" \/><figcaption><strong>Almistron recebeu o carinho de amigos na data de seu anivers\u00e1rio<\/strong><\/figcaption><\/figure><\/div>\n\n\n\n<p>Almistron \u00e9 um homem de f\u00e9 e que est\u00e1 sempre cercado pelo carinho dos amigos e da fam\u00edlia. Ele \u00e9 casado com C\u00e9lia Marinho e \u00e9 pai de tr\u00eas filhos: Calheiro, Robson e Luana Marinho. O empres\u00e1rio celebrou seu anivers\u00e1rio no \u00faltimo dia 18 de mar\u00e7o e comemorou no sal\u00e3o do charmoso bistr\u00f4. <\/p>\n\n\n\n<div class=\"wp-block-image\"><figure class=\"aligncenter size-large is-resized\"><img loading=\"lazy\" decoding=\"async\" src=\"https:\/\/www.blogsoestado.com\/evandrojunior\/files\/2025\/03\/WhatsApp-Image-2025-03-19-at-10.18.10-1-576x1024.jpeg\" alt=\"\" class=\"wp-image-14890\" width=\"366\" height=\"651\"\/><figcaption>Almistron com Guga Fernandes e Regis Correa<\/figcaption><\/figure><\/div>\n\n\n\n<p>Na mesma noite, estava sendo realizada mais uma edi\u00e7\u00e3o do projeto &#8216;Ter\u00e7a para Mulheres&#8217; (TPM), que desta vez recebeu a empres\u00e1ria maranhense Guga Fernandes, que levanta a bandeira do empreendedorismo feminino e, tamb\u00e9m, na mesma oportunidade, levantou a sua ta\u00e7a de vinho como gratid\u00e3o, brindando ao sucesso do evento. <\/p>\n","protected":false},"excerpt":{"rendered":"<p>S\u00c3O LU\u00cdS &#8211; Um dos r\u00f3tulos autorais da AmoVinho Bistr\u00f4 &amp; Adega (Parque Shalon) nasceu de uma hist\u00f3ria de supera\u00e7\u00e3o. [&hellip;]<\/p>\n","protected":false},"author":4,"featured_media":0,"comment_status":"open","ping_status":"open","sticky":false,"template":"","format":"standard","meta":{"site-sidebar-layout":"default","site-content-layout":"","ast-site-content-layout":"default","site-content-style":"default","site-sidebar-style":"default","ast-global-header-display":"","ast-banner-title-visibility":"","ast-main-header-display":"","ast-hfb-above-header-display":"","ast-hfb-below-header-display":"","ast-hfb-mobile-header-display":"","site-post-title":"","ast-breadcrumbs-content":"","ast-featured-img":"","footer-sml-layout":"","ast-disable-related-posts":"","theme-transparent-header-meta":"","adv-header-id-meta":"","stick-header-meta":"","header-above-stick-meta":"","header-main-stick-meta":"","header-below-stick-meta":"","astra-migrate-meta-layouts":"default","ast-page-background-enabled":"default","ast-page-background-meta":{"desktop":{"background-color":"var(--ast-global-color-5)","background-image":"","background-repeat":"repeat","background-position":"center center","background-size":"auto","background-attachment":"scroll","background-type":"","background-media":"","overlay-type":"","overlay-color":"","overlay-opacity":"","overlay-gradient":""},"tablet":{"background-color":"","background-image":"","background-repeat":"repeat","background-position":"center center","background-size":"auto","background-attachment":"scroll","background-type":"","background-media":"","overlay-type":"","overlay-color":"","overlay-opacity":"","overlay-gradient":""},"mobile":{"background-color":"","background-image":"","background-repeat":"repeat","background-position":"center center","background-size":"auto","background-attachment":"scroll","background-type":"","background-media":"","overlay-type":"","overlay-color":"","overlay-opacity":"","overlay-gradient":""}},"ast-content-background-meta":{"desktop":{"background-color":"var(--ast-global-color-4)","background-image":"","background-repeat":"repeat","background-position":"center center","background-size":"auto","background-attachment":"scroll","background-type":"","background-media":"","overlay-type":"","overlay-color":"","overlay-opacity":"","overlay-gradient":""},"tablet":{"background-color":"var(--ast-global-color-4)","background-image":"","background-repeat":"repeat","background-position":"center center","background-size":"auto","background-attachment":"scroll","background-type":"","background-media":"","overlay-type":"","overlay-color":"","overlay-opacity":"","overlay-gradient":""},"mobile":{"background-color":"var(--ast-global-color-4)","background-image":"","background-repeat":"repeat","background-position":"center center","background-size":"auto","background-attachment":"scroll","background-type":"","background-media":"","overlay-type":"","overlay-color":"","overlay-opacity":"","overlay-gradient":""}},"footnotes":""},"categories":[1],"tags":[],"class_list":["post-14880","post","type-post","status-publish","format-standard","hentry","category-sem-categoria"],"yoast_head":"<!-- This site is optimized with the Yoast SEO plugin v26.6 - https:\/\/yoast.com\/wordpress\/plugins\/seo\/ -->\n<title>Empres\u00e1rio criou r\u00f3tulo de vinho ap\u00f3s enfrentar depress\u00e3o - Evandro Junior<\/title>\n<meta name=\"robots\" content=\"index, follow, max-snippet:-1, max-image-preview:large, max-video-preview:-1\" \/>\n<link rel=\"canonical\" href=\"https:\/\/www.blogsoestado.com\/evandrojunior\/2025\/03\/19\/empresario-criou-rotulo-de-vinho-apos-enfrentar-depressao\/\" \/>\n<meta property=\"og:locale\" content=\"pt_BR\" \/>\n<meta property=\"og:type\" content=\"article\" \/>\n<meta property=\"og:title\" content=\"Empres\u00e1rio criou r\u00f3tulo de vinho ap\u00f3s enfrentar depress\u00e3o - Evandro Junior\" \/>\n<meta property=\"og:description\" content=\"S\u00c3O LU\u00cdS &#8211; Um dos r\u00f3tulos autorais da AmoVinho Bistr\u00f4 &amp; Adega (Parque Shalon) nasceu de uma hist\u00f3ria de supera\u00e7\u00e3o. [&hellip;]\" \/>\n<meta property=\"og:url\" content=\"https:\/\/www.blogsoestado.com\/evandrojunior\/2025\/03\/19\/empresario-criou-rotulo-de-vinho-apos-enfrentar-depressao\/\" \/>\n<meta property=\"og:site_name\" content=\"Evandro Junior\" \/>\n<meta property=\"article:published_time\" content=\"2025-03-19T13:48:42+00:00\" \/>\n<meta property=\"og:image\" content=\"https:\/\/www.blogsoestado.com\/evandrojunior\/files\/2025\/03\/WhatsApp-Image-2025-03-19-at-10.12.21-576x1024.jpeg\" \/>\n<meta name=\"author\" content=\"Evandro Junior\" \/>\n<meta name=\"twitter:card\" content=\"summary_large_image\" \/>\n<meta name=\"twitter:label1\" content=\"Escrito por\" \/>\n\t<meta name=\"twitter:data1\" content=\"Evandro Junior\" \/>\n\t<meta name=\"twitter:label2\" content=\"Est. tempo de leitura\" \/>\n\t<meta name=\"twitter:data2\" content=\"3 minutos\" \/>\n<script type=\"application\/ld+json\" class=\"yoast-schema-graph\">{\"@context\":\"https:\/\/schema.org\",\"@graph\":[{\"@type\":\"WebPage\",\"@id\":\"https:\/\/www.blogsoestado.com\/evandrojunior\/2025\/03\/19\/empresario-criou-rotulo-de-vinho-apos-enfrentar-depressao\/\",\"url\":\"https:\/\/www.blogsoestado.com\/evandrojunior\/2025\/03\/19\/empresario-criou-rotulo-de-vinho-apos-enfrentar-depressao\/\",\"name\":\"Empres\u00e1rio criou r\u00f3tulo de vinho ap\u00f3s enfrentar depress\u00e3o - Evandro Junior\",\"isPartOf\":{\"@id\":\"https:\/\/www.blogsoestado.com\/evandrojunior\/#website\"},\"primaryImageOfPage\":{\"@id\":\"https:\/\/www.blogsoestado.com\/evandrojunior\/2025\/03\/19\/empresario-criou-rotulo-de-vinho-apos-enfrentar-depressao\/#primaryimage\"},\"image\":{\"@id\":\"https:\/\/www.blogsoestado.com\/evandrojunior\/2025\/03\/19\/empresario-criou-rotulo-de-vinho-apos-enfrentar-depressao\/#primaryimage\"},\"thumbnailUrl\":\"https:\/\/www.blogsoestado.com\/evandrojunior\/files\/2025\/03\/WhatsApp-Image-2025-03-19-at-10.12.21-576x1024.jpeg\",\"datePublished\":\"2025-03-19T13:48:42+00:00\",\"author\":{\"@id\":\"https:\/\/www.blogsoestado.com\/evandrojunior\/#\/schema\/person\/3e6c3d8dbb740d1c6878ebc935cfb3be\"},\"breadcrumb\":{\"@id\":\"https:\/\/www.blogsoestado.com\/evandrojunior\/2025\/03\/19\/empresario-criou-rotulo-de-vinho-apos-enfrentar-depressao\/#breadcrumb\"},\"inLanguage\":\"pt-BR\",\"potentialAction\":[{\"@type\":\"ReadAction\",\"target\":[\"https:\/\/www.blogsoestado.com\/evandrojunior\/2025\/03\/19\/empresario-criou-rotulo-de-vinho-apos-enfrentar-depressao\/\"]}]},{\"@type\":\"ImageObject\",\"inLanguage\":\"pt-BR\",\"@id\":\"https:\/\/www.blogsoestado.com\/evandrojunior\/2025\/03\/19\/empresario-criou-rotulo-de-vinho-apos-enfrentar-depressao\/#primaryimage\",\"url\":\"https:\/\/www.blogsoestado.com\/evandrojunior\/files\/2025\/03\/WhatsApp-Image-2025-03-19-at-10.12.21-576x1024.jpeg\",\"contentUrl\":\"https:\/\/www.blogsoestado.com\/evandrojunior\/files\/2025\/03\/WhatsApp-Image-2025-03-19-at-10.12.21-576x1024.jpeg\"},{\"@type\":\"BreadcrumbList\",\"@id\":\"https:\/\/www.blogsoestado.com\/evandrojunior\/2025\/03\/19\/empresario-criou-rotulo-de-vinho-apos-enfrentar-depressao\/#breadcrumb\",\"itemListElement\":[{\"@type\":\"ListItem\",\"position\":1,\"name\":\"In\u00edcio\",\"item\":\"https:\/\/www.blogsoestado.com\/evandrojunior\/\"},{\"@type\":\"ListItem\",\"position\":2,\"name\":\"Empres\u00e1rio criou r\u00f3tulo de vinho ap\u00f3s enfrentar depress\u00e3o\"}]},{\"@type\":\"WebSite\",\"@id\":\"https:\/\/www.blogsoestado.com\/evandrojunior\/#website\",\"url\":\"https:\/\/www.blogsoestado.com\/evandrojunior\/\",\"name\":\"Evandro Junior\",\"description\":\"\",\"potentialAction\":[{\"@type\":\"SearchAction\",\"target\":{\"@type\":\"EntryPoint\",\"urlTemplate\":\"https:\/\/www.blogsoestado.com\/evandrojunior\/?s={search_term_string}\"},\"query-input\":{\"@type\":\"PropertyValueSpecification\",\"valueRequired\":true,\"valueName\":\"search_term_string\"}}],\"inLanguage\":\"pt-BR\"},{\"@type\":\"Person\",\"@id\":\"https:\/\/www.blogsoestado.com\/evandrojunior\/#\/schema\/person\/3e6c3d8dbb740d1c6878ebc935cfb3be\",\"name\":\"Evandro Junior\",\"image\":{\"@type\":\"ImageObject\",\"inLanguage\":\"pt-BR\",\"@id\":\"https:\/\/www.blogsoestado.com\/evandrojunior\/#\/schema\/person\/image\/\",\"url\":\"https:\/\/secure.gravatar.com\/avatar\/f80a03a2294a580cd2318bfb459bf354cfa8be661ef3d95b542cf9a04af8d129?s=96&d=mm&r=g\",\"contentUrl\":\"https:\/\/secure.gravatar.com\/avatar\/f80a03a2294a580cd2318bfb459bf354cfa8be661ef3d95b542cf9a04af8d129?s=96&d=mm&r=g\",\"caption\":\"Evandro Junior\"},\"url\":\"https:\/\/www.blogsoestado.com\/evandrojunior\/author\/evandrojunior\/\"}]}<\/script>\n<!-- \/ Yoast SEO plugin. -->","yoast_head_json":{"title":"Empres\u00e1rio criou r\u00f3tulo de vinho ap\u00f3s enfrentar depress\u00e3o - Evandro Junior","robots":{"index":"index","follow":"follow","max-snippet":"max-snippet:-1","max-image-preview":"max-image-preview:large","max-video-preview":"max-video-preview:-1"},"canonical":"https:\/\/www.blogsoestado.com\/evandrojunior\/2025\/03\/19\/empresario-criou-rotulo-de-vinho-apos-enfrentar-depressao\/","og_locale":"pt_BR","og_type":"article","og_title":"Empres\u00e1rio criou r\u00f3tulo de vinho ap\u00f3s enfrentar depress\u00e3o - Evandro Junior","og_description":"S\u00c3O LU\u00cdS &#8211; Um dos r\u00f3tulos autorais da AmoVinho Bistr\u00f4 &amp; Adega (Parque Shalon) nasceu de uma hist\u00f3ria de supera\u00e7\u00e3o. [&hellip;]","og_url":"https:\/\/www.blogsoestado.com\/evandrojunior\/2025\/03\/19\/empresario-criou-rotulo-de-vinho-apos-enfrentar-depressao\/","og_site_name":"Evandro Junior","article_published_time":"2025-03-19T13:48:42+00:00","og_image":[{"url":"https:\/\/www.blogsoestado.com\/evandrojunior\/files\/2025\/03\/WhatsApp-Image-2025-03-19-at-10.12.21-576x1024.jpeg","type":"","width":"","height":""}],"author":"Evandro Junior","twitter_card":"summary_large_image","twitter_misc":{"Escrito por":"Evandro Junior","Est. tempo de leitura":"3 minutos"},"schema":{"@context":"https:\/\/schema.org","@graph":[{"@type":"WebPage","@id":"https:\/\/www.blogsoestado.com\/evandrojunior\/2025\/03\/19\/empresario-criou-rotulo-de-vinho-apos-enfrentar-depressao\/","url":"https:\/\/www.blogsoestado.com\/evandrojunior\/2025\/03\/19\/empresario-criou-rotulo-de-vinho-apos-enfrentar-depressao\/","name":"Empres\u00e1rio criou r\u00f3tulo de vinho ap\u00f3s enfrentar depress\u00e3o - Evandro Junior","isPartOf":{"@id":"https:\/\/www.blogsoestado.com\/evandrojunior\/#website"},"primaryImageOfPage":{"@id":"https:\/\/www.blogsoestado.com\/evandrojunior\/2025\/03\/19\/empresario-criou-rotulo-de-vinho-apos-enfrentar-depressao\/#primaryimage"},"image":{"@id":"https:\/\/www.blogsoestado.com\/evandrojunior\/2025\/03\/19\/empresario-criou-rotulo-de-vinho-apos-enfrentar-depressao\/#primaryimage"},"thumbnailUrl":"https:\/\/www.blogsoestado.com\/evandrojunior\/files\/2025\/03\/WhatsApp-Image-2025-03-19-at-10.12.21-576x1024.jpeg","datePublished":"2025-03-19T13:48:42+00:00","author":{"@id":"https:\/\/www.blogsoestado.com\/evandrojunior\/#\/schema\/person\/3e6c3d8dbb740d1c6878ebc935cfb3be"},"breadcrumb":{"@id":"https:\/\/www.blogsoestado.com\/evandrojunior\/2025\/03\/19\/empresario-criou-rotulo-de-vinho-apos-enfrentar-depressao\/#breadcrumb"},"inLanguage":"pt-BR","potentialAction":[{"@type":"ReadAction","target":["https:\/\/www.blogsoestado.com\/evandrojunior\/2025\/03\/19\/empresario-criou-rotulo-de-vinho-apos-enfrentar-depressao\/"]}]},{"@type":"ImageObject","inLanguage":"pt-BR","@id":"https:\/\/www.blogsoestado.com\/evandrojunior\/2025\/03\/19\/empresario-criou-rotulo-de-vinho-apos-enfrentar-depressao\/#primaryimage","url":"https:\/\/www.blogsoestado.com\/evandrojunior\/files\/2025\/03\/WhatsApp-Image-2025-03-19-at-10.12.21-576x1024.jpeg","contentUrl":"https:\/\/www.blogsoestado.com\/evandrojunior\/files\/2025\/03\/WhatsApp-Image-2025-03-19-at-10.12.21-576x1024.jpeg"},{"@type":"BreadcrumbList","@id":"https:\/\/www.blogsoestado.com\/evandrojunior\/2025\/03\/19\/empresario-criou-rotulo-de-vinho-apos-enfrentar-depressao\/#breadcrumb","itemListElement":[{"@type":"ListItem","position":1,"name":"In\u00edcio","item":"https:\/\/www.blogsoestado.com\/evandrojunior\/"},{"@type":"ListItem","position":2,"name":"Empres\u00e1rio criou r\u00f3tulo de vinho ap\u00f3s enfrentar depress\u00e3o"}]},{"@type":"WebSite","@id":"https:\/\/www.blogsoestado.com\/evandrojunior\/#website","url":"https:\/\/www.blogsoestado.com\/evandrojunior\/","name":"Evandro Junior","description":"","potentialAction":[{"@type":"SearchAction","target":{"@type":"EntryPoint","urlTemplate":"https:\/\/www.blogsoestado.com\/evandrojunior\/?s={search_term_string}"},"query-input":{"@type":"PropertyValueSpecification","valueRequired":true,"valueName":"search_term_string"}}],"inLanguage":"pt-BR"},{"@type":"Person","@id":"https:\/\/www.blogsoestado.com\/evandrojunior\/#\/schema\/person\/3e6c3d8dbb740d1c6878ebc935cfb3be","name":"Evandro Junior","image":{"@type":"ImageObject","inLanguage":"pt-BR","@id":"https:\/\/www.blogsoestado.com\/evandrojunior\/#\/schema\/person\/image\/","url":"https:\/\/secure.gravatar.com\/avatar\/f80a03a2294a580cd2318bfb459bf354cfa8be661ef3d95b542cf9a04af8d129?s=96&d=mm&r=g","contentUrl":"https:\/\/secure.gravatar.com\/avatar\/f80a03a2294a580cd2318bfb459bf354cfa8be661ef3d95b542cf9a04af8d129?s=96&d=mm&r=g","caption":"Evandro Junior"},"url":"https:\/\/www.blogsoestado.com\/evandrojunior\/author\/evandrojunior\/"}]}},"jetpack_featured_media_url":"","_links":{"self":[{"href":"https:\/\/www.blogsoestado.com\/evandrojunior\/wp-json\/wp\/v2\/posts\/14880","targetHints":{"allow":["GET"]}}],"collection":[{"href":"https:\/\/www.blogsoestado.com\/evandrojunior\/wp-json\/wp\/v2\/posts"}],"about":[{"href":"https:\/\/www.blogsoestado.com\/evandrojunior\/wp-json\/wp\/v2\/types\/post"}],"author":[{"embeddable":true,"href":"https:\/\/www.blogsoestado.com\/evandrojunior\/wp-json\/wp\/v2\/users\/4"}],"replies":[{"embeddable":true,"href":"https:\/\/www.blogsoestado.com\/evandrojunior\/wp-json\/wp\/v2\/comments?post=14880"}],"version-history":[{"count":0,"href":"https:\/\/www.blogsoestado.com\/evandrojunior\/wp-json\/wp\/v2\/posts\/14880\/revisions"}],"wp:attachment":[{"href":"https:\/\/www.blogsoestado.com\/evandrojunior\/wp-json\/wp\/v2\/media?parent=14880"}],"wp:term":[{"taxonomy":"category","embeddable":true,"href":"https:\/\/www.blogsoestado.com\/evandrojunior\/wp-json\/wp\/v2\/categories?post=14880"},{"taxonomy":"post_tag","embeddable":true,"href":"https:\/\/www.blogsoestado.com\/evandrojunior\/wp-json\/wp\/v2\/tags?post=14880"}],"curies":[{"name":"wp","href":"https:\/\/api.w.org\/{rel}","templated":true}]}}