{"id":14901,"date":"2025-03-21T15:15:21","date_gmt":"2025-03-21T18:15:21","guid":{"rendered":"https:\/\/www.blogsoestado.com\/evandrojunior\/?p=14901"},"modified":"2025-03-21T15:15:21","modified_gmt":"2025-03-21T18:15:21","slug":"boticario-reuniu-convidados-para-lancar-novo-perfume","status":"publish","type":"post","link":"https:\/\/www.blogsoestado.com\/evandrojunior\/2025\/03\/21\/boticario-reuniu-convidados-para-lancar-novo-perfume\/","title":{"rendered":"Botic\u00e1rio reuniu convidados para lan\u00e7ar nova fragr\u00e2ncia masculina"},"content":{"rendered":"\n<div class=\"wp-block-image\"><figure class=\"aligncenter size-large is-resized\"><img fetchpriority=\"high\" decoding=\"async\" src=\"https:\/\/www.blogsoestado.com\/evandrojunior\/wp-content\/uploads\/sites\/3\/2025\/03\/IMG1-163-681x1024.jpg\" alt=\"\" class=\"wp-image-14902\" width=\"477\" height=\"717\" srcset=\"https:\/\/www.blogsoestado.com\/evandrojunior\/wp-content\/uploads\/sites\/3\/2025\/03\/IMG1-163-681x1024.jpg 681w, https:\/\/www.blogsoestado.com\/evandrojunior\/wp-content\/uploads\/sites\/3\/2025\/03\/IMG1-163-200x300.jpg 200w, https:\/\/www.blogsoestado.com\/evandrojunior\/wp-content\/uploads\/sites\/3\/2025\/03\/IMG1-163-768x1154.jpg 768w, https:\/\/www.blogsoestado.com\/evandrojunior\/wp-content\/uploads\/sites\/3\/2025\/03\/IMG1-163-1022x1536.jpg 1022w, https:\/\/www.blogsoestado.com\/evandrojunior\/wp-content\/uploads\/sites\/3\/2025\/03\/IMG1-163.jpg 1024w\" sizes=\"(max-width: 477px) 100vw, 477px\" \/><figcaption><strong>O kitesurfista e atlketa ol\u00edmpico Bruno Lobo foi o anfitri\u00e3o do evento<\/strong><\/figcaption><\/figure><\/div>\n\n\n\n<p><strong>S\u00c3O LU\u00cdS <\/strong>&#8211; O Botic\u00e1rio celebrou o lan\u00e7amento de Clash, sua nova fragr\u00e2ncia masculina, durante evento exclusivo realizado na noite de quinta-feira (20), no It\u00e1lia Wine, na Pen\u00ednsula da Ponta d&#8217;Areia. <\/p>\n\n\n\n<p>Tendo como anfitri\u00e3o o kitesurfista e atleta ol\u00edmpico Bruno Lobo, o encontro destacou a fragr\u00e2ncia que traz frescor e sofistica\u00e7\u00e3o, al\u00e9m de pr\u00e1ticas sustent\u00e1veis, como o frasco com\u00a0op\u00e7\u00e3o\u00a0de\u00a0refil.<\/p>\n\n\n\n<div class=\"wp-block-image\"><figure class=\"aligncenter size-large is-resized\"><img decoding=\"async\" src=\"https:\/\/www.blogsoestado.com\/evandrojunior\/wp-content\/uploads\/sites\/3\/2025\/03\/IMG1-4-1.jpg\" alt=\"\" class=\"wp-image-14903\" width=\"457\" height=\"304\" srcset=\"https:\/\/www.blogsoestado.com\/evandrojunior\/wp-content\/uploads\/sites\/3\/2025\/03\/IMG1-4-1.jpg 1024w, https:\/\/www.blogsoestado.com\/evandrojunior\/wp-content\/uploads\/sites\/3\/2025\/03\/IMG1-4-1-300x200.jpg 300w, https:\/\/www.blogsoestado.com\/evandrojunior\/wp-content\/uploads\/sites\/3\/2025\/03\/IMG1-4-1-768x511.jpg 768w\" sizes=\"(max-width: 457px) 100vw, 457px\" \/><figcaption><strong>Clash introduz uma potente combina\u00e7\u00e3o de for\u00e7a e frescor<\/strong><\/figcaption><\/figure><\/div>\n\n\n\n<p>Clash introduz uma potente combina\u00e7\u00e3o de for\u00e7a e frescor, posicionando-se como refer\u00eancia no territ\u00f3rio foug\u00e8re, a principal fam\u00edlia olfativa masculina no Brasil. <\/p>\n\n\n\n<div class=\"wp-block-image\"><figure class=\"aligncenter size-large is-resized\"><img decoding=\"async\" src=\"https:\/\/www.blogsoestado.com\/evandrojunior\/wp-content\/uploads\/sites\/3\/2025\/03\/IMG1-67-681x1024.jpg\" alt=\"\" class=\"wp-image-14904\" width=\"448\" height=\"674\" srcset=\"https:\/\/www.blogsoestado.com\/evandrojunior\/wp-content\/uploads\/sites\/3\/2025\/03\/IMG1-67-681x1024.jpg 681w, https:\/\/www.blogsoestado.com\/evandrojunior\/wp-content\/uploads\/sites\/3\/2025\/03\/IMG1-67-200x300.jpg 200w, https:\/\/www.blogsoestado.com\/evandrojunior\/wp-content\/uploads\/sites\/3\/2025\/03\/IMG1-67-768x1154.jpg 768w, https:\/\/www.blogsoestado.com\/evandrojunior\/wp-content\/uploads\/sites\/3\/2025\/03\/IMG1-67-1022x1536.jpg 1022w, https:\/\/www.blogsoestado.com\/evandrojunior\/wp-content\/uploads\/sites\/3\/2025\/03\/IMG1-67.jpg 1024w\" sizes=\"(max-width: 448px) 100vw, 448px\" \/><figcaption><strong>Convidados fotografaram com <\/strong>a nova fragr\u00e2ncia<\/figcaption><\/figure><\/div>\n\n\n\n<div class=\"wp-block-image\"><figure class=\"aligncenter size-large is-resized\"><img loading=\"lazy\" decoding=\"async\" src=\"https:\/\/www.blogsoestado.com\/evandrojunior\/wp-content\/uploads\/sites\/3\/2025\/03\/IMG1-236-1.jpg\" alt=\"\" class=\"wp-image-14905\" width=\"450\" height=\"298\" srcset=\"https:\/\/www.blogsoestado.com\/evandrojunior\/wp-content\/uploads\/sites\/3\/2025\/03\/IMG1-236-1.jpg 1024w, https:\/\/www.blogsoestado.com\/evandrojunior\/wp-content\/uploads\/sites\/3\/2025\/03\/IMG1-236-1-300x200.jpg 300w, https:\/\/www.blogsoestado.com\/evandrojunior\/wp-content\/uploads\/sites\/3\/2025\/03\/IMG1-236-1-768x511.jpg 768w\" sizes=\"(max-width: 450px) 100vw, 450px\" \/><figcaption><strong>Bruno Lobo fez selfie com influenciadores digitais que marcaram presen\u00e7a<\/strong><\/figcaption><\/figure><\/div>\n\n\n\n<p>A fragr\u00e2ncia, sofisticada e moderna, \u00e9 extra\u00edda sob alta press\u00e3o, capturando a pureza dos ingredientes de forma inovadora e sustent\u00e1ve. Al\u00e9m disso, o produto j\u00e1 chega ao mercado com frasco adequado para refis, alinhando-se com pr\u00e1ticas sustent\u00e1veis e padr\u00f5es internacionais.<\/p>\n","protected":false},"excerpt":{"rendered":"<p>S\u00c3O LU\u00cdS &#8211; O Botic\u00e1rio celebrou o lan\u00e7amento de Clash, sua nova fragr\u00e2ncia masculina, durante evento exclusivo realizado na noite [&hellip;]<\/p>\n","protected":false},"author":4,"featured_media":0,"comment_status":"open","ping_status":"open","sticky":false,"template":"","format":"standard","meta":{"site-sidebar-layout":"default","site-content-layout":"","ast-site-content-layout":"default","site-content-style":"default","site-sidebar-style":"default","ast-global-header-display":"","ast-banner-title-visibility":"","ast-main-header-display":"","ast-hfb-above-header-display":"","ast-hfb-below-header-display":"","ast-hfb-mobile-header-display":"","site-post-title":"","ast-breadcrumbs-content":"","ast-featured-img":"","footer-sml-layout":"","ast-disable-related-posts":"","theme-transparent-header-meta":"","adv-header-id-meta":"","stick-header-meta":"","header-above-stick-meta":"","header-main-stick-meta":"","header-below-stick-meta":"","astra-migrate-meta-layouts":"default","ast-page-background-enabled":"default","ast-page-background-meta":{"desktop":{"background-color":"var(--ast-global-color-5)","background-image":"","background-repeat":"repeat","background-position":"center center","background-size":"auto","background-attachment":"scroll","background-type":"","background-media":"","overlay-type":"","overlay-color":"","overlay-opacity":"","overlay-gradient":""},"tablet":{"background-color":"","background-image":"","background-repeat":"repeat","background-position":"center center","background-size":"auto","background-attachment":"scroll","background-type":"","background-media":"","overlay-type":"","overlay-color":"","overlay-opacity":"","overlay-gradient":""},"mobile":{"background-color":"","background-image":"","background-repeat":"repeat","background-position":"center center","background-size":"auto","background-attachment":"scroll","background-type":"","background-media":"","overlay-type":"","overlay-color":"","overlay-opacity":"","overlay-gradient":""}},"ast-content-background-meta":{"desktop":{"background-color":"var(--ast-global-color-4)","background-image":"","background-repeat":"repeat","background-position":"center center","background-size":"auto","background-attachment":"scroll","background-type":"","background-media":"","overlay-type":"","overlay-color":"","overlay-opacity":"","overlay-gradient":""},"tablet":{"background-color":"var(--ast-global-color-4)","background-image":"","background-repeat":"repeat","background-position":"center center","background-size":"auto","background-attachment":"scroll","background-type":"","background-media":"","overlay-type":"","overlay-color":"","overlay-opacity":"","overlay-gradient":""},"mobile":{"background-color":"var(--ast-global-color-4)","background-image":"","background-repeat":"repeat","background-position":"center center","background-size":"auto","background-attachment":"scroll","background-type":"","background-media":"","overlay-type":"","overlay-color":"","overlay-opacity":"","overlay-gradient":""}},"footnotes":""},"categories":[1],"tags":[],"class_list":["post-14901","post","type-post","status-publish","format-standard","hentry","category-sem-categoria"],"yoast_head":"<!-- This site is optimized with the Yoast SEO plugin v26.6 - https:\/\/yoast.com\/wordpress\/plugins\/seo\/ -->\n<title>Botic\u00e1rio reuniu convidados para lan\u00e7ar nova fragr\u00e2ncia masculina - Evandro Junior<\/title>\n<meta name=\"robots\" content=\"index, follow, max-snippet:-1, max-image-preview:large, max-video-preview:-1\" \/>\n<link rel=\"canonical\" href=\"https:\/\/www.blogsoestado.com\/evandrojunior\/2025\/03\/21\/boticario-reuniu-convidados-para-lancar-novo-perfume\/\" \/>\n<meta property=\"og:locale\" content=\"pt_BR\" \/>\n<meta property=\"og:type\" content=\"article\" \/>\n<meta property=\"og:title\" content=\"Botic\u00e1rio reuniu convidados para lan\u00e7ar nova fragr\u00e2ncia masculina - Evandro Junior\" \/>\n<meta property=\"og:description\" content=\"S\u00c3O LU\u00cdS &#8211; O Botic\u00e1rio celebrou o lan\u00e7amento de Clash, sua nova fragr\u00e2ncia masculina, durante evento exclusivo realizado na noite [&hellip;]\" \/>\n<meta property=\"og:url\" content=\"https:\/\/www.blogsoestado.com\/evandrojunior\/2025\/03\/21\/boticario-reuniu-convidados-para-lancar-novo-perfume\/\" \/>\n<meta property=\"og:site_name\" content=\"Evandro Junior\" \/>\n<meta property=\"article:published_time\" content=\"2025-03-21T18:15:21+00:00\" \/>\n<meta property=\"og:image\" content=\"https:\/\/www.blogsoestado.com\/evandrojunior\/wp-content\/uploads\/sites\/3\/2025\/03\/IMG1-163-681x1024.jpg\" \/>\n<meta name=\"author\" content=\"Evandro Junior\" \/>\n<meta name=\"twitter:card\" content=\"summary_large_image\" \/>\n<meta name=\"twitter:label1\" content=\"Escrito por\" \/>\n\t<meta name=\"twitter:data1\" content=\"Evandro Junior\" \/>\n\t<meta name=\"twitter:label2\" content=\"Est. tempo de leitura\" \/>\n\t<meta name=\"twitter:data2\" content=\"2 minutos\" \/>\n<script type=\"application\/ld+json\" class=\"yoast-schema-graph\">{\"@context\":\"https:\/\/schema.org\",\"@graph\":[{\"@type\":\"WebPage\",\"@id\":\"https:\/\/www.blogsoestado.com\/evandrojunior\/2025\/03\/21\/boticario-reuniu-convidados-para-lancar-novo-perfume\/\",\"url\":\"https:\/\/www.blogsoestado.com\/evandrojunior\/2025\/03\/21\/boticario-reuniu-convidados-para-lancar-novo-perfume\/\",\"name\":\"Botic\u00e1rio reuniu convidados para lan\u00e7ar nova fragr\u00e2ncia masculina - Evandro Junior\",\"isPartOf\":{\"@id\":\"https:\/\/www.blogsoestado.com\/evandrojunior\/#website\"},\"primaryImageOfPage\":{\"@id\":\"https:\/\/www.blogsoestado.com\/evandrojunior\/2025\/03\/21\/boticario-reuniu-convidados-para-lancar-novo-perfume\/#primaryimage\"},\"image\":{\"@id\":\"https:\/\/www.blogsoestado.com\/evandrojunior\/2025\/03\/21\/boticario-reuniu-convidados-para-lancar-novo-perfume\/#primaryimage\"},\"thumbnailUrl\":\"https:\/\/www.blogsoestado.com\/evandrojunior\/wp-content\/uploads\/sites\/3\/2025\/03\/IMG1-163-681x1024.jpg\",\"datePublished\":\"2025-03-21T18:15:21+00:00\",\"author\":{\"@id\":\"https:\/\/www.blogsoestado.com\/evandrojunior\/#\/schema\/person\/3e6c3d8dbb740d1c6878ebc935cfb3be\"},\"breadcrumb\":{\"@id\":\"https:\/\/www.blogsoestado.com\/evandrojunior\/2025\/03\/21\/boticario-reuniu-convidados-para-lancar-novo-perfume\/#breadcrumb\"},\"inLanguage\":\"pt-BR\",\"potentialAction\":[{\"@type\":\"ReadAction\",\"target\":[\"https:\/\/www.blogsoestado.com\/evandrojunior\/2025\/03\/21\/boticario-reuniu-convidados-para-lancar-novo-perfume\/\"]}]},{\"@type\":\"ImageObject\",\"inLanguage\":\"pt-BR\",\"@id\":\"https:\/\/www.blogsoestado.com\/evandrojunior\/2025\/03\/21\/boticario-reuniu-convidados-para-lancar-novo-perfume\/#primaryimage\",\"url\":\"https:\/\/www.blogsoestado.com\/evandrojunior\/wp-content\/uploads\/sites\/3\/2025\/03\/IMG1-163.jpg\",\"contentUrl\":\"https:\/\/www.blogsoestado.com\/evandrojunior\/wp-content\/uploads\/sites\/3\/2025\/03\/IMG1-163.jpg\",\"width\":1024,\"height\":1539},{\"@type\":\"BreadcrumbList\",\"@id\":\"https:\/\/www.blogsoestado.com\/evandrojunior\/2025\/03\/21\/boticario-reuniu-convidados-para-lancar-novo-perfume\/#breadcrumb\",\"itemListElement\":[{\"@type\":\"ListItem\",\"position\":1,\"name\":\"In\u00edcio\",\"item\":\"https:\/\/www.blogsoestado.com\/evandrojunior\/\"},{\"@type\":\"ListItem\",\"position\":2,\"name\":\"Botic\u00e1rio reuniu convidados para lan\u00e7ar nova fragr\u00e2ncia masculina\"}]},{\"@type\":\"WebSite\",\"@id\":\"https:\/\/www.blogsoestado.com\/evandrojunior\/#website\",\"url\":\"https:\/\/www.blogsoestado.com\/evandrojunior\/\",\"name\":\"Evandro Junior\",\"description\":\"\",\"potentialAction\":[{\"@type\":\"SearchAction\",\"target\":{\"@type\":\"EntryPoint\",\"urlTemplate\":\"https:\/\/www.blogsoestado.com\/evandrojunior\/?s={search_term_string}\"},\"query-input\":{\"@type\":\"PropertyValueSpecification\",\"valueRequired\":true,\"valueName\":\"search_term_string\"}}],\"inLanguage\":\"pt-BR\"},{\"@type\":\"Person\",\"@id\":\"https:\/\/www.blogsoestado.com\/evandrojunior\/#\/schema\/person\/3e6c3d8dbb740d1c6878ebc935cfb3be\",\"name\":\"Evandro Junior\",\"image\":{\"@type\":\"ImageObject\",\"inLanguage\":\"pt-BR\",\"@id\":\"https:\/\/www.blogsoestado.com\/evandrojunior\/#\/schema\/person\/image\/\",\"url\":\"https:\/\/secure.gravatar.com\/avatar\/f80a03a2294a580cd2318bfb459bf354cfa8be661ef3d95b542cf9a04af8d129?s=96&d=mm&r=g\",\"contentUrl\":\"https:\/\/secure.gravatar.com\/avatar\/f80a03a2294a580cd2318bfb459bf354cfa8be661ef3d95b542cf9a04af8d129?s=96&d=mm&r=g\",\"caption\":\"Evandro Junior\"},\"url\":\"https:\/\/www.blogsoestado.com\/evandrojunior\/author\/evandrojunior\/\"}]}<\/script>\n<!-- \/ Yoast SEO plugin. -->","yoast_head_json":{"title":"Botic\u00e1rio reuniu convidados para lan\u00e7ar nova fragr\u00e2ncia masculina - Evandro Junior","robots":{"index":"index","follow":"follow","max-snippet":"max-snippet:-1","max-image-preview":"max-image-preview:large","max-video-preview":"max-video-preview:-1"},"canonical":"https:\/\/www.blogsoestado.com\/evandrojunior\/2025\/03\/21\/boticario-reuniu-convidados-para-lancar-novo-perfume\/","og_locale":"pt_BR","og_type":"article","og_title":"Botic\u00e1rio reuniu convidados para lan\u00e7ar nova fragr\u00e2ncia masculina - Evandro Junior","og_description":"S\u00c3O LU\u00cdS &#8211; O Botic\u00e1rio celebrou o lan\u00e7amento de Clash, sua nova fragr\u00e2ncia masculina, durante evento exclusivo realizado na noite [&hellip;]","og_url":"https:\/\/www.blogsoestado.com\/evandrojunior\/2025\/03\/21\/boticario-reuniu-convidados-para-lancar-novo-perfume\/","og_site_name":"Evandro Junior","article_published_time":"2025-03-21T18:15:21+00:00","og_image":[{"url":"https:\/\/www.blogsoestado.com\/evandrojunior\/wp-content\/uploads\/sites\/3\/2025\/03\/IMG1-163-681x1024.jpg","type":"","width":"","height":""}],"author":"Evandro Junior","twitter_card":"summary_large_image","twitter_misc":{"Escrito por":"Evandro Junior","Est. tempo de leitura":"2 minutos"},"schema":{"@context":"https:\/\/schema.org","@graph":[{"@type":"WebPage","@id":"https:\/\/www.blogsoestado.com\/evandrojunior\/2025\/03\/21\/boticario-reuniu-convidados-para-lancar-novo-perfume\/","url":"https:\/\/www.blogsoestado.com\/evandrojunior\/2025\/03\/21\/boticario-reuniu-convidados-para-lancar-novo-perfume\/","name":"Botic\u00e1rio reuniu convidados para lan\u00e7ar nova fragr\u00e2ncia masculina - Evandro Junior","isPartOf":{"@id":"https:\/\/www.blogsoestado.com\/evandrojunior\/#website"},"primaryImageOfPage":{"@id":"https:\/\/www.blogsoestado.com\/evandrojunior\/2025\/03\/21\/boticario-reuniu-convidados-para-lancar-novo-perfume\/#primaryimage"},"image":{"@id":"https:\/\/www.blogsoestado.com\/evandrojunior\/2025\/03\/21\/boticario-reuniu-convidados-para-lancar-novo-perfume\/#primaryimage"},"thumbnailUrl":"https:\/\/www.blogsoestado.com\/evandrojunior\/wp-content\/uploads\/sites\/3\/2025\/03\/IMG1-163-681x1024.jpg","datePublished":"2025-03-21T18:15:21+00:00","author":{"@id":"https:\/\/www.blogsoestado.com\/evandrojunior\/#\/schema\/person\/3e6c3d8dbb740d1c6878ebc935cfb3be"},"breadcrumb":{"@id":"https:\/\/www.blogsoestado.com\/evandrojunior\/2025\/03\/21\/boticario-reuniu-convidados-para-lancar-novo-perfume\/#breadcrumb"},"inLanguage":"pt-BR","potentialAction":[{"@type":"ReadAction","target":["https:\/\/www.blogsoestado.com\/evandrojunior\/2025\/03\/21\/boticario-reuniu-convidados-para-lancar-novo-perfume\/"]}]},{"@type":"ImageObject","inLanguage":"pt-BR","@id":"https:\/\/www.blogsoestado.com\/evandrojunior\/2025\/03\/21\/boticario-reuniu-convidados-para-lancar-novo-perfume\/#primaryimage","url":"https:\/\/www.blogsoestado.com\/evandrojunior\/wp-content\/uploads\/sites\/3\/2025\/03\/IMG1-163.jpg","contentUrl":"https:\/\/www.blogsoestado.com\/evandrojunior\/wp-content\/uploads\/sites\/3\/2025\/03\/IMG1-163.jpg","width":1024,"height":1539},{"@type":"BreadcrumbList","@id":"https:\/\/www.blogsoestado.com\/evandrojunior\/2025\/03\/21\/boticario-reuniu-convidados-para-lancar-novo-perfume\/#breadcrumb","itemListElement":[{"@type":"ListItem","position":1,"name":"In\u00edcio","item":"https:\/\/www.blogsoestado.com\/evandrojunior\/"},{"@type":"ListItem","position":2,"name":"Botic\u00e1rio reuniu convidados para lan\u00e7ar nova fragr\u00e2ncia masculina"}]},{"@type":"WebSite","@id":"https:\/\/www.blogsoestado.com\/evandrojunior\/#website","url":"https:\/\/www.blogsoestado.com\/evandrojunior\/","name":"Evandro Junior","description":"","potentialAction":[{"@type":"SearchAction","target":{"@type":"EntryPoint","urlTemplate":"https:\/\/www.blogsoestado.com\/evandrojunior\/?s={search_term_string}"},"query-input":{"@type":"PropertyValueSpecification","valueRequired":true,"valueName":"search_term_string"}}],"inLanguage":"pt-BR"},{"@type":"Person","@id":"https:\/\/www.blogsoestado.com\/evandrojunior\/#\/schema\/person\/3e6c3d8dbb740d1c6878ebc935cfb3be","name":"Evandro Junior","image":{"@type":"ImageObject","inLanguage":"pt-BR","@id":"https:\/\/www.blogsoestado.com\/evandrojunior\/#\/schema\/person\/image\/","url":"https:\/\/secure.gravatar.com\/avatar\/f80a03a2294a580cd2318bfb459bf354cfa8be661ef3d95b542cf9a04af8d129?s=96&d=mm&r=g","contentUrl":"https:\/\/secure.gravatar.com\/avatar\/f80a03a2294a580cd2318bfb459bf354cfa8be661ef3d95b542cf9a04af8d129?s=96&d=mm&r=g","caption":"Evandro Junior"},"url":"https:\/\/www.blogsoestado.com\/evandrojunior\/author\/evandrojunior\/"}]}},"jetpack_featured_media_url":"","_links":{"self":[{"href":"https:\/\/www.blogsoestado.com\/evandrojunior\/wp-json\/wp\/v2\/posts\/14901","targetHints":{"allow":["GET"]}}],"collection":[{"href":"https:\/\/www.blogsoestado.com\/evandrojunior\/wp-json\/wp\/v2\/posts"}],"about":[{"href":"https:\/\/www.blogsoestado.com\/evandrojunior\/wp-json\/wp\/v2\/types\/post"}],"author":[{"embeddable":true,"href":"https:\/\/www.blogsoestado.com\/evandrojunior\/wp-json\/wp\/v2\/users\/4"}],"replies":[{"embeddable":true,"href":"https:\/\/www.blogsoestado.com\/evandrojunior\/wp-json\/wp\/v2\/comments?post=14901"}],"version-history":[{"count":0,"href":"https:\/\/www.blogsoestado.com\/evandrojunior\/wp-json\/wp\/v2\/posts\/14901\/revisions"}],"wp:attachment":[{"href":"https:\/\/www.blogsoestado.com\/evandrojunior\/wp-json\/wp\/v2\/media?parent=14901"}],"wp:term":[{"taxonomy":"category","embeddable":true,"href":"https:\/\/www.blogsoestado.com\/evandrojunior\/wp-json\/wp\/v2\/categories?post=14901"},{"taxonomy":"post_tag","embeddable":true,"href":"https:\/\/www.blogsoestado.com\/evandrojunior\/wp-json\/wp\/v2\/tags?post=14901"}],"curies":[{"name":"wp","href":"https:\/\/api.w.org\/{rel}","templated":true}]}}