{"id":14911,"date":"2025-03-21T15:49:54","date_gmt":"2025-03-21T18:49:54","guid":{"rendered":"https:\/\/www.blogsoestado.com\/evandrojunior\/?p=14911"},"modified":"2025-03-21T15:49:54","modified_gmt":"2025-03-21T18:49:54","slug":"casarao-beira-dumar-vai-reabrir-com-show-da-paulista-viviane-saraiva","status":"publish","type":"post","link":"https:\/\/www.blogsoestado.com\/evandrojunior\/2025\/03\/21\/casarao-beira-dumar-vai-reabrir-com-show-da-paulista-viviane-saraiva\/","title":{"rendered":"Casar\u00e3o Beira Dumar vai reabrir com show da paulista Viviane Saraiva"},"content":{"rendered":"\n<div class=\"wp-block-image\"><figure class=\"aligncenter size-large is-resized\"><img fetchpriority=\"high\" decoding=\"async\" src=\"https:\/\/www.blogsoestado.com\/evandrojunior\/files\/2025\/03\/Viviane-Saraiva-1014x1024.jpeg\" alt=\"\" class=\"wp-image-14912\" width=\"507\" height=\"511\"\/><figcaption><strong>Viviane Saraiva estar\u00e1 de volta a S\u00e3o Lu\u00eds com show destacando Mar\u00edlia Mendon\u00e7a no Casar\u00e3o Beira Dumar <\/strong><\/figcaption><\/figure><\/div>\n\n\n\n<p><strong>S\u00c3O LU\u00cdS <\/strong>&#8211; A cantora paulista Viviane Saraiva \u00e9 uma das vozes que ecoar\u00e3o na nova temporada do Casar\u00e3o Beira Dumar, mais famoso espa\u00e7o musical do Centro Hist\u00f3rico de S\u00e3o Lu\u00eds, na Avenida Beira-Mar. A casa reabrir\u00e1 as portas no dia 28 de mar\u00e7o, uma sexta-feira, ap\u00f3s um per\u00edodo de recesso de come\u00e7o de ano.<\/p>\n\n\n\n<p>A artista sertaneja far\u00e1 um show especial destacando, principalmente, m\u00fasicas da eterna Mar\u00edlia Mendon\u00e7a, al\u00e9m de outros repert\u00f3rios e can\u00e7\u00f5es autorais. Uma das m\u00fasicas autorais \u00e9 intitulada \u2018Nem ela, nem eu\u2019, que j\u00e1 soma 15 milh\u00f5es de acessos no canal da cantora no YouTube.<\/p>\n\n\n\n<p>Com nove anos de carreira, Viviane Saraiva estar\u00e1 pela segunda vez na Ilha do Amor. A primeira foi em janeiro, quando conquistou a simpatia dos maranhenses. <\/p>\n\n\n\n<p>&#8220;Eu estive em S\u00e3o Lu\u00eds em janeiro deste ano. A galera \u00e9 muito animada e sabe aproveitar a vida. Quero entregar um show bastante animado e alto astral no Casar\u00e3o Beira Dumar&#8221;, disse ela, que, entre outras coisas, est\u00e1 em contato com um escrit\u00f3rio de shows com sede no Maranh\u00e3o, mas n\u00e3o revelou o que vem por a\u00ed. <\/p>\n\n\n\n<p><strong>Repert\u00f3rio<\/strong><\/p>\n\n\n\n<p>No palco do Casar\u00e3o Beira Dumar, Viviane Saraiva vai explorar bastante o repert\u00f3rio de Mar\u00edlia Mendon\u00e7a, que faleceu em novembro de 2021, v\u00edtima de acidente a\u00e9reo, mas que deixou um legado admirado por diversos artistas.<\/p>\n\n\n\n<p> &#8220;Ali\u00e1s, \u00e9 nossa ideia levar o projeto &#8216;Elas cantam Mar\u00edlia&#8217; para o Beira Dumar. No entanto, n\u00f3s tamb\u00e9m teremos repert\u00f3rio com homenagens a outras personalidades da m\u00fasica&#8221;, antecipou a cantora, que busca inspira\u00e7\u00e3o tamb\u00e9m em nomes como Luan Santana, Bruno &amp; Marrone e em artistas internacionais. <\/p>\n","protected":false},"excerpt":{"rendered":"<p>S\u00c3O LU\u00cdS &#8211; A cantora paulista Viviane Saraiva \u00e9 uma das vozes que ecoar\u00e3o na nova temporada do Casar\u00e3o Beira [&hellip;]<\/p>\n","protected":false},"author":4,"featured_media":0,"comment_status":"open","ping_status":"open","sticky":false,"template":"","format":"standard","meta":{"site-sidebar-layout":"default","site-content-layout":"","ast-site-content-layout":"default","site-content-style":"default","site-sidebar-style":"default","ast-global-header-display":"","ast-banner-title-visibility":"","ast-main-header-display":"","ast-hfb-above-header-display":"","ast-hfb-below-header-display":"","ast-hfb-mobile-header-display":"","site-post-title":"","ast-breadcrumbs-content":"","ast-featured-img":"","footer-sml-layout":"","ast-disable-related-posts":"","theme-transparent-header-meta":"","adv-header-id-meta":"","stick-header-meta":"","header-above-stick-meta":"","header-main-stick-meta":"","header-below-stick-meta":"","astra-migrate-meta-layouts":"default","ast-page-background-enabled":"default","ast-page-background-meta":{"desktop":{"background-color":"var(--ast-global-color-5)","background-image":"","background-repeat":"repeat","background-position":"center center","background-size":"auto","background-attachment":"scroll","background-type":"","background-media":"","overlay-type":"","overlay-color":"","overlay-opacity":"","overlay-gradient":""},"tablet":{"background-color":"","background-image":"","background-repeat":"repeat","background-position":"center center","background-size":"auto","background-attachment":"scroll","background-type":"","background-media":"","overlay-type":"","overlay-color":"","overlay-opacity":"","overlay-gradient":""},"mobile":{"background-color":"","background-image":"","background-repeat":"repeat","background-position":"center center","background-size":"auto","background-attachment":"scroll","background-type":"","background-media":"","overlay-type":"","overlay-color":"","overlay-opacity":"","overlay-gradient":""}},"ast-content-background-meta":{"desktop":{"background-color":"var(--ast-global-color-4)","background-image":"","background-repeat":"repeat","background-position":"center center","background-size":"auto","background-attachment":"scroll","background-type":"","background-media":"","overlay-type":"","overlay-color":"","overlay-opacity":"","overlay-gradient":""},"tablet":{"background-color":"var(--ast-global-color-4)","background-image":"","background-repeat":"repeat","background-position":"center center","background-size":"auto","background-attachment":"scroll","background-type":"","background-media":"","overlay-type":"","overlay-color":"","overlay-opacity":"","overlay-gradient":""},"mobile":{"background-color":"var(--ast-global-color-4)","background-image":"","background-repeat":"repeat","background-position":"center center","background-size":"auto","background-attachment":"scroll","background-type":"","background-media":"","overlay-type":"","overlay-color":"","overlay-opacity":"","overlay-gradient":""}},"footnotes":""},"categories":[1],"tags":[],"class_list":["post-14911","post","type-post","status-publish","format-standard","hentry","category-sem-categoria"],"yoast_head":"<!-- This site is optimized with the Yoast SEO plugin v26.6 - https:\/\/yoast.com\/wordpress\/plugins\/seo\/ -->\n<title>Casar\u00e3o Beira Dumar vai reabrir com show da paulista Viviane Saraiva - Evandro Junior<\/title>\n<meta name=\"robots\" content=\"index, follow, max-snippet:-1, max-image-preview:large, max-video-preview:-1\" \/>\n<link rel=\"canonical\" href=\"https:\/\/www.blogsoestado.com\/evandrojunior\/2025\/03\/21\/casarao-beira-dumar-vai-reabrir-com-show-da-paulista-viviane-saraiva\/\" \/>\n<meta property=\"og:locale\" content=\"pt_BR\" \/>\n<meta property=\"og:type\" content=\"article\" \/>\n<meta property=\"og:title\" content=\"Casar\u00e3o Beira Dumar vai reabrir com show da paulista Viviane Saraiva - Evandro Junior\" \/>\n<meta property=\"og:description\" content=\"S\u00c3O LU\u00cdS &#8211; A cantora paulista Viviane Saraiva \u00e9 uma das vozes que ecoar\u00e3o na nova temporada do Casar\u00e3o Beira [&hellip;]\" \/>\n<meta property=\"og:url\" content=\"https:\/\/www.blogsoestado.com\/evandrojunior\/2025\/03\/21\/casarao-beira-dumar-vai-reabrir-com-show-da-paulista-viviane-saraiva\/\" \/>\n<meta property=\"og:site_name\" content=\"Evandro Junior\" \/>\n<meta property=\"article:published_time\" content=\"2025-03-21T18:49:54+00:00\" \/>\n<meta property=\"og:image\" content=\"https:\/\/www.blogsoestado.com\/evandrojunior\/files\/2025\/03\/Viviane-Saraiva-1014x1024.jpeg\" \/>\n<meta name=\"author\" content=\"Evandro Junior\" \/>\n<meta name=\"twitter:card\" content=\"summary_large_image\" \/>\n<meta name=\"twitter:label1\" content=\"Escrito por\" \/>\n\t<meta name=\"twitter:data1\" content=\"Evandro Junior\" \/>\n\t<meta name=\"twitter:label2\" content=\"Est. tempo de leitura\" \/>\n\t<meta name=\"twitter:data2\" content=\"2 minutos\" \/>\n<script type=\"application\/ld+json\" class=\"yoast-schema-graph\">{\"@context\":\"https:\/\/schema.org\",\"@graph\":[{\"@type\":\"WebPage\",\"@id\":\"https:\/\/www.blogsoestado.com\/evandrojunior\/2025\/03\/21\/casarao-beira-dumar-vai-reabrir-com-show-da-paulista-viviane-saraiva\/\",\"url\":\"https:\/\/www.blogsoestado.com\/evandrojunior\/2025\/03\/21\/casarao-beira-dumar-vai-reabrir-com-show-da-paulista-viviane-saraiva\/\",\"name\":\"Casar\u00e3o Beira Dumar vai reabrir com show da paulista Viviane Saraiva - Evandro Junior\",\"isPartOf\":{\"@id\":\"https:\/\/www.blogsoestado.com\/evandrojunior\/#website\"},\"primaryImageOfPage\":{\"@id\":\"https:\/\/www.blogsoestado.com\/evandrojunior\/2025\/03\/21\/casarao-beira-dumar-vai-reabrir-com-show-da-paulista-viviane-saraiva\/#primaryimage\"},\"image\":{\"@id\":\"https:\/\/www.blogsoestado.com\/evandrojunior\/2025\/03\/21\/casarao-beira-dumar-vai-reabrir-com-show-da-paulista-viviane-saraiva\/#primaryimage\"},\"thumbnailUrl\":\"https:\/\/www.blogsoestado.com\/evandrojunior\/files\/2025\/03\/Viviane-Saraiva-1014x1024.jpeg\",\"datePublished\":\"2025-03-21T18:49:54+00:00\",\"author\":{\"@id\":\"https:\/\/www.blogsoestado.com\/evandrojunior\/#\/schema\/person\/3e6c3d8dbb740d1c6878ebc935cfb3be\"},\"breadcrumb\":{\"@id\":\"https:\/\/www.blogsoestado.com\/evandrojunior\/2025\/03\/21\/casarao-beira-dumar-vai-reabrir-com-show-da-paulista-viviane-saraiva\/#breadcrumb\"},\"inLanguage\":\"pt-BR\",\"potentialAction\":[{\"@type\":\"ReadAction\",\"target\":[\"https:\/\/www.blogsoestado.com\/evandrojunior\/2025\/03\/21\/casarao-beira-dumar-vai-reabrir-com-show-da-paulista-viviane-saraiva\/\"]}]},{\"@type\":\"ImageObject\",\"inLanguage\":\"pt-BR\",\"@id\":\"https:\/\/www.blogsoestado.com\/evandrojunior\/2025\/03\/21\/casarao-beira-dumar-vai-reabrir-com-show-da-paulista-viviane-saraiva\/#primaryimage\",\"url\":\"https:\/\/www.blogsoestado.com\/evandrojunior\/files\/2025\/03\/Viviane-Saraiva-1014x1024.jpeg\",\"contentUrl\":\"https:\/\/www.blogsoestado.com\/evandrojunior\/files\/2025\/03\/Viviane-Saraiva-1014x1024.jpeg\"},{\"@type\":\"BreadcrumbList\",\"@id\":\"https:\/\/www.blogsoestado.com\/evandrojunior\/2025\/03\/21\/casarao-beira-dumar-vai-reabrir-com-show-da-paulista-viviane-saraiva\/#breadcrumb\",\"itemListElement\":[{\"@type\":\"ListItem\",\"position\":1,\"name\":\"In\u00edcio\",\"item\":\"https:\/\/www.blogsoestado.com\/evandrojunior\/\"},{\"@type\":\"ListItem\",\"position\":2,\"name\":\"Casar\u00e3o Beira Dumar vai reabrir com show da paulista Viviane Saraiva\"}]},{\"@type\":\"WebSite\",\"@id\":\"https:\/\/www.blogsoestado.com\/evandrojunior\/#website\",\"url\":\"https:\/\/www.blogsoestado.com\/evandrojunior\/\",\"name\":\"Evandro Junior\",\"description\":\"\",\"potentialAction\":[{\"@type\":\"SearchAction\",\"target\":{\"@type\":\"EntryPoint\",\"urlTemplate\":\"https:\/\/www.blogsoestado.com\/evandrojunior\/?s={search_term_string}\"},\"query-input\":{\"@type\":\"PropertyValueSpecification\",\"valueRequired\":true,\"valueName\":\"search_term_string\"}}],\"inLanguage\":\"pt-BR\"},{\"@type\":\"Person\",\"@id\":\"https:\/\/www.blogsoestado.com\/evandrojunior\/#\/schema\/person\/3e6c3d8dbb740d1c6878ebc935cfb3be\",\"name\":\"Evandro Junior\",\"image\":{\"@type\":\"ImageObject\",\"inLanguage\":\"pt-BR\",\"@id\":\"https:\/\/www.blogsoestado.com\/evandrojunior\/#\/schema\/person\/image\/\",\"url\":\"https:\/\/secure.gravatar.com\/avatar\/f80a03a2294a580cd2318bfb459bf354cfa8be661ef3d95b542cf9a04af8d129?s=96&d=mm&r=g\",\"contentUrl\":\"https:\/\/secure.gravatar.com\/avatar\/f80a03a2294a580cd2318bfb459bf354cfa8be661ef3d95b542cf9a04af8d129?s=96&d=mm&r=g\",\"caption\":\"Evandro Junior\"},\"url\":\"https:\/\/www.blogsoestado.com\/evandrojunior\/author\/evandrojunior\/\"}]}<\/script>\n<!-- \/ Yoast SEO plugin. -->","yoast_head_json":{"title":"Casar\u00e3o Beira Dumar vai reabrir com show da paulista Viviane Saraiva - Evandro Junior","robots":{"index":"index","follow":"follow","max-snippet":"max-snippet:-1","max-image-preview":"max-image-preview:large","max-video-preview":"max-video-preview:-1"},"canonical":"https:\/\/www.blogsoestado.com\/evandrojunior\/2025\/03\/21\/casarao-beira-dumar-vai-reabrir-com-show-da-paulista-viviane-saraiva\/","og_locale":"pt_BR","og_type":"article","og_title":"Casar\u00e3o Beira Dumar vai reabrir com show da paulista Viviane Saraiva - Evandro Junior","og_description":"S\u00c3O LU\u00cdS &#8211; A cantora paulista Viviane Saraiva \u00e9 uma das vozes que ecoar\u00e3o na nova temporada do Casar\u00e3o Beira [&hellip;]","og_url":"https:\/\/www.blogsoestado.com\/evandrojunior\/2025\/03\/21\/casarao-beira-dumar-vai-reabrir-com-show-da-paulista-viviane-saraiva\/","og_site_name":"Evandro Junior","article_published_time":"2025-03-21T18:49:54+00:00","og_image":[{"url":"https:\/\/www.blogsoestado.com\/evandrojunior\/files\/2025\/03\/Viviane-Saraiva-1014x1024.jpeg","type":"","width":"","height":""}],"author":"Evandro Junior","twitter_card":"summary_large_image","twitter_misc":{"Escrito por":"Evandro Junior","Est. tempo de leitura":"2 minutos"},"schema":{"@context":"https:\/\/schema.org","@graph":[{"@type":"WebPage","@id":"https:\/\/www.blogsoestado.com\/evandrojunior\/2025\/03\/21\/casarao-beira-dumar-vai-reabrir-com-show-da-paulista-viviane-saraiva\/","url":"https:\/\/www.blogsoestado.com\/evandrojunior\/2025\/03\/21\/casarao-beira-dumar-vai-reabrir-com-show-da-paulista-viviane-saraiva\/","name":"Casar\u00e3o Beira Dumar vai reabrir com show da paulista Viviane Saraiva - Evandro Junior","isPartOf":{"@id":"https:\/\/www.blogsoestado.com\/evandrojunior\/#website"},"primaryImageOfPage":{"@id":"https:\/\/www.blogsoestado.com\/evandrojunior\/2025\/03\/21\/casarao-beira-dumar-vai-reabrir-com-show-da-paulista-viviane-saraiva\/#primaryimage"},"image":{"@id":"https:\/\/www.blogsoestado.com\/evandrojunior\/2025\/03\/21\/casarao-beira-dumar-vai-reabrir-com-show-da-paulista-viviane-saraiva\/#primaryimage"},"thumbnailUrl":"https:\/\/www.blogsoestado.com\/evandrojunior\/files\/2025\/03\/Viviane-Saraiva-1014x1024.jpeg","datePublished":"2025-03-21T18:49:54+00:00","author":{"@id":"https:\/\/www.blogsoestado.com\/evandrojunior\/#\/schema\/person\/3e6c3d8dbb740d1c6878ebc935cfb3be"},"breadcrumb":{"@id":"https:\/\/www.blogsoestado.com\/evandrojunior\/2025\/03\/21\/casarao-beira-dumar-vai-reabrir-com-show-da-paulista-viviane-saraiva\/#breadcrumb"},"inLanguage":"pt-BR","potentialAction":[{"@type":"ReadAction","target":["https:\/\/www.blogsoestado.com\/evandrojunior\/2025\/03\/21\/casarao-beira-dumar-vai-reabrir-com-show-da-paulista-viviane-saraiva\/"]}]},{"@type":"ImageObject","inLanguage":"pt-BR","@id":"https:\/\/www.blogsoestado.com\/evandrojunior\/2025\/03\/21\/casarao-beira-dumar-vai-reabrir-com-show-da-paulista-viviane-saraiva\/#primaryimage","url":"https:\/\/www.blogsoestado.com\/evandrojunior\/files\/2025\/03\/Viviane-Saraiva-1014x1024.jpeg","contentUrl":"https:\/\/www.blogsoestado.com\/evandrojunior\/files\/2025\/03\/Viviane-Saraiva-1014x1024.jpeg"},{"@type":"BreadcrumbList","@id":"https:\/\/www.blogsoestado.com\/evandrojunior\/2025\/03\/21\/casarao-beira-dumar-vai-reabrir-com-show-da-paulista-viviane-saraiva\/#breadcrumb","itemListElement":[{"@type":"ListItem","position":1,"name":"In\u00edcio","item":"https:\/\/www.blogsoestado.com\/evandrojunior\/"},{"@type":"ListItem","position":2,"name":"Casar\u00e3o Beira Dumar vai reabrir com show da paulista Viviane Saraiva"}]},{"@type":"WebSite","@id":"https:\/\/www.blogsoestado.com\/evandrojunior\/#website","url":"https:\/\/www.blogsoestado.com\/evandrojunior\/","name":"Evandro Junior","description":"","potentialAction":[{"@type":"SearchAction","target":{"@type":"EntryPoint","urlTemplate":"https:\/\/www.blogsoestado.com\/evandrojunior\/?s={search_term_string}"},"query-input":{"@type":"PropertyValueSpecification","valueRequired":true,"valueName":"search_term_string"}}],"inLanguage":"pt-BR"},{"@type":"Person","@id":"https:\/\/www.blogsoestado.com\/evandrojunior\/#\/schema\/person\/3e6c3d8dbb740d1c6878ebc935cfb3be","name":"Evandro Junior","image":{"@type":"ImageObject","inLanguage":"pt-BR","@id":"https:\/\/www.blogsoestado.com\/evandrojunior\/#\/schema\/person\/image\/","url":"https:\/\/secure.gravatar.com\/avatar\/f80a03a2294a580cd2318bfb459bf354cfa8be661ef3d95b542cf9a04af8d129?s=96&d=mm&r=g","contentUrl":"https:\/\/secure.gravatar.com\/avatar\/f80a03a2294a580cd2318bfb459bf354cfa8be661ef3d95b542cf9a04af8d129?s=96&d=mm&r=g","caption":"Evandro Junior"},"url":"https:\/\/www.blogsoestado.com\/evandrojunior\/author\/evandrojunior\/"}]}},"jetpack_featured_media_url":"","_links":{"self":[{"href":"https:\/\/www.blogsoestado.com\/evandrojunior\/wp-json\/wp\/v2\/posts\/14911","targetHints":{"allow":["GET"]}}],"collection":[{"href":"https:\/\/www.blogsoestado.com\/evandrojunior\/wp-json\/wp\/v2\/posts"}],"about":[{"href":"https:\/\/www.blogsoestado.com\/evandrojunior\/wp-json\/wp\/v2\/types\/post"}],"author":[{"embeddable":true,"href":"https:\/\/www.blogsoestado.com\/evandrojunior\/wp-json\/wp\/v2\/users\/4"}],"replies":[{"embeddable":true,"href":"https:\/\/www.blogsoestado.com\/evandrojunior\/wp-json\/wp\/v2\/comments?post=14911"}],"version-history":[{"count":0,"href":"https:\/\/www.blogsoestado.com\/evandrojunior\/wp-json\/wp\/v2\/posts\/14911\/revisions"}],"wp:attachment":[{"href":"https:\/\/www.blogsoestado.com\/evandrojunior\/wp-json\/wp\/v2\/media?parent=14911"}],"wp:term":[{"taxonomy":"category","embeddable":true,"href":"https:\/\/www.blogsoestado.com\/evandrojunior\/wp-json\/wp\/v2\/categories?post=14911"},{"taxonomy":"post_tag","embeddable":true,"href":"https:\/\/www.blogsoestado.com\/evandrojunior\/wp-json\/wp\/v2\/tags?post=14911"}],"curies":[{"name":"wp","href":"https:\/\/api.w.org\/{rel}","templated":true}]}}