{"id":14915,"date":"2025-03-21T16:49:36","date_gmt":"2025-03-21T19:49:36","guid":{"rendered":"https:\/\/www.blogsoestado.com\/evandrojunior\/?p=14915"},"modified":"2025-03-21T16:49:36","modified_gmt":"2025-03-21T19:49:36","slug":"jo-santana-retorna-a-sao-luis-e-prepara-estreia-nacional-do-projeto-fafa-de-belem-o-musical","status":"publish","type":"post","link":"https:\/\/www.blogsoestado.com\/evandrojunior\/2025\/03\/21\/jo-santana-retorna-a-sao-luis-e-prepara-estreia-nacional-do-projeto-fafa-de-belem-o-musical\/","title":{"rendered":"J\u00f4 Santana retorna a S\u00e3o Lu\u00eds e prepara estreia nacional do projeto \u201cFaf\u00e1 de Bel\u00e9m, o Musical\u201d"},"content":{"rendered":"\n<div class=\"wp-block-image\"><figure class=\"aligncenter size-large is-resized\"><img fetchpriority=\"high\" decoding=\"async\" src=\"https:\/\/www.blogsoestado.com\/evandrojunior\/wp-content\/uploads\/sites\/3\/2025\/03\/a52d3512-6a80-4c78-949e-5e2c490fa254-768x1024.jpeg\" alt=\"\" class=\"wp-image-14916\" width=\"457\" height=\"609\" srcset=\"https:\/\/www.blogsoestado.com\/evandrojunior\/wp-content\/uploads\/sites\/3\/2025\/03\/a52d3512-6a80-4c78-949e-5e2c490fa254-768x1024.jpeg 768w, https:\/\/www.blogsoestado.com\/evandrojunior\/wp-content\/uploads\/sites\/3\/2025\/03\/a52d3512-6a80-4c78-949e-5e2c490fa254-225x300.jpeg 225w, https:\/\/www.blogsoestado.com\/evandrojunior\/wp-content\/uploads\/sites\/3\/2025\/03\/a52d3512-6a80-4c78-949e-5e2c490fa254.jpeg 960w\" sizes=\"(max-width: 457px) 100vw, 457px\" \/><figcaption><strong>J\u00f4 Santana passeio pelo Centro Hist\u00f3rico de S\u00e3o Lu\u00eds <\/strong><\/figcaption><\/figure><\/div>\n\n\n\n<p><strong>S\u00c3O LU\u00cdS <\/strong>&#8211; O produtor cultural J\u00f4 Santana est\u00e1 de volta a S\u00e3o Lu\u00eds, onde trabalha nos \u00faltimos detalhes da estreia de \u201cFaf\u00e1 de Bel\u00e9m, o Musical\u201d, marcada para outubro, no Teatro Arthur Azevedo, celebrando 50 anos de carreira da artista. Ap\u00f3s o sucesso de \u201cMarrom, o Musical\u201d, em 2023, o produtor reafirma seu compromisso com a valoriza\u00e7\u00e3o da cultura e da m\u00fasica popular brasileira.<\/p>\n\n\n\n<p>Em uma postagem recente nas redes sociais, Santana compartilhou sua empolga\u00e7\u00e3o ao estar na cidade. \u201cVim para c\u00e1 resolver quest\u00f5es do nosso novo projeto, \u2018Faf\u00e1 de Bel\u00e9m, o Musical\u2019, que estreia em outubro. N\u00e3o resisti e visitei a emocionante exposi\u00e7\u00e3o \u2018Com Amor, Alcione\u2019, no Centro Cultural Vale Maranh\u00e3o\u201d, contou.<\/p>\n\n\n\n<p>A visita \u00e0 exposi\u00e7\u00e3o, que celebra os 50 anos de carreira da artista maranhense Alcione, trouxe ainda mais inspira\u00e7\u00e3o para o produtor. \u201cEstar na terra de Alcione, onde a magia do nosso musical vai ganhar vida, \u00e9 uma grande motiva\u00e7\u00e3o. Estamos trilhando os passos de gigantes da m\u00fasica\u201d, afirmou.<\/p>\n\n\n\n<div class=\"wp-block-image\"><figure class=\"aligncenter size-large is-resized\"><img decoding=\"async\" src=\"https:\/\/www.blogsoestado.com\/evandrojunior\/wp-content\/uploads\/sites\/3\/2025\/03\/db463605-e86a-44a7-8038-d9b119575e0b-1024x768.jpeg\" alt=\"\" class=\"wp-image-14917\" width=\"535\" height=\"402\" srcset=\"https:\/\/www.blogsoestado.com\/evandrojunior\/wp-content\/uploads\/sites\/3\/2025\/03\/db463605-e86a-44a7-8038-d9b119575e0b-1024x768.jpeg 1024w, https:\/\/www.blogsoestado.com\/evandrojunior\/wp-content\/uploads\/sites\/3\/2025\/03\/db463605-e86a-44a7-8038-d9b119575e0b-300x225.jpeg 300w, https:\/\/www.blogsoestado.com\/evandrojunior\/wp-content\/uploads\/sites\/3\/2025\/03\/db463605-e86a-44a7-8038-d9b119575e0b-768x576.jpeg 768w, https:\/\/www.blogsoestado.com\/evandrojunior\/wp-content\/uploads\/sites\/3\/2025\/03\/db463605-e86a-44a7-8038-d9b119575e0b.jpeg 1280w\" sizes=\"(max-width: 535px) 100vw, 535px\" \/><figcaption><strong>J\u00f4 Santana com Faf\u00e1 de Bel\u00e9m<\/strong><\/figcaption><\/figure><\/div>\n\n\n\n<p>Al\u00e9m da estreia em S\u00e3o Lu\u00eds, o musical ser\u00e1 apresentado em Bel\u00e9m do Par\u00e1 nos dias 14, 15 e 16 de novembro, durante a COP 30, um evento de grande relev\u00e2ncia internacional. A escolha de S\u00e3o Lu\u00eds para a primeira apresenta\u00e7\u00e3o \u00e9 uma forma de retribuir a calorosa recep\u00e7\u00e3o que a equipe recebeu durante o projeto anterior.<\/p>\n\n\n\n<p>\u201cEscolhemos S\u00e3o Lu\u00eds por causa da experi\u00eancia incr\u00edvel que tivemos com \u2018Marrom, o Musical\u2019. Essa cidade nos acolheu de bra\u00e7os abertos e nos proporcionou momentos inesquec\u00edveis\u201d, acrescentou Santana.<\/p>\n\n\n\n<p>Com \u201cFaf\u00e1 de Bel\u00e9m, o Musical\u201d, J\u00f4 Santana continua promovendo a riqueza da cultura brasileira, e a expectativa para a estreia \u00e9 alta. O p\u00fablico aguarda ansiosamente o espet\u00e1culo, que promete celebrar a trajet\u00f3ria de uma das maiores vozes da m\u00fasica brasileira.<\/p>\n","protected":false},"excerpt":{"rendered":"<p>S\u00c3O LU\u00cdS &#8211; O produtor cultural J\u00f4 Santana est\u00e1 de volta a S\u00e3o Lu\u00eds, onde trabalha nos \u00faltimos detalhes da [&hellip;]<\/p>\n","protected":false},"author":4,"featured_media":0,"comment_status":"open","ping_status":"open","sticky":false,"template":"","format":"standard","meta":{"site-sidebar-layout":"default","site-content-layout":"","ast-site-content-layout":"default","site-content-style":"default","site-sidebar-style":"default","ast-global-header-display":"","ast-banner-title-visibility":"","ast-main-header-display":"","ast-hfb-above-header-display":"","ast-hfb-below-header-display":"","ast-hfb-mobile-header-display":"","site-post-title":"","ast-breadcrumbs-content":"","ast-featured-img":"","footer-sml-layout":"","ast-disable-related-posts":"","theme-transparent-header-meta":"","adv-header-id-meta":"","stick-header-meta":"","header-above-stick-meta":"","header-main-stick-meta":"","header-below-stick-meta":"","astra-migrate-meta-layouts":"default","ast-page-background-enabled":"default","ast-page-background-meta":{"desktop":{"background-color":"var(--ast-global-color-5)","background-image":"","background-repeat":"repeat","background-position":"center center","background-size":"auto","background-attachment":"scroll","background-type":"","background-media":"","overlay-type":"","overlay-color":"","overlay-opacity":"","overlay-gradient":""},"tablet":{"background-color":"","background-image":"","background-repeat":"repeat","background-position":"center center","background-size":"auto","background-attachment":"scroll","background-type":"","background-media":"","overlay-type":"","overlay-color":"","overlay-opacity":"","overlay-gradient":""},"mobile":{"background-color":"","background-image":"","background-repeat":"repeat","background-position":"center center","background-size":"auto","background-attachment":"scroll","background-type":"","background-media":"","overlay-type":"","overlay-color":"","overlay-opacity":"","overlay-gradient":""}},"ast-content-background-meta":{"desktop":{"background-color":"var(--ast-global-color-4)","background-image":"","background-repeat":"repeat","background-position":"center center","background-size":"auto","background-attachment":"scroll","background-type":"","background-media":"","overlay-type":"","overlay-color":"","overlay-opacity":"","overlay-gradient":""},"tablet":{"background-color":"var(--ast-global-color-4)","background-image":"","background-repeat":"repeat","background-position":"center center","background-size":"auto","background-attachment":"scroll","background-type":"","background-media":"","overlay-type":"","overlay-color":"","overlay-opacity":"","overlay-gradient":""},"mobile":{"background-color":"var(--ast-global-color-4)","background-image":"","background-repeat":"repeat","background-position":"center center","background-size":"auto","background-attachment":"scroll","background-type":"","background-media":"","overlay-type":"","overlay-color":"","overlay-opacity":"","overlay-gradient":""}},"footnotes":""},"categories":[1],"tags":[],"class_list":["post-14915","post","type-post","status-publish","format-standard","hentry","category-sem-categoria"],"yoast_head":"<!-- This site is optimized with the Yoast SEO plugin v26.6 - https:\/\/yoast.com\/wordpress\/plugins\/seo\/ -->\n<title>J\u00f4 Santana retorna a S\u00e3o Lu\u00eds e prepara estreia nacional do projeto \u201cFaf\u00e1 de Bel\u00e9m, o Musical\u201d - Evandro Junior<\/title>\n<meta name=\"robots\" content=\"index, follow, max-snippet:-1, max-image-preview:large, max-video-preview:-1\" \/>\n<link rel=\"canonical\" href=\"https:\/\/www.blogsoestado.com\/evandrojunior\/2025\/03\/21\/jo-santana-retorna-a-sao-luis-e-prepara-estreia-nacional-do-projeto-fafa-de-belem-o-musical\/\" \/>\n<meta property=\"og:locale\" content=\"pt_BR\" \/>\n<meta property=\"og:type\" content=\"article\" \/>\n<meta property=\"og:title\" content=\"J\u00f4 Santana retorna a S\u00e3o Lu\u00eds e prepara estreia nacional do projeto \u201cFaf\u00e1 de Bel\u00e9m, o Musical\u201d - Evandro Junior\" \/>\n<meta property=\"og:description\" content=\"S\u00c3O LU\u00cdS &#8211; O produtor cultural J\u00f4 Santana est\u00e1 de volta a S\u00e3o Lu\u00eds, onde trabalha nos \u00faltimos detalhes da [&hellip;]\" \/>\n<meta property=\"og:url\" content=\"https:\/\/www.blogsoestado.com\/evandrojunior\/2025\/03\/21\/jo-santana-retorna-a-sao-luis-e-prepara-estreia-nacional-do-projeto-fafa-de-belem-o-musical\/\" \/>\n<meta property=\"og:site_name\" content=\"Evandro Junior\" \/>\n<meta property=\"article:published_time\" content=\"2025-03-21T19:49:36+00:00\" \/>\n<meta property=\"og:image\" content=\"https:\/\/www.blogsoestado.com\/evandrojunior\/wp-content\/uploads\/sites\/3\/2025\/03\/a52d3512-6a80-4c78-949e-5e2c490fa254-768x1024.jpeg\" \/>\n<meta name=\"author\" content=\"Evandro Junior\" \/>\n<meta name=\"twitter:card\" content=\"summary_large_image\" \/>\n<meta name=\"twitter:label1\" content=\"Escrito por\" \/>\n\t<meta name=\"twitter:data1\" content=\"Evandro Junior\" \/>\n\t<meta name=\"twitter:label2\" content=\"Est. tempo de leitura\" \/>\n\t<meta name=\"twitter:data2\" content=\"2 minutos\" \/>\n<script type=\"application\/ld+json\" class=\"yoast-schema-graph\">{\"@context\":\"https:\/\/schema.org\",\"@graph\":[{\"@type\":\"WebPage\",\"@id\":\"https:\/\/www.blogsoestado.com\/evandrojunior\/2025\/03\/21\/jo-santana-retorna-a-sao-luis-e-prepara-estreia-nacional-do-projeto-fafa-de-belem-o-musical\/\",\"url\":\"https:\/\/www.blogsoestado.com\/evandrojunior\/2025\/03\/21\/jo-santana-retorna-a-sao-luis-e-prepara-estreia-nacional-do-projeto-fafa-de-belem-o-musical\/\",\"name\":\"J\u00f4 Santana retorna a S\u00e3o Lu\u00eds e prepara estreia nacional do projeto \u201cFaf\u00e1 de Bel\u00e9m, o Musical\u201d - Evandro Junior\",\"isPartOf\":{\"@id\":\"https:\/\/www.blogsoestado.com\/evandrojunior\/#website\"},\"primaryImageOfPage\":{\"@id\":\"https:\/\/www.blogsoestado.com\/evandrojunior\/2025\/03\/21\/jo-santana-retorna-a-sao-luis-e-prepara-estreia-nacional-do-projeto-fafa-de-belem-o-musical\/#primaryimage\"},\"image\":{\"@id\":\"https:\/\/www.blogsoestado.com\/evandrojunior\/2025\/03\/21\/jo-santana-retorna-a-sao-luis-e-prepara-estreia-nacional-do-projeto-fafa-de-belem-o-musical\/#primaryimage\"},\"thumbnailUrl\":\"https:\/\/www.blogsoestado.com\/evandrojunior\/wp-content\/uploads\/sites\/3\/2025\/03\/a52d3512-6a80-4c78-949e-5e2c490fa254-768x1024.jpeg\",\"datePublished\":\"2025-03-21T19:49:36+00:00\",\"author\":{\"@id\":\"https:\/\/www.blogsoestado.com\/evandrojunior\/#\/schema\/person\/3e6c3d8dbb740d1c6878ebc935cfb3be\"},\"breadcrumb\":{\"@id\":\"https:\/\/www.blogsoestado.com\/evandrojunior\/2025\/03\/21\/jo-santana-retorna-a-sao-luis-e-prepara-estreia-nacional-do-projeto-fafa-de-belem-o-musical\/#breadcrumb\"},\"inLanguage\":\"pt-BR\",\"potentialAction\":[{\"@type\":\"ReadAction\",\"target\":[\"https:\/\/www.blogsoestado.com\/evandrojunior\/2025\/03\/21\/jo-santana-retorna-a-sao-luis-e-prepara-estreia-nacional-do-projeto-fafa-de-belem-o-musical\/\"]}]},{\"@type\":\"ImageObject\",\"inLanguage\":\"pt-BR\",\"@id\":\"https:\/\/www.blogsoestado.com\/evandrojunior\/2025\/03\/21\/jo-santana-retorna-a-sao-luis-e-prepara-estreia-nacional-do-projeto-fafa-de-belem-o-musical\/#primaryimage\",\"url\":\"https:\/\/www.blogsoestado.com\/evandrojunior\/wp-content\/uploads\/sites\/3\/2025\/03\/a52d3512-6a80-4c78-949e-5e2c490fa254.jpeg\",\"contentUrl\":\"https:\/\/www.blogsoestado.com\/evandrojunior\/wp-content\/uploads\/sites\/3\/2025\/03\/a52d3512-6a80-4c78-949e-5e2c490fa254.jpeg\",\"width\":960,\"height\":1280},{\"@type\":\"BreadcrumbList\",\"@id\":\"https:\/\/www.blogsoestado.com\/evandrojunior\/2025\/03\/21\/jo-santana-retorna-a-sao-luis-e-prepara-estreia-nacional-do-projeto-fafa-de-belem-o-musical\/#breadcrumb\",\"itemListElement\":[{\"@type\":\"ListItem\",\"position\":1,\"name\":\"In\u00edcio\",\"item\":\"https:\/\/www.blogsoestado.com\/evandrojunior\/\"},{\"@type\":\"ListItem\",\"position\":2,\"name\":\"J\u00f4 Santana retorna a S\u00e3o Lu\u00eds e prepara estreia nacional do projeto \u201cFaf\u00e1 de Bel\u00e9m, o Musical\u201d\"}]},{\"@type\":\"WebSite\",\"@id\":\"https:\/\/www.blogsoestado.com\/evandrojunior\/#website\",\"url\":\"https:\/\/www.blogsoestado.com\/evandrojunior\/\",\"name\":\"Evandro Junior\",\"description\":\"\",\"potentialAction\":[{\"@type\":\"SearchAction\",\"target\":{\"@type\":\"EntryPoint\",\"urlTemplate\":\"https:\/\/www.blogsoestado.com\/evandrojunior\/?s={search_term_string}\"},\"query-input\":{\"@type\":\"PropertyValueSpecification\",\"valueRequired\":true,\"valueName\":\"search_term_string\"}}],\"inLanguage\":\"pt-BR\"},{\"@type\":\"Person\",\"@id\":\"https:\/\/www.blogsoestado.com\/evandrojunior\/#\/schema\/person\/3e6c3d8dbb740d1c6878ebc935cfb3be\",\"name\":\"Evandro Junior\",\"image\":{\"@type\":\"ImageObject\",\"inLanguage\":\"pt-BR\",\"@id\":\"https:\/\/www.blogsoestado.com\/evandrojunior\/#\/schema\/person\/image\/\",\"url\":\"https:\/\/secure.gravatar.com\/avatar\/f80a03a2294a580cd2318bfb459bf354cfa8be661ef3d95b542cf9a04af8d129?s=96&d=mm&r=g\",\"contentUrl\":\"https:\/\/secure.gravatar.com\/avatar\/f80a03a2294a580cd2318bfb459bf354cfa8be661ef3d95b542cf9a04af8d129?s=96&d=mm&r=g\",\"caption\":\"Evandro Junior\"},\"url\":\"https:\/\/www.blogsoestado.com\/evandrojunior\/author\/evandrojunior\/\"}]}<\/script>\n<!-- \/ Yoast SEO plugin. -->","yoast_head_json":{"title":"J\u00f4 Santana retorna a S\u00e3o Lu\u00eds e prepara estreia nacional do projeto \u201cFaf\u00e1 de Bel\u00e9m, o Musical\u201d - Evandro Junior","robots":{"index":"index","follow":"follow","max-snippet":"max-snippet:-1","max-image-preview":"max-image-preview:large","max-video-preview":"max-video-preview:-1"},"canonical":"https:\/\/www.blogsoestado.com\/evandrojunior\/2025\/03\/21\/jo-santana-retorna-a-sao-luis-e-prepara-estreia-nacional-do-projeto-fafa-de-belem-o-musical\/","og_locale":"pt_BR","og_type":"article","og_title":"J\u00f4 Santana retorna a S\u00e3o Lu\u00eds e prepara estreia nacional do projeto \u201cFaf\u00e1 de Bel\u00e9m, o Musical\u201d - Evandro Junior","og_description":"S\u00c3O LU\u00cdS &#8211; O produtor cultural J\u00f4 Santana est\u00e1 de volta a S\u00e3o Lu\u00eds, onde trabalha nos \u00faltimos detalhes da [&hellip;]","og_url":"https:\/\/www.blogsoestado.com\/evandrojunior\/2025\/03\/21\/jo-santana-retorna-a-sao-luis-e-prepara-estreia-nacional-do-projeto-fafa-de-belem-o-musical\/","og_site_name":"Evandro Junior","article_published_time":"2025-03-21T19:49:36+00:00","og_image":[{"url":"https:\/\/www.blogsoestado.com\/evandrojunior\/wp-content\/uploads\/sites\/3\/2025\/03\/a52d3512-6a80-4c78-949e-5e2c490fa254-768x1024.jpeg","type":"","width":"","height":""}],"author":"Evandro Junior","twitter_card":"summary_large_image","twitter_misc":{"Escrito por":"Evandro Junior","Est. tempo de leitura":"2 minutos"},"schema":{"@context":"https:\/\/schema.org","@graph":[{"@type":"WebPage","@id":"https:\/\/www.blogsoestado.com\/evandrojunior\/2025\/03\/21\/jo-santana-retorna-a-sao-luis-e-prepara-estreia-nacional-do-projeto-fafa-de-belem-o-musical\/","url":"https:\/\/www.blogsoestado.com\/evandrojunior\/2025\/03\/21\/jo-santana-retorna-a-sao-luis-e-prepara-estreia-nacional-do-projeto-fafa-de-belem-o-musical\/","name":"J\u00f4 Santana retorna a S\u00e3o Lu\u00eds e prepara estreia nacional do projeto \u201cFaf\u00e1 de Bel\u00e9m, o Musical\u201d - Evandro Junior","isPartOf":{"@id":"https:\/\/www.blogsoestado.com\/evandrojunior\/#website"},"primaryImageOfPage":{"@id":"https:\/\/www.blogsoestado.com\/evandrojunior\/2025\/03\/21\/jo-santana-retorna-a-sao-luis-e-prepara-estreia-nacional-do-projeto-fafa-de-belem-o-musical\/#primaryimage"},"image":{"@id":"https:\/\/www.blogsoestado.com\/evandrojunior\/2025\/03\/21\/jo-santana-retorna-a-sao-luis-e-prepara-estreia-nacional-do-projeto-fafa-de-belem-o-musical\/#primaryimage"},"thumbnailUrl":"https:\/\/www.blogsoestado.com\/evandrojunior\/wp-content\/uploads\/sites\/3\/2025\/03\/a52d3512-6a80-4c78-949e-5e2c490fa254-768x1024.jpeg","datePublished":"2025-03-21T19:49:36+00:00","author":{"@id":"https:\/\/www.blogsoestado.com\/evandrojunior\/#\/schema\/person\/3e6c3d8dbb740d1c6878ebc935cfb3be"},"breadcrumb":{"@id":"https:\/\/www.blogsoestado.com\/evandrojunior\/2025\/03\/21\/jo-santana-retorna-a-sao-luis-e-prepara-estreia-nacional-do-projeto-fafa-de-belem-o-musical\/#breadcrumb"},"inLanguage":"pt-BR","potentialAction":[{"@type":"ReadAction","target":["https:\/\/www.blogsoestado.com\/evandrojunior\/2025\/03\/21\/jo-santana-retorna-a-sao-luis-e-prepara-estreia-nacional-do-projeto-fafa-de-belem-o-musical\/"]}]},{"@type":"ImageObject","inLanguage":"pt-BR","@id":"https:\/\/www.blogsoestado.com\/evandrojunior\/2025\/03\/21\/jo-santana-retorna-a-sao-luis-e-prepara-estreia-nacional-do-projeto-fafa-de-belem-o-musical\/#primaryimage","url":"https:\/\/www.blogsoestado.com\/evandrojunior\/wp-content\/uploads\/sites\/3\/2025\/03\/a52d3512-6a80-4c78-949e-5e2c490fa254.jpeg","contentUrl":"https:\/\/www.blogsoestado.com\/evandrojunior\/wp-content\/uploads\/sites\/3\/2025\/03\/a52d3512-6a80-4c78-949e-5e2c490fa254.jpeg","width":960,"height":1280},{"@type":"BreadcrumbList","@id":"https:\/\/www.blogsoestado.com\/evandrojunior\/2025\/03\/21\/jo-santana-retorna-a-sao-luis-e-prepara-estreia-nacional-do-projeto-fafa-de-belem-o-musical\/#breadcrumb","itemListElement":[{"@type":"ListItem","position":1,"name":"In\u00edcio","item":"https:\/\/www.blogsoestado.com\/evandrojunior\/"},{"@type":"ListItem","position":2,"name":"J\u00f4 Santana retorna a S\u00e3o Lu\u00eds e prepara estreia nacional do projeto \u201cFaf\u00e1 de Bel\u00e9m, o Musical\u201d"}]},{"@type":"WebSite","@id":"https:\/\/www.blogsoestado.com\/evandrojunior\/#website","url":"https:\/\/www.blogsoestado.com\/evandrojunior\/","name":"Evandro Junior","description":"","potentialAction":[{"@type":"SearchAction","target":{"@type":"EntryPoint","urlTemplate":"https:\/\/www.blogsoestado.com\/evandrojunior\/?s={search_term_string}"},"query-input":{"@type":"PropertyValueSpecification","valueRequired":true,"valueName":"search_term_string"}}],"inLanguage":"pt-BR"},{"@type":"Person","@id":"https:\/\/www.blogsoestado.com\/evandrojunior\/#\/schema\/person\/3e6c3d8dbb740d1c6878ebc935cfb3be","name":"Evandro Junior","image":{"@type":"ImageObject","inLanguage":"pt-BR","@id":"https:\/\/www.blogsoestado.com\/evandrojunior\/#\/schema\/person\/image\/","url":"https:\/\/secure.gravatar.com\/avatar\/f80a03a2294a580cd2318bfb459bf354cfa8be661ef3d95b542cf9a04af8d129?s=96&d=mm&r=g","contentUrl":"https:\/\/secure.gravatar.com\/avatar\/f80a03a2294a580cd2318bfb459bf354cfa8be661ef3d95b542cf9a04af8d129?s=96&d=mm&r=g","caption":"Evandro Junior"},"url":"https:\/\/www.blogsoestado.com\/evandrojunior\/author\/evandrojunior\/"}]}},"jetpack_featured_media_url":"","_links":{"self":[{"href":"https:\/\/www.blogsoestado.com\/evandrojunior\/wp-json\/wp\/v2\/posts\/14915","targetHints":{"allow":["GET"]}}],"collection":[{"href":"https:\/\/www.blogsoestado.com\/evandrojunior\/wp-json\/wp\/v2\/posts"}],"about":[{"href":"https:\/\/www.blogsoestado.com\/evandrojunior\/wp-json\/wp\/v2\/types\/post"}],"author":[{"embeddable":true,"href":"https:\/\/www.blogsoestado.com\/evandrojunior\/wp-json\/wp\/v2\/users\/4"}],"replies":[{"embeddable":true,"href":"https:\/\/www.blogsoestado.com\/evandrojunior\/wp-json\/wp\/v2\/comments?post=14915"}],"version-history":[{"count":0,"href":"https:\/\/www.blogsoestado.com\/evandrojunior\/wp-json\/wp\/v2\/posts\/14915\/revisions"}],"wp:attachment":[{"href":"https:\/\/www.blogsoestado.com\/evandrojunior\/wp-json\/wp\/v2\/media?parent=14915"}],"wp:term":[{"taxonomy":"category","embeddable":true,"href":"https:\/\/www.blogsoestado.com\/evandrojunior\/wp-json\/wp\/v2\/categories?post=14915"},{"taxonomy":"post_tag","embeddable":true,"href":"https:\/\/www.blogsoestado.com\/evandrojunior\/wp-json\/wp\/v2\/tags?post=14915"}],"curies":[{"name":"wp","href":"https:\/\/api.w.org\/{rel}","templated":true}]}}