{"id":14920,"date":"2025-03-23T12:18:07","date_gmt":"2025-03-23T15:18:07","guid":{"rendered":"https:\/\/www.blogsoestado.com\/evandrojunior\/?p=14920"},"modified":"2025-03-23T12:18:07","modified_gmt":"2025-03-23T15:18:07","slug":"granorte-reune-empresarios-de-bacabeira-para-discutir-desenvolvimento-do-ma","status":"publish","type":"post","link":"https:\/\/www.blogsoestado.com\/evandrojunior\/2025\/03\/23\/granorte-reune-empresarios-de-bacabeira-para-discutir-desenvolvimento-do-ma\/","title":{"rendered":"Granorte re\u00fane empres\u00e1rios de Bacabeira para discutir desenvolvimento do MA"},"content":{"rendered":"\n<div class=\"wp-block-image\"><figure class=\"aligncenter size-large is-resized\"><img fetchpriority=\"high\" decoding=\"async\" src=\"https:\/\/www.blogsoestado.com\/evandrojunior\/files\/2025\/03\/IMG_2030-1024x768.jpeg\" alt=\"\" class=\"wp-image-14921\" width=\"454\" height=\"341\"\/><figcaption><strong>Granorte reuniu empres\u00e1rios com atua\u00e7\u00e3o em Bacabeira para discutir desenvolvimento da regi\u00e3o e do estado<\/strong><\/figcaption><\/figure><\/div>\n\n\n\n<p><strong>S\u00c3O LU\u00cdS<\/strong> &#8211; A Granorte reuniu empres\u00e1rios que atuam no munic\u00edpio de Bacabeira (MA) para discutir os investimentos realizados a partir da instala\u00e7\u00e3o da Zona de Processamento de Exporta\u00e7\u00e3o do Maranh\u00e3o (ZPE). A iniciativa do governo estadual a partir de um programa do governo federal vai impactar no futuro do munic\u00edpio e do estado como um todo. O evento foi realizado na sexta-feira (21), no restaurante CAV, no Calhau, com a presen\u00e7a do diretor da empresa, Jos\u00e9 Carlos Salgueiro, do presidente da ZPE\/MA, Pedro Rocha Dantas Neto, e da prefeita de Bacabeira, Naila Gon\u00e7alo.<\/p>\n\n\n\n<div class=\"wp-block-image\"><figure class=\"aligncenter size-large is-resized\"><img decoding=\"async\" src=\"https:\/\/www.blogsoestado.com\/evandrojunior\/files\/2025\/03\/IMG_2035-1024x768.jpeg\" alt=\"\" class=\"wp-image-14923\" width=\"496\" height=\"372\"\/><figcaption><strong>Diretor da Granorte, Jos\u00e9 Carlos Salgueiro (dir.) com Pedro Rocha Dantas Neto, Guga Fernandes e a prefeita de Bacabeira, Naila Gon\u00e7alo<\/strong><\/figcaption><\/figure><\/div>\n\n\n\n<p>&#8220;Nosso objetivo foi reunir grandes empres\u00e1rios da regi\u00e3o de Bacabeira em uma roda de conversa para discutir iniciativas que contribuir\u00e3o para o desenvolvimento da regi\u00e3o e do Maranh\u00e3o. Um dos pontos principais desse encontro foi a instala\u00e7\u00e3o da ZPE, para que todos possam entender os desdobramentos desse projeto e a realidade que viveremos nos pr\u00f3ximos anos, uma vez que, obviamente, todos ganhar\u00e3o e, ao mesmo tempo, ir\u00e3o poder contribuir para melhorar a vida da nossa popula\u00e7\u00e3o&#8221;, disse a diretora de Opera\u00e7\u00f5es da Granorte, engenheira de minas Ana Paula Viera. <\/p>\n\n\n\n<p>Os empres\u00e1rios discutiram a grande visibilidade que o Maranh\u00e3o ter\u00e1 com a implanta\u00e7\u00e3o da zona de livre com\u00e9rcio do Maranh\u00e3o, que permitir\u00e1 a instala\u00e7\u00e3o de diversos projetos industriais. Eles tamb\u00e9m acompanharam a explana\u00e7\u00e3o da empres\u00e1ria Guga Fernandes, representante da Oil Group no Brasil, especializado em petr\u00f3leo e que instalar\u00e1 uma refinaria em Bacabeira, sendo este o primeiro projeto aprovado para a ZPE do munic\u00edpio. A refinaria vai cobrir 8 milh\u00f5es de metros quadrados de \u00e1rea e ter\u00e1 heliporto, refeit\u00f3rio, ramal ferrovi\u00e1rio pr\u00f3prio e espa\u00e7o para eventos.&nbsp;<\/p>\n\n\n\n<div class=\"wp-block-image\"><figure class=\"aligncenter size-large is-resized\"><img decoding=\"async\" src=\"https:\/\/www.blogsoestado.com\/evandrojunior\/wp-content\/uploads\/sites\/3\/2025\/03\/IMG_2040-scaled-1.jpeg\" alt=\"\" class=\"wp-image-14924\" width=\"411\" height=\"549\" srcset=\"https:\/\/www.blogsoestado.com\/evandrojunior\/wp-content\/uploads\/sites\/3\/2025\/03\/IMG_2040-scaled-1.jpeg 1920w, https:\/\/www.blogsoestado.com\/evandrojunior\/wp-content\/uploads\/sites\/3\/2025\/03\/IMG_2040-scaled-1-225x300.jpeg 225w, https:\/\/www.blogsoestado.com\/evandrojunior\/wp-content\/uploads\/sites\/3\/2025\/03\/IMG_2040-scaled-1-768x1024.jpeg 768w, https:\/\/www.blogsoestado.com\/evandrojunior\/wp-content\/uploads\/sites\/3\/2025\/03\/IMG_2040-scaled-1-1152x1536.jpeg 1152w, https:\/\/www.blogsoestado.com\/evandrojunior\/wp-content\/uploads\/sites\/3\/2025\/03\/IMG_2040-scaled-1-1536x2048.jpeg 1536w\" sizes=\"(max-width: 411px) 100vw, 411px\" \/><figcaption><strong>A diretora de Opera\u00e7\u00f5es da Granorte, Ana Paula Vieira, entre Mayara Learte (Comercial Granorte), Marynalda Ferreira (administrativo Granorte), Wesllyanny Bruna Costa, propriet\u00e1ria da WB Engenharia, a prefeita de Bacabeira, Naila Gon\u00e7alo, e a empres\u00e1ria Guga Fernandes <\/strong><\/figcaption><\/figure><\/div>\n\n\n\n<p>&#8220;\u00c9 um projeto que ficar\u00e1 pronto em 2027, trazendo crescimento econ\u00f4mico e financeiro para o Maranh\u00e3o, bem como dando visibilidade ao estado, pois ser\u00e1 a primeira refinaria modular do Brasil. \u00c9 uma tecnologia francesa que outros pa\u00edses j\u00e1 usam. A capacidade, na primeira opera\u00e7\u00e3o, ser\u00e1 de 50 mil barris por dia, e na expans\u00e3o, de mais 30 mil. Vamos fabricar petr\u00f3leo para abastecimento de navios e avi\u00f5es, al\u00e9m de combust\u00edvel para automotores&#8221;, frisou Guga Fernandes.<\/p>\n\n\n\n<p>A refinaria da Oil Group vai gerar subprodutos para abastecer 16 ind\u00fastrias sat\u00e9lites. A empresa est\u00e1 conhecendo o mercado e conversando com os empres\u00e1rios maranhenses, uma vez que, conforme seu conv\u00eanio com o governo estadual e o acordo firmado com a Prefeitura de Bacabeira, a prioridade ser\u00e1 dada \u00e0s ind\u00fastrias locais, inclusive com um programa de capacita\u00e7\u00e3o de m\u00e3o de obra.<\/p>\n\n\n\n<p> J\u00falio Barros, da Sider\u00fargica Margusa, participou do encontro e se mostrou otimista com os investimentos. &#8220;\u00c9 uma grande expectativa, n\u00e3o somente para Bacabeira, mas para todo o Maranh\u00e3o. No caso da Margusa, todo nosso produto \u00e9 exportado e, embora n\u00e3o estejamos na ZPE, sabemos que vamos nos beneficiar indiretamente, pois iremos fornecer para outras empresas&#8221;, disse.<\/p>\n\n\n\n<p>Representante da empresa Cimento Itaqui, o empres\u00e1rio F\u00e1bio Couto frisou que o Maranh\u00e3o \u00e9 um estado com um grande potencial. &#8220;O que falta \u00e9 visibilidade e protagonismo. Logo, um projeto dessa envergadura pode virar esse jogo, colocando o Maranh\u00e3o entre os estados mais desenvolvidos. Isso movimenta muito a economia. Independente de as empresas estarem ou n\u00e3o diretamente na ZPE, todas ser\u00e3o beneficiadas de alguma maneira&#8221;, frisou.<\/p>\n\n\n\n<p>O presidente da ZPE\/MA, Pedro Rocha Dantas Neto, entre outras coisas, revelou que j\u00e1 h\u00e1 R$ 40 bilh\u00f5es de investimentos garantidos e que devem ser gerados cerca de 15 mil empregos. Ele destacou que, a cada ano que passa, o Maranh\u00e3o ganha novas oportunidades, pois o estado acompanha o que est\u00e1 acontecendo no Brasil e no mundo. Ele mencionou, por exemplo, a quest\u00e3o da renova\u00e7\u00e3o energ\u00e9tica, a evolu\u00e7\u00e3o do processo de produ\u00e7\u00e3o do a\u00e7o, a partir de tecnologias n\u00e3o poluidoras, e o desenvolvimento no campo do agroneg\u00f3cio. <\/p>\n\n\n\n<p>&#8220;Os primeiros projetos j\u00e1 demonstram que podemos estar investindo nos pr\u00f3ximos anos entre R$ 30 a 40 bilh\u00f5es de iniciativa privada. Temos muitos outros em an\u00e1lises ou em consulta pr\u00e9via. S\u00e3o iniciativas ainda mais impactantes do que as que j\u00e1 est\u00e3o confirmadas e em andamento. Alguns projetos est\u00e3o em an\u00e1lise no Conselho Nacional das ZPEs&#8221;, disse Pedro Rocha Dantas Neto. <\/p>\n\n\n\n<p>Naila Gon\u00e7alo, prefeita de Bacabeira, participou do encontro e ressaltou que a expectativa do munic\u00edpio \u00e9 alta em torno da ZPE. &#8220;N\u00f3s estamos muito entusiasmados e esperan\u00e7osos com rela\u00e7\u00e3o a esses projetos, que ser\u00e3o um virada de chave no munic\u00edpio de Bacabeira, pois ser\u00e3o importantes para o desenvolvimento da nossa cidade e do Maranh\u00e3o, gerando oportunidades de emprego e investimentos&#8221;.<\/p>\n","protected":false},"excerpt":{"rendered":"<p>S\u00c3O LU\u00cdS &#8211; A Granorte reuniu empres\u00e1rios que atuam no munic\u00edpio de Bacabeira (MA) para discutir os investimentos realizados a [&hellip;]<\/p>\n","protected":false},"author":4,"featured_media":0,"comment_status":"open","ping_status":"open","sticky":false,"template":"","format":"standard","meta":{"site-sidebar-layout":"default","site-content-layout":"","ast-site-content-layout":"default","site-content-style":"default","site-sidebar-style":"default","ast-global-header-display":"","ast-banner-title-visibility":"","ast-main-header-display":"","ast-hfb-above-header-display":"","ast-hfb-below-header-display":"","ast-hfb-mobile-header-display":"","site-post-title":"","ast-breadcrumbs-content":"","ast-featured-img":"","footer-sml-layout":"","ast-disable-related-posts":"","theme-transparent-header-meta":"","adv-header-id-meta":"","stick-header-meta":"","header-above-stick-meta":"","header-main-stick-meta":"","header-below-stick-meta":"","astra-migrate-meta-layouts":"default","ast-page-background-enabled":"default","ast-page-background-meta":{"desktop":{"background-color":"var(--ast-global-color-5)","background-image":"","background-repeat":"repeat","background-position":"center center","background-size":"auto","background-attachment":"scroll","background-type":"","background-media":"","overlay-type":"","overlay-color":"","overlay-opacity":"","overlay-gradient":""},"tablet":{"background-color":"","background-image":"","background-repeat":"repeat","background-position":"center center","background-size":"auto","background-attachment":"scroll","background-type":"","background-media":"","overlay-type":"","overlay-color":"","overlay-opacity":"","overlay-gradient":""},"mobile":{"background-color":"","background-image":"","background-repeat":"repeat","background-position":"center center","background-size":"auto","background-attachment":"scroll","background-type":"","background-media":"","overlay-type":"","overlay-color":"","overlay-opacity":"","overlay-gradient":""}},"ast-content-background-meta":{"desktop":{"background-color":"var(--ast-global-color-4)","background-image":"","background-repeat":"repeat","background-position":"center center","background-size":"auto","background-attachment":"scroll","background-type":"","background-media":"","overlay-type":"","overlay-color":"","overlay-opacity":"","overlay-gradient":""},"tablet":{"background-color":"var(--ast-global-color-4)","background-image":"","background-repeat":"repeat","background-position":"center center","background-size":"auto","background-attachment":"scroll","background-type":"","background-media":"","overlay-type":"","overlay-color":"","overlay-opacity":"","overlay-gradient":""},"mobile":{"background-color":"var(--ast-global-color-4)","background-image":"","background-repeat":"repeat","background-position":"center center","background-size":"auto","background-attachment":"scroll","background-type":"","background-media":"","overlay-type":"","overlay-color":"","overlay-opacity":"","overlay-gradient":""}},"footnotes":""},"categories":[1],"tags":[],"class_list":["post-14920","post","type-post","status-publish","format-standard","hentry","category-sem-categoria"],"yoast_head":"<!-- This site is optimized with the Yoast SEO plugin v26.6 - https:\/\/yoast.com\/wordpress\/plugins\/seo\/ -->\n<title>Granorte re\u00fane empres\u00e1rios de Bacabeira para discutir desenvolvimento do MA - Evandro Junior<\/title>\n<meta name=\"robots\" content=\"index, follow, max-snippet:-1, max-image-preview:large, max-video-preview:-1\" \/>\n<link rel=\"canonical\" href=\"https:\/\/www.blogsoestado.com\/evandrojunior\/2025\/03\/23\/granorte-reune-empresarios-de-bacabeira-para-discutir-desenvolvimento-do-ma\/\" \/>\n<meta property=\"og:locale\" content=\"pt_BR\" \/>\n<meta property=\"og:type\" content=\"article\" \/>\n<meta property=\"og:title\" content=\"Granorte re\u00fane empres\u00e1rios de Bacabeira para discutir desenvolvimento do MA - Evandro Junior\" \/>\n<meta property=\"og:description\" content=\"S\u00c3O LU\u00cdS &#8211; A Granorte reuniu empres\u00e1rios que atuam no munic\u00edpio de Bacabeira (MA) para discutir os investimentos realizados a [&hellip;]\" \/>\n<meta property=\"og:url\" content=\"https:\/\/www.blogsoestado.com\/evandrojunior\/2025\/03\/23\/granorte-reune-empresarios-de-bacabeira-para-discutir-desenvolvimento-do-ma\/\" \/>\n<meta property=\"og:site_name\" content=\"Evandro Junior\" \/>\n<meta property=\"article:published_time\" content=\"2025-03-23T15:18:07+00:00\" \/>\n<meta property=\"og:image\" content=\"https:\/\/www.blogsoestado.com\/evandrojunior\/files\/2025\/03\/IMG_2030-1024x768.jpeg\" \/>\n<meta name=\"author\" content=\"Evandro Junior\" \/>\n<meta name=\"twitter:card\" content=\"summary_large_image\" \/>\n<meta name=\"twitter:label1\" content=\"Escrito por\" \/>\n\t<meta name=\"twitter:data1\" content=\"Evandro Junior\" \/>\n\t<meta name=\"twitter:label2\" content=\"Est. tempo de leitura\" \/>\n\t<meta name=\"twitter:data2\" content=\"5 minutos\" \/>\n<script type=\"application\/ld+json\" class=\"yoast-schema-graph\">{\"@context\":\"https:\/\/schema.org\",\"@graph\":[{\"@type\":\"WebPage\",\"@id\":\"https:\/\/www.blogsoestado.com\/evandrojunior\/2025\/03\/23\/granorte-reune-empresarios-de-bacabeira-para-discutir-desenvolvimento-do-ma\/\",\"url\":\"https:\/\/www.blogsoestado.com\/evandrojunior\/2025\/03\/23\/granorte-reune-empresarios-de-bacabeira-para-discutir-desenvolvimento-do-ma\/\",\"name\":\"Granorte re\u00fane empres\u00e1rios de Bacabeira para discutir desenvolvimento do MA - Evandro Junior\",\"isPartOf\":{\"@id\":\"https:\/\/www.blogsoestado.com\/evandrojunior\/#website\"},\"primaryImageOfPage\":{\"@id\":\"https:\/\/www.blogsoestado.com\/evandrojunior\/2025\/03\/23\/granorte-reune-empresarios-de-bacabeira-para-discutir-desenvolvimento-do-ma\/#primaryimage\"},\"image\":{\"@id\":\"https:\/\/www.blogsoestado.com\/evandrojunior\/2025\/03\/23\/granorte-reune-empresarios-de-bacabeira-para-discutir-desenvolvimento-do-ma\/#primaryimage\"},\"thumbnailUrl\":\"https:\/\/www.blogsoestado.com\/evandrojunior\/files\/2025\/03\/IMG_2030-1024x768.jpeg\",\"datePublished\":\"2025-03-23T15:18:07+00:00\",\"author\":{\"@id\":\"https:\/\/www.blogsoestado.com\/evandrojunior\/#\/schema\/person\/3e6c3d8dbb740d1c6878ebc935cfb3be\"},\"breadcrumb\":{\"@id\":\"https:\/\/www.blogsoestado.com\/evandrojunior\/2025\/03\/23\/granorte-reune-empresarios-de-bacabeira-para-discutir-desenvolvimento-do-ma\/#breadcrumb\"},\"inLanguage\":\"pt-BR\",\"potentialAction\":[{\"@type\":\"ReadAction\",\"target\":[\"https:\/\/www.blogsoestado.com\/evandrojunior\/2025\/03\/23\/granorte-reune-empresarios-de-bacabeira-para-discutir-desenvolvimento-do-ma\/\"]}]},{\"@type\":\"ImageObject\",\"inLanguage\":\"pt-BR\",\"@id\":\"https:\/\/www.blogsoestado.com\/evandrojunior\/2025\/03\/23\/granorte-reune-empresarios-de-bacabeira-para-discutir-desenvolvimento-do-ma\/#primaryimage\",\"url\":\"https:\/\/www.blogsoestado.com\/evandrojunior\/files\/2025\/03\/IMG_2030-1024x768.jpeg\",\"contentUrl\":\"https:\/\/www.blogsoestado.com\/evandrojunior\/files\/2025\/03\/IMG_2030-1024x768.jpeg\"},{\"@type\":\"BreadcrumbList\",\"@id\":\"https:\/\/www.blogsoestado.com\/evandrojunior\/2025\/03\/23\/granorte-reune-empresarios-de-bacabeira-para-discutir-desenvolvimento-do-ma\/#breadcrumb\",\"itemListElement\":[{\"@type\":\"ListItem\",\"position\":1,\"name\":\"In\u00edcio\",\"item\":\"https:\/\/www.blogsoestado.com\/evandrojunior\/\"},{\"@type\":\"ListItem\",\"position\":2,\"name\":\"Granorte re\u00fane empres\u00e1rios de Bacabeira para discutir desenvolvimento do MA\"}]},{\"@type\":\"WebSite\",\"@id\":\"https:\/\/www.blogsoestado.com\/evandrojunior\/#website\",\"url\":\"https:\/\/www.blogsoestado.com\/evandrojunior\/\",\"name\":\"Evandro Junior\",\"description\":\"\",\"potentialAction\":[{\"@type\":\"SearchAction\",\"target\":{\"@type\":\"EntryPoint\",\"urlTemplate\":\"https:\/\/www.blogsoestado.com\/evandrojunior\/?s={search_term_string}\"},\"query-input\":{\"@type\":\"PropertyValueSpecification\",\"valueRequired\":true,\"valueName\":\"search_term_string\"}}],\"inLanguage\":\"pt-BR\"},{\"@type\":\"Person\",\"@id\":\"https:\/\/www.blogsoestado.com\/evandrojunior\/#\/schema\/person\/3e6c3d8dbb740d1c6878ebc935cfb3be\",\"name\":\"Evandro Junior\",\"image\":{\"@type\":\"ImageObject\",\"inLanguage\":\"pt-BR\",\"@id\":\"https:\/\/www.blogsoestado.com\/evandrojunior\/#\/schema\/person\/image\/\",\"url\":\"https:\/\/secure.gravatar.com\/avatar\/f80a03a2294a580cd2318bfb459bf354cfa8be661ef3d95b542cf9a04af8d129?s=96&d=mm&r=g\",\"contentUrl\":\"https:\/\/secure.gravatar.com\/avatar\/f80a03a2294a580cd2318bfb459bf354cfa8be661ef3d95b542cf9a04af8d129?s=96&d=mm&r=g\",\"caption\":\"Evandro Junior\"},\"url\":\"https:\/\/www.blogsoestado.com\/evandrojunior\/author\/evandrojunior\/\"}]}<\/script>\n<!-- \/ Yoast SEO plugin. -->","yoast_head_json":{"title":"Granorte re\u00fane empres\u00e1rios de Bacabeira para discutir desenvolvimento do MA - Evandro Junior","robots":{"index":"index","follow":"follow","max-snippet":"max-snippet:-1","max-image-preview":"max-image-preview:large","max-video-preview":"max-video-preview:-1"},"canonical":"https:\/\/www.blogsoestado.com\/evandrojunior\/2025\/03\/23\/granorte-reune-empresarios-de-bacabeira-para-discutir-desenvolvimento-do-ma\/","og_locale":"pt_BR","og_type":"article","og_title":"Granorte re\u00fane empres\u00e1rios de Bacabeira para discutir desenvolvimento do MA - Evandro Junior","og_description":"S\u00c3O LU\u00cdS &#8211; A Granorte reuniu empres\u00e1rios que atuam no munic\u00edpio de Bacabeira (MA) para discutir os investimentos realizados a [&hellip;]","og_url":"https:\/\/www.blogsoestado.com\/evandrojunior\/2025\/03\/23\/granorte-reune-empresarios-de-bacabeira-para-discutir-desenvolvimento-do-ma\/","og_site_name":"Evandro Junior","article_published_time":"2025-03-23T15:18:07+00:00","og_image":[{"url":"https:\/\/www.blogsoestado.com\/evandrojunior\/files\/2025\/03\/IMG_2030-1024x768.jpeg","type":"","width":"","height":""}],"author":"Evandro Junior","twitter_card":"summary_large_image","twitter_misc":{"Escrito por":"Evandro Junior","Est. tempo de leitura":"5 minutos"},"schema":{"@context":"https:\/\/schema.org","@graph":[{"@type":"WebPage","@id":"https:\/\/www.blogsoestado.com\/evandrojunior\/2025\/03\/23\/granorte-reune-empresarios-de-bacabeira-para-discutir-desenvolvimento-do-ma\/","url":"https:\/\/www.blogsoestado.com\/evandrojunior\/2025\/03\/23\/granorte-reune-empresarios-de-bacabeira-para-discutir-desenvolvimento-do-ma\/","name":"Granorte re\u00fane empres\u00e1rios de Bacabeira para discutir desenvolvimento do MA - Evandro Junior","isPartOf":{"@id":"https:\/\/www.blogsoestado.com\/evandrojunior\/#website"},"primaryImageOfPage":{"@id":"https:\/\/www.blogsoestado.com\/evandrojunior\/2025\/03\/23\/granorte-reune-empresarios-de-bacabeira-para-discutir-desenvolvimento-do-ma\/#primaryimage"},"image":{"@id":"https:\/\/www.blogsoestado.com\/evandrojunior\/2025\/03\/23\/granorte-reune-empresarios-de-bacabeira-para-discutir-desenvolvimento-do-ma\/#primaryimage"},"thumbnailUrl":"https:\/\/www.blogsoestado.com\/evandrojunior\/files\/2025\/03\/IMG_2030-1024x768.jpeg","datePublished":"2025-03-23T15:18:07+00:00","author":{"@id":"https:\/\/www.blogsoestado.com\/evandrojunior\/#\/schema\/person\/3e6c3d8dbb740d1c6878ebc935cfb3be"},"breadcrumb":{"@id":"https:\/\/www.blogsoestado.com\/evandrojunior\/2025\/03\/23\/granorte-reune-empresarios-de-bacabeira-para-discutir-desenvolvimento-do-ma\/#breadcrumb"},"inLanguage":"pt-BR","potentialAction":[{"@type":"ReadAction","target":["https:\/\/www.blogsoestado.com\/evandrojunior\/2025\/03\/23\/granorte-reune-empresarios-de-bacabeira-para-discutir-desenvolvimento-do-ma\/"]}]},{"@type":"ImageObject","inLanguage":"pt-BR","@id":"https:\/\/www.blogsoestado.com\/evandrojunior\/2025\/03\/23\/granorte-reune-empresarios-de-bacabeira-para-discutir-desenvolvimento-do-ma\/#primaryimage","url":"https:\/\/www.blogsoestado.com\/evandrojunior\/files\/2025\/03\/IMG_2030-1024x768.jpeg","contentUrl":"https:\/\/www.blogsoestado.com\/evandrojunior\/files\/2025\/03\/IMG_2030-1024x768.jpeg"},{"@type":"BreadcrumbList","@id":"https:\/\/www.blogsoestado.com\/evandrojunior\/2025\/03\/23\/granorte-reune-empresarios-de-bacabeira-para-discutir-desenvolvimento-do-ma\/#breadcrumb","itemListElement":[{"@type":"ListItem","position":1,"name":"In\u00edcio","item":"https:\/\/www.blogsoestado.com\/evandrojunior\/"},{"@type":"ListItem","position":2,"name":"Granorte re\u00fane empres\u00e1rios de Bacabeira para discutir desenvolvimento do MA"}]},{"@type":"WebSite","@id":"https:\/\/www.blogsoestado.com\/evandrojunior\/#website","url":"https:\/\/www.blogsoestado.com\/evandrojunior\/","name":"Evandro Junior","description":"","potentialAction":[{"@type":"SearchAction","target":{"@type":"EntryPoint","urlTemplate":"https:\/\/www.blogsoestado.com\/evandrojunior\/?s={search_term_string}"},"query-input":{"@type":"PropertyValueSpecification","valueRequired":true,"valueName":"search_term_string"}}],"inLanguage":"pt-BR"},{"@type":"Person","@id":"https:\/\/www.blogsoestado.com\/evandrojunior\/#\/schema\/person\/3e6c3d8dbb740d1c6878ebc935cfb3be","name":"Evandro Junior","image":{"@type":"ImageObject","inLanguage":"pt-BR","@id":"https:\/\/www.blogsoestado.com\/evandrojunior\/#\/schema\/person\/image\/","url":"https:\/\/secure.gravatar.com\/avatar\/f80a03a2294a580cd2318bfb459bf354cfa8be661ef3d95b542cf9a04af8d129?s=96&d=mm&r=g","contentUrl":"https:\/\/secure.gravatar.com\/avatar\/f80a03a2294a580cd2318bfb459bf354cfa8be661ef3d95b542cf9a04af8d129?s=96&d=mm&r=g","caption":"Evandro Junior"},"url":"https:\/\/www.blogsoestado.com\/evandrojunior\/author\/evandrojunior\/"}]}},"jetpack_featured_media_url":"","_links":{"self":[{"href":"https:\/\/www.blogsoestado.com\/evandrojunior\/wp-json\/wp\/v2\/posts\/14920","targetHints":{"allow":["GET"]}}],"collection":[{"href":"https:\/\/www.blogsoestado.com\/evandrojunior\/wp-json\/wp\/v2\/posts"}],"about":[{"href":"https:\/\/www.blogsoestado.com\/evandrojunior\/wp-json\/wp\/v2\/types\/post"}],"author":[{"embeddable":true,"href":"https:\/\/www.blogsoestado.com\/evandrojunior\/wp-json\/wp\/v2\/users\/4"}],"replies":[{"embeddable":true,"href":"https:\/\/www.blogsoestado.com\/evandrojunior\/wp-json\/wp\/v2\/comments?post=14920"}],"version-history":[{"count":0,"href":"https:\/\/www.blogsoestado.com\/evandrojunior\/wp-json\/wp\/v2\/posts\/14920\/revisions"}],"wp:attachment":[{"href":"https:\/\/www.blogsoestado.com\/evandrojunior\/wp-json\/wp\/v2\/media?parent=14920"}],"wp:term":[{"taxonomy":"category","embeddable":true,"href":"https:\/\/www.blogsoestado.com\/evandrojunior\/wp-json\/wp\/v2\/categories?post=14920"},{"taxonomy":"post_tag","embeddable":true,"href":"https:\/\/www.blogsoestado.com\/evandrojunior\/wp-json\/wp\/v2\/tags?post=14920"}],"curies":[{"name":"wp","href":"https:\/\/api.w.org\/{rel}","templated":true}]}}