{"id":14929,"date":"2025-03-24T07:51:06","date_gmt":"2025-03-24T10:51:06","guid":{"rendered":"https:\/\/www.blogsoestado.com\/evandrojunior\/?p=14929"},"modified":"2025-03-24T07:51:06","modified_gmt":"2025-03-24T10:51:06","slug":"todas-as-escolas-publicas-terao-internet-de-qualidade-ate-2026-diz-juscelino-filho","status":"publish","type":"post","link":"https:\/\/www.blogsoestado.com\/evandrojunior\/2025\/03\/24\/todas-as-escolas-publicas-terao-internet-de-qualidade-ate-2026-diz-juscelino-filho\/","title":{"rendered":"Todas as escolas p\u00fablicas ter\u00e3o internet de qualidade at\u00e9 2026, diz Juscelino Filho"},"content":{"rendered":"\n<div class=\"wp-block-image\"><figure class=\"aligncenter size-large is-resized\"><img fetchpriority=\"high\" decoding=\"async\" src=\"https:\/\/www.blogsoestado.com\/evandrojunior\/wp-content\/uploads\/sites\/3\/2025\/03\/WhatsApp-Image-2025-03-24-at-07.47.49-1024x684.jpeg\" alt=\"\" class=\"wp-image-14930\" width=\"570\" height=\"381\" srcset=\"https:\/\/www.blogsoestado.com\/evandrojunior\/wp-content\/uploads\/sites\/3\/2025\/03\/WhatsApp-Image-2025-03-24-at-07.47.49-1024x684.jpeg 1024w, https:\/\/www.blogsoestado.com\/evandrojunior\/wp-content\/uploads\/sites\/3\/2025\/03\/WhatsApp-Image-2025-03-24-at-07.47.49-300x200.jpeg 300w, https:\/\/www.blogsoestado.com\/evandrojunior\/wp-content\/uploads\/sites\/3\/2025\/03\/WhatsApp-Image-2025-03-24-at-07.47.49-768x513.jpeg 768w, https:\/\/www.blogsoestado.com\/evandrojunior\/wp-content\/uploads\/sites\/3\/2025\/03\/WhatsApp-Image-2025-03-24-at-07.47.49-1536x1025.jpeg 1536w, https:\/\/www.blogsoestado.com\/evandrojunior\/wp-content\/uploads\/sites\/3\/2025\/03\/WhatsApp-Image-2025-03-24-at-07.47.49.jpeg 1600w\" sizes=\"(max-width: 570px) 100vw, 570px\" \/><figcaption>Ministro das Comunica\u00e7\u00f5es, Juscelino Filho, com alunos de escola p\u00fablica<\/figcaption><\/figure><\/div>\n\n\n\n<p><strong>S]AO LU\u00cdS <\/strong>&#8211; O ministro das Comunica\u00e7\u00f5es, Juscelino Filho, garantiu que todas as 138 mil escolas p\u00fablicas do pa\u00eds ter\u00e3o internet banda larga e Wi-fi aberto at\u00e9 o final de 2026. A afirma\u00e7\u00e3o foi feita ao Painel, da Folha de S\u00e3o Paulo, com base no andamento da Estrat\u00e9gia Nacional de Escolas Conectadas (Enec), programa que foi lan\u00e7ado em setembro de 2023.<\/p>\n\n\n\n<p>\u201cVamos conseguir atingir essa meta determinada pelo presidente Lula, em parceria com o ministro Camilo Santana [Educa\u00e7\u00e3o], e tenho certeza de que ter\u00e1 muito impacto na vida da popula\u00e7\u00e3o, pois vai melhorar a qualidade do ensino e promover inclus\u00e3o digital, principalmente para as fam\u00edlias mais pobres\u201d, disse o ministro.<\/p>\n\n\n\n<p>Segundo os dados mais recentes da Enec, 72,8 mil unidades escolares j\u00e1 t\u00eam internet de qualidade, o que representa mais de 52% do total. O Minist\u00e9rio das Comunica\u00e7\u00f5es contratou, no ano passado, a conex\u00e3o de 32,5 mil escolas, enquanto neste ano prev\u00ea fechar contrato para outras 27,5 mil unidades. As demais receber\u00e3o a internet banda larga e o wi-fi aberto at\u00e9 o final de 2026, conforme prev\u00ea o programa.<\/p>\n\n\n\n<p>No Maranh\u00e3o, cerca de 5 mil unidades j\u00e1 foram contempladas, de um total de 10.325. A Estrat\u00e9gia Nacional de Escolas Conectadas prev\u00ea investimentos na ordem de R$ 8,8 bilh\u00f5es, sendo R$ 6,5 bilh\u00f5es do Minist\u00e9rio das Comunica\u00e7\u00f5es e R$ 2,3 bilh\u00f5es do MEC.<\/p>\n","protected":false},"excerpt":{"rendered":"<p>S]AO LU\u00cdS &#8211; O ministro das Comunica\u00e7\u00f5es, Juscelino Filho, garantiu que todas as 138 mil escolas p\u00fablicas do pa\u00eds ter\u00e3o [&hellip;]<\/p>\n","protected":false},"author":4,"featured_media":0,"comment_status":"open","ping_status":"open","sticky":false,"template":"","format":"standard","meta":{"site-sidebar-layout":"default","site-content-layout":"","ast-site-content-layout":"default","site-content-style":"default","site-sidebar-style":"default","ast-global-header-display":"","ast-banner-title-visibility":"","ast-main-header-display":"","ast-hfb-above-header-display":"","ast-hfb-below-header-display":"","ast-hfb-mobile-header-display":"","site-post-title":"","ast-breadcrumbs-content":"","ast-featured-img":"","footer-sml-layout":"","ast-disable-related-posts":"","theme-transparent-header-meta":"","adv-header-id-meta":"","stick-header-meta":"","header-above-stick-meta":"","header-main-stick-meta":"","header-below-stick-meta":"","astra-migrate-meta-layouts":"default","ast-page-background-enabled":"default","ast-page-background-meta":{"desktop":{"background-color":"var(--ast-global-color-5)","background-image":"","background-repeat":"repeat","background-position":"center center","background-size":"auto","background-attachment":"scroll","background-type":"","background-media":"","overlay-type":"","overlay-color":"","overlay-opacity":"","overlay-gradient":""},"tablet":{"background-color":"","background-image":"","background-repeat":"repeat","background-position":"center center","background-size":"auto","background-attachment":"scroll","background-type":"","background-media":"","overlay-type":"","overlay-color":"","overlay-opacity":"","overlay-gradient":""},"mobile":{"background-color":"","background-image":"","background-repeat":"repeat","background-position":"center center","background-size":"auto","background-attachment":"scroll","background-type":"","background-media":"","overlay-type":"","overlay-color":"","overlay-opacity":"","overlay-gradient":""}},"ast-content-background-meta":{"desktop":{"background-color":"var(--ast-global-color-4)","background-image":"","background-repeat":"repeat","background-position":"center center","background-size":"auto","background-attachment":"scroll","background-type":"","background-media":"","overlay-type":"","overlay-color":"","overlay-opacity":"","overlay-gradient":""},"tablet":{"background-color":"var(--ast-global-color-4)","background-image":"","background-repeat":"repeat","background-position":"center center","background-size":"auto","background-attachment":"scroll","background-type":"","background-media":"","overlay-type":"","overlay-color":"","overlay-opacity":"","overlay-gradient":""},"mobile":{"background-color":"var(--ast-global-color-4)","background-image":"","background-repeat":"repeat","background-position":"center center","background-size":"auto","background-attachment":"scroll","background-type":"","background-media":"","overlay-type":"","overlay-color":"","overlay-opacity":"","overlay-gradient":""}},"footnotes":""},"categories":[1],"tags":[],"class_list":["post-14929","post","type-post","status-publish","format-standard","hentry","category-sem-categoria"],"yoast_head":"<!-- This site is optimized with the Yoast SEO plugin v26.6 - https:\/\/yoast.com\/wordpress\/plugins\/seo\/ -->\n<title>Todas as escolas p\u00fablicas ter\u00e3o internet de qualidade at\u00e9 2026, diz Juscelino Filho - Evandro Junior<\/title>\n<meta name=\"robots\" content=\"index, follow, max-snippet:-1, max-image-preview:large, max-video-preview:-1\" \/>\n<link rel=\"canonical\" href=\"https:\/\/www.blogsoestado.com\/evandrojunior\/2025\/03\/24\/todas-as-escolas-publicas-terao-internet-de-qualidade-ate-2026-diz-juscelino-filho\/\" \/>\n<meta property=\"og:locale\" content=\"pt_BR\" \/>\n<meta property=\"og:type\" content=\"article\" \/>\n<meta property=\"og:title\" content=\"Todas as escolas p\u00fablicas ter\u00e3o internet de qualidade at\u00e9 2026, diz Juscelino Filho - Evandro Junior\" \/>\n<meta property=\"og:description\" content=\"S]AO LU\u00cdS &#8211; O ministro das Comunica\u00e7\u00f5es, Juscelino Filho, garantiu que todas as 138 mil escolas p\u00fablicas do pa\u00eds ter\u00e3o [&hellip;]\" \/>\n<meta property=\"og:url\" content=\"https:\/\/www.blogsoestado.com\/evandrojunior\/2025\/03\/24\/todas-as-escolas-publicas-terao-internet-de-qualidade-ate-2026-diz-juscelino-filho\/\" \/>\n<meta property=\"og:site_name\" content=\"Evandro Junior\" \/>\n<meta property=\"article:published_time\" content=\"2025-03-24T10:51:06+00:00\" \/>\n<meta property=\"og:image\" content=\"https:\/\/www.blogsoestado.com\/evandrojunior\/wp-content\/uploads\/sites\/3\/2025\/03\/WhatsApp-Image-2025-03-24-at-07.47.49-1024x684.jpeg\" \/>\n<meta name=\"author\" content=\"Evandro Junior\" \/>\n<meta name=\"twitter:card\" content=\"summary_large_image\" \/>\n<meta name=\"twitter:label1\" content=\"Escrito por\" \/>\n\t<meta name=\"twitter:data1\" content=\"Evandro Junior\" \/>\n\t<meta name=\"twitter:label2\" content=\"Est. tempo de leitura\" \/>\n\t<meta name=\"twitter:data2\" content=\"2 minutos\" \/>\n<script type=\"application\/ld+json\" class=\"yoast-schema-graph\">{\"@context\":\"https:\/\/schema.org\",\"@graph\":[{\"@type\":\"WebPage\",\"@id\":\"https:\/\/www.blogsoestado.com\/evandrojunior\/2025\/03\/24\/todas-as-escolas-publicas-terao-internet-de-qualidade-ate-2026-diz-juscelino-filho\/\",\"url\":\"https:\/\/www.blogsoestado.com\/evandrojunior\/2025\/03\/24\/todas-as-escolas-publicas-terao-internet-de-qualidade-ate-2026-diz-juscelino-filho\/\",\"name\":\"Todas as escolas p\u00fablicas ter\u00e3o internet de qualidade at\u00e9 2026, diz Juscelino Filho - Evandro Junior\",\"isPartOf\":{\"@id\":\"https:\/\/www.blogsoestado.com\/evandrojunior\/#website\"},\"primaryImageOfPage\":{\"@id\":\"https:\/\/www.blogsoestado.com\/evandrojunior\/2025\/03\/24\/todas-as-escolas-publicas-terao-internet-de-qualidade-ate-2026-diz-juscelino-filho\/#primaryimage\"},\"image\":{\"@id\":\"https:\/\/www.blogsoestado.com\/evandrojunior\/2025\/03\/24\/todas-as-escolas-publicas-terao-internet-de-qualidade-ate-2026-diz-juscelino-filho\/#primaryimage\"},\"thumbnailUrl\":\"https:\/\/www.blogsoestado.com\/evandrojunior\/wp-content\/uploads\/sites\/3\/2025\/03\/WhatsApp-Image-2025-03-24-at-07.47.49-1024x684.jpeg\",\"datePublished\":\"2025-03-24T10:51:06+00:00\",\"author\":{\"@id\":\"https:\/\/www.blogsoestado.com\/evandrojunior\/#\/schema\/person\/3e6c3d8dbb740d1c6878ebc935cfb3be\"},\"breadcrumb\":{\"@id\":\"https:\/\/www.blogsoestado.com\/evandrojunior\/2025\/03\/24\/todas-as-escolas-publicas-terao-internet-de-qualidade-ate-2026-diz-juscelino-filho\/#breadcrumb\"},\"inLanguage\":\"pt-BR\",\"potentialAction\":[{\"@type\":\"ReadAction\",\"target\":[\"https:\/\/www.blogsoestado.com\/evandrojunior\/2025\/03\/24\/todas-as-escolas-publicas-terao-internet-de-qualidade-ate-2026-diz-juscelino-filho\/\"]}]},{\"@type\":\"ImageObject\",\"inLanguage\":\"pt-BR\",\"@id\":\"https:\/\/www.blogsoestado.com\/evandrojunior\/2025\/03\/24\/todas-as-escolas-publicas-terao-internet-de-qualidade-ate-2026-diz-juscelino-filho\/#primaryimage\",\"url\":\"https:\/\/www.blogsoestado.com\/evandrojunior\/wp-content\/uploads\/sites\/3\/2025\/03\/WhatsApp-Image-2025-03-24-at-07.47.49.jpeg\",\"contentUrl\":\"https:\/\/www.blogsoestado.com\/evandrojunior\/wp-content\/uploads\/sites\/3\/2025\/03\/WhatsApp-Image-2025-03-24-at-07.47.49.jpeg\",\"width\":1600,\"height\":1068},{\"@type\":\"BreadcrumbList\",\"@id\":\"https:\/\/www.blogsoestado.com\/evandrojunior\/2025\/03\/24\/todas-as-escolas-publicas-terao-internet-de-qualidade-ate-2026-diz-juscelino-filho\/#breadcrumb\",\"itemListElement\":[{\"@type\":\"ListItem\",\"position\":1,\"name\":\"In\u00edcio\",\"item\":\"https:\/\/www.blogsoestado.com\/evandrojunior\/\"},{\"@type\":\"ListItem\",\"position\":2,\"name\":\"Todas as escolas p\u00fablicas ter\u00e3o internet de qualidade at\u00e9 2026, diz Juscelino Filho\"}]},{\"@type\":\"WebSite\",\"@id\":\"https:\/\/www.blogsoestado.com\/evandrojunior\/#website\",\"url\":\"https:\/\/www.blogsoestado.com\/evandrojunior\/\",\"name\":\"Evandro Junior\",\"description\":\"\",\"potentialAction\":[{\"@type\":\"SearchAction\",\"target\":{\"@type\":\"EntryPoint\",\"urlTemplate\":\"https:\/\/www.blogsoestado.com\/evandrojunior\/?s={search_term_string}\"},\"query-input\":{\"@type\":\"PropertyValueSpecification\",\"valueRequired\":true,\"valueName\":\"search_term_string\"}}],\"inLanguage\":\"pt-BR\"},{\"@type\":\"Person\",\"@id\":\"https:\/\/www.blogsoestado.com\/evandrojunior\/#\/schema\/person\/3e6c3d8dbb740d1c6878ebc935cfb3be\",\"name\":\"Evandro Junior\",\"image\":{\"@type\":\"ImageObject\",\"inLanguage\":\"pt-BR\",\"@id\":\"https:\/\/www.blogsoestado.com\/evandrojunior\/#\/schema\/person\/image\/\",\"url\":\"https:\/\/secure.gravatar.com\/avatar\/f80a03a2294a580cd2318bfb459bf354cfa8be661ef3d95b542cf9a04af8d129?s=96&d=mm&r=g\",\"contentUrl\":\"https:\/\/secure.gravatar.com\/avatar\/f80a03a2294a580cd2318bfb459bf354cfa8be661ef3d95b542cf9a04af8d129?s=96&d=mm&r=g\",\"caption\":\"Evandro Junior\"},\"url\":\"https:\/\/www.blogsoestado.com\/evandrojunior\/author\/evandrojunior\/\"}]}<\/script>\n<!-- \/ Yoast SEO plugin. -->","yoast_head_json":{"title":"Todas as escolas p\u00fablicas ter\u00e3o internet de qualidade at\u00e9 2026, diz Juscelino Filho - Evandro Junior","robots":{"index":"index","follow":"follow","max-snippet":"max-snippet:-1","max-image-preview":"max-image-preview:large","max-video-preview":"max-video-preview:-1"},"canonical":"https:\/\/www.blogsoestado.com\/evandrojunior\/2025\/03\/24\/todas-as-escolas-publicas-terao-internet-de-qualidade-ate-2026-diz-juscelino-filho\/","og_locale":"pt_BR","og_type":"article","og_title":"Todas as escolas p\u00fablicas ter\u00e3o internet de qualidade at\u00e9 2026, diz Juscelino Filho - Evandro Junior","og_description":"S]AO LU\u00cdS &#8211; O ministro das Comunica\u00e7\u00f5es, Juscelino Filho, garantiu que todas as 138 mil escolas p\u00fablicas do pa\u00eds ter\u00e3o [&hellip;]","og_url":"https:\/\/www.blogsoestado.com\/evandrojunior\/2025\/03\/24\/todas-as-escolas-publicas-terao-internet-de-qualidade-ate-2026-diz-juscelino-filho\/","og_site_name":"Evandro Junior","article_published_time":"2025-03-24T10:51:06+00:00","og_image":[{"url":"https:\/\/www.blogsoestado.com\/evandrojunior\/wp-content\/uploads\/sites\/3\/2025\/03\/WhatsApp-Image-2025-03-24-at-07.47.49-1024x684.jpeg","type":"","width":"","height":""}],"author":"Evandro Junior","twitter_card":"summary_large_image","twitter_misc":{"Escrito por":"Evandro Junior","Est. tempo de leitura":"2 minutos"},"schema":{"@context":"https:\/\/schema.org","@graph":[{"@type":"WebPage","@id":"https:\/\/www.blogsoestado.com\/evandrojunior\/2025\/03\/24\/todas-as-escolas-publicas-terao-internet-de-qualidade-ate-2026-diz-juscelino-filho\/","url":"https:\/\/www.blogsoestado.com\/evandrojunior\/2025\/03\/24\/todas-as-escolas-publicas-terao-internet-de-qualidade-ate-2026-diz-juscelino-filho\/","name":"Todas as escolas p\u00fablicas ter\u00e3o internet de qualidade at\u00e9 2026, diz Juscelino Filho - Evandro Junior","isPartOf":{"@id":"https:\/\/www.blogsoestado.com\/evandrojunior\/#website"},"primaryImageOfPage":{"@id":"https:\/\/www.blogsoestado.com\/evandrojunior\/2025\/03\/24\/todas-as-escolas-publicas-terao-internet-de-qualidade-ate-2026-diz-juscelino-filho\/#primaryimage"},"image":{"@id":"https:\/\/www.blogsoestado.com\/evandrojunior\/2025\/03\/24\/todas-as-escolas-publicas-terao-internet-de-qualidade-ate-2026-diz-juscelino-filho\/#primaryimage"},"thumbnailUrl":"https:\/\/www.blogsoestado.com\/evandrojunior\/wp-content\/uploads\/sites\/3\/2025\/03\/WhatsApp-Image-2025-03-24-at-07.47.49-1024x684.jpeg","datePublished":"2025-03-24T10:51:06+00:00","author":{"@id":"https:\/\/www.blogsoestado.com\/evandrojunior\/#\/schema\/person\/3e6c3d8dbb740d1c6878ebc935cfb3be"},"breadcrumb":{"@id":"https:\/\/www.blogsoestado.com\/evandrojunior\/2025\/03\/24\/todas-as-escolas-publicas-terao-internet-de-qualidade-ate-2026-diz-juscelino-filho\/#breadcrumb"},"inLanguage":"pt-BR","potentialAction":[{"@type":"ReadAction","target":["https:\/\/www.blogsoestado.com\/evandrojunior\/2025\/03\/24\/todas-as-escolas-publicas-terao-internet-de-qualidade-ate-2026-diz-juscelino-filho\/"]}]},{"@type":"ImageObject","inLanguage":"pt-BR","@id":"https:\/\/www.blogsoestado.com\/evandrojunior\/2025\/03\/24\/todas-as-escolas-publicas-terao-internet-de-qualidade-ate-2026-diz-juscelino-filho\/#primaryimage","url":"https:\/\/www.blogsoestado.com\/evandrojunior\/wp-content\/uploads\/sites\/3\/2025\/03\/WhatsApp-Image-2025-03-24-at-07.47.49.jpeg","contentUrl":"https:\/\/www.blogsoestado.com\/evandrojunior\/wp-content\/uploads\/sites\/3\/2025\/03\/WhatsApp-Image-2025-03-24-at-07.47.49.jpeg","width":1600,"height":1068},{"@type":"BreadcrumbList","@id":"https:\/\/www.blogsoestado.com\/evandrojunior\/2025\/03\/24\/todas-as-escolas-publicas-terao-internet-de-qualidade-ate-2026-diz-juscelino-filho\/#breadcrumb","itemListElement":[{"@type":"ListItem","position":1,"name":"In\u00edcio","item":"https:\/\/www.blogsoestado.com\/evandrojunior\/"},{"@type":"ListItem","position":2,"name":"Todas as escolas p\u00fablicas ter\u00e3o internet de qualidade at\u00e9 2026, diz Juscelino Filho"}]},{"@type":"WebSite","@id":"https:\/\/www.blogsoestado.com\/evandrojunior\/#website","url":"https:\/\/www.blogsoestado.com\/evandrojunior\/","name":"Evandro Junior","description":"","potentialAction":[{"@type":"SearchAction","target":{"@type":"EntryPoint","urlTemplate":"https:\/\/www.blogsoestado.com\/evandrojunior\/?s={search_term_string}"},"query-input":{"@type":"PropertyValueSpecification","valueRequired":true,"valueName":"search_term_string"}}],"inLanguage":"pt-BR"},{"@type":"Person","@id":"https:\/\/www.blogsoestado.com\/evandrojunior\/#\/schema\/person\/3e6c3d8dbb740d1c6878ebc935cfb3be","name":"Evandro Junior","image":{"@type":"ImageObject","inLanguage":"pt-BR","@id":"https:\/\/www.blogsoestado.com\/evandrojunior\/#\/schema\/person\/image\/","url":"https:\/\/secure.gravatar.com\/avatar\/f80a03a2294a580cd2318bfb459bf354cfa8be661ef3d95b542cf9a04af8d129?s=96&d=mm&r=g","contentUrl":"https:\/\/secure.gravatar.com\/avatar\/f80a03a2294a580cd2318bfb459bf354cfa8be661ef3d95b542cf9a04af8d129?s=96&d=mm&r=g","caption":"Evandro Junior"},"url":"https:\/\/www.blogsoestado.com\/evandrojunior\/author\/evandrojunior\/"}]}},"jetpack_featured_media_url":"","_links":{"self":[{"href":"https:\/\/www.blogsoestado.com\/evandrojunior\/wp-json\/wp\/v2\/posts\/14929","targetHints":{"allow":["GET"]}}],"collection":[{"href":"https:\/\/www.blogsoestado.com\/evandrojunior\/wp-json\/wp\/v2\/posts"}],"about":[{"href":"https:\/\/www.blogsoestado.com\/evandrojunior\/wp-json\/wp\/v2\/types\/post"}],"author":[{"embeddable":true,"href":"https:\/\/www.blogsoestado.com\/evandrojunior\/wp-json\/wp\/v2\/users\/4"}],"replies":[{"embeddable":true,"href":"https:\/\/www.blogsoestado.com\/evandrojunior\/wp-json\/wp\/v2\/comments?post=14929"}],"version-history":[{"count":0,"href":"https:\/\/www.blogsoestado.com\/evandrojunior\/wp-json\/wp\/v2\/posts\/14929\/revisions"}],"wp:attachment":[{"href":"https:\/\/www.blogsoestado.com\/evandrojunior\/wp-json\/wp\/v2\/media?parent=14929"}],"wp:term":[{"taxonomy":"category","embeddable":true,"href":"https:\/\/www.blogsoestado.com\/evandrojunior\/wp-json\/wp\/v2\/categories?post=14929"},{"taxonomy":"post_tag","embeddable":true,"href":"https:\/\/www.blogsoestado.com\/evandrojunior\/wp-json\/wp\/v2\/tags?post=14929"}],"curies":[{"name":"wp","href":"https:\/\/api.w.org\/{rel}","templated":true}]}}