{"id":14932,"date":"2025-03-24T17:06:01","date_gmt":"2025-03-24T20:06:01","guid":{"rendered":"https:\/\/www.blogsoestado.com\/evandrojunior\/?p=14932"},"modified":"2025-03-24T17:06:01","modified_gmt":"2025-03-24T20:06:01","slug":"grife-claudio-carvalho-marcara-presenca-no-spfw-em-collab-com-walerio-araujo","status":"publish","type":"post","link":"https:\/\/www.blogsoestado.com\/evandrojunior\/2025\/03\/24\/grife-claudio-carvalho-marcara-presenca-no-spfw-em-collab-com-walerio-araujo\/","title":{"rendered":"Grife Cl\u00e1udio Carvalho marcar\u00e1 presen\u00e7a no SPFW em collab com Wal\u00e9rio Ara\u00fajo"},"content":{"rendered":"\n<div class=\"wp-block-image\"><figure class=\"aligncenter size-large is-resized\"><img fetchpriority=\"high\" decoding=\"async\" src=\"https:\/\/www.blogsoestado.com\/evandrojunior\/wp-content\/uploads\/sites\/3\/2025\/03\/1e3f2fce-901b-4b56-82db-485fb4026ac9-682x1024.jpeg\" alt=\"\" class=\"wp-image-14933\" width=\"448\" height=\"672\" srcset=\"https:\/\/www.blogsoestado.com\/evandrojunior\/wp-content\/uploads\/sites\/3\/2025\/03\/1e3f2fce-901b-4b56-82db-485fb4026ac9-682x1024.jpeg 682w, https:\/\/www.blogsoestado.com\/evandrojunior\/wp-content\/uploads\/sites\/3\/2025\/03\/1e3f2fce-901b-4b56-82db-485fb4026ac9-200x300.jpeg 200w, https:\/\/www.blogsoestado.com\/evandrojunior\/wp-content\/uploads\/sites\/3\/2025\/03\/1e3f2fce-901b-4b56-82db-485fb4026ac9-768x1153.jpeg 768w, https:\/\/www.blogsoestado.com\/evandrojunior\/wp-content\/uploads\/sites\/3\/2025\/03\/1e3f2fce-901b-4b56-82db-485fb4026ac9-1023x1536.jpeg 1023w, https:\/\/www.blogsoestado.com\/evandrojunior\/wp-content\/uploads\/sites\/3\/2025\/03\/1e3f2fce-901b-4b56-82db-485fb4026ac9.jpeg 1066w\" sizes=\"(max-width: 448px) 100vw, 448px\" \/><figcaption><strong>Cl\u00e1udio Carvalho e Wal\u00e9rio Ara\u00fajo<\/strong><\/figcaption><\/figure><\/div>\n\n\n\n<p><strong>S\u00c3O LU\u00cdS<\/strong> &#8211; O designer de sapatos Cl\u00e1udio Carvalho  acaba de receber um convite muito especial. Ele foi convidado pelo estilista Wal\u00e9rio Ara\u00fajo para participar da famosa semana de moda brasileira S\u00e3o Paulo Fashion Week, a ser realizada entre os dias 6 e 11 de abril. <\/p>\n\n\n\n<p>A participa\u00e7\u00e3o do maranhense, em collab com o renomado estilista pernambucano, ser\u00e1 no dia 10 de abril. A ideia \u00e9 unir dois conceitos que traduzem autoconfian\u00e7a, beleza individual e poder da atra\u00e7\u00e3o, tudo aliado \u00e0 ousadia e irrever\u00eancia das cole\u00e7\u00f5es de ambos.<\/p>\n\n\n\n<p>A iniciativa refor\u00e7a o posicionamento das grifes Cl\u00e1udio Carvalho e Wal\u00e9rio Ara\u00fajo no mercado. Afinal, eles se destacam por apresentarem pe\u00e7as aut\u00eanticas e modernas. <\/p>\n\n\n\n<p>Wal\u00e9rio Ara\u00fajo, diga-se de passagem, j\u00e1 foi considerado um dos profissionais mais importantes de S\u00e3o Paulo, tendo sido, por sua ousadia, comparado ao brit\u00e2nico Alexander McQueen. <\/p>\n\n\n\n<p>A grife de Wal\u00e9rio est\u00e1 ambientada em um dos endere\u00e7os mais emblem\u00e1ticos de S\u00e3o Paulo: o hist\u00f3rico Edif\u00edcio Copan, no centro da capital paulistana.<\/p>\n","protected":false},"excerpt":{"rendered":"<p>S\u00c3O LU\u00cdS &#8211; O designer de sapatos Cl\u00e1udio Carvalho acaba de receber um convite muito especial. Ele foi convidado pelo [&hellip;]<\/p>\n","protected":false},"author":4,"featured_media":0,"comment_status":"open","ping_status":"open","sticky":false,"template":"","format":"standard","meta":{"site-sidebar-layout":"default","site-content-layout":"","ast-site-content-layout":"default","site-content-style":"default","site-sidebar-style":"default","ast-global-header-display":"","ast-banner-title-visibility":"","ast-main-header-display":"","ast-hfb-above-header-display":"","ast-hfb-below-header-display":"","ast-hfb-mobile-header-display":"","site-post-title":"","ast-breadcrumbs-content":"","ast-featured-img":"","footer-sml-layout":"","ast-disable-related-posts":"","theme-transparent-header-meta":"","adv-header-id-meta":"","stick-header-meta":"","header-above-stick-meta":"","header-main-stick-meta":"","header-below-stick-meta":"","astra-migrate-meta-layouts":"default","ast-page-background-enabled":"default","ast-page-background-meta":{"desktop":{"background-color":"var(--ast-global-color-5)","background-image":"","background-repeat":"repeat","background-position":"center center","background-size":"auto","background-attachment":"scroll","background-type":"","background-media":"","overlay-type":"","overlay-color":"","overlay-opacity":"","overlay-gradient":""},"tablet":{"background-color":"","background-image":"","background-repeat":"repeat","background-position":"center center","background-size":"auto","background-attachment":"scroll","background-type":"","background-media":"","overlay-type":"","overlay-color":"","overlay-opacity":"","overlay-gradient":""},"mobile":{"background-color":"","background-image":"","background-repeat":"repeat","background-position":"center center","background-size":"auto","background-attachment":"scroll","background-type":"","background-media":"","overlay-type":"","overlay-color":"","overlay-opacity":"","overlay-gradient":""}},"ast-content-background-meta":{"desktop":{"background-color":"var(--ast-global-color-4)","background-image":"","background-repeat":"repeat","background-position":"center center","background-size":"auto","background-attachment":"scroll","background-type":"","background-media":"","overlay-type":"","overlay-color":"","overlay-opacity":"","overlay-gradient":""},"tablet":{"background-color":"var(--ast-global-color-4)","background-image":"","background-repeat":"repeat","background-position":"center center","background-size":"auto","background-attachment":"scroll","background-type":"","background-media":"","overlay-type":"","overlay-color":"","overlay-opacity":"","overlay-gradient":""},"mobile":{"background-color":"var(--ast-global-color-4)","background-image":"","background-repeat":"repeat","background-position":"center center","background-size":"auto","background-attachment":"scroll","background-type":"","background-media":"","overlay-type":"","overlay-color":"","overlay-opacity":"","overlay-gradient":""}},"footnotes":""},"categories":[1],"tags":[],"class_list":["post-14932","post","type-post","status-publish","format-standard","hentry","category-sem-categoria"],"yoast_head":"<!-- This site is optimized with the Yoast SEO plugin v26.6 - https:\/\/yoast.com\/wordpress\/plugins\/seo\/ -->\n<title>Grife Cl\u00e1udio Carvalho marcar\u00e1 presen\u00e7a no SPFW em collab com Wal\u00e9rio Ara\u00fajo - Evandro Junior<\/title>\n<meta name=\"robots\" content=\"index, follow, max-snippet:-1, max-image-preview:large, max-video-preview:-1\" \/>\n<link rel=\"canonical\" href=\"https:\/\/www.blogsoestado.com\/evandrojunior\/2025\/03\/24\/grife-claudio-carvalho-marcara-presenca-no-spfw-em-collab-com-walerio-araujo\/\" \/>\n<meta property=\"og:locale\" content=\"pt_BR\" \/>\n<meta property=\"og:type\" content=\"article\" \/>\n<meta property=\"og:title\" content=\"Grife Cl\u00e1udio Carvalho marcar\u00e1 presen\u00e7a no SPFW em collab com Wal\u00e9rio Ara\u00fajo - Evandro Junior\" \/>\n<meta property=\"og:description\" content=\"S\u00c3O LU\u00cdS &#8211; O designer de sapatos Cl\u00e1udio Carvalho acaba de receber um convite muito especial. Ele foi convidado pelo [&hellip;]\" \/>\n<meta property=\"og:url\" content=\"https:\/\/www.blogsoestado.com\/evandrojunior\/2025\/03\/24\/grife-claudio-carvalho-marcara-presenca-no-spfw-em-collab-com-walerio-araujo\/\" \/>\n<meta property=\"og:site_name\" content=\"Evandro Junior\" \/>\n<meta property=\"article:published_time\" content=\"2025-03-24T20:06:01+00:00\" \/>\n<meta property=\"og:image\" content=\"https:\/\/www.blogsoestado.com\/evandrojunior\/wp-content\/uploads\/sites\/3\/2025\/03\/1e3f2fce-901b-4b56-82db-485fb4026ac9-682x1024.jpeg\" \/>\n<meta name=\"author\" content=\"Evandro Junior\" \/>\n<meta name=\"twitter:card\" content=\"summary_large_image\" \/>\n<meta name=\"twitter:label1\" content=\"Escrito por\" \/>\n\t<meta name=\"twitter:data1\" content=\"Evandro Junior\" \/>\n\t<meta name=\"twitter:label2\" content=\"Est. tempo de leitura\" \/>\n\t<meta name=\"twitter:data2\" content=\"1 minuto\" \/>\n<script type=\"application\/ld+json\" class=\"yoast-schema-graph\">{\"@context\":\"https:\/\/schema.org\",\"@graph\":[{\"@type\":\"WebPage\",\"@id\":\"https:\/\/www.blogsoestado.com\/evandrojunior\/2025\/03\/24\/grife-claudio-carvalho-marcara-presenca-no-spfw-em-collab-com-walerio-araujo\/\",\"url\":\"https:\/\/www.blogsoestado.com\/evandrojunior\/2025\/03\/24\/grife-claudio-carvalho-marcara-presenca-no-spfw-em-collab-com-walerio-araujo\/\",\"name\":\"Grife Cl\u00e1udio Carvalho marcar\u00e1 presen\u00e7a no SPFW em collab com Wal\u00e9rio Ara\u00fajo - Evandro Junior\",\"isPartOf\":{\"@id\":\"https:\/\/www.blogsoestado.com\/evandrojunior\/#website\"},\"primaryImageOfPage\":{\"@id\":\"https:\/\/www.blogsoestado.com\/evandrojunior\/2025\/03\/24\/grife-claudio-carvalho-marcara-presenca-no-spfw-em-collab-com-walerio-araujo\/#primaryimage\"},\"image\":{\"@id\":\"https:\/\/www.blogsoestado.com\/evandrojunior\/2025\/03\/24\/grife-claudio-carvalho-marcara-presenca-no-spfw-em-collab-com-walerio-araujo\/#primaryimage\"},\"thumbnailUrl\":\"https:\/\/www.blogsoestado.com\/evandrojunior\/wp-content\/uploads\/sites\/3\/2025\/03\/1e3f2fce-901b-4b56-82db-485fb4026ac9-682x1024.jpeg\",\"datePublished\":\"2025-03-24T20:06:01+00:00\",\"author\":{\"@id\":\"https:\/\/www.blogsoestado.com\/evandrojunior\/#\/schema\/person\/3e6c3d8dbb740d1c6878ebc935cfb3be\"},\"breadcrumb\":{\"@id\":\"https:\/\/www.blogsoestado.com\/evandrojunior\/2025\/03\/24\/grife-claudio-carvalho-marcara-presenca-no-spfw-em-collab-com-walerio-araujo\/#breadcrumb\"},\"inLanguage\":\"pt-BR\",\"potentialAction\":[{\"@type\":\"ReadAction\",\"target\":[\"https:\/\/www.blogsoestado.com\/evandrojunior\/2025\/03\/24\/grife-claudio-carvalho-marcara-presenca-no-spfw-em-collab-com-walerio-araujo\/\"]}]},{\"@type\":\"ImageObject\",\"inLanguage\":\"pt-BR\",\"@id\":\"https:\/\/www.blogsoestado.com\/evandrojunior\/2025\/03\/24\/grife-claudio-carvalho-marcara-presenca-no-spfw-em-collab-com-walerio-araujo\/#primaryimage\",\"url\":\"https:\/\/www.blogsoestado.com\/evandrojunior\/wp-content\/uploads\/sites\/3\/2025\/03\/1e3f2fce-901b-4b56-82db-485fb4026ac9.jpeg\",\"contentUrl\":\"https:\/\/www.blogsoestado.com\/evandrojunior\/wp-content\/uploads\/sites\/3\/2025\/03\/1e3f2fce-901b-4b56-82db-485fb4026ac9.jpeg\",\"width\":1066,\"height\":1600},{\"@type\":\"BreadcrumbList\",\"@id\":\"https:\/\/www.blogsoestado.com\/evandrojunior\/2025\/03\/24\/grife-claudio-carvalho-marcara-presenca-no-spfw-em-collab-com-walerio-araujo\/#breadcrumb\",\"itemListElement\":[{\"@type\":\"ListItem\",\"position\":1,\"name\":\"In\u00edcio\",\"item\":\"https:\/\/www.blogsoestado.com\/evandrojunior\/\"},{\"@type\":\"ListItem\",\"position\":2,\"name\":\"Grife Cl\u00e1udio Carvalho marcar\u00e1 presen\u00e7a no SPFW em collab com Wal\u00e9rio Ara\u00fajo\"}]},{\"@type\":\"WebSite\",\"@id\":\"https:\/\/www.blogsoestado.com\/evandrojunior\/#website\",\"url\":\"https:\/\/www.blogsoestado.com\/evandrojunior\/\",\"name\":\"Evandro Junior\",\"description\":\"\",\"potentialAction\":[{\"@type\":\"SearchAction\",\"target\":{\"@type\":\"EntryPoint\",\"urlTemplate\":\"https:\/\/www.blogsoestado.com\/evandrojunior\/?s={search_term_string}\"},\"query-input\":{\"@type\":\"PropertyValueSpecification\",\"valueRequired\":true,\"valueName\":\"search_term_string\"}}],\"inLanguage\":\"pt-BR\"},{\"@type\":\"Person\",\"@id\":\"https:\/\/www.blogsoestado.com\/evandrojunior\/#\/schema\/person\/3e6c3d8dbb740d1c6878ebc935cfb3be\",\"name\":\"Evandro Junior\",\"image\":{\"@type\":\"ImageObject\",\"inLanguage\":\"pt-BR\",\"@id\":\"https:\/\/www.blogsoestado.com\/evandrojunior\/#\/schema\/person\/image\/\",\"url\":\"https:\/\/secure.gravatar.com\/avatar\/f80a03a2294a580cd2318bfb459bf354cfa8be661ef3d95b542cf9a04af8d129?s=96&d=mm&r=g\",\"contentUrl\":\"https:\/\/secure.gravatar.com\/avatar\/f80a03a2294a580cd2318bfb459bf354cfa8be661ef3d95b542cf9a04af8d129?s=96&d=mm&r=g\",\"caption\":\"Evandro Junior\"},\"url\":\"https:\/\/www.blogsoestado.com\/evandrojunior\/author\/evandrojunior\/\"}]}<\/script>\n<!-- \/ Yoast SEO plugin. -->","yoast_head_json":{"title":"Grife Cl\u00e1udio Carvalho marcar\u00e1 presen\u00e7a no SPFW em collab com Wal\u00e9rio Ara\u00fajo - Evandro Junior","robots":{"index":"index","follow":"follow","max-snippet":"max-snippet:-1","max-image-preview":"max-image-preview:large","max-video-preview":"max-video-preview:-1"},"canonical":"https:\/\/www.blogsoestado.com\/evandrojunior\/2025\/03\/24\/grife-claudio-carvalho-marcara-presenca-no-spfw-em-collab-com-walerio-araujo\/","og_locale":"pt_BR","og_type":"article","og_title":"Grife Cl\u00e1udio Carvalho marcar\u00e1 presen\u00e7a no SPFW em collab com Wal\u00e9rio Ara\u00fajo - Evandro Junior","og_description":"S\u00c3O LU\u00cdS &#8211; O designer de sapatos Cl\u00e1udio Carvalho acaba de receber um convite muito especial. Ele foi convidado pelo [&hellip;]","og_url":"https:\/\/www.blogsoestado.com\/evandrojunior\/2025\/03\/24\/grife-claudio-carvalho-marcara-presenca-no-spfw-em-collab-com-walerio-araujo\/","og_site_name":"Evandro Junior","article_published_time":"2025-03-24T20:06:01+00:00","og_image":[{"url":"https:\/\/www.blogsoestado.com\/evandrojunior\/wp-content\/uploads\/sites\/3\/2025\/03\/1e3f2fce-901b-4b56-82db-485fb4026ac9-682x1024.jpeg","type":"","width":"","height":""}],"author":"Evandro Junior","twitter_card":"summary_large_image","twitter_misc":{"Escrito por":"Evandro Junior","Est. tempo de leitura":"1 minuto"},"schema":{"@context":"https:\/\/schema.org","@graph":[{"@type":"WebPage","@id":"https:\/\/www.blogsoestado.com\/evandrojunior\/2025\/03\/24\/grife-claudio-carvalho-marcara-presenca-no-spfw-em-collab-com-walerio-araujo\/","url":"https:\/\/www.blogsoestado.com\/evandrojunior\/2025\/03\/24\/grife-claudio-carvalho-marcara-presenca-no-spfw-em-collab-com-walerio-araujo\/","name":"Grife Cl\u00e1udio Carvalho marcar\u00e1 presen\u00e7a no SPFW em collab com Wal\u00e9rio Ara\u00fajo - Evandro Junior","isPartOf":{"@id":"https:\/\/www.blogsoestado.com\/evandrojunior\/#website"},"primaryImageOfPage":{"@id":"https:\/\/www.blogsoestado.com\/evandrojunior\/2025\/03\/24\/grife-claudio-carvalho-marcara-presenca-no-spfw-em-collab-com-walerio-araujo\/#primaryimage"},"image":{"@id":"https:\/\/www.blogsoestado.com\/evandrojunior\/2025\/03\/24\/grife-claudio-carvalho-marcara-presenca-no-spfw-em-collab-com-walerio-araujo\/#primaryimage"},"thumbnailUrl":"https:\/\/www.blogsoestado.com\/evandrojunior\/wp-content\/uploads\/sites\/3\/2025\/03\/1e3f2fce-901b-4b56-82db-485fb4026ac9-682x1024.jpeg","datePublished":"2025-03-24T20:06:01+00:00","author":{"@id":"https:\/\/www.blogsoestado.com\/evandrojunior\/#\/schema\/person\/3e6c3d8dbb740d1c6878ebc935cfb3be"},"breadcrumb":{"@id":"https:\/\/www.blogsoestado.com\/evandrojunior\/2025\/03\/24\/grife-claudio-carvalho-marcara-presenca-no-spfw-em-collab-com-walerio-araujo\/#breadcrumb"},"inLanguage":"pt-BR","potentialAction":[{"@type":"ReadAction","target":["https:\/\/www.blogsoestado.com\/evandrojunior\/2025\/03\/24\/grife-claudio-carvalho-marcara-presenca-no-spfw-em-collab-com-walerio-araujo\/"]}]},{"@type":"ImageObject","inLanguage":"pt-BR","@id":"https:\/\/www.blogsoestado.com\/evandrojunior\/2025\/03\/24\/grife-claudio-carvalho-marcara-presenca-no-spfw-em-collab-com-walerio-araujo\/#primaryimage","url":"https:\/\/www.blogsoestado.com\/evandrojunior\/wp-content\/uploads\/sites\/3\/2025\/03\/1e3f2fce-901b-4b56-82db-485fb4026ac9.jpeg","contentUrl":"https:\/\/www.blogsoestado.com\/evandrojunior\/wp-content\/uploads\/sites\/3\/2025\/03\/1e3f2fce-901b-4b56-82db-485fb4026ac9.jpeg","width":1066,"height":1600},{"@type":"BreadcrumbList","@id":"https:\/\/www.blogsoestado.com\/evandrojunior\/2025\/03\/24\/grife-claudio-carvalho-marcara-presenca-no-spfw-em-collab-com-walerio-araujo\/#breadcrumb","itemListElement":[{"@type":"ListItem","position":1,"name":"In\u00edcio","item":"https:\/\/www.blogsoestado.com\/evandrojunior\/"},{"@type":"ListItem","position":2,"name":"Grife Cl\u00e1udio Carvalho marcar\u00e1 presen\u00e7a no SPFW em collab com Wal\u00e9rio Ara\u00fajo"}]},{"@type":"WebSite","@id":"https:\/\/www.blogsoestado.com\/evandrojunior\/#website","url":"https:\/\/www.blogsoestado.com\/evandrojunior\/","name":"Evandro Junior","description":"","potentialAction":[{"@type":"SearchAction","target":{"@type":"EntryPoint","urlTemplate":"https:\/\/www.blogsoestado.com\/evandrojunior\/?s={search_term_string}"},"query-input":{"@type":"PropertyValueSpecification","valueRequired":true,"valueName":"search_term_string"}}],"inLanguage":"pt-BR"},{"@type":"Person","@id":"https:\/\/www.blogsoestado.com\/evandrojunior\/#\/schema\/person\/3e6c3d8dbb740d1c6878ebc935cfb3be","name":"Evandro Junior","image":{"@type":"ImageObject","inLanguage":"pt-BR","@id":"https:\/\/www.blogsoestado.com\/evandrojunior\/#\/schema\/person\/image\/","url":"https:\/\/secure.gravatar.com\/avatar\/f80a03a2294a580cd2318bfb459bf354cfa8be661ef3d95b542cf9a04af8d129?s=96&d=mm&r=g","contentUrl":"https:\/\/secure.gravatar.com\/avatar\/f80a03a2294a580cd2318bfb459bf354cfa8be661ef3d95b542cf9a04af8d129?s=96&d=mm&r=g","caption":"Evandro Junior"},"url":"https:\/\/www.blogsoestado.com\/evandrojunior\/author\/evandrojunior\/"}]}},"jetpack_featured_media_url":"","_links":{"self":[{"href":"https:\/\/www.blogsoestado.com\/evandrojunior\/wp-json\/wp\/v2\/posts\/14932","targetHints":{"allow":["GET"]}}],"collection":[{"href":"https:\/\/www.blogsoestado.com\/evandrojunior\/wp-json\/wp\/v2\/posts"}],"about":[{"href":"https:\/\/www.blogsoestado.com\/evandrojunior\/wp-json\/wp\/v2\/types\/post"}],"author":[{"embeddable":true,"href":"https:\/\/www.blogsoestado.com\/evandrojunior\/wp-json\/wp\/v2\/users\/4"}],"replies":[{"embeddable":true,"href":"https:\/\/www.blogsoestado.com\/evandrojunior\/wp-json\/wp\/v2\/comments?post=14932"}],"version-history":[{"count":0,"href":"https:\/\/www.blogsoestado.com\/evandrojunior\/wp-json\/wp\/v2\/posts\/14932\/revisions"}],"wp:attachment":[{"href":"https:\/\/www.blogsoestado.com\/evandrojunior\/wp-json\/wp\/v2\/media?parent=14932"}],"wp:term":[{"taxonomy":"category","embeddable":true,"href":"https:\/\/www.blogsoestado.com\/evandrojunior\/wp-json\/wp\/v2\/categories?post=14932"},{"taxonomy":"post_tag","embeddable":true,"href":"https:\/\/www.blogsoestado.com\/evandrojunior\/wp-json\/wp\/v2\/tags?post=14932"}],"curies":[{"name":"wp","href":"https:\/\/api.w.org\/{rel}","templated":true}]}}