{"id":14936,"date":"2025-03-24T17:18:36","date_gmt":"2025-03-24T20:18:36","guid":{"rendered":"https:\/\/www.blogsoestado.com\/evandrojunior\/?p=14936"},"modified":"2025-03-24T17:18:36","modified_gmt":"2025-03-24T20:18:36","slug":"villa-do-vinho-bistro-marca-presenca-em-evento-de-capacitacao","status":"publish","type":"post","link":"https:\/\/www.blogsoestado.com\/evandrojunior\/2025\/03\/24\/villa-do-vinho-bistro-marca-presenca-em-evento-de-capacitacao\/","title":{"rendered":"Villa do Vinho Bistr\u00f4 marca presen\u00e7a em evento de capacita\u00e7\u00e3o"},"content":{"rendered":"\n<div class=\"wp-block-image\"><figure class=\"aligncenter size-large is-resized\"><img fetchpriority=\"high\" decoding=\"async\" src=\"https:\/\/www.blogsoestado.com\/evandrojunior\/wp-content\/uploads\/sites\/3\/2025\/03\/f32a6415-23a8-49cd-9495-88aa1b3631bd-1024x768.jpeg\" alt=\"\" class=\"wp-image-14937\" width=\"467\" height=\"350\" srcset=\"https:\/\/www.blogsoestado.com\/evandrojunior\/wp-content\/uploads\/sites\/3\/2025\/03\/f32a6415-23a8-49cd-9495-88aa1b3631bd-1024x768.jpeg 1024w, https:\/\/www.blogsoestado.com\/evandrojunior\/wp-content\/uploads\/sites\/3\/2025\/03\/f32a6415-23a8-49cd-9495-88aa1b3631bd-300x225.jpeg 300w, https:\/\/www.blogsoestado.com\/evandrojunior\/wp-content\/uploads\/sites\/3\/2025\/03\/f32a6415-23a8-49cd-9495-88aa1b3631bd-768x576.jpeg 768w, https:\/\/www.blogsoestado.com\/evandrojunior\/wp-content\/uploads\/sites\/3\/2025\/03\/f32a6415-23a8-49cd-9495-88aa1b3631bd.jpeg 1280w\" sizes=\"(max-width: 467px) 100vw, 467px\" \/><figcaption>\u00a0<strong>Ynnis Lins Cabral de Carvalho, executiva comercial de p\u00f3s-venda do IFood no Maranh\u00e3o, entre Beto Soares e Werter Band\u00eaira, da Villa do Vinho Bistr\u00f4, no evento \u201cIFood Empreenda\u201d, em S\u00e3o Lu\u00eds<\/strong><\/figcaption><\/figure><\/div>\n\n\n\n<p><strong>S\u00c3O LU\u00cdS<\/strong> &#8211; O empres\u00e1rio Werter Band\u00eaira, propriet\u00e1rio do Villa do Vinho Bistr\u00f4, marcou presen\u00e7a no evento \u201cIFood Empreenda\u201d, realizado no Convento das Merc\u00eas, em S\u00e3o Lu\u00eds.<\/p>\n\n\n\n<p>Promovido pelo IFood, o encontro reuniu propriet\u00e1rios de restaurantes e empreendedores do setor gastron\u00f4mico para um ciclo de palestras voltadas \u00e0 qualifica\u00e7\u00e3o em gest\u00e3o, com \u00eanfase em temas como contabilidade, tributos e estrat\u00e9gias de atendimento, log\u00edstica e p\u00f3s-venda.<\/p>\n\n\n\n<p>A programa\u00e7\u00e3o contou com a presen\u00e7a de Ynnis Lins Cabral de Carvalho, executiva comercial de p\u00f3s-venda do IFood no Maranh\u00e3o, que ressaltou a import\u00e2ncia de capacitar os parceiros da plataforma para os desafios do mercado atual.<\/p>\n\n\n\n<p>Para Werter Band\u00eaira, iniciativas como essa s\u00e3o fundamentais para o fortalecimento dos restaurantes locais. \u201cO evento foi excelente. Participo sempre dessas a\u00e7\u00f5es porque acredito que, quanto mais nos aperfei\u00e7oamos, melhor conseguimos implementar novas ideias e melhorar a experi\u00eancia dos nossos clientes no Villa do Vinho Bistr\u00f4\u201d, afirmou o empres\u00e1rio.<\/p>\n\n\n\n<p>Com uma trajet\u00f3ria consolidada na cena gastron\u00f4mica de S\u00e3o Lu\u00eds, a Villa do Vinho Bistr\u00f4 tem se destacado pela aten\u00e7\u00e3o aos detalhes no atendimento e pela busca constante por inova\u00e7\u00e3o. <\/p>\n\n\n\n<p>A participa\u00e7\u00e3o de Werter Band\u00eaira no \u201cIFood Empreenda\u201d refor\u00e7a o compromisso do restaurante com a excel\u00eancia na gest\u00e3o e no relacionamento com o p\u00fablico.<\/p>\n\n\n\n<p><\/p>\n","protected":false},"excerpt":{"rendered":"<p>S\u00c3O LU\u00cdS &#8211; O empres\u00e1rio Werter Band\u00eaira, propriet\u00e1rio do Villa do Vinho Bistr\u00f4, marcou presen\u00e7a no evento \u201cIFood Empreenda\u201d, realizado [&hellip;]<\/p>\n","protected":false},"author":4,"featured_media":0,"comment_status":"open","ping_status":"open","sticky":false,"template":"","format":"standard","meta":{"site-sidebar-layout":"default","site-content-layout":"","ast-site-content-layout":"default","site-content-style":"default","site-sidebar-style":"default","ast-global-header-display":"","ast-banner-title-visibility":"","ast-main-header-display":"","ast-hfb-above-header-display":"","ast-hfb-below-header-display":"","ast-hfb-mobile-header-display":"","site-post-title":"","ast-breadcrumbs-content":"","ast-featured-img":"","footer-sml-layout":"","ast-disable-related-posts":"","theme-transparent-header-meta":"","adv-header-id-meta":"","stick-header-meta":"","header-above-stick-meta":"","header-main-stick-meta":"","header-below-stick-meta":"","astra-migrate-meta-layouts":"default","ast-page-background-enabled":"default","ast-page-background-meta":{"desktop":{"background-color":"var(--ast-global-color-5)","background-image":"","background-repeat":"repeat","background-position":"center center","background-size":"auto","background-attachment":"scroll","background-type":"","background-media":"","overlay-type":"","overlay-color":"","overlay-opacity":"","overlay-gradient":""},"tablet":{"background-color":"","background-image":"","background-repeat":"repeat","background-position":"center center","background-size":"auto","background-attachment":"scroll","background-type":"","background-media":"","overlay-type":"","overlay-color":"","overlay-opacity":"","overlay-gradient":""},"mobile":{"background-color":"","background-image":"","background-repeat":"repeat","background-position":"center center","background-size":"auto","background-attachment":"scroll","background-type":"","background-media":"","overlay-type":"","overlay-color":"","overlay-opacity":"","overlay-gradient":""}},"ast-content-background-meta":{"desktop":{"background-color":"var(--ast-global-color-4)","background-image":"","background-repeat":"repeat","background-position":"center center","background-size":"auto","background-attachment":"scroll","background-type":"","background-media":"","overlay-type":"","overlay-color":"","overlay-opacity":"","overlay-gradient":""},"tablet":{"background-color":"var(--ast-global-color-4)","background-image":"","background-repeat":"repeat","background-position":"center center","background-size":"auto","background-attachment":"scroll","background-type":"","background-media":"","overlay-type":"","overlay-color":"","overlay-opacity":"","overlay-gradient":""},"mobile":{"background-color":"var(--ast-global-color-4)","background-image":"","background-repeat":"repeat","background-position":"center center","background-size":"auto","background-attachment":"scroll","background-type":"","background-media":"","overlay-type":"","overlay-color":"","overlay-opacity":"","overlay-gradient":""}},"footnotes":""},"categories":[1],"tags":[],"class_list":["post-14936","post","type-post","status-publish","format-standard","hentry","category-sem-categoria"],"yoast_head":"<!-- This site is optimized with the Yoast SEO plugin v26.6 - https:\/\/yoast.com\/wordpress\/plugins\/seo\/ -->\n<title>Villa do Vinho Bistr\u00f4 marca presen\u00e7a em evento de capacita\u00e7\u00e3o - Evandro Junior<\/title>\n<meta name=\"robots\" content=\"index, follow, max-snippet:-1, max-image-preview:large, max-video-preview:-1\" \/>\n<link rel=\"canonical\" href=\"https:\/\/www.blogsoestado.com\/evandrojunior\/2025\/03\/24\/villa-do-vinho-bistro-marca-presenca-em-evento-de-capacitacao\/\" \/>\n<meta property=\"og:locale\" content=\"pt_BR\" \/>\n<meta property=\"og:type\" content=\"article\" \/>\n<meta property=\"og:title\" content=\"Villa do Vinho Bistr\u00f4 marca presen\u00e7a em evento de capacita\u00e7\u00e3o - Evandro Junior\" \/>\n<meta property=\"og:description\" content=\"S\u00c3O LU\u00cdS &#8211; O empres\u00e1rio Werter Band\u00eaira, propriet\u00e1rio do Villa do Vinho Bistr\u00f4, marcou presen\u00e7a no evento \u201cIFood Empreenda\u201d, realizado [&hellip;]\" \/>\n<meta property=\"og:url\" content=\"https:\/\/www.blogsoestado.com\/evandrojunior\/2025\/03\/24\/villa-do-vinho-bistro-marca-presenca-em-evento-de-capacitacao\/\" \/>\n<meta property=\"og:site_name\" content=\"Evandro Junior\" \/>\n<meta property=\"article:published_time\" content=\"2025-03-24T20:18:36+00:00\" \/>\n<meta property=\"og:image\" content=\"https:\/\/www.blogsoestado.com\/evandrojunior\/wp-content\/uploads\/sites\/3\/2025\/03\/f32a6415-23a8-49cd-9495-88aa1b3631bd-1024x768.jpeg\" \/>\n<meta name=\"author\" content=\"Evandro Junior\" \/>\n<meta name=\"twitter:card\" content=\"summary_large_image\" \/>\n<meta name=\"twitter:label1\" content=\"Escrito por\" \/>\n\t<meta name=\"twitter:data1\" content=\"Evandro Junior\" \/>\n\t<meta name=\"twitter:label2\" content=\"Est. tempo de leitura\" \/>\n\t<meta name=\"twitter:data2\" content=\"2 minutos\" \/>\n<script type=\"application\/ld+json\" class=\"yoast-schema-graph\">{\"@context\":\"https:\/\/schema.org\",\"@graph\":[{\"@type\":\"WebPage\",\"@id\":\"https:\/\/www.blogsoestado.com\/evandrojunior\/2025\/03\/24\/villa-do-vinho-bistro-marca-presenca-em-evento-de-capacitacao\/\",\"url\":\"https:\/\/www.blogsoestado.com\/evandrojunior\/2025\/03\/24\/villa-do-vinho-bistro-marca-presenca-em-evento-de-capacitacao\/\",\"name\":\"Villa do Vinho Bistr\u00f4 marca presen\u00e7a em evento de capacita\u00e7\u00e3o - Evandro Junior\",\"isPartOf\":{\"@id\":\"https:\/\/www.blogsoestado.com\/evandrojunior\/#website\"},\"primaryImageOfPage\":{\"@id\":\"https:\/\/www.blogsoestado.com\/evandrojunior\/2025\/03\/24\/villa-do-vinho-bistro-marca-presenca-em-evento-de-capacitacao\/#primaryimage\"},\"image\":{\"@id\":\"https:\/\/www.blogsoestado.com\/evandrojunior\/2025\/03\/24\/villa-do-vinho-bistro-marca-presenca-em-evento-de-capacitacao\/#primaryimage\"},\"thumbnailUrl\":\"https:\/\/www.blogsoestado.com\/evandrojunior\/wp-content\/uploads\/sites\/3\/2025\/03\/f32a6415-23a8-49cd-9495-88aa1b3631bd-1024x768.jpeg\",\"datePublished\":\"2025-03-24T20:18:36+00:00\",\"author\":{\"@id\":\"https:\/\/www.blogsoestado.com\/evandrojunior\/#\/schema\/person\/3e6c3d8dbb740d1c6878ebc935cfb3be\"},\"breadcrumb\":{\"@id\":\"https:\/\/www.blogsoestado.com\/evandrojunior\/2025\/03\/24\/villa-do-vinho-bistro-marca-presenca-em-evento-de-capacitacao\/#breadcrumb\"},\"inLanguage\":\"pt-BR\",\"potentialAction\":[{\"@type\":\"ReadAction\",\"target\":[\"https:\/\/www.blogsoestado.com\/evandrojunior\/2025\/03\/24\/villa-do-vinho-bistro-marca-presenca-em-evento-de-capacitacao\/\"]}]},{\"@type\":\"ImageObject\",\"inLanguage\":\"pt-BR\",\"@id\":\"https:\/\/www.blogsoestado.com\/evandrojunior\/2025\/03\/24\/villa-do-vinho-bistro-marca-presenca-em-evento-de-capacitacao\/#primaryimage\",\"url\":\"https:\/\/www.blogsoestado.com\/evandrojunior\/wp-content\/uploads\/sites\/3\/2025\/03\/f32a6415-23a8-49cd-9495-88aa1b3631bd.jpeg\",\"contentUrl\":\"https:\/\/www.blogsoestado.com\/evandrojunior\/wp-content\/uploads\/sites\/3\/2025\/03\/f32a6415-23a8-49cd-9495-88aa1b3631bd.jpeg\",\"width\":1280,\"height\":960},{\"@type\":\"BreadcrumbList\",\"@id\":\"https:\/\/www.blogsoestado.com\/evandrojunior\/2025\/03\/24\/villa-do-vinho-bistro-marca-presenca-em-evento-de-capacitacao\/#breadcrumb\",\"itemListElement\":[{\"@type\":\"ListItem\",\"position\":1,\"name\":\"In\u00edcio\",\"item\":\"https:\/\/www.blogsoestado.com\/evandrojunior\/\"},{\"@type\":\"ListItem\",\"position\":2,\"name\":\"Villa do Vinho Bistr\u00f4 marca presen\u00e7a em evento de capacita\u00e7\u00e3o\"}]},{\"@type\":\"WebSite\",\"@id\":\"https:\/\/www.blogsoestado.com\/evandrojunior\/#website\",\"url\":\"https:\/\/www.blogsoestado.com\/evandrojunior\/\",\"name\":\"Evandro Junior\",\"description\":\"\",\"potentialAction\":[{\"@type\":\"SearchAction\",\"target\":{\"@type\":\"EntryPoint\",\"urlTemplate\":\"https:\/\/www.blogsoestado.com\/evandrojunior\/?s={search_term_string}\"},\"query-input\":{\"@type\":\"PropertyValueSpecification\",\"valueRequired\":true,\"valueName\":\"search_term_string\"}}],\"inLanguage\":\"pt-BR\"},{\"@type\":\"Person\",\"@id\":\"https:\/\/www.blogsoestado.com\/evandrojunior\/#\/schema\/person\/3e6c3d8dbb740d1c6878ebc935cfb3be\",\"name\":\"Evandro Junior\",\"image\":{\"@type\":\"ImageObject\",\"inLanguage\":\"pt-BR\",\"@id\":\"https:\/\/www.blogsoestado.com\/evandrojunior\/#\/schema\/person\/image\/\",\"url\":\"https:\/\/secure.gravatar.com\/avatar\/f80a03a2294a580cd2318bfb459bf354cfa8be661ef3d95b542cf9a04af8d129?s=96&d=mm&r=g\",\"contentUrl\":\"https:\/\/secure.gravatar.com\/avatar\/f80a03a2294a580cd2318bfb459bf354cfa8be661ef3d95b542cf9a04af8d129?s=96&d=mm&r=g\",\"caption\":\"Evandro Junior\"},\"url\":\"https:\/\/www.blogsoestado.com\/evandrojunior\/author\/evandrojunior\/\"}]}<\/script>\n<!-- \/ Yoast SEO plugin. -->","yoast_head_json":{"title":"Villa do Vinho Bistr\u00f4 marca presen\u00e7a em evento de capacita\u00e7\u00e3o - Evandro Junior","robots":{"index":"index","follow":"follow","max-snippet":"max-snippet:-1","max-image-preview":"max-image-preview:large","max-video-preview":"max-video-preview:-1"},"canonical":"https:\/\/www.blogsoestado.com\/evandrojunior\/2025\/03\/24\/villa-do-vinho-bistro-marca-presenca-em-evento-de-capacitacao\/","og_locale":"pt_BR","og_type":"article","og_title":"Villa do Vinho Bistr\u00f4 marca presen\u00e7a em evento de capacita\u00e7\u00e3o - Evandro Junior","og_description":"S\u00c3O LU\u00cdS &#8211; O empres\u00e1rio Werter Band\u00eaira, propriet\u00e1rio do Villa do Vinho Bistr\u00f4, marcou presen\u00e7a no evento \u201cIFood Empreenda\u201d, realizado [&hellip;]","og_url":"https:\/\/www.blogsoestado.com\/evandrojunior\/2025\/03\/24\/villa-do-vinho-bistro-marca-presenca-em-evento-de-capacitacao\/","og_site_name":"Evandro Junior","article_published_time":"2025-03-24T20:18:36+00:00","og_image":[{"url":"https:\/\/www.blogsoestado.com\/evandrojunior\/wp-content\/uploads\/sites\/3\/2025\/03\/f32a6415-23a8-49cd-9495-88aa1b3631bd-1024x768.jpeg","type":"","width":"","height":""}],"author":"Evandro Junior","twitter_card":"summary_large_image","twitter_misc":{"Escrito por":"Evandro Junior","Est. tempo de leitura":"2 minutos"},"schema":{"@context":"https:\/\/schema.org","@graph":[{"@type":"WebPage","@id":"https:\/\/www.blogsoestado.com\/evandrojunior\/2025\/03\/24\/villa-do-vinho-bistro-marca-presenca-em-evento-de-capacitacao\/","url":"https:\/\/www.blogsoestado.com\/evandrojunior\/2025\/03\/24\/villa-do-vinho-bistro-marca-presenca-em-evento-de-capacitacao\/","name":"Villa do Vinho Bistr\u00f4 marca presen\u00e7a em evento de capacita\u00e7\u00e3o - Evandro Junior","isPartOf":{"@id":"https:\/\/www.blogsoestado.com\/evandrojunior\/#website"},"primaryImageOfPage":{"@id":"https:\/\/www.blogsoestado.com\/evandrojunior\/2025\/03\/24\/villa-do-vinho-bistro-marca-presenca-em-evento-de-capacitacao\/#primaryimage"},"image":{"@id":"https:\/\/www.blogsoestado.com\/evandrojunior\/2025\/03\/24\/villa-do-vinho-bistro-marca-presenca-em-evento-de-capacitacao\/#primaryimage"},"thumbnailUrl":"https:\/\/www.blogsoestado.com\/evandrojunior\/wp-content\/uploads\/sites\/3\/2025\/03\/f32a6415-23a8-49cd-9495-88aa1b3631bd-1024x768.jpeg","datePublished":"2025-03-24T20:18:36+00:00","author":{"@id":"https:\/\/www.blogsoestado.com\/evandrojunior\/#\/schema\/person\/3e6c3d8dbb740d1c6878ebc935cfb3be"},"breadcrumb":{"@id":"https:\/\/www.blogsoestado.com\/evandrojunior\/2025\/03\/24\/villa-do-vinho-bistro-marca-presenca-em-evento-de-capacitacao\/#breadcrumb"},"inLanguage":"pt-BR","potentialAction":[{"@type":"ReadAction","target":["https:\/\/www.blogsoestado.com\/evandrojunior\/2025\/03\/24\/villa-do-vinho-bistro-marca-presenca-em-evento-de-capacitacao\/"]}]},{"@type":"ImageObject","inLanguage":"pt-BR","@id":"https:\/\/www.blogsoestado.com\/evandrojunior\/2025\/03\/24\/villa-do-vinho-bistro-marca-presenca-em-evento-de-capacitacao\/#primaryimage","url":"https:\/\/www.blogsoestado.com\/evandrojunior\/wp-content\/uploads\/sites\/3\/2025\/03\/f32a6415-23a8-49cd-9495-88aa1b3631bd.jpeg","contentUrl":"https:\/\/www.blogsoestado.com\/evandrojunior\/wp-content\/uploads\/sites\/3\/2025\/03\/f32a6415-23a8-49cd-9495-88aa1b3631bd.jpeg","width":1280,"height":960},{"@type":"BreadcrumbList","@id":"https:\/\/www.blogsoestado.com\/evandrojunior\/2025\/03\/24\/villa-do-vinho-bistro-marca-presenca-em-evento-de-capacitacao\/#breadcrumb","itemListElement":[{"@type":"ListItem","position":1,"name":"In\u00edcio","item":"https:\/\/www.blogsoestado.com\/evandrojunior\/"},{"@type":"ListItem","position":2,"name":"Villa do Vinho Bistr\u00f4 marca presen\u00e7a em evento de capacita\u00e7\u00e3o"}]},{"@type":"WebSite","@id":"https:\/\/www.blogsoestado.com\/evandrojunior\/#website","url":"https:\/\/www.blogsoestado.com\/evandrojunior\/","name":"Evandro Junior","description":"","potentialAction":[{"@type":"SearchAction","target":{"@type":"EntryPoint","urlTemplate":"https:\/\/www.blogsoestado.com\/evandrojunior\/?s={search_term_string}"},"query-input":{"@type":"PropertyValueSpecification","valueRequired":true,"valueName":"search_term_string"}}],"inLanguage":"pt-BR"},{"@type":"Person","@id":"https:\/\/www.blogsoestado.com\/evandrojunior\/#\/schema\/person\/3e6c3d8dbb740d1c6878ebc935cfb3be","name":"Evandro Junior","image":{"@type":"ImageObject","inLanguage":"pt-BR","@id":"https:\/\/www.blogsoestado.com\/evandrojunior\/#\/schema\/person\/image\/","url":"https:\/\/secure.gravatar.com\/avatar\/f80a03a2294a580cd2318bfb459bf354cfa8be661ef3d95b542cf9a04af8d129?s=96&d=mm&r=g","contentUrl":"https:\/\/secure.gravatar.com\/avatar\/f80a03a2294a580cd2318bfb459bf354cfa8be661ef3d95b542cf9a04af8d129?s=96&d=mm&r=g","caption":"Evandro Junior"},"url":"https:\/\/www.blogsoestado.com\/evandrojunior\/author\/evandrojunior\/"}]}},"jetpack_featured_media_url":"","_links":{"self":[{"href":"https:\/\/www.blogsoestado.com\/evandrojunior\/wp-json\/wp\/v2\/posts\/14936","targetHints":{"allow":["GET"]}}],"collection":[{"href":"https:\/\/www.blogsoestado.com\/evandrojunior\/wp-json\/wp\/v2\/posts"}],"about":[{"href":"https:\/\/www.blogsoestado.com\/evandrojunior\/wp-json\/wp\/v2\/types\/post"}],"author":[{"embeddable":true,"href":"https:\/\/www.blogsoestado.com\/evandrojunior\/wp-json\/wp\/v2\/users\/4"}],"replies":[{"embeddable":true,"href":"https:\/\/www.blogsoestado.com\/evandrojunior\/wp-json\/wp\/v2\/comments?post=14936"}],"version-history":[{"count":0,"href":"https:\/\/www.blogsoestado.com\/evandrojunior\/wp-json\/wp\/v2\/posts\/14936\/revisions"}],"wp:attachment":[{"href":"https:\/\/www.blogsoestado.com\/evandrojunior\/wp-json\/wp\/v2\/media?parent=14936"}],"wp:term":[{"taxonomy":"category","embeddable":true,"href":"https:\/\/www.blogsoestado.com\/evandrojunior\/wp-json\/wp\/v2\/categories?post=14936"},{"taxonomy":"post_tag","embeddable":true,"href":"https:\/\/www.blogsoestado.com\/evandrojunior\/wp-json\/wp\/v2\/tags?post=14936"}],"curies":[{"name":"wp","href":"https:\/\/api.w.org\/{rel}","templated":true}]}}