{"id":14954,"date":"2025-03-25T16:10:50","date_gmt":"2025-03-25T19:10:50","guid":{"rendered":"https:\/\/www.blogsoestado.com\/evandrojunior\/?p=14954"},"modified":"2025-03-25T16:10:50","modified_gmt":"2025-03-25T19:10:50","slug":"cest-promovera-simposio-sobre-gestao-logistica-tecnologia-e-direito-portuario","status":"publish","type":"post","link":"https:\/\/www.blogsoestado.com\/evandrojunior\/2025\/03\/25\/cest-promovera-simposio-sobre-gestao-logistica-tecnologia-e-direito-portuario\/","title":{"rendered":"CEST promover\u00e1 simp\u00f3sio sobre Gest\u00e3o, Log\u00edstica, Tecnologia e Direito Portu\u00e1rio"},"content":{"rendered":"\n<div class=\"wp-block-image\"><figure class=\"aligncenter size-large is-resized\"><img fetchpriority=\"high\" decoding=\"async\" src=\"https:\/\/www.blogsoestado.com\/evandrojunior\/wp-content\/uploads\/sites\/3\/2025\/03\/WhatsApp-Image-2025-03-25-at-13.20.36-1024x1002.jpeg\" alt=\"\" class=\"wp-image-14955\" width=\"449\" height=\"438\" srcset=\"https:\/\/www.blogsoestado.com\/evandrojunior\/wp-content\/uploads\/sites\/3\/2025\/03\/WhatsApp-Image-2025-03-25-at-13.20.36-1024x1002.jpeg 1024w, https:\/\/www.blogsoestado.com\/evandrojunior\/wp-content\/uploads\/sites\/3\/2025\/03\/WhatsApp-Image-2025-03-25-at-13.20.36-300x293.jpeg 300w, https:\/\/www.blogsoestado.com\/evandrojunior\/wp-content\/uploads\/sites\/3\/2025\/03\/WhatsApp-Image-2025-03-25-at-13.20.36-768x751.jpeg 768w, https:\/\/www.blogsoestado.com\/evandrojunior\/wp-content\/uploads\/sites\/3\/2025\/03\/WhatsApp-Image-2025-03-25-at-13.20.36.jpeg 1280w\" sizes=\"(max-width: 449px) 100vw, 449px\" \/><figcaption><strong>Palestrantes do Simp\u00f3sio Integrado de Gest\u00e3o, Log\u00edstica, Tecnologia e Direito Portu\u00e1rio do CEST: Isabella Pearce, S\u00e9rgio Cutrim, Gabriel Mateucci Cassia e Walter Pinheiro<\/strong><\/figcaption><\/figure><\/div>\n\n\n\n<p><strong>S\u00c3O LU\u00cdS<\/strong> &#8211; Com o objetivo de debater a din\u00e2mica do com\u00e9rcio global e a crescente import\u00e2ncia dos portos como eixos estrat\u00e9gicos para o desenvolvimento econ\u00f4mico regional e nacional, o CEST promover\u00e1, no dia 3 de abril, o i Simp\u00f3sio Integrado de Gest\u00e3o, Log\u00edstica, Tecnologia e Direito Portu\u00e1rio.<\/p>\n\n\n\n<p>O evento acontecer\u00e1 no Audit\u00f3rio do CEST, \u00e0s 8h30, com a presen\u00e7a de palestrantes especialistas nas \u00e1reas de tecnologia, gest\u00e3o e direito portu\u00e1rio<\/p>\n\n\n\n<p>Organizado pelos cursos de Direito, Administra\u00e7\u00e3o, Sistema de Informa\u00e7\u00e3o e Tecnologia em Log\u00edstica, o evento prop\u00f5e uma abordagem multidisciplinar sobre os desafios e oportunidades do setor portu\u00e1rio.<\/p>\n\n\n\n<p>Os debates contribuir\u00e3o para um olhar amplo e atualizado sobre temas como regula\u00e7\u00e3o portu\u00e1ria, infraestrutura log\u00edstica, automa\u00e7\u00e3o, digitaliza\u00e7\u00e3o e inova\u00e7\u00e3o dos portos e estrat\u00e9gias eficazes de gest\u00e3o de pessoas no setor portu\u00e1rio.<\/p>\n\n\n\n<p><strong>Veja as refer\u00eancias dos palestrantes:<\/strong><\/p>\n\n\n\n<ul class=\"wp-block-list\"><li>Walter Pinheiro \u00e9 diretor de Opera\u00e7\u00f5es do Terminal Mar\u00edtimo de Ponta da Madeira \u2013 Vale. Executivo com 30 anos de experi\u00eancia em lideran\u00e7a, gest\u00e3o de opera\u00e7\u00f5es industriais e log\u00edsticas. Especialista em tecnologia de alimentos e cervejeira, com MBAs em Gest\u00e3o de Neg\u00f3cios e Empresarial. Docente em cursos de p\u00f3s-gradua\u00e7\u00e3o sobre gest\u00e3o e opera\u00e7\u00f5es portu\u00e1rias.<\/li><\/ul>\n\n\n\n<ul class=\"wp-block-list\"><li>Prof. Dr. S\u00e9rgio Cutrim \u00e9 doutor em Engenharia Naval e Oce\u00e2nica pela USP, professor da UFMA e pesquisador em planejamento, governan\u00e7a e sustentabilidade no setor portu\u00e1rio. Coordenador do LabPortos, do Observat\u00f3rio Portu\u00e1rio e da Especializa\u00e7\u00e3o em Gest\u00e3o Portu\u00e1ria.<\/li><\/ul>\n\n\n\n<ul class=\"wp-block-list\"><li>Gabriel Mateucci Cassia \u00e9 gerente de P&amp;D e Inova\u00e7\u00e3o no Porto do Itaqui\/EMAP, mestre em Desenvolvimento Socioecon\u00f4mico pela UFMA e especialista em Gest\u00e3o P\u00fablica. Criador dos projetos Porto do Futuro e Resid\u00eancia Portu\u00e1ria, reconhecidos nacionalmente por inova\u00e7\u00e3o no setor.<\/li><\/ul>\n","protected":false},"excerpt":{"rendered":"<p>S\u00c3O LU\u00cdS &#8211; Com o objetivo de debater a din\u00e2mica do com\u00e9rcio global e a crescente import\u00e2ncia dos portos como [&hellip;]<\/p>\n","protected":false},"author":4,"featured_media":0,"comment_status":"open","ping_status":"open","sticky":false,"template":"","format":"standard","meta":{"site-sidebar-layout":"default","site-content-layout":"","ast-site-content-layout":"default","site-content-style":"default","site-sidebar-style":"default","ast-global-header-display":"","ast-banner-title-visibility":"","ast-main-header-display":"","ast-hfb-above-header-display":"","ast-hfb-below-header-display":"","ast-hfb-mobile-header-display":"","site-post-title":"","ast-breadcrumbs-content":"","ast-featured-img":"","footer-sml-layout":"","ast-disable-related-posts":"","theme-transparent-header-meta":"","adv-header-id-meta":"","stick-header-meta":"","header-above-stick-meta":"","header-main-stick-meta":"","header-below-stick-meta":"","astra-migrate-meta-layouts":"default","ast-page-background-enabled":"default","ast-page-background-meta":{"desktop":{"background-color":"var(--ast-global-color-5)","background-image":"","background-repeat":"repeat","background-position":"center center","background-size":"auto","background-attachment":"scroll","background-type":"","background-media":"","overlay-type":"","overlay-color":"","overlay-opacity":"","overlay-gradient":""},"tablet":{"background-color":"","background-image":"","background-repeat":"repeat","background-position":"center center","background-size":"auto","background-attachment":"scroll","background-type":"","background-media":"","overlay-type":"","overlay-color":"","overlay-opacity":"","overlay-gradient":""},"mobile":{"background-color":"","background-image":"","background-repeat":"repeat","background-position":"center center","background-size":"auto","background-attachment":"scroll","background-type":"","background-media":"","overlay-type":"","overlay-color":"","overlay-opacity":"","overlay-gradient":""}},"ast-content-background-meta":{"desktop":{"background-color":"var(--ast-global-color-4)","background-image":"","background-repeat":"repeat","background-position":"center center","background-size":"auto","background-attachment":"scroll","background-type":"","background-media":"","overlay-type":"","overlay-color":"","overlay-opacity":"","overlay-gradient":""},"tablet":{"background-color":"var(--ast-global-color-4)","background-image":"","background-repeat":"repeat","background-position":"center center","background-size":"auto","background-attachment":"scroll","background-type":"","background-media":"","overlay-type":"","overlay-color":"","overlay-opacity":"","overlay-gradient":""},"mobile":{"background-color":"var(--ast-global-color-4)","background-image":"","background-repeat":"repeat","background-position":"center center","background-size":"auto","background-attachment":"scroll","background-type":"","background-media":"","overlay-type":"","overlay-color":"","overlay-opacity":"","overlay-gradient":""}},"footnotes":""},"categories":[1],"tags":[],"class_list":["post-14954","post","type-post","status-publish","format-standard","hentry","category-sem-categoria"],"yoast_head":"<!-- This site is optimized with the Yoast SEO plugin v26.6 - https:\/\/yoast.com\/wordpress\/plugins\/seo\/ -->\n<title>CEST promover\u00e1 simp\u00f3sio sobre Gest\u00e3o, Log\u00edstica, Tecnologia e Direito Portu\u00e1rio - Evandro Junior<\/title>\n<meta name=\"robots\" content=\"index, follow, max-snippet:-1, max-image-preview:large, max-video-preview:-1\" \/>\n<link rel=\"canonical\" href=\"https:\/\/www.blogsoestado.com\/evandrojunior\/2025\/03\/25\/cest-promovera-simposio-sobre-gestao-logistica-tecnologia-e-direito-portuario\/\" \/>\n<meta property=\"og:locale\" content=\"pt_BR\" \/>\n<meta property=\"og:type\" content=\"article\" \/>\n<meta property=\"og:title\" content=\"CEST promover\u00e1 simp\u00f3sio sobre Gest\u00e3o, Log\u00edstica, Tecnologia e Direito Portu\u00e1rio - Evandro Junior\" \/>\n<meta property=\"og:description\" content=\"S\u00c3O LU\u00cdS &#8211; Com o objetivo de debater a din\u00e2mica do com\u00e9rcio global e a crescente import\u00e2ncia dos portos como [&hellip;]\" \/>\n<meta property=\"og:url\" content=\"https:\/\/www.blogsoestado.com\/evandrojunior\/2025\/03\/25\/cest-promovera-simposio-sobre-gestao-logistica-tecnologia-e-direito-portuario\/\" \/>\n<meta property=\"og:site_name\" content=\"Evandro Junior\" \/>\n<meta property=\"article:published_time\" content=\"2025-03-25T19:10:50+00:00\" \/>\n<meta property=\"og:image\" content=\"https:\/\/www.blogsoestado.com\/evandrojunior\/wp-content\/uploads\/sites\/3\/2025\/03\/WhatsApp-Image-2025-03-25-at-13.20.36-1024x1002.jpeg\" \/>\n<meta name=\"author\" content=\"Evandro Junior\" \/>\n<meta name=\"twitter:card\" content=\"summary_large_image\" \/>\n<meta name=\"twitter:label1\" content=\"Escrito por\" \/>\n\t<meta name=\"twitter:data1\" content=\"Evandro Junior\" \/>\n\t<meta name=\"twitter:label2\" content=\"Est. tempo de leitura\" \/>\n\t<meta name=\"twitter:data2\" content=\"2 minutos\" \/>\n<script type=\"application\/ld+json\" class=\"yoast-schema-graph\">{\"@context\":\"https:\/\/schema.org\",\"@graph\":[{\"@type\":\"WebPage\",\"@id\":\"https:\/\/www.blogsoestado.com\/evandrojunior\/2025\/03\/25\/cest-promovera-simposio-sobre-gestao-logistica-tecnologia-e-direito-portuario\/\",\"url\":\"https:\/\/www.blogsoestado.com\/evandrojunior\/2025\/03\/25\/cest-promovera-simposio-sobre-gestao-logistica-tecnologia-e-direito-portuario\/\",\"name\":\"CEST promover\u00e1 simp\u00f3sio sobre Gest\u00e3o, Log\u00edstica, Tecnologia e Direito Portu\u00e1rio - Evandro Junior\",\"isPartOf\":{\"@id\":\"https:\/\/www.blogsoestado.com\/evandrojunior\/#website\"},\"primaryImageOfPage\":{\"@id\":\"https:\/\/www.blogsoestado.com\/evandrojunior\/2025\/03\/25\/cest-promovera-simposio-sobre-gestao-logistica-tecnologia-e-direito-portuario\/#primaryimage\"},\"image\":{\"@id\":\"https:\/\/www.blogsoestado.com\/evandrojunior\/2025\/03\/25\/cest-promovera-simposio-sobre-gestao-logistica-tecnologia-e-direito-portuario\/#primaryimage\"},\"thumbnailUrl\":\"https:\/\/www.blogsoestado.com\/evandrojunior\/wp-content\/uploads\/sites\/3\/2025\/03\/WhatsApp-Image-2025-03-25-at-13.20.36-1024x1002.jpeg\",\"datePublished\":\"2025-03-25T19:10:50+00:00\",\"author\":{\"@id\":\"https:\/\/www.blogsoestado.com\/evandrojunior\/#\/schema\/person\/3e6c3d8dbb740d1c6878ebc935cfb3be\"},\"breadcrumb\":{\"@id\":\"https:\/\/www.blogsoestado.com\/evandrojunior\/2025\/03\/25\/cest-promovera-simposio-sobre-gestao-logistica-tecnologia-e-direito-portuario\/#breadcrumb\"},\"inLanguage\":\"pt-BR\",\"potentialAction\":[{\"@type\":\"ReadAction\",\"target\":[\"https:\/\/www.blogsoestado.com\/evandrojunior\/2025\/03\/25\/cest-promovera-simposio-sobre-gestao-logistica-tecnologia-e-direito-portuario\/\"]}]},{\"@type\":\"ImageObject\",\"inLanguage\":\"pt-BR\",\"@id\":\"https:\/\/www.blogsoestado.com\/evandrojunior\/2025\/03\/25\/cest-promovera-simposio-sobre-gestao-logistica-tecnologia-e-direito-portuario\/#primaryimage\",\"url\":\"https:\/\/www.blogsoestado.com\/evandrojunior\/wp-content\/uploads\/sites\/3\/2025\/03\/WhatsApp-Image-2025-03-25-at-13.20.36.jpeg\",\"contentUrl\":\"https:\/\/www.blogsoestado.com\/evandrojunior\/wp-content\/uploads\/sites\/3\/2025\/03\/WhatsApp-Image-2025-03-25-at-13.20.36.jpeg\",\"width\":1280,\"height\":1252},{\"@type\":\"BreadcrumbList\",\"@id\":\"https:\/\/www.blogsoestado.com\/evandrojunior\/2025\/03\/25\/cest-promovera-simposio-sobre-gestao-logistica-tecnologia-e-direito-portuario\/#breadcrumb\",\"itemListElement\":[{\"@type\":\"ListItem\",\"position\":1,\"name\":\"In\u00edcio\",\"item\":\"https:\/\/www.blogsoestado.com\/evandrojunior\/\"},{\"@type\":\"ListItem\",\"position\":2,\"name\":\"CEST promover\u00e1 simp\u00f3sio sobre Gest\u00e3o, Log\u00edstica, Tecnologia e Direito Portu\u00e1rio\"}]},{\"@type\":\"WebSite\",\"@id\":\"https:\/\/www.blogsoestado.com\/evandrojunior\/#website\",\"url\":\"https:\/\/www.blogsoestado.com\/evandrojunior\/\",\"name\":\"Evandro Junior\",\"description\":\"\",\"potentialAction\":[{\"@type\":\"SearchAction\",\"target\":{\"@type\":\"EntryPoint\",\"urlTemplate\":\"https:\/\/www.blogsoestado.com\/evandrojunior\/?s={search_term_string}\"},\"query-input\":{\"@type\":\"PropertyValueSpecification\",\"valueRequired\":true,\"valueName\":\"search_term_string\"}}],\"inLanguage\":\"pt-BR\"},{\"@type\":\"Person\",\"@id\":\"https:\/\/www.blogsoestado.com\/evandrojunior\/#\/schema\/person\/3e6c3d8dbb740d1c6878ebc935cfb3be\",\"name\":\"Evandro Junior\",\"image\":{\"@type\":\"ImageObject\",\"inLanguage\":\"pt-BR\",\"@id\":\"https:\/\/www.blogsoestado.com\/evandrojunior\/#\/schema\/person\/image\/\",\"url\":\"https:\/\/secure.gravatar.com\/avatar\/f80a03a2294a580cd2318bfb459bf354cfa8be661ef3d95b542cf9a04af8d129?s=96&d=mm&r=g\",\"contentUrl\":\"https:\/\/secure.gravatar.com\/avatar\/f80a03a2294a580cd2318bfb459bf354cfa8be661ef3d95b542cf9a04af8d129?s=96&d=mm&r=g\",\"caption\":\"Evandro Junior\"},\"url\":\"https:\/\/www.blogsoestado.com\/evandrojunior\/author\/evandrojunior\/\"}]}<\/script>\n<!-- \/ Yoast SEO plugin. -->","yoast_head_json":{"title":"CEST promover\u00e1 simp\u00f3sio sobre Gest\u00e3o, Log\u00edstica, Tecnologia e Direito Portu\u00e1rio - Evandro Junior","robots":{"index":"index","follow":"follow","max-snippet":"max-snippet:-1","max-image-preview":"max-image-preview:large","max-video-preview":"max-video-preview:-1"},"canonical":"https:\/\/www.blogsoestado.com\/evandrojunior\/2025\/03\/25\/cest-promovera-simposio-sobre-gestao-logistica-tecnologia-e-direito-portuario\/","og_locale":"pt_BR","og_type":"article","og_title":"CEST promover\u00e1 simp\u00f3sio sobre Gest\u00e3o, Log\u00edstica, Tecnologia e Direito Portu\u00e1rio - Evandro Junior","og_description":"S\u00c3O LU\u00cdS &#8211; Com o objetivo de debater a din\u00e2mica do com\u00e9rcio global e a crescente import\u00e2ncia dos portos como [&hellip;]","og_url":"https:\/\/www.blogsoestado.com\/evandrojunior\/2025\/03\/25\/cest-promovera-simposio-sobre-gestao-logistica-tecnologia-e-direito-portuario\/","og_site_name":"Evandro Junior","article_published_time":"2025-03-25T19:10:50+00:00","og_image":[{"url":"https:\/\/www.blogsoestado.com\/evandrojunior\/wp-content\/uploads\/sites\/3\/2025\/03\/WhatsApp-Image-2025-03-25-at-13.20.36-1024x1002.jpeg","type":"","width":"","height":""}],"author":"Evandro Junior","twitter_card":"summary_large_image","twitter_misc":{"Escrito por":"Evandro Junior","Est. tempo de leitura":"2 minutos"},"schema":{"@context":"https:\/\/schema.org","@graph":[{"@type":"WebPage","@id":"https:\/\/www.blogsoestado.com\/evandrojunior\/2025\/03\/25\/cest-promovera-simposio-sobre-gestao-logistica-tecnologia-e-direito-portuario\/","url":"https:\/\/www.blogsoestado.com\/evandrojunior\/2025\/03\/25\/cest-promovera-simposio-sobre-gestao-logistica-tecnologia-e-direito-portuario\/","name":"CEST promover\u00e1 simp\u00f3sio sobre Gest\u00e3o, Log\u00edstica, Tecnologia e Direito Portu\u00e1rio - Evandro Junior","isPartOf":{"@id":"https:\/\/www.blogsoestado.com\/evandrojunior\/#website"},"primaryImageOfPage":{"@id":"https:\/\/www.blogsoestado.com\/evandrojunior\/2025\/03\/25\/cest-promovera-simposio-sobre-gestao-logistica-tecnologia-e-direito-portuario\/#primaryimage"},"image":{"@id":"https:\/\/www.blogsoestado.com\/evandrojunior\/2025\/03\/25\/cest-promovera-simposio-sobre-gestao-logistica-tecnologia-e-direito-portuario\/#primaryimage"},"thumbnailUrl":"https:\/\/www.blogsoestado.com\/evandrojunior\/wp-content\/uploads\/sites\/3\/2025\/03\/WhatsApp-Image-2025-03-25-at-13.20.36-1024x1002.jpeg","datePublished":"2025-03-25T19:10:50+00:00","author":{"@id":"https:\/\/www.blogsoestado.com\/evandrojunior\/#\/schema\/person\/3e6c3d8dbb740d1c6878ebc935cfb3be"},"breadcrumb":{"@id":"https:\/\/www.blogsoestado.com\/evandrojunior\/2025\/03\/25\/cest-promovera-simposio-sobre-gestao-logistica-tecnologia-e-direito-portuario\/#breadcrumb"},"inLanguage":"pt-BR","potentialAction":[{"@type":"ReadAction","target":["https:\/\/www.blogsoestado.com\/evandrojunior\/2025\/03\/25\/cest-promovera-simposio-sobre-gestao-logistica-tecnologia-e-direito-portuario\/"]}]},{"@type":"ImageObject","inLanguage":"pt-BR","@id":"https:\/\/www.blogsoestado.com\/evandrojunior\/2025\/03\/25\/cest-promovera-simposio-sobre-gestao-logistica-tecnologia-e-direito-portuario\/#primaryimage","url":"https:\/\/www.blogsoestado.com\/evandrojunior\/wp-content\/uploads\/sites\/3\/2025\/03\/WhatsApp-Image-2025-03-25-at-13.20.36.jpeg","contentUrl":"https:\/\/www.blogsoestado.com\/evandrojunior\/wp-content\/uploads\/sites\/3\/2025\/03\/WhatsApp-Image-2025-03-25-at-13.20.36.jpeg","width":1280,"height":1252},{"@type":"BreadcrumbList","@id":"https:\/\/www.blogsoestado.com\/evandrojunior\/2025\/03\/25\/cest-promovera-simposio-sobre-gestao-logistica-tecnologia-e-direito-portuario\/#breadcrumb","itemListElement":[{"@type":"ListItem","position":1,"name":"In\u00edcio","item":"https:\/\/www.blogsoestado.com\/evandrojunior\/"},{"@type":"ListItem","position":2,"name":"CEST promover\u00e1 simp\u00f3sio sobre Gest\u00e3o, Log\u00edstica, Tecnologia e Direito Portu\u00e1rio"}]},{"@type":"WebSite","@id":"https:\/\/www.blogsoestado.com\/evandrojunior\/#website","url":"https:\/\/www.blogsoestado.com\/evandrojunior\/","name":"Evandro Junior","description":"","potentialAction":[{"@type":"SearchAction","target":{"@type":"EntryPoint","urlTemplate":"https:\/\/www.blogsoestado.com\/evandrojunior\/?s={search_term_string}"},"query-input":{"@type":"PropertyValueSpecification","valueRequired":true,"valueName":"search_term_string"}}],"inLanguage":"pt-BR"},{"@type":"Person","@id":"https:\/\/www.blogsoestado.com\/evandrojunior\/#\/schema\/person\/3e6c3d8dbb740d1c6878ebc935cfb3be","name":"Evandro Junior","image":{"@type":"ImageObject","inLanguage":"pt-BR","@id":"https:\/\/www.blogsoestado.com\/evandrojunior\/#\/schema\/person\/image\/","url":"https:\/\/secure.gravatar.com\/avatar\/f80a03a2294a580cd2318bfb459bf354cfa8be661ef3d95b542cf9a04af8d129?s=96&d=mm&r=g","contentUrl":"https:\/\/secure.gravatar.com\/avatar\/f80a03a2294a580cd2318bfb459bf354cfa8be661ef3d95b542cf9a04af8d129?s=96&d=mm&r=g","caption":"Evandro Junior"},"url":"https:\/\/www.blogsoestado.com\/evandrojunior\/author\/evandrojunior\/"}]}},"jetpack_featured_media_url":"","_links":{"self":[{"href":"https:\/\/www.blogsoestado.com\/evandrojunior\/wp-json\/wp\/v2\/posts\/14954","targetHints":{"allow":["GET"]}}],"collection":[{"href":"https:\/\/www.blogsoestado.com\/evandrojunior\/wp-json\/wp\/v2\/posts"}],"about":[{"href":"https:\/\/www.blogsoestado.com\/evandrojunior\/wp-json\/wp\/v2\/types\/post"}],"author":[{"embeddable":true,"href":"https:\/\/www.blogsoestado.com\/evandrojunior\/wp-json\/wp\/v2\/users\/4"}],"replies":[{"embeddable":true,"href":"https:\/\/www.blogsoestado.com\/evandrojunior\/wp-json\/wp\/v2\/comments?post=14954"}],"version-history":[{"count":0,"href":"https:\/\/www.blogsoestado.com\/evandrojunior\/wp-json\/wp\/v2\/posts\/14954\/revisions"}],"wp:attachment":[{"href":"https:\/\/www.blogsoestado.com\/evandrojunior\/wp-json\/wp\/v2\/media?parent=14954"}],"wp:term":[{"taxonomy":"category","embeddable":true,"href":"https:\/\/www.blogsoestado.com\/evandrojunior\/wp-json\/wp\/v2\/categories?post=14954"},{"taxonomy":"post_tag","embeddable":true,"href":"https:\/\/www.blogsoestado.com\/evandrojunior\/wp-json\/wp\/v2\/tags?post=14954"}],"curies":[{"name":"wp","href":"https:\/\/api.w.org\/{rel}","templated":true}]}}