{"id":14958,"date":"2025-03-26T15:00:29","date_gmt":"2025-03-26T18:00:29","guid":{"rendered":"https:\/\/www.blogsoestado.com\/evandrojunior\/?p=14958"},"modified":"2025-03-26T15:00:29","modified_gmt":"2025-03-26T18:00:29","slug":"judoca-maranhense-e-classificada-para-campeonato-em-manaus","status":"publish","type":"post","link":"https:\/\/www.blogsoestado.com\/evandrojunior\/2025\/03\/26\/judoca-maranhense-e-classificada-para-campeonato-em-manaus\/","title":{"rendered":"Judoca maranhense \u00e9 classificada para campeonato em Manaus"},"content":{"rendered":"\n<div class=\"wp-block-image\"><figure class=\"aligncenter size-large is-resized\"><img fetchpriority=\"high\" decoding=\"async\" src=\"https:\/\/www.blogsoestado.com\/evandrojunior\/wp-content\/uploads\/sites\/3\/2025\/03\/WhatsApp-Image-2025-03-26-at-06.50.30-1024x821.jpeg\" alt=\"\" class=\"wp-image-14959\" width=\"461\" height=\"370\" srcset=\"https:\/\/www.blogsoestado.com\/evandrojunior\/wp-content\/uploads\/sites\/3\/2025\/03\/WhatsApp-Image-2025-03-26-at-06.50.30-1024x821.jpeg 1024w, https:\/\/www.blogsoestado.com\/evandrojunior\/wp-content\/uploads\/sites\/3\/2025\/03\/WhatsApp-Image-2025-03-26-at-06.50.30-300x241.jpeg 300w, https:\/\/www.blogsoestado.com\/evandrojunior\/wp-content\/uploads\/sites\/3\/2025\/03\/WhatsApp-Image-2025-03-26-at-06.50.30-768x616.jpeg 768w, https:\/\/www.blogsoestado.com\/evandrojunior\/wp-content\/uploads\/sites\/3\/2025\/03\/WhatsApp-Image-2025-03-26-at-06.50.30-1536x1232.jpeg 1536w, https:\/\/www.blogsoestado.com\/evandrojunior\/wp-content\/uploads\/sites\/3\/2025\/03\/WhatsApp-Image-2025-03-26-at-06.50.30.jpeg 1600w\" sizes=\"(max-width: 461px) 100vw, 461px\" \/><figcaption><strong>RKayara Rocha Ferreira com o sensei Wita\u00e7uci Bezerra, que viajam para competir no Campeonato Brasileiro de Jud\u00f4 \u2013 Regi\u00e3o I, em Manaus, com apoio do Porto S\u00e3o Lu\u00eds<\/strong><\/figcaption><\/figure><\/div>\n\n\n\n<p><strong>S\u00c3O LU\u00cdS <\/strong>&#8211; A judoca RKayara Rocha Ferreira, de 13 anos, foi classificada para o Campeonato Brasileiro de Jud\u00f4 \u2013 Regi\u00e3o I, que ser\u00e1 realizado em Manaus (AM), de 29 a 30 de mar\u00e7o. Ela vai defender o Maranh\u00e3o com apoio do Porto S\u00e3o Lu\u00eds.<\/p>\n\n\n\n<p>Moradora da Prainha\/Cajueiro, viu sua vida ser transformada em menos de dois anos, quando foi convidada a participar da escolinha de jud\u00f4 ofertada pelo Porto S\u00e3o Lu\u00eds em sua comunidade.<\/p>\n\n\n\n<p>Ela se destacou nas aulas do projeto &#8216;Farol de Campe\u00f5es&#8217; e se transformou em uma atleta competitiva e de destaque estadual. Sob orienta\u00e7\u00e3o do sensei Wita\u00e7uci Bezerra, RKayara come\u00e7ou a se destacar nas lutas e a colecionar medalhas em competi\u00e7\u00f5es locais. <\/p>\n\n\n\n<p>Depois de ser vice-campe\u00e3 nos Jogos Escolares Ludovicenses (JEL\u00b4s), ela conquistou a medalha de bronze nos Jogos Escolares Estaduais (JEM\u00b4s) e, atualmente, \u00e9 a terceira melhor judoca do Maranh\u00e3o, na categoria Sub 15.<\/p>\n\n\n\n<p>RKayara \u00e9 a primeira atleta da fam\u00edlia e \u00e9 inspira\u00e7\u00e3o para o irm\u00e3o e judoca Arthur Rocha Ferreira, de 11 anos, e os demais judocas do projeto &#8216;Farol de Campe\u00f5es&#8217;.<\/p>\n\n\n\n<p>O projeto, uma iniciativa do Porto S\u00e3o Lu\u00eds, oferece aulas de jud\u00f4 gratuitas para 60 crian\u00e7as e jovens das comunidades do Cajueiro, M\u00e3e Chica, Vila Maranh\u00e3o e adjac\u00eancias; com idades entre 7 e 17 anos.<\/p>\n","protected":false},"excerpt":{"rendered":"<p>S\u00c3O LU\u00cdS &#8211; A judoca RKayara Rocha Ferreira, de 13 anos, foi classificada para o Campeonato Brasileiro de Jud\u00f4 \u2013 [&hellip;]<\/p>\n","protected":false},"author":4,"featured_media":0,"comment_status":"open","ping_status":"open","sticky":false,"template":"","format":"standard","meta":{"site-sidebar-layout":"default","site-content-layout":"","ast-site-content-layout":"default","site-content-style":"default","site-sidebar-style":"default","ast-global-header-display":"","ast-banner-title-visibility":"","ast-main-header-display":"","ast-hfb-above-header-display":"","ast-hfb-below-header-display":"","ast-hfb-mobile-header-display":"","site-post-title":"","ast-breadcrumbs-content":"","ast-featured-img":"","footer-sml-layout":"","ast-disable-related-posts":"","theme-transparent-header-meta":"","adv-header-id-meta":"","stick-header-meta":"","header-above-stick-meta":"","header-main-stick-meta":"","header-below-stick-meta":"","astra-migrate-meta-layouts":"default","ast-page-background-enabled":"default","ast-page-background-meta":{"desktop":{"background-color":"var(--ast-global-color-5)","background-image":"","background-repeat":"repeat","background-position":"center center","background-size":"auto","background-attachment":"scroll","background-type":"","background-media":"","overlay-type":"","overlay-color":"","overlay-opacity":"","overlay-gradient":""},"tablet":{"background-color":"","background-image":"","background-repeat":"repeat","background-position":"center center","background-size":"auto","background-attachment":"scroll","background-type":"","background-media":"","overlay-type":"","overlay-color":"","overlay-opacity":"","overlay-gradient":""},"mobile":{"background-color":"","background-image":"","background-repeat":"repeat","background-position":"center center","background-size":"auto","background-attachment":"scroll","background-type":"","background-media":"","overlay-type":"","overlay-color":"","overlay-opacity":"","overlay-gradient":""}},"ast-content-background-meta":{"desktop":{"background-color":"var(--ast-global-color-4)","background-image":"","background-repeat":"repeat","background-position":"center center","background-size":"auto","background-attachment":"scroll","background-type":"","background-media":"","overlay-type":"","overlay-color":"","overlay-opacity":"","overlay-gradient":""},"tablet":{"background-color":"var(--ast-global-color-4)","background-image":"","background-repeat":"repeat","background-position":"center center","background-size":"auto","background-attachment":"scroll","background-type":"","background-media":"","overlay-type":"","overlay-color":"","overlay-opacity":"","overlay-gradient":""},"mobile":{"background-color":"var(--ast-global-color-4)","background-image":"","background-repeat":"repeat","background-position":"center center","background-size":"auto","background-attachment":"scroll","background-type":"","background-media":"","overlay-type":"","overlay-color":"","overlay-opacity":"","overlay-gradient":""}},"footnotes":""},"categories":[1],"tags":[],"class_list":["post-14958","post","type-post","status-publish","format-standard","hentry","category-sem-categoria"],"yoast_head":"<!-- This site is optimized with the Yoast SEO plugin v26.6 - https:\/\/yoast.com\/wordpress\/plugins\/seo\/ -->\n<title>Judoca maranhense \u00e9 classificada para campeonato em Manaus - Evandro Junior<\/title>\n<meta name=\"robots\" content=\"index, follow, max-snippet:-1, max-image-preview:large, max-video-preview:-1\" \/>\n<link rel=\"canonical\" href=\"https:\/\/www.blogsoestado.com\/evandrojunior\/2025\/03\/26\/judoca-maranhense-e-classificada-para-campeonato-em-manaus\/\" \/>\n<meta property=\"og:locale\" content=\"pt_BR\" \/>\n<meta property=\"og:type\" content=\"article\" \/>\n<meta property=\"og:title\" content=\"Judoca maranhense \u00e9 classificada para campeonato em Manaus - Evandro Junior\" \/>\n<meta property=\"og:description\" content=\"S\u00c3O LU\u00cdS &#8211; A judoca RKayara Rocha Ferreira, de 13 anos, foi classificada para o Campeonato Brasileiro de Jud\u00f4 \u2013 [&hellip;]\" \/>\n<meta property=\"og:url\" content=\"https:\/\/www.blogsoestado.com\/evandrojunior\/2025\/03\/26\/judoca-maranhense-e-classificada-para-campeonato-em-manaus\/\" \/>\n<meta property=\"og:site_name\" content=\"Evandro Junior\" \/>\n<meta property=\"article:published_time\" content=\"2025-03-26T18:00:29+00:00\" \/>\n<meta property=\"og:image\" content=\"https:\/\/www.blogsoestado.com\/evandrojunior\/wp-content\/uploads\/sites\/3\/2025\/03\/WhatsApp-Image-2025-03-26-at-06.50.30-1024x821.jpeg\" \/>\n<meta name=\"author\" content=\"Evandro Junior\" \/>\n<meta name=\"twitter:card\" content=\"summary_large_image\" \/>\n<meta name=\"twitter:label1\" content=\"Escrito por\" \/>\n\t<meta name=\"twitter:data1\" content=\"Evandro Junior\" \/>\n\t<meta name=\"twitter:label2\" content=\"Est. tempo de leitura\" \/>\n\t<meta name=\"twitter:data2\" content=\"2 minutos\" \/>\n<script type=\"application\/ld+json\" class=\"yoast-schema-graph\">{\"@context\":\"https:\/\/schema.org\",\"@graph\":[{\"@type\":\"WebPage\",\"@id\":\"https:\/\/www.blogsoestado.com\/evandrojunior\/2025\/03\/26\/judoca-maranhense-e-classificada-para-campeonato-em-manaus\/\",\"url\":\"https:\/\/www.blogsoestado.com\/evandrojunior\/2025\/03\/26\/judoca-maranhense-e-classificada-para-campeonato-em-manaus\/\",\"name\":\"Judoca maranhense \u00e9 classificada para campeonato em Manaus - Evandro Junior\",\"isPartOf\":{\"@id\":\"https:\/\/www.blogsoestado.com\/evandrojunior\/#website\"},\"primaryImageOfPage\":{\"@id\":\"https:\/\/www.blogsoestado.com\/evandrojunior\/2025\/03\/26\/judoca-maranhense-e-classificada-para-campeonato-em-manaus\/#primaryimage\"},\"image\":{\"@id\":\"https:\/\/www.blogsoestado.com\/evandrojunior\/2025\/03\/26\/judoca-maranhense-e-classificada-para-campeonato-em-manaus\/#primaryimage\"},\"thumbnailUrl\":\"https:\/\/www.blogsoestado.com\/evandrojunior\/wp-content\/uploads\/sites\/3\/2025\/03\/WhatsApp-Image-2025-03-26-at-06.50.30-1024x821.jpeg\",\"datePublished\":\"2025-03-26T18:00:29+00:00\",\"author\":{\"@id\":\"https:\/\/www.blogsoestado.com\/evandrojunior\/#\/schema\/person\/3e6c3d8dbb740d1c6878ebc935cfb3be\"},\"breadcrumb\":{\"@id\":\"https:\/\/www.blogsoestado.com\/evandrojunior\/2025\/03\/26\/judoca-maranhense-e-classificada-para-campeonato-em-manaus\/#breadcrumb\"},\"inLanguage\":\"pt-BR\",\"potentialAction\":[{\"@type\":\"ReadAction\",\"target\":[\"https:\/\/www.blogsoestado.com\/evandrojunior\/2025\/03\/26\/judoca-maranhense-e-classificada-para-campeonato-em-manaus\/\"]}]},{\"@type\":\"ImageObject\",\"inLanguage\":\"pt-BR\",\"@id\":\"https:\/\/www.blogsoestado.com\/evandrojunior\/2025\/03\/26\/judoca-maranhense-e-classificada-para-campeonato-em-manaus\/#primaryimage\",\"url\":\"https:\/\/www.blogsoestado.com\/evandrojunior\/wp-content\/uploads\/sites\/3\/2025\/03\/WhatsApp-Image-2025-03-26-at-06.50.30.jpeg\",\"contentUrl\":\"https:\/\/www.blogsoestado.com\/evandrojunior\/wp-content\/uploads\/sites\/3\/2025\/03\/WhatsApp-Image-2025-03-26-at-06.50.30.jpeg\",\"width\":1600,\"height\":1283},{\"@type\":\"BreadcrumbList\",\"@id\":\"https:\/\/www.blogsoestado.com\/evandrojunior\/2025\/03\/26\/judoca-maranhense-e-classificada-para-campeonato-em-manaus\/#breadcrumb\",\"itemListElement\":[{\"@type\":\"ListItem\",\"position\":1,\"name\":\"In\u00edcio\",\"item\":\"https:\/\/www.blogsoestado.com\/evandrojunior\/\"},{\"@type\":\"ListItem\",\"position\":2,\"name\":\"Judoca maranhense \u00e9 classificada para campeonato em Manaus\"}]},{\"@type\":\"WebSite\",\"@id\":\"https:\/\/www.blogsoestado.com\/evandrojunior\/#website\",\"url\":\"https:\/\/www.blogsoestado.com\/evandrojunior\/\",\"name\":\"Evandro Junior\",\"description\":\"\",\"potentialAction\":[{\"@type\":\"SearchAction\",\"target\":{\"@type\":\"EntryPoint\",\"urlTemplate\":\"https:\/\/www.blogsoestado.com\/evandrojunior\/?s={search_term_string}\"},\"query-input\":{\"@type\":\"PropertyValueSpecification\",\"valueRequired\":true,\"valueName\":\"search_term_string\"}}],\"inLanguage\":\"pt-BR\"},{\"@type\":\"Person\",\"@id\":\"https:\/\/www.blogsoestado.com\/evandrojunior\/#\/schema\/person\/3e6c3d8dbb740d1c6878ebc935cfb3be\",\"name\":\"Evandro Junior\",\"image\":{\"@type\":\"ImageObject\",\"inLanguage\":\"pt-BR\",\"@id\":\"https:\/\/www.blogsoestado.com\/evandrojunior\/#\/schema\/person\/image\/\",\"url\":\"https:\/\/secure.gravatar.com\/avatar\/f80a03a2294a580cd2318bfb459bf354cfa8be661ef3d95b542cf9a04af8d129?s=96&d=mm&r=g\",\"contentUrl\":\"https:\/\/secure.gravatar.com\/avatar\/f80a03a2294a580cd2318bfb459bf354cfa8be661ef3d95b542cf9a04af8d129?s=96&d=mm&r=g\",\"caption\":\"Evandro Junior\"},\"url\":\"https:\/\/www.blogsoestado.com\/evandrojunior\/author\/evandrojunior\/\"}]}<\/script>\n<!-- \/ Yoast SEO plugin. -->","yoast_head_json":{"title":"Judoca maranhense \u00e9 classificada para campeonato em Manaus - Evandro Junior","robots":{"index":"index","follow":"follow","max-snippet":"max-snippet:-1","max-image-preview":"max-image-preview:large","max-video-preview":"max-video-preview:-1"},"canonical":"https:\/\/www.blogsoestado.com\/evandrojunior\/2025\/03\/26\/judoca-maranhense-e-classificada-para-campeonato-em-manaus\/","og_locale":"pt_BR","og_type":"article","og_title":"Judoca maranhense \u00e9 classificada para campeonato em Manaus - Evandro Junior","og_description":"S\u00c3O LU\u00cdS &#8211; A judoca RKayara Rocha Ferreira, de 13 anos, foi classificada para o Campeonato Brasileiro de Jud\u00f4 \u2013 [&hellip;]","og_url":"https:\/\/www.blogsoestado.com\/evandrojunior\/2025\/03\/26\/judoca-maranhense-e-classificada-para-campeonato-em-manaus\/","og_site_name":"Evandro Junior","article_published_time":"2025-03-26T18:00:29+00:00","og_image":[{"url":"https:\/\/www.blogsoestado.com\/evandrojunior\/wp-content\/uploads\/sites\/3\/2025\/03\/WhatsApp-Image-2025-03-26-at-06.50.30-1024x821.jpeg","type":"","width":"","height":""}],"author":"Evandro Junior","twitter_card":"summary_large_image","twitter_misc":{"Escrito por":"Evandro Junior","Est. tempo de leitura":"2 minutos"},"schema":{"@context":"https:\/\/schema.org","@graph":[{"@type":"WebPage","@id":"https:\/\/www.blogsoestado.com\/evandrojunior\/2025\/03\/26\/judoca-maranhense-e-classificada-para-campeonato-em-manaus\/","url":"https:\/\/www.blogsoestado.com\/evandrojunior\/2025\/03\/26\/judoca-maranhense-e-classificada-para-campeonato-em-manaus\/","name":"Judoca maranhense \u00e9 classificada para campeonato em Manaus - Evandro Junior","isPartOf":{"@id":"https:\/\/www.blogsoestado.com\/evandrojunior\/#website"},"primaryImageOfPage":{"@id":"https:\/\/www.blogsoestado.com\/evandrojunior\/2025\/03\/26\/judoca-maranhense-e-classificada-para-campeonato-em-manaus\/#primaryimage"},"image":{"@id":"https:\/\/www.blogsoestado.com\/evandrojunior\/2025\/03\/26\/judoca-maranhense-e-classificada-para-campeonato-em-manaus\/#primaryimage"},"thumbnailUrl":"https:\/\/www.blogsoestado.com\/evandrojunior\/wp-content\/uploads\/sites\/3\/2025\/03\/WhatsApp-Image-2025-03-26-at-06.50.30-1024x821.jpeg","datePublished":"2025-03-26T18:00:29+00:00","author":{"@id":"https:\/\/www.blogsoestado.com\/evandrojunior\/#\/schema\/person\/3e6c3d8dbb740d1c6878ebc935cfb3be"},"breadcrumb":{"@id":"https:\/\/www.blogsoestado.com\/evandrojunior\/2025\/03\/26\/judoca-maranhense-e-classificada-para-campeonato-em-manaus\/#breadcrumb"},"inLanguage":"pt-BR","potentialAction":[{"@type":"ReadAction","target":["https:\/\/www.blogsoestado.com\/evandrojunior\/2025\/03\/26\/judoca-maranhense-e-classificada-para-campeonato-em-manaus\/"]}]},{"@type":"ImageObject","inLanguage":"pt-BR","@id":"https:\/\/www.blogsoestado.com\/evandrojunior\/2025\/03\/26\/judoca-maranhense-e-classificada-para-campeonato-em-manaus\/#primaryimage","url":"https:\/\/www.blogsoestado.com\/evandrojunior\/wp-content\/uploads\/sites\/3\/2025\/03\/WhatsApp-Image-2025-03-26-at-06.50.30.jpeg","contentUrl":"https:\/\/www.blogsoestado.com\/evandrojunior\/wp-content\/uploads\/sites\/3\/2025\/03\/WhatsApp-Image-2025-03-26-at-06.50.30.jpeg","width":1600,"height":1283},{"@type":"BreadcrumbList","@id":"https:\/\/www.blogsoestado.com\/evandrojunior\/2025\/03\/26\/judoca-maranhense-e-classificada-para-campeonato-em-manaus\/#breadcrumb","itemListElement":[{"@type":"ListItem","position":1,"name":"In\u00edcio","item":"https:\/\/www.blogsoestado.com\/evandrojunior\/"},{"@type":"ListItem","position":2,"name":"Judoca maranhense \u00e9 classificada para campeonato em Manaus"}]},{"@type":"WebSite","@id":"https:\/\/www.blogsoestado.com\/evandrojunior\/#website","url":"https:\/\/www.blogsoestado.com\/evandrojunior\/","name":"Evandro Junior","description":"","potentialAction":[{"@type":"SearchAction","target":{"@type":"EntryPoint","urlTemplate":"https:\/\/www.blogsoestado.com\/evandrojunior\/?s={search_term_string}"},"query-input":{"@type":"PropertyValueSpecification","valueRequired":true,"valueName":"search_term_string"}}],"inLanguage":"pt-BR"},{"@type":"Person","@id":"https:\/\/www.blogsoestado.com\/evandrojunior\/#\/schema\/person\/3e6c3d8dbb740d1c6878ebc935cfb3be","name":"Evandro Junior","image":{"@type":"ImageObject","inLanguage":"pt-BR","@id":"https:\/\/www.blogsoestado.com\/evandrojunior\/#\/schema\/person\/image\/","url":"https:\/\/secure.gravatar.com\/avatar\/f80a03a2294a580cd2318bfb459bf354cfa8be661ef3d95b542cf9a04af8d129?s=96&d=mm&r=g","contentUrl":"https:\/\/secure.gravatar.com\/avatar\/f80a03a2294a580cd2318bfb459bf354cfa8be661ef3d95b542cf9a04af8d129?s=96&d=mm&r=g","caption":"Evandro Junior"},"url":"https:\/\/www.blogsoestado.com\/evandrojunior\/author\/evandrojunior\/"}]}},"jetpack_featured_media_url":"","_links":{"self":[{"href":"https:\/\/www.blogsoestado.com\/evandrojunior\/wp-json\/wp\/v2\/posts\/14958","targetHints":{"allow":["GET"]}}],"collection":[{"href":"https:\/\/www.blogsoestado.com\/evandrojunior\/wp-json\/wp\/v2\/posts"}],"about":[{"href":"https:\/\/www.blogsoestado.com\/evandrojunior\/wp-json\/wp\/v2\/types\/post"}],"author":[{"embeddable":true,"href":"https:\/\/www.blogsoestado.com\/evandrojunior\/wp-json\/wp\/v2\/users\/4"}],"replies":[{"embeddable":true,"href":"https:\/\/www.blogsoestado.com\/evandrojunior\/wp-json\/wp\/v2\/comments?post=14958"}],"version-history":[{"count":0,"href":"https:\/\/www.blogsoestado.com\/evandrojunior\/wp-json\/wp\/v2\/posts\/14958\/revisions"}],"wp:attachment":[{"href":"https:\/\/www.blogsoestado.com\/evandrojunior\/wp-json\/wp\/v2\/media?parent=14958"}],"wp:term":[{"taxonomy":"category","embeddable":true,"href":"https:\/\/www.blogsoestado.com\/evandrojunior\/wp-json\/wp\/v2\/categories?post=14958"},{"taxonomy":"post_tag","embeddable":true,"href":"https:\/\/www.blogsoestado.com\/evandrojunior\/wp-json\/wp\/v2\/tags?post=14958"}],"curies":[{"name":"wp","href":"https:\/\/api.w.org\/{rel}","templated":true}]}}