{"id":14968,"date":"2025-03-26T17:20:35","date_gmt":"2025-03-26T20:20:35","guid":{"rendered":"https:\/\/www.blogsoestado.com\/evandrojunior\/?p=14968"},"modified":"2025-03-26T17:20:35","modified_gmt":"2025-03-26T20:20:35","slug":"danilo-gentili-se-apresenta-em-sao-luis-no-dia-5-de-abril","status":"publish","type":"post","link":"https:\/\/www.blogsoestado.com\/evandrojunior\/2025\/03\/26\/danilo-gentili-se-apresenta-em-sao-luis-no-dia-5-de-abril\/","title":{"rendered":"Danilo Gentili se apresenta em S\u00e3o Lu\u00eds no dia 5 de abril"},"content":{"rendered":"\n<div class=\"wp-block-image\"><figure class=\"aligncenter size-large is-resized\"><img fetchpriority=\"high\" decoding=\"async\" src=\"https:\/\/www.blogsoestado.com\/evandrojunior\/wp-content\/uploads\/sites\/3\/2025\/03\/WhatsApp-Image-2025-03-26-at-17.17.58.jpeg\" alt=\"\" class=\"wp-image-14969\" width=\"491\" height=\"491\" srcset=\"https:\/\/www.blogsoestado.com\/evandrojunior\/wp-content\/uploads\/sites\/3\/2025\/03\/WhatsApp-Image-2025-03-26-at-17.17.58.jpeg 554w, https:\/\/www.blogsoestado.com\/evandrojunior\/wp-content\/uploads\/sites\/3\/2025\/03\/WhatsApp-Image-2025-03-26-at-17.17.58-300x300.jpeg 300w, https:\/\/www.blogsoestado.com\/evandrojunior\/wp-content\/uploads\/sites\/3\/2025\/03\/WhatsApp-Image-2025-03-26-at-17.17.58-150x150.jpeg 150w\" sizes=\"(max-width: 491px) 100vw, 491px\" \/><\/figure><\/div>\n\n\n\n<p><strong>S\u00c3O LU\u00cdS <\/strong>&#8211; O humorista Danilo Gentili, um dos precursores do stand-up comedy no Brasil, vai se apresentar em S\u00e3o Lu\u00eds no dia 5 de abril (s\u00e1bado), \u00e0s 21h, no Teatro Arthur Azevedo. O evento \u00e9 realizado pela Tablado Produ\u00e7\u00f5es, que celebra 10 anos de atua\u00e7\u00e3o no cen\u00e1rio cultural da cidade.<\/p>\n\n\n\n<p>&#8220;\u00c9 uma grande honra receber um humorista de renome como Danilo Gentili. Seu talento e carisma v\u00e3o encantar o p\u00fablico maranhense, e estamos empolgados em fazer parte dessa experi\u00eancia \u00fanica&#8221;, celebra Lukas Cordeiro, jornalista e CEO da Tablado Produ\u00e7\u00f5es.<\/p>\n\n\n\n<p>Danilo come\u00e7ou sua trajet\u00f3ria nos palcos como integrante do \u201cClube da Com\u00e9dia\u201d e idealizou o &#8220;Com\u00e9dia ao Vivo&#8221;. Ganhou notoriedade como rep\u00f3rter no programa humor\u00edstico \u201cCQC\u201d e, posteriormente, em seu talk show \u201cAgora \u00c9 Tarde\u201d. Em 2014, ele migrou para o SBT, onde \u201cThe Noite\u201d se tornou um verdadeiro fen\u00f4meno de audi\u00eancia.<\/p>\n\n\n\n<p>Como apresentador, Danilo acumula diversos pr\u00eamios, mas tamb\u00e9m coleciona pol\u00eamicas, com uma s\u00e9rie de processos decorrentes de suas performances, sendo o recordista nesse quesito no Brasil.<\/p>\n\n\n\n<p>Ap\u00f3s um per\u00edodo de hiato, ele voltou aos palcos no ano passado com um novo solo, que foi sendo constru\u00eddo ao longo da estrada. No show, Danilo compartilha experi\u00eancias sobre como lidou com a pandemia, momentos engra\u00e7ados dos bastidores da TV e a rotina de manter seu advogado ocupado com os processos. Uma coisa \u00e9 certa: o p\u00fablico pode esperar boas risadas.<\/p>\n\n\n\n<p>Os ingressos est\u00e3o \u00e0 venda no site Ingresso Digital, com pre\u00e7os que variam entre R$ 60 e R$ 140. Tamb\u00e9m \u00e9 poss\u00edvel adquiri-los na bilheteria do Teatro Arthur Azevedo, de ter\u00e7a a domingo, das 13h30 \u00e0s 18h.<\/p>\n\n\n\n<p><strong>Servi\u00e7o<br>O qu\u00ea<\/strong>: Show de stand up do humorista Danilo Gentili<br><strong>Quando<\/strong>: 05 de abril (s\u00e1bado), \u00e0s 21h<br><strong>Onde<\/strong>: Teatro Arthur Azevedo<br><strong>Ingressos<\/strong>: site Ingresso Digital e na bilheteria do teatro<br><strong>Produ\u00e7\u00e3o Local:<\/strong> Tablado Produ\u00e7\u00f5es<br><strong>Informa\u00e7\u00f5es<\/strong>: (98) 98132-3910<\/p>\n","protected":false},"excerpt":{"rendered":"<p>S\u00c3O LU\u00cdS &#8211; O humorista Danilo Gentili, um dos precursores do stand-up comedy no Brasil, vai se apresentar em S\u00e3o [&hellip;]<\/p>\n","protected":false},"author":4,"featured_media":0,"comment_status":"open","ping_status":"open","sticky":false,"template":"","format":"standard","meta":{"site-sidebar-layout":"default","site-content-layout":"","ast-site-content-layout":"default","site-content-style":"default","site-sidebar-style":"default","ast-global-header-display":"","ast-banner-title-visibility":"","ast-main-header-display":"","ast-hfb-above-header-display":"","ast-hfb-below-header-display":"","ast-hfb-mobile-header-display":"","site-post-title":"","ast-breadcrumbs-content":"","ast-featured-img":"","footer-sml-layout":"","ast-disable-related-posts":"","theme-transparent-header-meta":"","adv-header-id-meta":"","stick-header-meta":"","header-above-stick-meta":"","header-main-stick-meta":"","header-below-stick-meta":"","astra-migrate-meta-layouts":"default","ast-page-background-enabled":"default","ast-page-background-meta":{"desktop":{"background-color":"var(--ast-global-color-5)","background-image":"","background-repeat":"repeat","background-position":"center center","background-size":"auto","background-attachment":"scroll","background-type":"","background-media":"","overlay-type":"","overlay-color":"","overlay-opacity":"","overlay-gradient":""},"tablet":{"background-color":"","background-image":"","background-repeat":"repeat","background-position":"center center","background-size":"auto","background-attachment":"scroll","background-type":"","background-media":"","overlay-type":"","overlay-color":"","overlay-opacity":"","overlay-gradient":""},"mobile":{"background-color":"","background-image":"","background-repeat":"repeat","background-position":"center center","background-size":"auto","background-attachment":"scroll","background-type":"","background-media":"","overlay-type":"","overlay-color":"","overlay-opacity":"","overlay-gradient":""}},"ast-content-background-meta":{"desktop":{"background-color":"var(--ast-global-color-4)","background-image":"","background-repeat":"repeat","background-position":"center center","background-size":"auto","background-attachment":"scroll","background-type":"","background-media":"","overlay-type":"","overlay-color":"","overlay-opacity":"","overlay-gradient":""},"tablet":{"background-color":"var(--ast-global-color-4)","background-image":"","background-repeat":"repeat","background-position":"center center","background-size":"auto","background-attachment":"scroll","background-type":"","background-media":"","overlay-type":"","overlay-color":"","overlay-opacity":"","overlay-gradient":""},"mobile":{"background-color":"var(--ast-global-color-4)","background-image":"","background-repeat":"repeat","background-position":"center center","background-size":"auto","background-attachment":"scroll","background-type":"","background-media":"","overlay-type":"","overlay-color":"","overlay-opacity":"","overlay-gradient":""}},"footnotes":""},"categories":[1],"tags":[],"class_list":["post-14968","post","type-post","status-publish","format-standard","hentry","category-sem-categoria"],"yoast_head":"<!-- This site is optimized with the Yoast SEO plugin v26.6 - https:\/\/yoast.com\/wordpress\/plugins\/seo\/ -->\n<title>Danilo Gentili se apresenta em S\u00e3o Lu\u00eds no dia 5 de abril - Evandro Junior<\/title>\n<meta name=\"robots\" content=\"index, follow, max-snippet:-1, max-image-preview:large, max-video-preview:-1\" \/>\n<link rel=\"canonical\" href=\"https:\/\/www.blogsoestado.com\/evandrojunior\/2025\/03\/26\/danilo-gentili-se-apresenta-em-sao-luis-no-dia-5-de-abril\/\" \/>\n<meta property=\"og:locale\" content=\"pt_BR\" \/>\n<meta property=\"og:type\" content=\"article\" \/>\n<meta property=\"og:title\" content=\"Danilo Gentili se apresenta em S\u00e3o Lu\u00eds no dia 5 de abril - Evandro Junior\" \/>\n<meta property=\"og:description\" content=\"S\u00c3O LU\u00cdS &#8211; O humorista Danilo Gentili, um dos precursores do stand-up comedy no Brasil, vai se apresentar em S\u00e3o [&hellip;]\" \/>\n<meta property=\"og:url\" content=\"https:\/\/www.blogsoestado.com\/evandrojunior\/2025\/03\/26\/danilo-gentili-se-apresenta-em-sao-luis-no-dia-5-de-abril\/\" \/>\n<meta property=\"og:site_name\" content=\"Evandro Junior\" \/>\n<meta property=\"article:published_time\" content=\"2025-03-26T20:20:35+00:00\" \/>\n<meta property=\"og:image\" content=\"https:\/\/www.blogsoestado.com\/evandrojunior\/wp-content\/uploads\/sites\/3\/2025\/03\/WhatsApp-Image-2025-03-26-at-17.17.58.jpeg\" \/>\n<meta name=\"author\" content=\"Evandro Junior\" \/>\n<meta name=\"twitter:card\" content=\"summary_large_image\" \/>\n<meta name=\"twitter:label1\" content=\"Escrito por\" \/>\n\t<meta name=\"twitter:data1\" content=\"Evandro Junior\" \/>\n\t<meta name=\"twitter:label2\" content=\"Est. tempo de leitura\" \/>\n\t<meta name=\"twitter:data2\" content=\"2 minutos\" \/>\n<script type=\"application\/ld+json\" class=\"yoast-schema-graph\">{\"@context\":\"https:\/\/schema.org\",\"@graph\":[{\"@type\":\"WebPage\",\"@id\":\"https:\/\/www.blogsoestado.com\/evandrojunior\/2025\/03\/26\/danilo-gentili-se-apresenta-em-sao-luis-no-dia-5-de-abril\/\",\"url\":\"https:\/\/www.blogsoestado.com\/evandrojunior\/2025\/03\/26\/danilo-gentili-se-apresenta-em-sao-luis-no-dia-5-de-abril\/\",\"name\":\"Danilo Gentili se apresenta em S\u00e3o Lu\u00eds no dia 5 de abril - Evandro Junior\",\"isPartOf\":{\"@id\":\"https:\/\/www.blogsoestado.com\/evandrojunior\/#website\"},\"primaryImageOfPage\":{\"@id\":\"https:\/\/www.blogsoestado.com\/evandrojunior\/2025\/03\/26\/danilo-gentili-se-apresenta-em-sao-luis-no-dia-5-de-abril\/#primaryimage\"},\"image\":{\"@id\":\"https:\/\/www.blogsoestado.com\/evandrojunior\/2025\/03\/26\/danilo-gentili-se-apresenta-em-sao-luis-no-dia-5-de-abril\/#primaryimage\"},\"thumbnailUrl\":\"https:\/\/www.blogsoestado.com\/evandrojunior\/wp-content\/uploads\/sites\/3\/2025\/03\/WhatsApp-Image-2025-03-26-at-17.17.58.jpeg\",\"datePublished\":\"2025-03-26T20:20:35+00:00\",\"author\":{\"@id\":\"https:\/\/www.blogsoestado.com\/evandrojunior\/#\/schema\/person\/3e6c3d8dbb740d1c6878ebc935cfb3be\"},\"breadcrumb\":{\"@id\":\"https:\/\/www.blogsoestado.com\/evandrojunior\/2025\/03\/26\/danilo-gentili-se-apresenta-em-sao-luis-no-dia-5-de-abril\/#breadcrumb\"},\"inLanguage\":\"pt-BR\",\"potentialAction\":[{\"@type\":\"ReadAction\",\"target\":[\"https:\/\/www.blogsoestado.com\/evandrojunior\/2025\/03\/26\/danilo-gentili-se-apresenta-em-sao-luis-no-dia-5-de-abril\/\"]}]},{\"@type\":\"ImageObject\",\"inLanguage\":\"pt-BR\",\"@id\":\"https:\/\/www.blogsoestado.com\/evandrojunior\/2025\/03\/26\/danilo-gentili-se-apresenta-em-sao-luis-no-dia-5-de-abril\/#primaryimage\",\"url\":\"https:\/\/www.blogsoestado.com\/evandrojunior\/wp-content\/uploads\/sites\/3\/2025\/03\/WhatsApp-Image-2025-03-26-at-17.17.58.jpeg\",\"contentUrl\":\"https:\/\/www.blogsoestado.com\/evandrojunior\/wp-content\/uploads\/sites\/3\/2025\/03\/WhatsApp-Image-2025-03-26-at-17.17.58.jpeg\",\"width\":554,\"height\":554},{\"@type\":\"BreadcrumbList\",\"@id\":\"https:\/\/www.blogsoestado.com\/evandrojunior\/2025\/03\/26\/danilo-gentili-se-apresenta-em-sao-luis-no-dia-5-de-abril\/#breadcrumb\",\"itemListElement\":[{\"@type\":\"ListItem\",\"position\":1,\"name\":\"In\u00edcio\",\"item\":\"https:\/\/www.blogsoestado.com\/evandrojunior\/\"},{\"@type\":\"ListItem\",\"position\":2,\"name\":\"Danilo Gentili se apresenta em S\u00e3o Lu\u00eds no dia 5 de abril\"}]},{\"@type\":\"WebSite\",\"@id\":\"https:\/\/www.blogsoestado.com\/evandrojunior\/#website\",\"url\":\"https:\/\/www.blogsoestado.com\/evandrojunior\/\",\"name\":\"Evandro Junior\",\"description\":\"\",\"potentialAction\":[{\"@type\":\"SearchAction\",\"target\":{\"@type\":\"EntryPoint\",\"urlTemplate\":\"https:\/\/www.blogsoestado.com\/evandrojunior\/?s={search_term_string}\"},\"query-input\":{\"@type\":\"PropertyValueSpecification\",\"valueRequired\":true,\"valueName\":\"search_term_string\"}}],\"inLanguage\":\"pt-BR\"},{\"@type\":\"Person\",\"@id\":\"https:\/\/www.blogsoestado.com\/evandrojunior\/#\/schema\/person\/3e6c3d8dbb740d1c6878ebc935cfb3be\",\"name\":\"Evandro Junior\",\"image\":{\"@type\":\"ImageObject\",\"inLanguage\":\"pt-BR\",\"@id\":\"https:\/\/www.blogsoestado.com\/evandrojunior\/#\/schema\/person\/image\/\",\"url\":\"https:\/\/secure.gravatar.com\/avatar\/f80a03a2294a580cd2318bfb459bf354cfa8be661ef3d95b542cf9a04af8d129?s=96&d=mm&r=g\",\"contentUrl\":\"https:\/\/secure.gravatar.com\/avatar\/f80a03a2294a580cd2318bfb459bf354cfa8be661ef3d95b542cf9a04af8d129?s=96&d=mm&r=g\",\"caption\":\"Evandro Junior\"},\"url\":\"https:\/\/www.blogsoestado.com\/evandrojunior\/author\/evandrojunior\/\"}]}<\/script>\n<!-- \/ Yoast SEO plugin. -->","yoast_head_json":{"title":"Danilo Gentili se apresenta em S\u00e3o Lu\u00eds no dia 5 de abril - Evandro Junior","robots":{"index":"index","follow":"follow","max-snippet":"max-snippet:-1","max-image-preview":"max-image-preview:large","max-video-preview":"max-video-preview:-1"},"canonical":"https:\/\/www.blogsoestado.com\/evandrojunior\/2025\/03\/26\/danilo-gentili-se-apresenta-em-sao-luis-no-dia-5-de-abril\/","og_locale":"pt_BR","og_type":"article","og_title":"Danilo Gentili se apresenta em S\u00e3o Lu\u00eds no dia 5 de abril - Evandro Junior","og_description":"S\u00c3O LU\u00cdS &#8211; O humorista Danilo Gentili, um dos precursores do stand-up comedy no Brasil, vai se apresentar em S\u00e3o [&hellip;]","og_url":"https:\/\/www.blogsoestado.com\/evandrojunior\/2025\/03\/26\/danilo-gentili-se-apresenta-em-sao-luis-no-dia-5-de-abril\/","og_site_name":"Evandro Junior","article_published_time":"2025-03-26T20:20:35+00:00","og_image":[{"url":"https:\/\/www.blogsoestado.com\/evandrojunior\/wp-content\/uploads\/sites\/3\/2025\/03\/WhatsApp-Image-2025-03-26-at-17.17.58.jpeg","type":"","width":"","height":""}],"author":"Evandro Junior","twitter_card":"summary_large_image","twitter_misc":{"Escrito por":"Evandro Junior","Est. tempo de leitura":"2 minutos"},"schema":{"@context":"https:\/\/schema.org","@graph":[{"@type":"WebPage","@id":"https:\/\/www.blogsoestado.com\/evandrojunior\/2025\/03\/26\/danilo-gentili-se-apresenta-em-sao-luis-no-dia-5-de-abril\/","url":"https:\/\/www.blogsoestado.com\/evandrojunior\/2025\/03\/26\/danilo-gentili-se-apresenta-em-sao-luis-no-dia-5-de-abril\/","name":"Danilo Gentili se apresenta em S\u00e3o Lu\u00eds no dia 5 de abril - Evandro Junior","isPartOf":{"@id":"https:\/\/www.blogsoestado.com\/evandrojunior\/#website"},"primaryImageOfPage":{"@id":"https:\/\/www.blogsoestado.com\/evandrojunior\/2025\/03\/26\/danilo-gentili-se-apresenta-em-sao-luis-no-dia-5-de-abril\/#primaryimage"},"image":{"@id":"https:\/\/www.blogsoestado.com\/evandrojunior\/2025\/03\/26\/danilo-gentili-se-apresenta-em-sao-luis-no-dia-5-de-abril\/#primaryimage"},"thumbnailUrl":"https:\/\/www.blogsoestado.com\/evandrojunior\/wp-content\/uploads\/sites\/3\/2025\/03\/WhatsApp-Image-2025-03-26-at-17.17.58.jpeg","datePublished":"2025-03-26T20:20:35+00:00","author":{"@id":"https:\/\/www.blogsoestado.com\/evandrojunior\/#\/schema\/person\/3e6c3d8dbb740d1c6878ebc935cfb3be"},"breadcrumb":{"@id":"https:\/\/www.blogsoestado.com\/evandrojunior\/2025\/03\/26\/danilo-gentili-se-apresenta-em-sao-luis-no-dia-5-de-abril\/#breadcrumb"},"inLanguage":"pt-BR","potentialAction":[{"@type":"ReadAction","target":["https:\/\/www.blogsoestado.com\/evandrojunior\/2025\/03\/26\/danilo-gentili-se-apresenta-em-sao-luis-no-dia-5-de-abril\/"]}]},{"@type":"ImageObject","inLanguage":"pt-BR","@id":"https:\/\/www.blogsoestado.com\/evandrojunior\/2025\/03\/26\/danilo-gentili-se-apresenta-em-sao-luis-no-dia-5-de-abril\/#primaryimage","url":"https:\/\/www.blogsoestado.com\/evandrojunior\/wp-content\/uploads\/sites\/3\/2025\/03\/WhatsApp-Image-2025-03-26-at-17.17.58.jpeg","contentUrl":"https:\/\/www.blogsoestado.com\/evandrojunior\/wp-content\/uploads\/sites\/3\/2025\/03\/WhatsApp-Image-2025-03-26-at-17.17.58.jpeg","width":554,"height":554},{"@type":"BreadcrumbList","@id":"https:\/\/www.blogsoestado.com\/evandrojunior\/2025\/03\/26\/danilo-gentili-se-apresenta-em-sao-luis-no-dia-5-de-abril\/#breadcrumb","itemListElement":[{"@type":"ListItem","position":1,"name":"In\u00edcio","item":"https:\/\/www.blogsoestado.com\/evandrojunior\/"},{"@type":"ListItem","position":2,"name":"Danilo Gentili se apresenta em S\u00e3o Lu\u00eds no dia 5 de abril"}]},{"@type":"WebSite","@id":"https:\/\/www.blogsoestado.com\/evandrojunior\/#website","url":"https:\/\/www.blogsoestado.com\/evandrojunior\/","name":"Evandro Junior","description":"","potentialAction":[{"@type":"SearchAction","target":{"@type":"EntryPoint","urlTemplate":"https:\/\/www.blogsoestado.com\/evandrojunior\/?s={search_term_string}"},"query-input":{"@type":"PropertyValueSpecification","valueRequired":true,"valueName":"search_term_string"}}],"inLanguage":"pt-BR"},{"@type":"Person","@id":"https:\/\/www.blogsoestado.com\/evandrojunior\/#\/schema\/person\/3e6c3d8dbb740d1c6878ebc935cfb3be","name":"Evandro Junior","image":{"@type":"ImageObject","inLanguage":"pt-BR","@id":"https:\/\/www.blogsoestado.com\/evandrojunior\/#\/schema\/person\/image\/","url":"https:\/\/secure.gravatar.com\/avatar\/f80a03a2294a580cd2318bfb459bf354cfa8be661ef3d95b542cf9a04af8d129?s=96&d=mm&r=g","contentUrl":"https:\/\/secure.gravatar.com\/avatar\/f80a03a2294a580cd2318bfb459bf354cfa8be661ef3d95b542cf9a04af8d129?s=96&d=mm&r=g","caption":"Evandro Junior"},"url":"https:\/\/www.blogsoestado.com\/evandrojunior\/author\/evandrojunior\/"}]}},"jetpack_featured_media_url":"","_links":{"self":[{"href":"https:\/\/www.blogsoestado.com\/evandrojunior\/wp-json\/wp\/v2\/posts\/14968","targetHints":{"allow":["GET"]}}],"collection":[{"href":"https:\/\/www.blogsoestado.com\/evandrojunior\/wp-json\/wp\/v2\/posts"}],"about":[{"href":"https:\/\/www.blogsoestado.com\/evandrojunior\/wp-json\/wp\/v2\/types\/post"}],"author":[{"embeddable":true,"href":"https:\/\/www.blogsoestado.com\/evandrojunior\/wp-json\/wp\/v2\/users\/4"}],"replies":[{"embeddable":true,"href":"https:\/\/www.blogsoestado.com\/evandrojunior\/wp-json\/wp\/v2\/comments?post=14968"}],"version-history":[{"count":0,"href":"https:\/\/www.blogsoestado.com\/evandrojunior\/wp-json\/wp\/v2\/posts\/14968\/revisions"}],"wp:attachment":[{"href":"https:\/\/www.blogsoestado.com\/evandrojunior\/wp-json\/wp\/v2\/media?parent=14968"}],"wp:term":[{"taxonomy":"category","embeddable":true,"href":"https:\/\/www.blogsoestado.com\/evandrojunior\/wp-json\/wp\/v2\/categories?post=14968"},{"taxonomy":"post_tag","embeddable":true,"href":"https:\/\/www.blogsoestado.com\/evandrojunior\/wp-json\/wp\/v2\/tags?post=14968"}],"curies":[{"name":"wp","href":"https:\/\/api.w.org\/{rel}","templated":true}]}}