{"id":16210,"date":"2025-06-26T10:32:51","date_gmt":"2025-06-26T13:32:51","guid":{"rendered":"https:\/\/www.blogsoestado.com\/evandrojunior\/?p=16210"},"modified":"2025-06-26T10:32:53","modified_gmt":"2025-06-26T13:32:53","slug":"gas-natural-se-consolida-como-combustivel-da-transicao-energetica-no-brasil","status":"publish","type":"post","link":"https:\/\/www.blogsoestado.com\/evandrojunior\/2025\/06\/26\/gas-natural-se-consolida-como-combustivel-da-transicao-energetica-no-brasil\/","title":{"rendered":"G\u00e1s natural se consolida como combust\u00edvel da transi\u00e7\u00e3o energ\u00e9tica no Brasil"},"content":{"rendered":"\n<figure class=\"wp-block-image aligncenter size-large\"><img fetchpriority=\"high\" decoding=\"async\" width=\"1024\" height=\"679\" src=\"https:\/\/www.blogsoestado.com\/evandrojunior\/wp-content\/uploads\/sites\/3\/2025\/06\/WhatsApp-Image-2025-06-26-at-07.17.12-1024x679.jpeg\" alt=\"\" class=\"wp-image-16211\" srcset=\"https:\/\/www.blogsoestado.com\/evandrojunior\/wp-content\/uploads\/sites\/3\/2025\/06\/WhatsApp-Image-2025-06-26-at-07.17.12-1024x679.jpeg 1024w, https:\/\/www.blogsoestado.com\/evandrojunior\/wp-content\/uploads\/sites\/3\/2025\/06\/WhatsApp-Image-2025-06-26-at-07.17.12-300x199.jpeg 300w, https:\/\/www.blogsoestado.com\/evandrojunior\/wp-content\/uploads\/sites\/3\/2025\/06\/WhatsApp-Image-2025-06-26-at-07.17.12-768x509.jpeg 768w, https:\/\/www.blogsoestado.com\/evandrojunior\/wp-content\/uploads\/sites\/3\/2025\/06\/WhatsApp-Image-2025-06-26-at-07.17.12.jpeg 1243w\" sizes=\"(max-width: 1024px) 100vw, 1024px\" \/><figcaption class=\"wp-element-caption\"><strong> Secret\u00e1rio Adjunto da Sedepe, Jos\u00e9 Domingues Neto, que reafirmou a import\u00e2ncia da amplia\u00e7\u00e3o da oferta de g\u00e1s natural no estado como matriz energ\u00e9tica de transi\u00e7\u00e3o<\/strong><\/figcaption><\/figure>\n\n\n\n<p><strong>S\u00c3O LU\u00cdS <\/strong>&#8211; O Brasil vive um momento estrat\u00e9gico no cen\u00e1rio da transi\u00e7\u00e3o energ\u00e9tica. Enquanto fontes renov\u00e1veis como solar e e\u00f3lica despontam como protagonistas do futuro, a realidade atual imp\u00f5e barreiras \u00e0 substitui\u00e7\u00e3o imediata de combust\u00edveis f\u00f3sseis nas ind\u00fastrias.<\/p>\n\n\n\n<p>Nesse contexto, o g\u00e1s natural se consolida como o combust\u00edvel da transi\u00e7\u00e3o, com papel essencial para descarbonizar a matriz energ\u00e9tica nacional sem comprometer a competitividade.<\/p>\n\n\n\n<p>A substitui\u00e7\u00e3o imediata de fontes f\u00f3sseis por energias renov\u00e1veis ainda esbarra em gargalos estruturais. Grande parte do parque industrial brasileiro n\u00e3o est\u00e1 preparado para operar com energia exclusivamente solar ou e\u00f3lica. A convers\u00e3o exige investimentos elevados, redesenho de processos produtivos e depende de estabilidade no fornecimento de energia \u2014 o que ainda n\u00e3o \u00e9 garantido nas renov\u00e1veis intermitentes, explicam especialistas em energia do Centro Brasileiro de Infraestrutura (CBIE).<\/p>\n\n\n\n<p><strong>G\u00e1s: solu\u00e7\u00e3o vi\u00e1vel e imediata<\/strong><\/p>\n\n\n\n<p>Com maior estabilidade, menor custo de adapta\u00e7\u00e3o e emiss\u00e3o de at\u00e9 70% menos CO\u2082 do que o carv\u00e3o e 20% menos que o \u00f3leo combust\u00edvel, o g\u00e1s natural tem se apresentado como solu\u00e7\u00e3o intermedi\u00e1ria para reduzir emiss\u00f5es e assegurar seguran\u00e7a energ\u00e9tica.<\/p>\n\n\n\n<p>Dados do Minist\u00e9rio de Minas e Energia indicam que o g\u00e1s responde hoje por cerca de 12,1% da matriz energ\u00e9tica brasileira (2023). Sua amplia\u00e7\u00e3o \u00e9 estrat\u00e9gica para viabilizar a chamada \u201ctransi\u00e7\u00e3o para a transi\u00e7\u00e3o\u201d, express\u00e3o usada por executivos da Associa\u00e7\u00e3o Brasileira das Empresas Distribuidoras de G\u00e1s Canalizado (Abeg\u00e1s). A entidade tem defendido que o pa\u00eds amplie o uso do g\u00e1s como etapa essencial at\u00e9 que as renov\u00e1veis estejam plenamente integradas ao sistema.<\/p>\n\n\n\n<p><strong>Infraestrutura e data centers: g\u00e1s como vetor de competitividade<\/strong><\/p>\n\n\n\n<p>Um dos principais argumentos a favor do g\u00e1s natural \u00e9 sua capacidade de suprir demandas de alta intensidade energ\u00e9tica, como a de data centers. A crescente digitaliza\u00e7\u00e3o da economia e o avan\u00e7o da intelig\u00eancia artificial t\u00eam impulsionado o investimento nesse setor, que j\u00e1 representa cerca de 1,5% do consumo global de eletricidade \u2014 podendo chegar a 8% at\u00e9 2030, segundo relat\u00f3rio da International Energy Agency (IEA).<\/p>\n\n\n\n<p>Especialistas defendem que o Brasil tem potencial para se tornar hub de data centers na Am\u00e9rica Latina, mas precisa garantir fornecimento est\u00e1vel, com custo competitivo e baixa pegada de carbono. Segundo eles, o g\u00e1s natural \u00e9 o \u00fanico combust\u00edvel capaz de atender essas tr\u00eas exig\u00eancias atualmente.<\/p>\n\n\n\n<p>Segundo a Abeg\u00e1s, diversos estados j\u00e1 sinalizam com pol\u00edticas para atrair investimentos em data centers com base na garantia de suprimento de g\u00e1s canalizado. Trata-se tamb\u00e9m de uma oportunidade de gera\u00e7\u00e3o de empregos, renda e moderniza\u00e7\u00e3o da infraestrutura energ\u00e9tica, defende a associa\u00e7\u00e3o.<\/p>\n\n\n\n<p>O uso do g\u00e1s como matriz energ\u00e9tica tamb\u00e9m tem sido defendido pela Secretaria Estadual de Desenvolvimento Econ\u00f4mico e Programas Estrat\u00e9gicos (SEDEPE), no apoio a projetos estruturantes em implanta\u00e7\u00e3o no Maranh\u00e3o; a exemplo da ZPE \/ Zona de Processamento de Exporta\u00e7\u00e3o do Maranh\u00e3o, que vai atrair projetos como Data Centers, Refinaria entre outros.<\/p>\n\n\n\n<p>Em recente participa\u00e7\u00e3o na 3\u00aa Edi\u00e7\u00e3o da Feira International Bahia Oil &amp; Gas Energy 2025 (BOGE), a SEDEPE foi representada pelo Secret\u00e1rio Adjunto Jos\u00e9 Domingues Neto, que palestrou no painel \u201cGovernan\u00e7a e Competitividade\u201d. Domingues apresentou as a\u00e7\u00f5es do time de Governan\u00e7a de \u00d3leo e G\u00e1s do Maranh\u00e3o, em a\u00e7\u00e3o desde 2023 e reafirmou a urg\u00eancia do Estado contar com novos empreendimentos que ampliem e garantam a oferta de g\u00e1s como combust\u00edvel de transi\u00e7\u00e3o no Estado. <\/p>\n\n\n\n<p>\u201cExistem projetos em implanta\u00e7\u00e3o para ampliar a oferta de g\u00e1s natural no Estado, e que precisam ser viabilizados o quanto antes; para garantir competitividade e viabilidade energ\u00e9tica para grandes empreendimentos futuros. O Maranh\u00e3o n\u00e3o pode ficar para tr\u00e1s nesse processo\u201d afirmou o Secret\u00e1rio Adjunto da SEDEPE.<\/p>\n","protected":false},"excerpt":{"rendered":"<p>S\u00c3O LU\u00cdS &#8211; O Brasil vive um momento estrat\u00e9gico no cen\u00e1rio da transi\u00e7\u00e3o energ\u00e9tica. Enquanto fontes renov\u00e1veis como solar e [&hellip;]<\/p>\n","protected":false},"author":4,"featured_media":0,"comment_status":"open","ping_status":"open","sticky":false,"template":"","format":"standard","meta":{"site-sidebar-layout":"default","site-content-layout":"","ast-site-content-layout":"default","site-content-style":"default","site-sidebar-style":"default","ast-global-header-display":"","ast-banner-title-visibility":"","ast-main-header-display":"","ast-hfb-above-header-display":"","ast-hfb-below-header-display":"","ast-hfb-mobile-header-display":"","site-post-title":"","ast-breadcrumbs-content":"","ast-featured-img":"","footer-sml-layout":"","ast-disable-related-posts":"","theme-transparent-header-meta":"","adv-header-id-meta":"","stick-header-meta":"","header-above-stick-meta":"","header-main-stick-meta":"","header-below-stick-meta":"","astra-migrate-meta-layouts":"default","ast-page-background-enabled":"default","ast-page-background-meta":{"desktop":{"background-color":"var(--ast-global-color-5)","background-image":"","background-repeat":"repeat","background-position":"center center","background-size":"auto","background-attachment":"scroll","background-type":"","background-media":"","overlay-type":"","overlay-color":"","overlay-opacity":"","overlay-gradient":""},"tablet":{"background-color":"","background-image":"","background-repeat":"repeat","background-position":"center center","background-size":"auto","background-attachment":"scroll","background-type":"","background-media":"","overlay-type":"","overlay-color":"","overlay-opacity":"","overlay-gradient":""},"mobile":{"background-color":"","background-image":"","background-repeat":"repeat","background-position":"center center","background-size":"auto","background-attachment":"scroll","background-type":"","background-media":"","overlay-type":"","overlay-color":"","overlay-opacity":"","overlay-gradient":""}},"ast-content-background-meta":{"desktop":{"background-color":"var(--ast-global-color-4)","background-image":"","background-repeat":"repeat","background-position":"center center","background-size":"auto","background-attachment":"scroll","background-type":"","background-media":"","overlay-type":"","overlay-color":"","overlay-opacity":"","overlay-gradient":""},"tablet":{"background-color":"var(--ast-global-color-4)","background-image":"","background-repeat":"repeat","background-position":"center center","background-size":"auto","background-attachment":"scroll","background-type":"","background-media":"","overlay-type":"","overlay-color":"","overlay-opacity":"","overlay-gradient":""},"mobile":{"background-color":"var(--ast-global-color-4)","background-image":"","background-repeat":"repeat","background-position":"center center","background-size":"auto","background-attachment":"scroll","background-type":"","background-media":"","overlay-type":"","overlay-color":"","overlay-opacity":"","overlay-gradient":""}},"footnotes":""},"categories":[1],"tags":[],"class_list":["post-16210","post","type-post","status-publish","format-standard","hentry","category-sem-categoria"],"yoast_head":"<!-- This site is optimized with the Yoast SEO plugin v26.6 - https:\/\/yoast.com\/wordpress\/plugins\/seo\/ -->\n<title>G\u00e1s natural se consolida como combust\u00edvel da transi\u00e7\u00e3o energ\u00e9tica no Brasil - Evandro Junior<\/title>\n<meta name=\"robots\" content=\"index, follow, max-snippet:-1, max-image-preview:large, max-video-preview:-1\" \/>\n<link rel=\"canonical\" href=\"https:\/\/www.blogsoestado.com\/evandrojunior\/2025\/06\/26\/gas-natural-se-consolida-como-combustivel-da-transicao-energetica-no-brasil\/\" \/>\n<meta property=\"og:locale\" content=\"pt_BR\" \/>\n<meta property=\"og:type\" content=\"article\" \/>\n<meta property=\"og:title\" content=\"G\u00e1s natural se consolida como combust\u00edvel da transi\u00e7\u00e3o energ\u00e9tica no Brasil - Evandro Junior\" \/>\n<meta property=\"og:description\" content=\"S\u00c3O LU\u00cdS &#8211; O Brasil vive um momento estrat\u00e9gico no cen\u00e1rio da transi\u00e7\u00e3o energ\u00e9tica. Enquanto fontes renov\u00e1veis como solar e [&hellip;]\" \/>\n<meta property=\"og:url\" content=\"https:\/\/www.blogsoestado.com\/evandrojunior\/2025\/06\/26\/gas-natural-se-consolida-como-combustivel-da-transicao-energetica-no-brasil\/\" \/>\n<meta property=\"og:site_name\" content=\"Evandro Junior\" \/>\n<meta property=\"article:published_time\" content=\"2025-06-26T13:32:51+00:00\" \/>\n<meta property=\"article:modified_time\" content=\"2025-06-26T13:32:53+00:00\" \/>\n<meta property=\"og:image\" content=\"https:\/\/www.blogsoestado.com\/evandrojunior\/wp-content\/uploads\/sites\/3\/2025\/06\/WhatsApp-Image-2025-06-26-at-07.17.12-1024x679.jpeg\" \/>\n<meta name=\"author\" content=\"Evandro Junior\" \/>\n<meta name=\"twitter:card\" content=\"summary_large_image\" \/>\n<meta name=\"twitter:label1\" content=\"Escrito por\" \/>\n\t<meta name=\"twitter:data1\" content=\"Evandro Junior\" \/>\n\t<meta name=\"twitter:label2\" content=\"Est. tempo de leitura\" \/>\n\t<meta name=\"twitter:data2\" content=\"4 minutos\" \/>\n<script type=\"application\/ld+json\" class=\"yoast-schema-graph\">{\"@context\":\"https:\/\/schema.org\",\"@graph\":[{\"@type\":\"WebPage\",\"@id\":\"https:\/\/www.blogsoestado.com\/evandrojunior\/2025\/06\/26\/gas-natural-se-consolida-como-combustivel-da-transicao-energetica-no-brasil\/\",\"url\":\"https:\/\/www.blogsoestado.com\/evandrojunior\/2025\/06\/26\/gas-natural-se-consolida-como-combustivel-da-transicao-energetica-no-brasil\/\",\"name\":\"G\u00e1s natural se consolida como combust\u00edvel da transi\u00e7\u00e3o energ\u00e9tica no Brasil - Evandro Junior\",\"isPartOf\":{\"@id\":\"https:\/\/www.blogsoestado.com\/evandrojunior\/#website\"},\"primaryImageOfPage\":{\"@id\":\"https:\/\/www.blogsoestado.com\/evandrojunior\/2025\/06\/26\/gas-natural-se-consolida-como-combustivel-da-transicao-energetica-no-brasil\/#primaryimage\"},\"image\":{\"@id\":\"https:\/\/www.blogsoestado.com\/evandrojunior\/2025\/06\/26\/gas-natural-se-consolida-como-combustivel-da-transicao-energetica-no-brasil\/#primaryimage\"},\"thumbnailUrl\":\"https:\/\/www.blogsoestado.com\/evandrojunior\/wp-content\/uploads\/sites\/3\/2025\/06\/WhatsApp-Image-2025-06-26-at-07.17.12-1024x679.jpeg\",\"datePublished\":\"2025-06-26T13:32:51+00:00\",\"dateModified\":\"2025-06-26T13:32:53+00:00\",\"author\":{\"@id\":\"https:\/\/www.blogsoestado.com\/evandrojunior\/#\/schema\/person\/3e6c3d8dbb740d1c6878ebc935cfb3be\"},\"breadcrumb\":{\"@id\":\"https:\/\/www.blogsoestado.com\/evandrojunior\/2025\/06\/26\/gas-natural-se-consolida-como-combustivel-da-transicao-energetica-no-brasil\/#breadcrumb\"},\"inLanguage\":\"pt-BR\",\"potentialAction\":[{\"@type\":\"ReadAction\",\"target\":[\"https:\/\/www.blogsoestado.com\/evandrojunior\/2025\/06\/26\/gas-natural-se-consolida-como-combustivel-da-transicao-energetica-no-brasil\/\"]}]},{\"@type\":\"ImageObject\",\"inLanguage\":\"pt-BR\",\"@id\":\"https:\/\/www.blogsoestado.com\/evandrojunior\/2025\/06\/26\/gas-natural-se-consolida-como-combustivel-da-transicao-energetica-no-brasil\/#primaryimage\",\"url\":\"https:\/\/www.blogsoestado.com\/evandrojunior\/wp-content\/uploads\/sites\/3\/2025\/06\/WhatsApp-Image-2025-06-26-at-07.17.12.jpeg\",\"contentUrl\":\"https:\/\/www.blogsoestado.com\/evandrojunior\/wp-content\/uploads\/sites\/3\/2025\/06\/WhatsApp-Image-2025-06-26-at-07.17.12.jpeg\",\"width\":1243,\"height\":824,\"caption\":\"Secret\u00e1rio Adjunto da Sedepe, Jos\u00e9 Domingues Neto, que reafirmou a import\u00e2ncia da amplia\u00e7\u00e3o da oferta de g\u00e1s natural no estado como matriz energ\u00e9tica de transi\u00e7\u00e3o\"},{\"@type\":\"BreadcrumbList\",\"@id\":\"https:\/\/www.blogsoestado.com\/evandrojunior\/2025\/06\/26\/gas-natural-se-consolida-como-combustivel-da-transicao-energetica-no-brasil\/#breadcrumb\",\"itemListElement\":[{\"@type\":\"ListItem\",\"position\":1,\"name\":\"In\u00edcio\",\"item\":\"https:\/\/www.blogsoestado.com\/evandrojunior\/\"},{\"@type\":\"ListItem\",\"position\":2,\"name\":\"G\u00e1s natural se consolida como combust\u00edvel da transi\u00e7\u00e3o energ\u00e9tica no Brasil\"}]},{\"@type\":\"WebSite\",\"@id\":\"https:\/\/www.blogsoestado.com\/evandrojunior\/#website\",\"url\":\"https:\/\/www.blogsoestado.com\/evandrojunior\/\",\"name\":\"Evandro Junior\",\"description\":\"\",\"potentialAction\":[{\"@type\":\"SearchAction\",\"target\":{\"@type\":\"EntryPoint\",\"urlTemplate\":\"https:\/\/www.blogsoestado.com\/evandrojunior\/?s={search_term_string}\"},\"query-input\":{\"@type\":\"PropertyValueSpecification\",\"valueRequired\":true,\"valueName\":\"search_term_string\"}}],\"inLanguage\":\"pt-BR\"},{\"@type\":\"Person\",\"@id\":\"https:\/\/www.blogsoestado.com\/evandrojunior\/#\/schema\/person\/3e6c3d8dbb740d1c6878ebc935cfb3be\",\"name\":\"Evandro Junior\",\"image\":{\"@type\":\"ImageObject\",\"inLanguage\":\"pt-BR\",\"@id\":\"https:\/\/www.blogsoestado.com\/evandrojunior\/#\/schema\/person\/image\/\",\"url\":\"https:\/\/secure.gravatar.com\/avatar\/f80a03a2294a580cd2318bfb459bf354cfa8be661ef3d95b542cf9a04af8d129?s=96&d=mm&r=g\",\"contentUrl\":\"https:\/\/secure.gravatar.com\/avatar\/f80a03a2294a580cd2318bfb459bf354cfa8be661ef3d95b542cf9a04af8d129?s=96&d=mm&r=g\",\"caption\":\"Evandro Junior\"},\"url\":\"https:\/\/www.blogsoestado.com\/evandrojunior\/author\/evandrojunior\/\"}]}<\/script>\n<!-- \/ Yoast SEO plugin. -->","yoast_head_json":{"title":"G\u00e1s natural se consolida como combust\u00edvel da transi\u00e7\u00e3o energ\u00e9tica no Brasil - Evandro Junior","robots":{"index":"index","follow":"follow","max-snippet":"max-snippet:-1","max-image-preview":"max-image-preview:large","max-video-preview":"max-video-preview:-1"},"canonical":"https:\/\/www.blogsoestado.com\/evandrojunior\/2025\/06\/26\/gas-natural-se-consolida-como-combustivel-da-transicao-energetica-no-brasil\/","og_locale":"pt_BR","og_type":"article","og_title":"G\u00e1s natural se consolida como combust\u00edvel da transi\u00e7\u00e3o energ\u00e9tica no Brasil - Evandro Junior","og_description":"S\u00c3O LU\u00cdS &#8211; O Brasil vive um momento estrat\u00e9gico no cen\u00e1rio da transi\u00e7\u00e3o energ\u00e9tica. Enquanto fontes renov\u00e1veis como solar e [&hellip;]","og_url":"https:\/\/www.blogsoestado.com\/evandrojunior\/2025\/06\/26\/gas-natural-se-consolida-como-combustivel-da-transicao-energetica-no-brasil\/","og_site_name":"Evandro Junior","article_published_time":"2025-06-26T13:32:51+00:00","article_modified_time":"2025-06-26T13:32:53+00:00","og_image":[{"url":"https:\/\/www.blogsoestado.com\/evandrojunior\/wp-content\/uploads\/sites\/3\/2025\/06\/WhatsApp-Image-2025-06-26-at-07.17.12-1024x679.jpeg","type":"","width":"","height":""}],"author":"Evandro Junior","twitter_card":"summary_large_image","twitter_misc":{"Escrito por":"Evandro Junior","Est. tempo de leitura":"4 minutos"},"schema":{"@context":"https:\/\/schema.org","@graph":[{"@type":"WebPage","@id":"https:\/\/www.blogsoestado.com\/evandrojunior\/2025\/06\/26\/gas-natural-se-consolida-como-combustivel-da-transicao-energetica-no-brasil\/","url":"https:\/\/www.blogsoestado.com\/evandrojunior\/2025\/06\/26\/gas-natural-se-consolida-como-combustivel-da-transicao-energetica-no-brasil\/","name":"G\u00e1s natural se consolida como combust\u00edvel da transi\u00e7\u00e3o energ\u00e9tica no Brasil - Evandro Junior","isPartOf":{"@id":"https:\/\/www.blogsoestado.com\/evandrojunior\/#website"},"primaryImageOfPage":{"@id":"https:\/\/www.blogsoestado.com\/evandrojunior\/2025\/06\/26\/gas-natural-se-consolida-como-combustivel-da-transicao-energetica-no-brasil\/#primaryimage"},"image":{"@id":"https:\/\/www.blogsoestado.com\/evandrojunior\/2025\/06\/26\/gas-natural-se-consolida-como-combustivel-da-transicao-energetica-no-brasil\/#primaryimage"},"thumbnailUrl":"https:\/\/www.blogsoestado.com\/evandrojunior\/wp-content\/uploads\/sites\/3\/2025\/06\/WhatsApp-Image-2025-06-26-at-07.17.12-1024x679.jpeg","datePublished":"2025-06-26T13:32:51+00:00","dateModified":"2025-06-26T13:32:53+00:00","author":{"@id":"https:\/\/www.blogsoestado.com\/evandrojunior\/#\/schema\/person\/3e6c3d8dbb740d1c6878ebc935cfb3be"},"breadcrumb":{"@id":"https:\/\/www.blogsoestado.com\/evandrojunior\/2025\/06\/26\/gas-natural-se-consolida-como-combustivel-da-transicao-energetica-no-brasil\/#breadcrumb"},"inLanguage":"pt-BR","potentialAction":[{"@type":"ReadAction","target":["https:\/\/www.blogsoestado.com\/evandrojunior\/2025\/06\/26\/gas-natural-se-consolida-como-combustivel-da-transicao-energetica-no-brasil\/"]}]},{"@type":"ImageObject","inLanguage":"pt-BR","@id":"https:\/\/www.blogsoestado.com\/evandrojunior\/2025\/06\/26\/gas-natural-se-consolida-como-combustivel-da-transicao-energetica-no-brasil\/#primaryimage","url":"https:\/\/www.blogsoestado.com\/evandrojunior\/wp-content\/uploads\/sites\/3\/2025\/06\/WhatsApp-Image-2025-06-26-at-07.17.12.jpeg","contentUrl":"https:\/\/www.blogsoestado.com\/evandrojunior\/wp-content\/uploads\/sites\/3\/2025\/06\/WhatsApp-Image-2025-06-26-at-07.17.12.jpeg","width":1243,"height":824,"caption":"Secret\u00e1rio Adjunto da Sedepe, Jos\u00e9 Domingues Neto, que reafirmou a import\u00e2ncia da amplia\u00e7\u00e3o da oferta de g\u00e1s natural no estado como matriz energ\u00e9tica de transi\u00e7\u00e3o"},{"@type":"BreadcrumbList","@id":"https:\/\/www.blogsoestado.com\/evandrojunior\/2025\/06\/26\/gas-natural-se-consolida-como-combustivel-da-transicao-energetica-no-brasil\/#breadcrumb","itemListElement":[{"@type":"ListItem","position":1,"name":"In\u00edcio","item":"https:\/\/www.blogsoestado.com\/evandrojunior\/"},{"@type":"ListItem","position":2,"name":"G\u00e1s natural se consolida como combust\u00edvel da transi\u00e7\u00e3o energ\u00e9tica no Brasil"}]},{"@type":"WebSite","@id":"https:\/\/www.blogsoestado.com\/evandrojunior\/#website","url":"https:\/\/www.blogsoestado.com\/evandrojunior\/","name":"Evandro Junior","description":"","potentialAction":[{"@type":"SearchAction","target":{"@type":"EntryPoint","urlTemplate":"https:\/\/www.blogsoestado.com\/evandrojunior\/?s={search_term_string}"},"query-input":{"@type":"PropertyValueSpecification","valueRequired":true,"valueName":"search_term_string"}}],"inLanguage":"pt-BR"},{"@type":"Person","@id":"https:\/\/www.blogsoestado.com\/evandrojunior\/#\/schema\/person\/3e6c3d8dbb740d1c6878ebc935cfb3be","name":"Evandro Junior","image":{"@type":"ImageObject","inLanguage":"pt-BR","@id":"https:\/\/www.blogsoestado.com\/evandrojunior\/#\/schema\/person\/image\/","url":"https:\/\/secure.gravatar.com\/avatar\/f80a03a2294a580cd2318bfb459bf354cfa8be661ef3d95b542cf9a04af8d129?s=96&d=mm&r=g","contentUrl":"https:\/\/secure.gravatar.com\/avatar\/f80a03a2294a580cd2318bfb459bf354cfa8be661ef3d95b542cf9a04af8d129?s=96&d=mm&r=g","caption":"Evandro Junior"},"url":"https:\/\/www.blogsoestado.com\/evandrojunior\/author\/evandrojunior\/"}]}},"jetpack_featured_media_url":"","_links":{"self":[{"href":"https:\/\/www.blogsoestado.com\/evandrojunior\/wp-json\/wp\/v2\/posts\/16210","targetHints":{"allow":["GET"]}}],"collection":[{"href":"https:\/\/www.blogsoestado.com\/evandrojunior\/wp-json\/wp\/v2\/posts"}],"about":[{"href":"https:\/\/www.blogsoestado.com\/evandrojunior\/wp-json\/wp\/v2\/types\/post"}],"author":[{"embeddable":true,"href":"https:\/\/www.blogsoestado.com\/evandrojunior\/wp-json\/wp\/v2\/users\/4"}],"replies":[{"embeddable":true,"href":"https:\/\/www.blogsoestado.com\/evandrojunior\/wp-json\/wp\/v2\/comments?post=16210"}],"version-history":[{"count":0,"href":"https:\/\/www.blogsoestado.com\/evandrojunior\/wp-json\/wp\/v2\/posts\/16210\/revisions"}],"wp:attachment":[{"href":"https:\/\/www.blogsoestado.com\/evandrojunior\/wp-json\/wp\/v2\/media?parent=16210"}],"wp:term":[{"taxonomy":"category","embeddable":true,"href":"https:\/\/www.blogsoestado.com\/evandrojunior\/wp-json\/wp\/v2\/categories?post=16210"},{"taxonomy":"post_tag","embeddable":true,"href":"https:\/\/www.blogsoestado.com\/evandrojunior\/wp-json\/wp\/v2\/tags?post=16210"}],"curies":[{"name":"wp","href":"https:\/\/api.w.org\/{rel}","templated":true}]}}