{"id":16220,"date":"2025-06-28T11:28:11","date_gmt":"2025-06-28T14:28:11","guid":{"rendered":"https:\/\/www.blogsoestado.com\/evandrojunior\/?p=16220"},"modified":"2025-06-28T11:50:59","modified_gmt":"2025-06-28T14:50:59","slug":"vinhos-almar-reforcam-parceria-com-grupo-mateus","status":"publish","type":"post","link":"https:\/\/www.blogsoestado.com\/evandrojunior\/2025\/06\/28\/vinhos-almar-reforcam-parceria-com-grupo-mateus\/","title":{"rendered":"Vinhos Almar refor\u00e7am parceria com Grupo Mateus"},"content":{"rendered":"\n<figure class=\"wp-block-image aligncenter size-full\"><img fetchpriority=\"high\" decoding=\"async\" width=\"900\" height=\"709\" src=\"https:\/\/www.blogsoestado.com\/evandrojunior\/wp-content\/uploads\/sites\/3\/2025\/06\/WhatsApp-Image-2025-06-28-at-10.30.55-1.jpeg\" alt=\"\" class=\"wp-image-16222\" srcset=\"https:\/\/www.blogsoestado.com\/evandrojunior\/wp-content\/uploads\/sites\/3\/2025\/06\/WhatsApp-Image-2025-06-28-at-10.30.55-1.jpeg 900w, https:\/\/www.blogsoestado.com\/evandrojunior\/wp-content\/uploads\/sites\/3\/2025\/06\/WhatsApp-Image-2025-06-28-at-10.30.55-1-300x236.jpeg 300w, https:\/\/www.blogsoestado.com\/evandrojunior\/wp-content\/uploads\/sites\/3\/2025\/06\/WhatsApp-Image-2025-06-28-at-10.30.55-1-768x605.jpeg 768w\" sizes=\"(max-width: 900px) 100vw, 900px\" \/><figcaption class=\"wp-element-caption\"><strong>Andr\u00e9 Serpa (gerente comercial da categoria Bebidas), Calheiro Marinho, Thaynara OG, Ilson Mateus (CEO do Grupo Mateus), Almistron Marinho, Jesu\u00edno Martins (presidente do Grupo Mateus), C\u00e9lia Marinho e Rafael Pimentel (diretor comercial do Mateus)<\/strong><\/figcaption><\/figure>\n\n\n\n<p><strong>S\u00c3O LU\u00cdS <\/strong>&#8211;  A parceria dos vinhos Almar (autorais da AmoVinho) com o Grupo Mateus est\u00e1 cada vez mais s\u00f3lida. Esta semana, os propriet\u00e1rios da casa, Almistron, C\u00e9lia e Calheiro Marinho, estiveram no Centro Administrativo da empresa maranhense, no bairro Cohama, ao lado da influenciadora digital e empreendedora social Thaynara OG, que estava acompanhada da empres\u00e1ria Marly Abdalla, representando Bruno Lima. <\/p>\n\n\n\n<p>O grupo foi recebido pelo fundador e CEO do Grupo Mateus, Ilson Mateus, pelo filho dele, Thiago Mateus, pelo presidente do Grupo, Jesu\u00edno Martins, pela equipe de Marketing, comandada por Hudton Bandeira, e pelo diretor de Trade, Edson Garcia. Tamb\u00e9m estavam presentes o diretor comercial do Mateus\/MA, Rafael Pimentel, o comprador Alex Ata\u00edde, o gerente da categoria de Bebidas, Andr\u00e9 Serpa, o gerente do projeto Conecta, Emanuel Meireles, e Pimenta J\u00fanior, gerente de Vendas de Atacado\/ MA.<\/p>\n\n\n\n<figure class=\"wp-block-image aligncenter size-large\"><img decoding=\"async\" width=\"768\" height=\"1024\" src=\"https:\/\/www.blogsoestado.com\/evandrojunior\/wp-content\/uploads\/sites\/3\/2025\/06\/WhatsApp-Image-2025-06-28-at-10.38.38-1-768x1024.jpeg\" alt=\"\" class=\"wp-image-16229\" srcset=\"https:\/\/www.blogsoestado.com\/evandrojunior\/wp-content\/uploads\/sites\/3\/2025\/06\/WhatsApp-Image-2025-06-28-at-10.38.38-1-768x1024.jpeg 768w, https:\/\/www.blogsoestado.com\/evandrojunior\/wp-content\/uploads\/sites\/3\/2025\/06\/WhatsApp-Image-2025-06-28-at-10.38.38-1-225x300.jpeg 225w, https:\/\/www.blogsoestado.com\/evandrojunior\/wp-content\/uploads\/sites\/3\/2025\/06\/WhatsApp-Image-2025-06-28-at-10.38.38-1-1152x1536.jpeg 1152w, https:\/\/www.blogsoestado.com\/evandrojunior\/wp-content\/uploads\/sites\/3\/2025\/06\/WhatsApp-Image-2025-06-28-at-10.38.38-1.jpeg 1200w\" sizes=\"(max-width: 768px) 100vw, 768px\" \/><figcaption class=\"wp-element-caption\"><strong>Alex Ata\u00edde, Almistron Marinho, Thaynara OG, Rafael Pimentel, Andr\u00e9 Serpa e Calheiro Marinho brindando a parceria dos vinhos Almar com o Grupo Mateus e a influenciadora digital <\/strong><\/figcaption><\/figure>\n\n\n\n<p> &#8220;Fomos extremante bem recebidos por todos. A visita foi brindada com grande sucesso entre os vinhos Almar, o aplicativo Mateus On e a influenciadora digital Thaynara OG, que representou a parceria firmada entre o Mateus e os vinhos Almar, que est\u00e3o dispon\u00edveis para todo o Brasil. Ali\u00e1s, temos condi\u00e7\u00f5es especiais para os seguidores de Thaynara OG.<\/p>\n\n\n\n<p><\/p>\n\n\n\n<figure class=\"wp-block-image aligncenter size-large\"><img decoding=\"async\" width=\"576\" height=\"1024\" src=\"https:\/\/www.blogsoestado.com\/evandrojunior\/wp-content\/uploads\/sites\/3\/2025\/06\/WhatsApp-Image-2025-06-28-at-10.43.49-576x1024.jpeg\" alt=\"\" class=\"wp-image-16223\" srcset=\"https:\/\/www.blogsoestado.com\/evandrojunior\/wp-content\/uploads\/sites\/3\/2025\/06\/WhatsApp-Image-2025-06-28-at-10.43.49-576x1024.jpeg 576w, https:\/\/www.blogsoestado.com\/evandrojunior\/wp-content\/uploads\/sites\/3\/2025\/06\/WhatsApp-Image-2025-06-28-at-10.43.49-169x300.jpeg 169w, https:\/\/www.blogsoestado.com\/evandrojunior\/wp-content\/uploads\/sites\/3\/2025\/06\/WhatsApp-Image-2025-06-28-at-10.43.49-768x1365.jpeg 768w, https:\/\/www.blogsoestado.com\/evandrojunior\/wp-content\/uploads\/sites\/3\/2025\/06\/WhatsApp-Image-2025-06-28-at-10.43.49-864x1536.jpeg 864w, https:\/\/www.blogsoestado.com\/evandrojunior\/wp-content\/uploads\/sites\/3\/2025\/06\/WhatsApp-Image-2025-06-28-at-10.43.49.jpeg 900w\" sizes=\"(max-width: 576px) 100vw, 576px\" \/><figcaption class=\"wp-element-caption\"><strong>Thaynara OG entrega a Ilson Mateus vinhos Almar, autorais da AmoVinho<\/strong><\/figcaption><\/figure>\n\n\n\n<figure class=\"wp-block-image aligncenter size-large\"><img loading=\"lazy\" decoding=\"async\" width=\"576\" height=\"1024\" src=\"https:\/\/www.blogsoestado.com\/evandrojunior\/wp-content\/uploads\/sites\/3\/2025\/06\/WhatsApp-Image-2025-06-28-at-10.45.30-576x1024.jpeg\" alt=\"\" class=\"wp-image-16224\" srcset=\"https:\/\/www.blogsoestado.com\/evandrojunior\/wp-content\/uploads\/sites\/3\/2025\/06\/WhatsApp-Image-2025-06-28-at-10.45.30-576x1024.jpeg 576w, https:\/\/www.blogsoestado.com\/evandrojunior\/wp-content\/uploads\/sites\/3\/2025\/06\/WhatsApp-Image-2025-06-28-at-10.45.30-169x300.jpeg 169w, https:\/\/www.blogsoestado.com\/evandrojunior\/wp-content\/uploads\/sites\/3\/2025\/06\/WhatsApp-Image-2025-06-28-at-10.45.30-768x1365.jpeg 768w, https:\/\/www.blogsoestado.com\/evandrojunior\/wp-content\/uploads\/sites\/3\/2025\/06\/WhatsApp-Image-2025-06-28-at-10.45.30-864x1536.jpeg 864w, https:\/\/www.blogsoestado.com\/evandrojunior\/wp-content\/uploads\/sites\/3\/2025\/06\/WhatsApp-Image-2025-06-28-at-10.45.30.jpeg 900w\" sizes=\"(max-width: 576px) 100vw, 576px\" \/><figcaption class=\"wp-element-caption\"><strong>Thaynara OG com \u00c9dson Garcia, diretor de Trade do Grupo Mateus <\/strong><\/figcaption><\/figure>\n\n\n\n<p><br>Segundo Almistron Marinho, o Grupo Mateus sempre confiou no trabalho dele, ao levar empresas que representou e ainda representa, numa parceria de 27 anos de amizade com a empresa genuinamente maranhense. Ele frisou que os vinhos autorais Almar est\u00e3o dispon\u00edveis em algumas lojas do Mateus, bem como na venda externa e no Mateus On, via internet, com entrega para todo o Brasil. &#8220;O Grupo Mateus sempre apoiou as empresas por mim representadas e agora isso se fortalece tamb\u00e9m a marca Almar, idealizada por mim e por meu filho, Calheiro Marinho&#8221; os vinhos Almar&#8221;, disse Almistron Marinho. <\/p>\n\n\n\n<figure class=\"wp-block-image aligncenter size-large\"><img loading=\"lazy\" decoding=\"async\" width=\"576\" height=\"1024\" src=\"https:\/\/www.blogsoestado.com\/evandrojunior\/wp-content\/uploads\/sites\/3\/2025\/06\/WhatsApp-Image-2025-06-28-at-10.53.42-576x1024.jpeg\" alt=\"\" class=\"wp-image-16228\" srcset=\"https:\/\/www.blogsoestado.com\/evandrojunior\/wp-content\/uploads\/sites\/3\/2025\/06\/WhatsApp-Image-2025-06-28-at-10.53.42-576x1024.jpeg 576w, https:\/\/www.blogsoestado.com\/evandrojunior\/wp-content\/uploads\/sites\/3\/2025\/06\/WhatsApp-Image-2025-06-28-at-10.53.42-169x300.jpeg 169w, https:\/\/www.blogsoestado.com\/evandrojunior\/wp-content\/uploads\/sites\/3\/2025\/06\/WhatsApp-Image-2025-06-28-at-10.53.42-768x1365.jpeg 768w, https:\/\/www.blogsoestado.com\/evandrojunior\/wp-content\/uploads\/sites\/3\/2025\/06\/WhatsApp-Image-2025-06-28-at-10.53.42-864x1536.jpeg 864w, https:\/\/www.blogsoestado.com\/evandrojunior\/wp-content\/uploads\/sites\/3\/2025\/06\/WhatsApp-Image-2025-06-28-at-10.53.42.jpeg 900w\" sizes=\"(max-width: 576px) 100vw, 576px\" \/><figcaption class=\"wp-element-caption\"><strong>Pimenta J\u00fanior, gerente de vendas do Mateus no Atacado, com Almistron Marinho e Thaynara OG<\/strong><\/figcaption><\/figure>\n\n\n\n<p>Almistron Marinho disse que a fam\u00edlia Almar est\u00e1 muito feliz e sabe do peso de sua responsabilidade de, a cada dia, fazer o melhor. &#8220;Sempre oferecendo produtos de qualidade nas lojas do Mateus&#8221;, finalizou.<\/p>\n","protected":false},"excerpt":{"rendered":"<p>S\u00c3O LU\u00cdS &#8211; A parceria dos vinhos Almar (autorais da AmoVinho) com o Grupo Mateus est\u00e1 cada vez mais s\u00f3lida. [&hellip;]<\/p>\n","protected":false},"author":4,"featured_media":0,"comment_status":"open","ping_status":"open","sticky":false,"template":"","format":"standard","meta":{"site-sidebar-layout":"default","site-content-layout":"","ast-site-content-layout":"default","site-content-style":"default","site-sidebar-style":"default","ast-global-header-display":"","ast-banner-title-visibility":"","ast-main-header-display":"","ast-hfb-above-header-display":"","ast-hfb-below-header-display":"","ast-hfb-mobile-header-display":"","site-post-title":"","ast-breadcrumbs-content":"","ast-featured-img":"","footer-sml-layout":"","ast-disable-related-posts":"","theme-transparent-header-meta":"","adv-header-id-meta":"","stick-header-meta":"","header-above-stick-meta":"","header-main-stick-meta":"","header-below-stick-meta":"","astra-migrate-meta-layouts":"default","ast-page-background-enabled":"default","ast-page-background-meta":{"desktop":{"background-color":"var(--ast-global-color-5)","background-image":"","background-repeat":"repeat","background-position":"center center","background-size":"auto","background-attachment":"scroll","background-type":"","background-media":"","overlay-type":"","overlay-color":"","overlay-opacity":"","overlay-gradient":""},"tablet":{"background-color":"","background-image":"","background-repeat":"repeat","background-position":"center center","background-size":"auto","background-attachment":"scroll","background-type":"","background-media":"","overlay-type":"","overlay-color":"","overlay-opacity":"","overlay-gradient":""},"mobile":{"background-color":"","background-image":"","background-repeat":"repeat","background-position":"center center","background-size":"auto","background-attachment":"scroll","background-type":"","background-media":"","overlay-type":"","overlay-color":"","overlay-opacity":"","overlay-gradient":""}},"ast-content-background-meta":{"desktop":{"background-color":"var(--ast-global-color-4)","background-image":"","background-repeat":"repeat","background-position":"center center","background-size":"auto","background-attachment":"scroll","background-type":"","background-media":"","overlay-type":"","overlay-color":"","overlay-opacity":"","overlay-gradient":""},"tablet":{"background-color":"var(--ast-global-color-4)","background-image":"","background-repeat":"repeat","background-position":"center center","background-size":"auto","background-attachment":"scroll","background-type":"","background-media":"","overlay-type":"","overlay-color":"","overlay-opacity":"","overlay-gradient":""},"mobile":{"background-color":"var(--ast-global-color-4)","background-image":"","background-repeat":"repeat","background-position":"center center","background-size":"auto","background-attachment":"scroll","background-type":"","background-media":"","overlay-type":"","overlay-color":"","overlay-opacity":"","overlay-gradient":""}},"footnotes":""},"categories":[1],"tags":[],"class_list":["post-16220","post","type-post","status-publish","format-standard","hentry","category-sem-categoria"],"yoast_head":"<!-- This site is optimized with the Yoast SEO plugin v26.6 - https:\/\/yoast.com\/wordpress\/plugins\/seo\/ -->\n<title>Vinhos Almar refor\u00e7am parceria com Grupo Mateus - Evandro Junior<\/title>\n<meta name=\"robots\" content=\"index, follow, max-snippet:-1, max-image-preview:large, max-video-preview:-1\" \/>\n<link rel=\"canonical\" href=\"https:\/\/www.blogsoestado.com\/evandrojunior\/2025\/06\/28\/vinhos-almar-reforcam-parceria-com-grupo-mateus\/\" \/>\n<meta property=\"og:locale\" content=\"pt_BR\" \/>\n<meta property=\"og:type\" content=\"article\" \/>\n<meta property=\"og:title\" content=\"Vinhos Almar refor\u00e7am parceria com Grupo Mateus - Evandro Junior\" \/>\n<meta property=\"og:description\" content=\"S\u00c3O LU\u00cdS &#8211; A parceria dos vinhos Almar (autorais da AmoVinho) com o Grupo Mateus est\u00e1 cada vez mais s\u00f3lida. [&hellip;]\" \/>\n<meta property=\"og:url\" content=\"https:\/\/www.blogsoestado.com\/evandrojunior\/2025\/06\/28\/vinhos-almar-reforcam-parceria-com-grupo-mateus\/\" \/>\n<meta property=\"og:site_name\" content=\"Evandro Junior\" \/>\n<meta property=\"article:published_time\" content=\"2025-06-28T14:28:11+00:00\" \/>\n<meta property=\"article:modified_time\" content=\"2025-06-28T14:50:59+00:00\" \/>\n<meta property=\"og:image\" content=\"https:\/\/www.blogsoestado.com\/evandrojunior\/wp-content\/uploads\/sites\/3\/2025\/06\/WhatsApp-Image-2025-06-28-at-10.30.55-1.jpeg\" \/>\n<meta name=\"author\" content=\"Evandro Junior\" \/>\n<meta name=\"twitter:card\" content=\"summary_large_image\" \/>\n<meta name=\"twitter:label1\" content=\"Escrito por\" \/>\n\t<meta name=\"twitter:data1\" content=\"Evandro Junior\" \/>\n\t<meta name=\"twitter:label2\" content=\"Est. tempo de leitura\" \/>\n\t<meta name=\"twitter:data2\" content=\"4 minutos\" \/>\n<script type=\"application\/ld+json\" class=\"yoast-schema-graph\">{\"@context\":\"https:\/\/schema.org\",\"@graph\":[{\"@type\":\"WebPage\",\"@id\":\"https:\/\/www.blogsoestado.com\/evandrojunior\/2025\/06\/28\/vinhos-almar-reforcam-parceria-com-grupo-mateus\/\",\"url\":\"https:\/\/www.blogsoestado.com\/evandrojunior\/2025\/06\/28\/vinhos-almar-reforcam-parceria-com-grupo-mateus\/\",\"name\":\"Vinhos Almar refor\u00e7am parceria com Grupo Mateus - Evandro Junior\",\"isPartOf\":{\"@id\":\"https:\/\/www.blogsoestado.com\/evandrojunior\/#website\"},\"primaryImageOfPage\":{\"@id\":\"https:\/\/www.blogsoestado.com\/evandrojunior\/2025\/06\/28\/vinhos-almar-reforcam-parceria-com-grupo-mateus\/#primaryimage\"},\"image\":{\"@id\":\"https:\/\/www.blogsoestado.com\/evandrojunior\/2025\/06\/28\/vinhos-almar-reforcam-parceria-com-grupo-mateus\/#primaryimage\"},\"thumbnailUrl\":\"https:\/\/www.blogsoestado.com\/evandrojunior\/wp-content\/uploads\/sites\/3\/2025\/06\/WhatsApp-Image-2025-06-28-at-10.30.55-1.jpeg\",\"datePublished\":\"2025-06-28T14:28:11+00:00\",\"dateModified\":\"2025-06-28T14:50:59+00:00\",\"author\":{\"@id\":\"https:\/\/www.blogsoestado.com\/evandrojunior\/#\/schema\/person\/3e6c3d8dbb740d1c6878ebc935cfb3be\"},\"breadcrumb\":{\"@id\":\"https:\/\/www.blogsoestado.com\/evandrojunior\/2025\/06\/28\/vinhos-almar-reforcam-parceria-com-grupo-mateus\/#breadcrumb\"},\"inLanguage\":\"pt-BR\",\"potentialAction\":[{\"@type\":\"ReadAction\",\"target\":[\"https:\/\/www.blogsoestado.com\/evandrojunior\/2025\/06\/28\/vinhos-almar-reforcam-parceria-com-grupo-mateus\/\"]}]},{\"@type\":\"ImageObject\",\"inLanguage\":\"pt-BR\",\"@id\":\"https:\/\/www.blogsoestado.com\/evandrojunior\/2025\/06\/28\/vinhos-almar-reforcam-parceria-com-grupo-mateus\/#primaryimage\",\"url\":\"https:\/\/www.blogsoestado.com\/evandrojunior\/wp-content\/uploads\/sites\/3\/2025\/06\/WhatsApp-Image-2025-06-28-at-10.30.55-1.jpeg\",\"contentUrl\":\"https:\/\/www.blogsoestado.com\/evandrojunior\/wp-content\/uploads\/sites\/3\/2025\/06\/WhatsApp-Image-2025-06-28-at-10.30.55-1.jpeg\",\"width\":900,\"height\":709,\"caption\":\"Representantes da AmoVinho em visita ao Centro Administrativo do Grupo Mateus com a influenciadora digital Thaynara OG\"},{\"@type\":\"BreadcrumbList\",\"@id\":\"https:\/\/www.blogsoestado.com\/evandrojunior\/2025\/06\/28\/vinhos-almar-reforcam-parceria-com-grupo-mateus\/#breadcrumb\",\"itemListElement\":[{\"@type\":\"ListItem\",\"position\":1,\"name\":\"In\u00edcio\",\"item\":\"https:\/\/www.blogsoestado.com\/evandrojunior\/\"},{\"@type\":\"ListItem\",\"position\":2,\"name\":\"Vinhos Almar refor\u00e7am parceria com Grupo Mateus\"}]},{\"@type\":\"WebSite\",\"@id\":\"https:\/\/www.blogsoestado.com\/evandrojunior\/#website\",\"url\":\"https:\/\/www.blogsoestado.com\/evandrojunior\/\",\"name\":\"Evandro Junior\",\"description\":\"\",\"potentialAction\":[{\"@type\":\"SearchAction\",\"target\":{\"@type\":\"EntryPoint\",\"urlTemplate\":\"https:\/\/www.blogsoestado.com\/evandrojunior\/?s={search_term_string}\"},\"query-input\":{\"@type\":\"PropertyValueSpecification\",\"valueRequired\":true,\"valueName\":\"search_term_string\"}}],\"inLanguage\":\"pt-BR\"},{\"@type\":\"Person\",\"@id\":\"https:\/\/www.blogsoestado.com\/evandrojunior\/#\/schema\/person\/3e6c3d8dbb740d1c6878ebc935cfb3be\",\"name\":\"Evandro Junior\",\"image\":{\"@type\":\"ImageObject\",\"inLanguage\":\"pt-BR\",\"@id\":\"https:\/\/www.blogsoestado.com\/evandrojunior\/#\/schema\/person\/image\/\",\"url\":\"https:\/\/secure.gravatar.com\/avatar\/f80a03a2294a580cd2318bfb459bf354cfa8be661ef3d95b542cf9a04af8d129?s=96&d=mm&r=g\",\"contentUrl\":\"https:\/\/secure.gravatar.com\/avatar\/f80a03a2294a580cd2318bfb459bf354cfa8be661ef3d95b542cf9a04af8d129?s=96&d=mm&r=g\",\"caption\":\"Evandro Junior\"},\"url\":\"https:\/\/www.blogsoestado.com\/evandrojunior\/author\/evandrojunior\/\"}]}<\/script>\n<!-- \/ Yoast SEO plugin. -->","yoast_head_json":{"title":"Vinhos Almar refor\u00e7am parceria com Grupo Mateus - Evandro Junior","robots":{"index":"index","follow":"follow","max-snippet":"max-snippet:-1","max-image-preview":"max-image-preview:large","max-video-preview":"max-video-preview:-1"},"canonical":"https:\/\/www.blogsoestado.com\/evandrojunior\/2025\/06\/28\/vinhos-almar-reforcam-parceria-com-grupo-mateus\/","og_locale":"pt_BR","og_type":"article","og_title":"Vinhos Almar refor\u00e7am parceria com Grupo Mateus - Evandro Junior","og_description":"S\u00c3O LU\u00cdS &#8211; A parceria dos vinhos Almar (autorais da AmoVinho) com o Grupo Mateus est\u00e1 cada vez mais s\u00f3lida. [&hellip;]","og_url":"https:\/\/www.blogsoestado.com\/evandrojunior\/2025\/06\/28\/vinhos-almar-reforcam-parceria-com-grupo-mateus\/","og_site_name":"Evandro Junior","article_published_time":"2025-06-28T14:28:11+00:00","article_modified_time":"2025-06-28T14:50:59+00:00","og_image":[{"url":"https:\/\/www.blogsoestado.com\/evandrojunior\/wp-content\/uploads\/sites\/3\/2025\/06\/WhatsApp-Image-2025-06-28-at-10.30.55-1.jpeg","type":"","width":"","height":""}],"author":"Evandro Junior","twitter_card":"summary_large_image","twitter_misc":{"Escrito por":"Evandro Junior","Est. tempo de leitura":"4 minutos"},"schema":{"@context":"https:\/\/schema.org","@graph":[{"@type":"WebPage","@id":"https:\/\/www.blogsoestado.com\/evandrojunior\/2025\/06\/28\/vinhos-almar-reforcam-parceria-com-grupo-mateus\/","url":"https:\/\/www.blogsoestado.com\/evandrojunior\/2025\/06\/28\/vinhos-almar-reforcam-parceria-com-grupo-mateus\/","name":"Vinhos Almar refor\u00e7am parceria com Grupo Mateus - Evandro Junior","isPartOf":{"@id":"https:\/\/www.blogsoestado.com\/evandrojunior\/#website"},"primaryImageOfPage":{"@id":"https:\/\/www.blogsoestado.com\/evandrojunior\/2025\/06\/28\/vinhos-almar-reforcam-parceria-com-grupo-mateus\/#primaryimage"},"image":{"@id":"https:\/\/www.blogsoestado.com\/evandrojunior\/2025\/06\/28\/vinhos-almar-reforcam-parceria-com-grupo-mateus\/#primaryimage"},"thumbnailUrl":"https:\/\/www.blogsoestado.com\/evandrojunior\/wp-content\/uploads\/sites\/3\/2025\/06\/WhatsApp-Image-2025-06-28-at-10.30.55-1.jpeg","datePublished":"2025-06-28T14:28:11+00:00","dateModified":"2025-06-28T14:50:59+00:00","author":{"@id":"https:\/\/www.blogsoestado.com\/evandrojunior\/#\/schema\/person\/3e6c3d8dbb740d1c6878ebc935cfb3be"},"breadcrumb":{"@id":"https:\/\/www.blogsoestado.com\/evandrojunior\/2025\/06\/28\/vinhos-almar-reforcam-parceria-com-grupo-mateus\/#breadcrumb"},"inLanguage":"pt-BR","potentialAction":[{"@type":"ReadAction","target":["https:\/\/www.blogsoestado.com\/evandrojunior\/2025\/06\/28\/vinhos-almar-reforcam-parceria-com-grupo-mateus\/"]}]},{"@type":"ImageObject","inLanguage":"pt-BR","@id":"https:\/\/www.blogsoestado.com\/evandrojunior\/2025\/06\/28\/vinhos-almar-reforcam-parceria-com-grupo-mateus\/#primaryimage","url":"https:\/\/www.blogsoestado.com\/evandrojunior\/wp-content\/uploads\/sites\/3\/2025\/06\/WhatsApp-Image-2025-06-28-at-10.30.55-1.jpeg","contentUrl":"https:\/\/www.blogsoestado.com\/evandrojunior\/wp-content\/uploads\/sites\/3\/2025\/06\/WhatsApp-Image-2025-06-28-at-10.30.55-1.jpeg","width":900,"height":709,"caption":"Representantes da AmoVinho em visita ao Centro Administrativo do Grupo Mateus com a influenciadora digital Thaynara OG"},{"@type":"BreadcrumbList","@id":"https:\/\/www.blogsoestado.com\/evandrojunior\/2025\/06\/28\/vinhos-almar-reforcam-parceria-com-grupo-mateus\/#breadcrumb","itemListElement":[{"@type":"ListItem","position":1,"name":"In\u00edcio","item":"https:\/\/www.blogsoestado.com\/evandrojunior\/"},{"@type":"ListItem","position":2,"name":"Vinhos Almar refor\u00e7am parceria com Grupo Mateus"}]},{"@type":"WebSite","@id":"https:\/\/www.blogsoestado.com\/evandrojunior\/#website","url":"https:\/\/www.blogsoestado.com\/evandrojunior\/","name":"Evandro Junior","description":"","potentialAction":[{"@type":"SearchAction","target":{"@type":"EntryPoint","urlTemplate":"https:\/\/www.blogsoestado.com\/evandrojunior\/?s={search_term_string}"},"query-input":{"@type":"PropertyValueSpecification","valueRequired":true,"valueName":"search_term_string"}}],"inLanguage":"pt-BR"},{"@type":"Person","@id":"https:\/\/www.blogsoestado.com\/evandrojunior\/#\/schema\/person\/3e6c3d8dbb740d1c6878ebc935cfb3be","name":"Evandro Junior","image":{"@type":"ImageObject","inLanguage":"pt-BR","@id":"https:\/\/www.blogsoestado.com\/evandrojunior\/#\/schema\/person\/image\/","url":"https:\/\/secure.gravatar.com\/avatar\/f80a03a2294a580cd2318bfb459bf354cfa8be661ef3d95b542cf9a04af8d129?s=96&d=mm&r=g","contentUrl":"https:\/\/secure.gravatar.com\/avatar\/f80a03a2294a580cd2318bfb459bf354cfa8be661ef3d95b542cf9a04af8d129?s=96&d=mm&r=g","caption":"Evandro Junior"},"url":"https:\/\/www.blogsoestado.com\/evandrojunior\/author\/evandrojunior\/"}]}},"jetpack_featured_media_url":"","_links":{"self":[{"href":"https:\/\/www.blogsoestado.com\/evandrojunior\/wp-json\/wp\/v2\/posts\/16220","targetHints":{"allow":["GET"]}}],"collection":[{"href":"https:\/\/www.blogsoestado.com\/evandrojunior\/wp-json\/wp\/v2\/posts"}],"about":[{"href":"https:\/\/www.blogsoestado.com\/evandrojunior\/wp-json\/wp\/v2\/types\/post"}],"author":[{"embeddable":true,"href":"https:\/\/www.blogsoestado.com\/evandrojunior\/wp-json\/wp\/v2\/users\/4"}],"replies":[{"embeddable":true,"href":"https:\/\/www.blogsoestado.com\/evandrojunior\/wp-json\/wp\/v2\/comments?post=16220"}],"version-history":[{"count":0,"href":"https:\/\/www.blogsoestado.com\/evandrojunior\/wp-json\/wp\/v2\/posts\/16220\/revisions"}],"wp:attachment":[{"href":"https:\/\/www.blogsoestado.com\/evandrojunior\/wp-json\/wp\/v2\/media?parent=16220"}],"wp:term":[{"taxonomy":"category","embeddable":true,"href":"https:\/\/www.blogsoestado.com\/evandrojunior\/wp-json\/wp\/v2\/categories?post=16220"},{"taxonomy":"post_tag","embeddable":true,"href":"https:\/\/www.blogsoestado.com\/evandrojunior\/wp-json\/wp\/v2\/tags?post=16220"}],"curies":[{"name":"wp","href":"https:\/\/api.w.org\/{rel}","templated":true}]}}